{"id":96849,"date":"2015-10-19T07:26:08","date_gmt":"2015-10-19T09:26:08","guid":{"rendered":"http:\/\/franciscanos.org.br\/?p=96849"},"modified":"2020-02-11T11:24:20","modified_gmt":"2020-02-11T14:24:20","slug":"sinodo-entre-discussoes-e-festejos","status":"publish","type":"post","link":"https:\/\/franciscanos.org.br\/noticias\/sinodo-entre-discussoes-e-festejos.html","title":{"rendered":"S\u00ednodo da Fam\u00edlia: Entre discuss\u00f5es e festejos"},"content":{"rendered":"<p><img loading=\"lazy\" class=\"alignnone size-full wp-image-196341\" src=\"https:\/\/franciscanos.org.br\/noticias\/wp-content\/uploads\/2015\/10\/sinodo_23.jpg\" alt=\"\" width=\"890\" height=\"501\" srcset=\"https:\/\/franciscanos.org.br\/noticias\/wp-content\/uploads\/2015\/10\/sinodo_23.jpg 890w, https:\/\/franciscanos.org.br\/noticias\/wp-content\/uploads\/2015\/10\/sinodo_23-450x253.jpg 450w, https:\/\/franciscanos.org.br\/noticias\/wp-content\/uploads\/2015\/10\/sinodo_23-768x432.jpg 768w, https:\/\/franciscanos.org.br\/noticias\/wp-content\/uploads\/2015\/10\/sinodo_23-150x84.jpg 150w\" sizes=\"(max-width: 890px) 100vw, 890px\" \/><\/p>\n<p><strong>FREI ANT\u00d4NIO MOSER<\/strong><\/p>\n<p>Na medida em que as discuss\u00f5es avan\u00e7am, agora j\u00e1 sobre textos enriquecidos com muitas emendas, v\u00e3o, naturalmente, emergindo as diferen\u00e7as de mentalidades. Todos j\u00e1 sabem quais s\u00e3o os pontos mais sens\u00edveis. Mas mesmo assim, n\u00e3o esmorece o clima de fraternidade, e vai ficando sempre mais clara uma coisa: n\u00e3o importa se algumas posi\u00e7\u00f5es passam ou n\u00e3o, mas o texto no seu todo vai se caracterizando pelo esp\u00edrito de acolhida, no sentido mais amplo e profundo da palavra.<\/p>\n<p>Nem sempre se pode concordar, mas sempre se pode ouvir e tentar compreender os problemas. Durante toda a semana que vai de 19 a 25 teremos ainda muito trabalho. Mas h\u00e1 um fato que os mais experientes julgam in\u00e9dito: tudo vai ser votado em plen\u00e1rio&#8230; Como j\u00e1 v\u00edamos e o Papa caracterizou muito bem, n\u00e3o estamos num parlamento, mas importa ouvir todas as vozes e tentar compreender o que estas vozes expressam.<\/p>\n<p>Duas festas marcaram o final de semana: a celebra\u00e7\u00e3o dos 50 anos da institui\u00e7\u00e3o do S\u00ednodo e as canoniza\u00e7\u00f5es entre as quais os pais de Santa Teresinha. Mas \u00e9 claro que a &#8220;festa&#8221; maior s\u00e3o certas express\u00f5es do Papa. Onde se viu um papa proclamar que o papado necessita de uma convers\u00e3o? Onde se viu insistir que as pr\u00f3prias confer\u00eancias episcopais precisam encontrar mecanismos de maior participa\u00e7\u00e3o? \u00c9stes s\u00e3o certamente sinais dos tempos.<\/p>\n<p>A mensagem final certamente ter\u00e1 duas caracter\u00edsticas: n\u00e3o vai agradar a todos, mas ao mesmo tempo vai contribuir para criar um clima novo na Igreja no seu todo. Melhor dito: vai contribuir para firmar um clima novo que j\u00e1 parece consistente nesta altura. Imagino que o que vai ocorrer em refer\u00eancia \u00e0queles pontos vai ser o que ocorreu com nossa tonsura. Como dizia Frei Constantino como Ministro Geral: &#8220;N\u00e3o perguntem quando devo dizer n\u00e3o. Vai caminhando&#8221;.<\/p>\n","protected":false},"excerpt":{"rendered":"<p>Frei Ant\u00f4nio Moser<\/p>\n","protected":false},"author":1,"featured_media":219123,"comment_status":"open","ping_status":"open","sticky":false,"template":"","format":"standard","meta":[],"categories":[1],"tags":[472],"acf":[],"yoast_head":"<!-- This site is optimized with the Yoast SEO plugin v19.2 - https:\/\/yoast.com\/wordpress\/plugins\/seo\/ -->\n<title>S\u00ednodo da Fam\u00edlia: Entre discuss\u00f5es e festejos - Not\u00edcias - Franciscanos<\/title>\n<meta name=\"robots\" content=\"index, follow, max-snippet:-1, max-image-preview:large, max-video-preview:-1\" \/>\n<link rel=\"canonical\" href=\"https:\/\/franciscanos.org.br\/noticias\/sinodo-entre-discussoes-e-festejos.html\" \/>\n<meta property=\"og:locale\" content=\"pt_BR\" \/>\n<meta property=\"og:type\" content=\"article\" \/>\n<meta property=\"og:title\" content=\"S\u00ednodo da Fam\u00edlia: Entre discuss\u00f5es e festejos - Not\u00edcias - Franciscanos\" \/>\n<meta property=\"og:description\" content=\"Frei Ant\u00f4nio Moser\" \/>\n<meta property=\"og:url\" content=\"https:\/\/franciscanos.org.br\/noticias\/sinodo-entre-discussoes-e-festejos.html\" \/>\n<meta property=\"og:site_name\" content=\"Not\u00edcias - Franciscanos\" \/>\n<meta property=\"article:published_time\" content=\"2015-10-19T09:26:08+00:00\" \/>\n<meta property=\"article:modified_time\" content=\"2020-02-11T14:24:20+00:00\" \/>\n<meta property=\"og:image\" content=\"https:\/\/franciscanos.org.br\/noticias\/wp-content\/uploads\/2015\/10\/sinodo-3.jpg\" \/>\n\t<meta property=\"og:image:width\" content=\"273\" \/>\n\t<meta property=\"og:image:height\" content=\"181\" \/>\n\t<meta property=\"og:image:type\" content=\"image\/jpeg\" \/>\n<meta name=\"author\" content=\"admin\" \/>\n<meta name=\"twitter:card\" content=\"summary_large_image\" \/>\n<meta name=\"twitter:label1\" content=\"Escrito por\" \/>\n\t<meta name=\"twitter:data1\" content=\"admin\" \/>\n\t<meta name=\"twitter:label2\" content=\"Est. tempo de leitura\" \/>\n\t<meta name=\"twitter:data2\" content=\"2 minutos\" \/>\n<script type=\"application\/ld+json\" class=\"yoast-schema-graph\">{\"@context\":\"https:\/\/schema.org\",\"@graph\":[{\"@type\":\"WebSite\",\"@id\":\"https:\/\/franciscanos.org.br\/noticias\/#website\",\"url\":\"https:\/\/franciscanos.org.br\/noticias\/\",\"name\":\"Not\u00edcias - Franciscanos\",\"description\":\"Prov\u00edncia Franciscana da Imaculada Concei\u00e7\u00e3o do Brasil - Ordem dos Frades Menores - OFM\",\"potentialAction\":[{\"@type\":\"SearchAction\",\"target\":{\"@type\":\"EntryPoint\",\"urlTemplate\":\"https:\/\/franciscanos.org.br\/noticias\/?s={search_term_string}\"},\"query-input\":\"required name=search_term_string\"}],\"inLanguage\":\"pt-BR\"},{\"@type\":\"ImageObject\",\"inLanguage\":\"pt-BR\",\"@id\":\"https:\/\/franciscanos.org.br\/noticias\/sinodo-entre-discussoes-e-festejos.html#primaryimage\",\"url\":\"https:\/\/franciscanos.org.br\/noticias\/wp-content\/uploads\/2015\/10\/sinodo-3.jpg\",\"contentUrl\":\"https:\/\/franciscanos.org.br\/noticias\/wp-content\/uploads\/2015\/10\/sinodo-3.jpg\",\"width\":273,\"height\":181},{\"@type\":\"WebPage\",\"@id\":\"https:\/\/franciscanos.org.br\/noticias\/sinodo-entre-discussoes-e-festejos.html#webpage\",\"url\":\"https:\/\/franciscanos.org.br\/noticias\/sinodo-entre-discussoes-e-festejos.html\",\"name\":\"S\u00ednodo da Fam\u00edlia: Entre discuss\u00f5es e festejos - Not\u00edcias - Franciscanos\",\"isPartOf\":{\"@id\":\"https:\/\/franciscanos.org.br\/noticias\/#website\"},\"primaryImageOfPage\":{\"@id\":\"https:\/\/franciscanos.org.br\/noticias\/sinodo-entre-discussoes-e-festejos.html#primaryimage\"},\"datePublished\":\"2015-10-19T09:26:08+00:00\",\"dateModified\":\"2020-02-11T14:24:20+00:00\",\"author\":{\"@id\":\"https:\/\/franciscanos.org.br\/noticias\/#\/schema\/person\/b38fbf43118f02820bd932f2e4b14ad3\"},\"breadcrumb\":{\"@id\":\"https:\/\/franciscanos.org.br\/noticias\/sinodo-entre-discussoes-e-festejos.html#breadcrumb\"},\"inLanguage\":\"pt-BR\",\"potentialAction\":[{\"@type\":\"ReadAction\",\"target\":[\"https:\/\/franciscanos.org.br\/noticias\/sinodo-entre-discussoes-e-festejos.html\"]}]},{\"@type\":\"BreadcrumbList\",\"@id\":\"https:\/\/franciscanos.org.br\/noticias\/sinodo-entre-discussoes-e-festejos.html#breadcrumb\",\"itemListElement\":[{\"@type\":\"ListItem\",\"position\":1,\"name\":\"Home\",\"item\":\"https:\/\/franciscanos.org.br\/noticias\"},{\"@type\":\"ListItem\",\"position\":2,\"name\":\"S\u00ednodo da Fam\u00edlia: Entre discuss\u00f5es e festejos\"}]},{\"@type\":\"Person\",\"@id\":\"https:\/\/franciscanos.org.br\/noticias\/#\/schema\/person\/b38fbf43118f02820bd932f2e4b14ad3\",\"name\":\"admin\",\"image\":{\"@type\":\"ImageObject\",\"inLanguage\":\"pt-BR\",\"@id\":\"https:\/\/franciscanos.org.br\/noticias\/#\/schema\/person\/image\/\",\"url\":\"https:\/\/secure.gravatar.com\/avatar\/e8495742d34d0ba6448ea1c628263b3e?s=96&d=mm&r=g\",\"contentUrl\":\"https:\/\/secure.gravatar.com\/avatar\/e8495742d34d0ba6448ea1c628263b3e?s=96&d=mm&r=g\",\"caption\":\"admin\"},\"url\":\"https:\/\/franciscanos.org.br\/noticias\/author\/admin\"}]}<\/script>\n<!-- \/ Yoast SEO plugin. -->","yoast_head_json":{"title":"S\u00ednodo da Fam\u00edlia: Entre discuss\u00f5es e festejos - Not\u00edcias - Franciscanos","robots":{"index":"index","follow":"follow","max-snippet":"max-snippet:-1","max-image-preview":"max-image-preview:large","max-video-preview":"max-video-preview:-1"},"canonical":"https:\/\/franciscanos.org.br\/noticias\/sinodo-entre-discussoes-e-festejos.html","og_locale":"pt_BR","og_type":"article","og_title":"S\u00ednodo da Fam\u00edlia: Entre discuss\u00f5es e festejos - Not\u00edcias - Franciscanos","og_description":"Frei Ant\u00f4nio Moser","og_url":"https:\/\/franciscanos.org.br\/noticias\/sinodo-entre-discussoes-e-festejos.html","og_site_name":"Not\u00edcias - Franciscanos","article_published_time":"2015-10-19T09:26:08+00:00","article_modified_time":"2020-02-11T14:24:20+00:00","og_image":[{"width":273,"height":181,"url":"https:\/\/franciscanos.org.br\/noticias\/wp-content\/uploads\/2015\/10\/sinodo-3.jpg","type":"image\/jpeg"}],"author":"admin","twitter_card":"summary_large_image","twitter_misc":{"Escrito por":"admin","Est. tempo de leitura":"2 minutos"},"schema":{"@context":"https:\/\/schema.org","@graph":[{"@type":"WebSite","@id":"https:\/\/franciscanos.org.br\/noticias\/#website","url":"https:\/\/franciscanos.org.br\/noticias\/","name":"Not\u00edcias - Franciscanos","description":"Prov\u00edncia Franciscana da Imaculada Concei\u00e7\u00e3o do Brasil - Ordem dos Frades Menores - OFM","potentialAction":[{"@type":"SearchAction","target":{"@type":"EntryPoint","urlTemplate":"https:\/\/franciscanos.org.br\/noticias\/?s={search_term_string}"},"query-input":"required name=search_term_string"}],"inLanguage":"pt-BR"},{"@type":"ImageObject","inLanguage":"pt-BR","@id":"https:\/\/franciscanos.org.br\/noticias\/sinodo-entre-discussoes-e-festejos.html#primaryimage","url":"https:\/\/franciscanos.org.br\/noticias\/wp-content\/uploads\/2015\/10\/sinodo-3.jpg","contentUrl":"https:\/\/franciscanos.org.br\/noticias\/wp-content\/uploads\/2015\/10\/sinodo-3.jpg","width":273,"height":181},{"@type":"WebPage","@id":"https:\/\/franciscanos.org.br\/noticias\/sinodo-entre-discussoes-e-festejos.html#webpage","url":"https:\/\/franciscanos.org.br\/noticias\/sinodo-entre-discussoes-e-festejos.html","name":"S\u00ednodo da Fam\u00edlia: Entre discuss\u00f5es e festejos - Not\u00edcias - Franciscanos","isPartOf":{"@id":"https:\/\/franciscanos.org.br\/noticias\/#website"},"primaryImageOfPage":{"@id":"https:\/\/franciscanos.org.br\/noticias\/sinodo-entre-discussoes-e-festejos.html#primaryimage"},"datePublished":"2015-10-19T09:26:08+00:00","dateModified":"2020-02-11T14:24:20+00:00","author":{"@id":"https:\/\/franciscanos.org.br\/noticias\/#\/schema\/person\/b38fbf43118f02820bd932f2e4b14ad3"},"breadcrumb":{"@id":"https:\/\/franciscanos.org.br\/noticias\/sinodo-entre-discussoes-e-festejos.html#breadcrumb"},"inLanguage":"pt-BR","potentialAction":[{"@type":"ReadAction","target":["https:\/\/franciscanos.org.br\/noticias\/sinodo-entre-discussoes-e-festejos.html"]}]},{"@type":"BreadcrumbList","@id":"https:\/\/franciscanos.org.br\/noticias\/sinodo-entre-discussoes-e-festejos.html#breadcrumb","itemListElement":[{"@type":"ListItem","position":1,"name":"Home","item":"https:\/\/franciscanos.org.br\/noticias"},{"@type":"ListItem","position":2,"name":"S\u00ednodo da Fam\u00edlia: Entre discuss\u00f5es e festejos"}]},{"@type":"Person","@id":"https:\/\/franciscanos.org.br\/noticias\/#\/schema\/person\/b38fbf43118f02820bd932f2e4b14ad3","name":"admin","image":{"@type":"ImageObject","inLanguage":"pt-BR","@id":"https:\/\/franciscanos.org.br\/noticias\/#\/schema\/person\/image\/","url":"https:\/\/secure.gravatar.com\/avatar\/e8495742d34d0ba6448ea1c628263b3e?s=96&d=mm&r=g","contentUrl":"https:\/\/secure.gravatar.com\/avatar\/e8495742d34d0ba6448ea1c628263b3e?s=96&d=mm&r=g","caption":"admin"},"url":"https:\/\/franciscanos.org.br\/noticias\/author\/admin"}]}},"_links":{"self":[{"href":"https:\/\/franciscanos.org.br\/noticias\/wp-json\/wp\/v2\/posts\/96849"}],"collection":[{"href":"https:\/\/franciscanos.org.br\/noticias\/wp-json\/wp\/v2\/posts"}],"about":[{"href":"https:\/\/franciscanos.org.br\/noticias\/wp-json\/wp\/v2\/types\/post"}],"author":[{"embeddable":true,"href":"https:\/\/franciscanos.org.br\/noticias\/wp-json\/wp\/v2\/users\/1"}],"replies":[{"embeddable":true,"href":"https:\/\/franciscanos.org.br\/noticias\/wp-json\/wp\/v2\/comments?post=96849"}],"version-history":[{"count":0,"href":"https:\/\/franciscanos.org.br\/noticias\/wp-json\/wp\/v2\/posts\/96849\/revisions"}],"wp:featuredmedia":[{"embeddable":true,"href":"https:\/\/franciscanos.org.br\/noticias\/wp-json\/wp\/v2\/media\/219123"}],"wp:attachment":[{"href":"https:\/\/franciscanos.org.br\/noticias\/wp-json\/wp\/v2\/media?parent=96849"}],"wp:term":[{"taxonomy":"category","embeddable":true,"href":"https:\/\/franciscanos.org.br\/noticias\/wp-json\/wp\/v2\/categories?post=96849"},{"taxonomy":"post_tag","embeddable":true,"href":"https:\/\/franciscanos.org.br\/noticias\/wp-json\/wp\/v2\/tags?post=96849"}],"curies":[{"name":"wp","href":"https:\/\/api.w.org\/{rel}","templated":true}]}}