{"id":96842,"date":"2015-10-19T07:03:04","date_gmt":"2015-10-19T09:03:04","guid":{"rendered":"http:\/\/franciscanos.org.br\/?p=96842"},"modified":"2020-06-10T11:12:45","modified_gmt":"2020-06-10T14:12:45","slug":"a-verdadeira-autoridade-na-igreja-e-servir-os-outros","status":"publish","type":"post","link":"https:\/\/franciscanos.org.br\/noticias\/a-verdadeira-autoridade-na-igreja-e-servir-os-outros.html","title":{"rendered":"&#8220;A verdadeira autoridade na Igreja \u00e9 servir os outros&#8221;"},"content":{"rendered":"<p><img loading=\"lazy\" src=\"http:\/\/franciscanos.org.br\/wp-content\/uploads\/2015\/10\/praca_saopedro.jpg\" alt=\"praca_saopedro\" width=\"820\" height=\"390\" \/><\/p>\n<p><strong>Cidade do Vaticano<\/strong> &#8211; O servi\u00e7o e o chamado a seguir Jesus pelo caminho da humildade e da cruz foram o eixo sobre o qual o Papa Francisco desenvolveu sua homilia na solene celebra\u00e7\u00e3o na Pra\u00e7a S\u00e3o Pedro, que elevou \u00e0 honra dos altares quatro novos Santos, entre os quais, os pais de Santa Teresa de Lisieux.<\/p>\n<p>Milhares de fieis, religiosos e religiosas lotaram a Pra\u00e7a S\u00e3o Pedro no domingo em que se celebra o Dia Mundial das Miss\u00f5es. Os participantes do S\u00ednodo, em andamento no Vaticano, tomaram parte na celebra\u00e7\u00e3o. O governo espanhol enviou uma delega\u00e7\u00e3o oficial pela canoniza\u00e7\u00e3o da espanhola Madre Maria da Imaculada Concei\u00e7\u00e3o.<\/p>\n<p>A figura apresentada pelo Profeta Isa\u00edas do Servo do Senhor que suporta a marginaliza\u00e7\u00e3o e o sofrimento at\u00e9 \u00e0 morte para resgatar e salvar multid\u00f5es foi o ponto de partida da reflex\u00e3o do Santo Padre. Jesus \u2013 observou ele &#8211; \u00e9 um personagem \u201cque n\u00e3o se gaba de genealogias ilustres; mas desprezado, evitado por todos, sabe o que \u00e9 sofrer. N\u00e3o se lhe atribuem empreendimentos grandiosos nem discursos c\u00e9lebres, mas realiza o plano de Deus atrav\u00e9s duma presen\u00e7a humilde e silenciosa, atrav\u00e9s do seu sofrimento\u201d. Este sofrimento \u2013 explicou o Papa \u2013 que lhe permite \u201ccompreender os que sofrem, carregar o fardo das culpas alheias e expi\u00e1-las\u201d.<\/p>\n<p>Jesus, \u00e9 o Servo do Senhor, \u201ca sua exist\u00eancia e a sua morte foram vividas inteiramente sob a forma servi\u00e7o\u201d. Mas Tiago e Jo\u00e3o, citados na narra\u00e7\u00e3o de Marcos, \u201creivindicam lugares de honra de acordo com a pr\u00f3pria vis\u00e3o hier\u00e1rquica do reino\u201d, ainda est\u00e3o inclinados por \u201csonhos de realiza\u00e7\u00e3o terrena\u201d. E Jesus \u2013 disse o Papa \u2013 recorda a eles que dever\u00e3o beber o mesmo c\u00e1lice que ele bebe: \u201cCom esta imagem do c\u00e1lice, Ele assegura aos dois disc\u00edpulos a possibilidade de serem associados plenamente ao seu destino de sofrimento, mas sem garantir os desejados lugares de honra. A sua resposta \u00e9 um convite a segui-Lo pelo caminho do amor e do servi\u00e7o, rejeitando a tenta\u00e7\u00e3o mundana de querer sobressair e mandar nos outros\u201d.<\/p>\n<p>Os disc\u00edpulos \u2013 recordou o Papa, referindo-se ao Evangelho do dia &#8211; s\u00e3o chamados a servir, a exemplo de seu Mestre, afastando-se da luta para obter poder e sucesso. Jesus, ao dizer \u201cquem quiser ser grande entre v\u00f3s, fa\u00e7a-se vosso servo\u201d, indica \u201co servi\u00e7o como estilo da autoridade na comunidade crist\u00e3\u201d: \u201cQuem serve os outros e n\u00e3o goza efetivamente de prest\u00edgio, exerce a verdadeira autoridade na Igreja. Jesus convida-nos a mudar a nossa mentalidade e passar da ambi\u00e7\u00e3o do poder \u00e0 alegria de se ocultar e servir; desarraigar o instinto de dom\u00ednio sobre os outros e exercer a virtude da humildade\u201d.<\/p>\n<p>Ap\u00f3s apresentar aos disc\u00edpulos o modelo a n\u00e3o ser imitado, Jesus oferece a si mesmo como ideal de sofrimento: \u201cPois o Filho do homem n\u00e3o veio para ser servido, mas para servir e dar a sua vida em resgate de muitos\u201d. \u201cJesus enche de novo sentido esta imagem \u2013 disse o Papa &#8211; especificando que Ele tem a soberania enquanto servo, a gl\u00f3ria enquanto capaz de abaixamento, a autoridade real enquanto dispon\u00edvel ao dom total da vida\u201d: \u201cH\u00e1 incompatibilidade entre uma forma de conceber o poder segundo crit\u00e9rios mundanos e o servi\u00e7o humilde que deveria caracterizar a autoridade segundo o ensinamento e o exemplo de Jesus; incompatibilidade entre ambi\u00e7\u00f5es e carreirismo e o seguimento de Cristo; incompatibilidade entre honras, sucesso, fama, triunfos terrenos e a l\u00f3gica de Cristo crucificado\u201d.<\/p>\n<p>E pelo contr\u00e1rio \u2013 precisou o Santo Padre \u2013 \u201ch\u00e1 compatibilidade entre Jesus, que sabe o que \u00e9 sofrer, e o nosso sofrimento\u201d. Jesus, de fato, \u201cexerce essencialmente um sacerd\u00f3cio de miseric\u00f3rdia e compaix\u00e3o\u201d. Por ter experimentado diretamente as nossas dificuldades, \u201cconhece a partir de dentro a nossa condi\u00e7\u00e3o humana\u201d. E o fato de ele n\u00e3o ter experimentado o pecado \u2013 explica o Papa \u2013 \u201cn\u00e3o o impede de compreender os pecadores\u201d:<br \/>\n\u201cA sua gl\u00f3ria n\u00e3o \u00e9 a da ambi\u00e7\u00e3o ou da sede de dom\u00ednio, mas a gl\u00f3ria de amar os homens, assumir e compartilhar a sua fraqueza e oferecer-lhes a gra\u00e7a que cura, acompanhar, com ternura infinita, o seu caminho atribulado\u201d.<\/p>\n<p>N\u00f3s todos, enquanto batizados \u2013 prosseguiu o Papa \u2013 participamos no sacerd\u00f3cio de Cristo: \u201cos fieis leigos no sacerd\u00f3cio comum, os sacerdotes no sacerd\u00f3cio ministerial\u201d, de forma que todos \u201cpodemos receber a caridade que brota de seu cora\u00e7\u00e3o aberto\u201d, tornando-nos \u201ccanais do seu amor, da sua compaix\u00e3o, especialmente para aqueles que vivem no sofrimento, na ang\u00fastia, no des\u00e2nimo e na solid\u00e3o\u201d.<\/p>\n<p>O Santo Padre, ent\u00e3o, recorda que os novos Santos \u201cserviram constantemente, com humildade e caridade extraordin\u00e1rias, imitando assim o Mestre divino\u201d, citando S\u00e3o Vicente Grossi, \u201cp\u00e1roco zeloso, sempre atento \u00e0s necessidades do seu povo, especialmente \u00e0 fragilidade dos jovens\u201d e tornando-se \u201cum bom samaritano para os mais necessitados\u201d.<\/p>\n<p>Tamb\u00e9m Santa Maria da Imaculada Concei\u00e7\u00e3o, que \u201cserviu pessoalmente, com grande humildade, os \u00faltimos, com uma aten\u00e7\u00e3o especial aos filhos dos pobres e aos doentes\u201d, e por fim, os Pais de Santa Teresa de Lisieux: \u201cOs Santos esposos Ludovico Martin e Maria Azelia Gu\u00e9rin viveram o servi\u00e7o crist\u00e3o na fam\u00edlia, construindo dia ap\u00f3s dia um ambiente cheio de f\u00e9 e amor; e, neste clima, germinaram as voca\u00e7\u00f5es das filhas, nomeadamente a de Santa Teresinha do Menino Jesus\u201d.<\/p>\n<p>Que \u201co testemunho luminoso destes novos Santos \u2013 concluiu o Papa &#8211; impele-nos a perseverar no caminho dum servi\u00e7o alegre aos irm\u00e3os\u201d e que \u201celes, do C\u00e9u, velem sobre n\u00f3s e nos apoiem com a sua poderosa intercess\u00e3o\u201d.<\/p>\n<hr \/>\n<p><em>Fonte: R\u00e1dio Vaticano<\/em><\/p>\n","protected":false},"excerpt":{"rendered":"<p>Dia Mundial das Miss\u00f5es<\/p>\n","protected":false},"author":1,"featured_media":217636,"comment_status":"open","ping_status":"open","sticky":false,"template":"","format":"standard","meta":[],"categories":[1428],"tags":[1127],"acf":[],"yoast_head":"<!-- This site is optimized with the Yoast SEO plugin v19.2 - https:\/\/yoast.com\/wordpress\/plugins\/seo\/ -->\n<title>&quot;A verdadeira autoridade na Igreja \u00e9 servir os outros&quot; - Not\u00edcias - Franciscanos<\/title>\n<meta name=\"robots\" content=\"index, follow, max-snippet:-1, max-image-preview:large, max-video-preview:-1\" \/>\n<link rel=\"canonical\" href=\"https:\/\/franciscanos.org.br\/noticias\/a-verdadeira-autoridade-na-igreja-e-servir-os-outros.html\" \/>\n<meta property=\"og:locale\" content=\"pt_BR\" \/>\n<meta property=\"og:type\" content=\"article\" \/>\n<meta property=\"og:title\" content=\"&quot;A verdadeira autoridade na Igreja \u00e9 servir os outros&quot; - Not\u00edcias - Franciscanos\" \/>\n<meta property=\"og:description\" content=\"Dia Mundial das Miss\u00f5es\" \/>\n<meta property=\"og:url\" content=\"https:\/\/franciscanos.org.br\/noticias\/a-verdadeira-autoridade-na-igreja-e-servir-os-outros.html\" \/>\n<meta property=\"og:site_name\" content=\"Not\u00edcias - Franciscanos\" \/>\n<meta property=\"article:published_time\" content=\"2015-10-19T09:03:04+00:00\" \/>\n<meta property=\"article:modified_time\" content=\"2020-06-10T14:12:45+00:00\" \/>\n<meta property=\"og:image\" content=\"https:\/\/franciscanos.org.br\/noticias\/wp-content\/uploads\/2015\/10\/praca_saopedro.jpg\" \/>\n\t<meta property=\"og:image:width\" content=\"273\" \/>\n\t<meta property=\"og:image:height\" content=\"181\" \/>\n\t<meta property=\"og:image:type\" content=\"image\/jpeg\" \/>\n<meta name=\"author\" content=\"admin\" \/>\n<meta name=\"twitter:card\" content=\"summary_large_image\" \/>\n<meta name=\"twitter:label1\" content=\"Escrito por\" \/>\n\t<meta name=\"twitter:data1\" content=\"admin\" \/>\n\t<meta name=\"twitter:label2\" content=\"Est. tempo de leitura\" \/>\n\t<meta name=\"twitter:data2\" content=\"5 minutos\" \/>\n<script type=\"application\/ld+json\" class=\"yoast-schema-graph\">{\"@context\":\"https:\/\/schema.org\",\"@graph\":[{\"@type\":\"WebSite\",\"@id\":\"https:\/\/franciscanos.org.br\/noticias\/#website\",\"url\":\"https:\/\/franciscanos.org.br\/noticias\/\",\"name\":\"Not\u00edcias - Franciscanos\",\"description\":\"Prov\u00edncia Franciscana da Imaculada Concei\u00e7\u00e3o do Brasil - Ordem dos Frades Menores - OFM\",\"potentialAction\":[{\"@type\":\"SearchAction\",\"target\":{\"@type\":\"EntryPoint\",\"urlTemplate\":\"https:\/\/franciscanos.org.br\/noticias\/?s={search_term_string}\"},\"query-input\":\"required name=search_term_string\"}],\"inLanguage\":\"pt-BR\"},{\"@type\":\"ImageObject\",\"inLanguage\":\"pt-BR\",\"@id\":\"https:\/\/franciscanos.org.br\/noticias\/a-verdadeira-autoridade-na-igreja-e-servir-os-outros.html#primaryimage\",\"url\":\"https:\/\/franciscanos.org.br\/noticias\/wp-content\/uploads\/2015\/10\/praca_saopedro.jpg\",\"contentUrl\":\"https:\/\/franciscanos.org.br\/noticias\/wp-content\/uploads\/2015\/10\/praca_saopedro.jpg\",\"width\":273,\"height\":181},{\"@type\":\"WebPage\",\"@id\":\"https:\/\/franciscanos.org.br\/noticias\/a-verdadeira-autoridade-na-igreja-e-servir-os-outros.html#webpage\",\"url\":\"https:\/\/franciscanos.org.br\/noticias\/a-verdadeira-autoridade-na-igreja-e-servir-os-outros.html\",\"name\":\"\\\"A verdadeira autoridade na Igreja \u00e9 servir os outros\\\" - Not\u00edcias - Franciscanos\",\"isPartOf\":{\"@id\":\"https:\/\/franciscanos.org.br\/noticias\/#website\"},\"primaryImageOfPage\":{\"@id\":\"https:\/\/franciscanos.org.br\/noticias\/a-verdadeira-autoridade-na-igreja-e-servir-os-outros.html#primaryimage\"},\"datePublished\":\"2015-10-19T09:03:04+00:00\",\"dateModified\":\"2020-06-10T14:12:45+00:00\",\"author\":{\"@id\":\"https:\/\/franciscanos.org.br\/noticias\/#\/schema\/person\/b38fbf43118f02820bd932f2e4b14ad3\"},\"breadcrumb\":{\"@id\":\"https:\/\/franciscanos.org.br\/noticias\/a-verdadeira-autoridade-na-igreja-e-servir-os-outros.html#breadcrumb\"},\"inLanguage\":\"pt-BR\",\"potentialAction\":[{\"@type\":\"ReadAction\",\"target\":[\"https:\/\/franciscanos.org.br\/noticias\/a-verdadeira-autoridade-na-igreja-e-servir-os-outros.html\"]}]},{\"@type\":\"BreadcrumbList\",\"@id\":\"https:\/\/franciscanos.org.br\/noticias\/a-verdadeira-autoridade-na-igreja-e-servir-os-outros.html#breadcrumb\",\"itemListElement\":[{\"@type\":\"ListItem\",\"position\":1,\"name\":\"Home\",\"item\":\"https:\/\/franciscanos.org.br\/noticias\"},{\"@type\":\"ListItem\",\"position\":2,\"name\":\"&#8220;A verdadeira autoridade na Igreja \u00e9 servir os outros&#8221;\"}]},{\"@type\":\"Person\",\"@id\":\"https:\/\/franciscanos.org.br\/noticias\/#\/schema\/person\/b38fbf43118f02820bd932f2e4b14ad3\",\"name\":\"admin\",\"image\":{\"@type\":\"ImageObject\",\"inLanguage\":\"pt-BR\",\"@id\":\"https:\/\/franciscanos.org.br\/noticias\/#\/schema\/person\/image\/\",\"url\":\"https:\/\/secure.gravatar.com\/avatar\/e8495742d34d0ba6448ea1c628263b3e?s=96&d=mm&r=g\",\"contentUrl\":\"https:\/\/secure.gravatar.com\/avatar\/e8495742d34d0ba6448ea1c628263b3e?s=96&d=mm&r=g\",\"caption\":\"admin\"},\"url\":\"https:\/\/franciscanos.org.br\/noticias\/author\/admin\"}]}<\/script>\n<!-- \/ Yoast SEO plugin. -->","yoast_head_json":{"title":"\"A verdadeira autoridade na Igreja \u00e9 servir os outros\" - Not\u00edcias - Franciscanos","robots":{"index":"index","follow":"follow","max-snippet":"max-snippet:-1","max-image-preview":"max-image-preview:large","max-video-preview":"max-video-preview:-1"},"canonical":"https:\/\/franciscanos.org.br\/noticias\/a-verdadeira-autoridade-na-igreja-e-servir-os-outros.html","og_locale":"pt_BR","og_type":"article","og_title":"\"A verdadeira autoridade na Igreja \u00e9 servir os outros\" - Not\u00edcias - Franciscanos","og_description":"Dia Mundial das Miss\u00f5es","og_url":"https:\/\/franciscanos.org.br\/noticias\/a-verdadeira-autoridade-na-igreja-e-servir-os-outros.html","og_site_name":"Not\u00edcias - Franciscanos","article_published_time":"2015-10-19T09:03:04+00:00","article_modified_time":"2020-06-10T14:12:45+00:00","og_image":[{"width":273,"height":181,"url":"https:\/\/franciscanos.org.br\/noticias\/wp-content\/uploads\/2015\/10\/praca_saopedro.jpg","type":"image\/jpeg"}],"author":"admin","twitter_card":"summary_large_image","twitter_misc":{"Escrito por":"admin","Est. tempo de leitura":"5 minutos"},"schema":{"@context":"https:\/\/schema.org","@graph":[{"@type":"WebSite","@id":"https:\/\/franciscanos.org.br\/noticias\/#website","url":"https:\/\/franciscanos.org.br\/noticias\/","name":"Not\u00edcias - Franciscanos","description":"Prov\u00edncia Franciscana da Imaculada Concei\u00e7\u00e3o do Brasil - Ordem dos Frades Menores - OFM","potentialAction":[{"@type":"SearchAction","target":{"@type":"EntryPoint","urlTemplate":"https:\/\/franciscanos.org.br\/noticias\/?s={search_term_string}"},"query-input":"required name=search_term_string"}],"inLanguage":"pt-BR"},{"@type":"ImageObject","inLanguage":"pt-BR","@id":"https:\/\/franciscanos.org.br\/noticias\/a-verdadeira-autoridade-na-igreja-e-servir-os-outros.html#primaryimage","url":"https:\/\/franciscanos.org.br\/noticias\/wp-content\/uploads\/2015\/10\/praca_saopedro.jpg","contentUrl":"https:\/\/franciscanos.org.br\/noticias\/wp-content\/uploads\/2015\/10\/praca_saopedro.jpg","width":273,"height":181},{"@type":"WebPage","@id":"https:\/\/franciscanos.org.br\/noticias\/a-verdadeira-autoridade-na-igreja-e-servir-os-outros.html#webpage","url":"https:\/\/franciscanos.org.br\/noticias\/a-verdadeira-autoridade-na-igreja-e-servir-os-outros.html","name":"\"A verdadeira autoridade na Igreja \u00e9 servir os outros\" - Not\u00edcias - Franciscanos","isPartOf":{"@id":"https:\/\/franciscanos.org.br\/noticias\/#website"},"primaryImageOfPage":{"@id":"https:\/\/franciscanos.org.br\/noticias\/a-verdadeira-autoridade-na-igreja-e-servir-os-outros.html#primaryimage"},"datePublished":"2015-10-19T09:03:04+00:00","dateModified":"2020-06-10T14:12:45+00:00","author":{"@id":"https:\/\/franciscanos.org.br\/noticias\/#\/schema\/person\/b38fbf43118f02820bd932f2e4b14ad3"},"breadcrumb":{"@id":"https:\/\/franciscanos.org.br\/noticias\/a-verdadeira-autoridade-na-igreja-e-servir-os-outros.html#breadcrumb"},"inLanguage":"pt-BR","potentialAction":[{"@type":"ReadAction","target":["https:\/\/franciscanos.org.br\/noticias\/a-verdadeira-autoridade-na-igreja-e-servir-os-outros.html"]}]},{"@type":"BreadcrumbList","@id":"https:\/\/franciscanos.org.br\/noticias\/a-verdadeira-autoridade-na-igreja-e-servir-os-outros.html#breadcrumb","itemListElement":[{"@type":"ListItem","position":1,"name":"Home","item":"https:\/\/franciscanos.org.br\/noticias"},{"@type":"ListItem","position":2,"name":"&#8220;A verdadeira autoridade na Igreja \u00e9 servir os outros&#8221;"}]},{"@type":"Person","@id":"https:\/\/franciscanos.org.br\/noticias\/#\/schema\/person\/b38fbf43118f02820bd932f2e4b14ad3","name":"admin","image":{"@type":"ImageObject","inLanguage":"pt-BR","@id":"https:\/\/franciscanos.org.br\/noticias\/#\/schema\/person\/image\/","url":"https:\/\/secure.gravatar.com\/avatar\/e8495742d34d0ba6448ea1c628263b3e?s=96&d=mm&r=g","contentUrl":"https:\/\/secure.gravatar.com\/avatar\/e8495742d34d0ba6448ea1c628263b3e?s=96&d=mm&r=g","caption":"admin"},"url":"https:\/\/franciscanos.org.br\/noticias\/author\/admin"}]}},"_links":{"self":[{"href":"https:\/\/franciscanos.org.br\/noticias\/wp-json\/wp\/v2\/posts\/96842"}],"collection":[{"href":"https:\/\/franciscanos.org.br\/noticias\/wp-json\/wp\/v2\/posts"}],"about":[{"href":"https:\/\/franciscanos.org.br\/noticias\/wp-json\/wp\/v2\/types\/post"}],"author":[{"embeddable":true,"href":"https:\/\/franciscanos.org.br\/noticias\/wp-json\/wp\/v2\/users\/1"}],"replies":[{"embeddable":true,"href":"https:\/\/franciscanos.org.br\/noticias\/wp-json\/wp\/v2\/comments?post=96842"}],"version-history":[{"count":1,"href":"https:\/\/franciscanos.org.br\/noticias\/wp-json\/wp\/v2\/posts\/96842\/revisions"}],"predecessor-version":[{"id":225901,"href":"https:\/\/franciscanos.org.br\/noticias\/wp-json\/wp\/v2\/posts\/96842\/revisions\/225901"}],"wp:featuredmedia":[{"embeddable":true,"href":"https:\/\/franciscanos.org.br\/noticias\/wp-json\/wp\/v2\/media\/217636"}],"wp:attachment":[{"href":"https:\/\/franciscanos.org.br\/noticias\/wp-json\/wp\/v2\/media?parent=96842"}],"wp:term":[{"taxonomy":"category","embeddable":true,"href":"https:\/\/franciscanos.org.br\/noticias\/wp-json\/wp\/v2\/categories?post=96842"},{"taxonomy":"post_tag","embeddable":true,"href":"https:\/\/franciscanos.org.br\/noticias\/wp-json\/wp\/v2\/tags?post=96842"}],"curies":[{"name":"wp","href":"https:\/\/api.w.org\/{rel}","templated":true}]}}