{"id":96811,"date":"2015-10-16T11:00:46","date_gmt":"2015-10-16T14:00:46","guid":{"rendered":"http:\/\/franciscanos.org.br\/?p=96811"},"modified":"2020-06-10T11:13:24","modified_gmt":"2020-06-10T14:13:24","slug":"a-historia-do-menino-mexicano-comove-o-sinodo","status":"publish","type":"post","link":"https:\/\/franciscanos.org.br\/noticias\/a-historia-do-menino-mexicano-comove-o-sinodo.html","title":{"rendered":"A hist\u00f3ria do menino mexicano comove bispos do S\u00ednodo"},"content":{"rendered":"<p><img loading=\"lazy\" class=\"alignnone size-full wp-image-196346\" src=\"https:\/\/franciscanos.org.br\/noticias\/wp-content\/uploads\/2015\/10\/sinodo_6.jpg\" alt=\"\" width=\"890\" height=\"482\" srcset=\"https:\/\/franciscanos.org.br\/noticias\/wp-content\/uploads\/2015\/10\/sinodo_6.jpg 890w, https:\/\/franciscanos.org.br\/noticias\/wp-content\/uploads\/2015\/10\/sinodo_6-450x244.jpg 450w, https:\/\/franciscanos.org.br\/noticias\/wp-content\/uploads\/2015\/10\/sinodo_6-768x416.jpg 768w, https:\/\/franciscanos.org.br\/noticias\/wp-content\/uploads\/2015\/10\/sinodo_6-150x81.jpg 150w\" sizes=\"(max-width: 890px) 100vw, 890px\" \/><\/p>\n<p><strong>Cidade do Vaticano \u2013<\/strong> Quando d\u00f3i, na Igreja, o problema das pessoas unidas em segundas n\u00fapcias que s\u00e3o exclu\u00eddas dos sacramentos da confiss\u00e3o e da comunh\u00e3o? A Assembleia Sinodal reunida quinta-feira, no Vaticano, na 11\u00aa Congrega\u00e7\u00e3o geral, ficou paralisada ao ouvir o relato de um bispo mexicano. Dom Alonso Gerardo Garza Trevino, da Diocese de Piedras Negras, em seu pronunciamento, contou o epis\u00f3dio de um menino que fazia a primeira comunh\u00e3o em sua diocese e cujos pais, ambos divorciados e recasados, n\u00e3o podiam fazer a comunh\u00e3o na cerim\u00f4nia. Ao receber a h\u00f3stia, o menino a dividiu e levou a seus pais dois peda\u00e7os para que eles tamb\u00e9m comungassem, como todos os pais presentes.<\/p>\n<p>Um caso pequeno, mas que pode influir mais do que mil palavras no debate em curso no S\u00ednodo, porque \u00e9 emblem\u00e1tico dos sofrimentos vividos pelos cat\u00f3licos em \u2018situa\u00e7\u00e3o irregular\u2019 e testemunha que os filhos de divorciados \u2013 uma porcentagem consistente dos jovens de hoje \u2013 n\u00e3o aceitam a exclus\u00e3o dos pais desta dimens\u00e3o central da vida crist\u00e3.<\/p>\n<p>\u201cCertamente tem coisas que s\u00e3o comoventes e as pessoas ficam sensibilizadas diante de certas quest\u00f5es. Esta foi uma. Outro momento muito tocante tamb\u00e9m foi quando o Cardeal Schoenborn contou da situa\u00e7\u00e3o dele, filho de um casal que se divorciou, etc. Ele percebeu outro aspecto e disse \u201c\u00c0s vezes n\u00f3s, Igreja, falamos dos divorciados de uma maneira que um filho de divorciados se sente machucado; temos que aprender a falar de uma forma mais adequada, etc. Ent\u00e3o, s\u00e3o coisas que jamais poderiam passar assim, como se nada fosse&#8230; Certamente isso tem suas influ\u00eancias\u201d, disse Dom Giancarlo Petrini, bispo de Cama\u00e7ari (BA) e Presidente em\u00e9rito da Comiss\u00e3o Episcopal para a Vida e a Fam\u00edlia da CNBB, que estava presente na Sala no momento do relato.<\/p>\n<p>\u201cN\u00e3o h\u00e1 nenhuma obje\u00e7\u00e3o ao fato que todos devem ser acolhidos. Todos s\u00e3o filhos de Deus, todos merecem n\u00e3o somente o respeito, mas o total acolhimento da Igreja. Mas at\u00e9 onde vai este acolhimento? Come\u00e7a a ficar claro que \u00e9 um acolhimento para participar da Igreja, para participar diversas e n\u00e3o ter tantos limites como antigamente. Era dif\u00edcil, era imposs\u00edvel uma pessoa recasada ser padrinho ou madrinha em um batizado, etc. Tudo isso est\u00e1 sendo um pouco repensado\u201d, continuou D. Giancarlo.<\/p>\n<p>\u201cO ponto \u00e9 realmente a Eucaristia. H\u00e1 duas coisas em jogo, na realidade: uma \u00e9 a agiliza\u00e7\u00e3o, por parte do Papa Francisco, dos processos can\u00f4nicos para a declara\u00e7\u00e3o de nulidade matrimonial. Aquilo que parecia uma coisa delicada, quase imposs\u00edvel para muitos casais, hoje pode ser muito simplificado. Em segundo lugar, tem havido algumas propostas para que o bispo possa avaliar, quando n\u00e3o existe a declara\u00e7\u00e3o de nulidade, os casos que de alguma maneira especial, possam se configurar como uma \u2018nulidade n\u00e3o-declarada\u2019, digamos assim. O certo \u00e9 que o acolhimento para que haja um retorno \u00e0 Igreja, uma maior participa\u00e7\u00e3o na vida da Igreja, \u00e9 tranquilo, \u00e9 totalmente de consenso, de todos. N\u00e3o vi ningu\u00e9m reclamando a este respeito. H\u00e1 nuances na maneira de ver at\u00e9 aonde este acolhimento pode chegar e h\u00e1 dificuldades em contradizer a milenar doutrina da Igreja\u201d, observa o bispo.<\/p>\n<p>\u201cCom certeza estes fi\u00e9is ter\u00e3o uma resposta concreta. Acho que esta \u00e9 uma nova etapa da Igreja, que se fixa menos na dureza da lei e claro, sem jogar fora o que n\u00e3o pode ser jogado, valorizar mais a caracter\u00edstica do ser de Deus, que \u00e9 a miseric\u00f3rdia, que deve ser sempre mais a caracter\u00edstica de cada crist\u00e3o e, portanto, de toda a Igreja\u201d, espera D. Giancarlo.<\/p>\n<p>O bispo tamb\u00e9m nos fala da proposta brasileira para o caminho de acolhida dos divorciados e recasados: \u201cA proposta brasileira foi explicitada por Dom Raymundo Damasceno, que foi Presidente da CNBB at\u00e9 abril deste ano e que \u00e9 Presidente-delegado do S\u00ednodo. Ele pediu exatamente que este acolhimento dos aspectos mais dif\u00edceis sejam aprofundados por uma comiss\u00e3o, para que se possa ter mais seguran\u00e7a; que esta abertura possa ser feita para vencer os medos, as retic\u00eancias. Tudo isso deve ser mais aprofundado por um comit\u00ea de estudos, digamos assim, que o Papa poder\u00e1&#8230;. assim como fez com o processo de nulidade\u201d.<\/p>\n","protected":false},"excerpt":{"rendered":"<p>S\u00ednodo da Fam\u00edlia<\/p>\n","protected":false},"author":1,"featured_media":207062,"comment_status":"open","ping_status":"open","sticky":false,"template":"","format":"standard","meta":[],"categories":[1428],"tags":[472],"acf":[],"yoast_head":"<!-- This site is optimized with the Yoast SEO plugin v19.2 - https:\/\/yoast.com\/wordpress\/plugins\/seo\/ -->\n<title>A hist\u00f3ria do menino mexicano comove bispos do S\u00ednodo - Not\u00edcias - Franciscanos<\/title>\n<meta name=\"robots\" content=\"index, follow, max-snippet:-1, max-image-preview:large, max-video-preview:-1\" \/>\n<link rel=\"canonical\" href=\"https:\/\/franciscanos.org.br\/noticias\/a-historia-do-menino-mexicano-comove-o-sinodo.html\" \/>\n<meta property=\"og:locale\" content=\"pt_BR\" \/>\n<meta property=\"og:type\" content=\"article\" \/>\n<meta property=\"og:title\" content=\"A hist\u00f3ria do menino mexicano comove bispos do S\u00ednodo - Not\u00edcias - Franciscanos\" \/>\n<meta property=\"og:description\" content=\"S\u00ednodo da Fam\u00edlia\" \/>\n<meta property=\"og:url\" content=\"https:\/\/franciscanos.org.br\/noticias\/a-historia-do-menino-mexicano-comove-o-sinodo.html\" \/>\n<meta property=\"og:site_name\" content=\"Not\u00edcias - Franciscanos\" \/>\n<meta property=\"article:published_time\" content=\"2015-10-16T14:00:46+00:00\" \/>\n<meta property=\"article:modified_time\" content=\"2020-06-10T14:13:24+00:00\" \/>\n<meta property=\"og:image\" content=\"https:\/\/franciscanos.org.br\/noticias\/wp-content\/uploads\/2015\/10\/sinodo_6-1.jpg\" \/>\n\t<meta property=\"og:image:width\" content=\"273\" \/>\n\t<meta property=\"og:image:height\" content=\"181\" \/>\n\t<meta property=\"og:image:type\" content=\"image\/jpeg\" \/>\n<meta name=\"author\" content=\"admin\" \/>\n<meta name=\"twitter:card\" content=\"summary_large_image\" \/>\n<meta name=\"twitter:label1\" content=\"Escrito por\" \/>\n\t<meta name=\"twitter:data1\" content=\"admin\" \/>\n\t<meta name=\"twitter:label2\" content=\"Est. tempo de leitura\" \/>\n\t<meta name=\"twitter:data2\" content=\"4 minutos\" \/>\n<script type=\"application\/ld+json\" class=\"yoast-schema-graph\">{\"@context\":\"https:\/\/schema.org\",\"@graph\":[{\"@type\":\"WebSite\",\"@id\":\"https:\/\/franciscanos.org.br\/noticias\/#website\",\"url\":\"https:\/\/franciscanos.org.br\/noticias\/\",\"name\":\"Not\u00edcias - Franciscanos\",\"description\":\"Prov\u00edncia Franciscana da Imaculada Concei\u00e7\u00e3o do Brasil - Ordem dos Frades Menores - OFM\",\"potentialAction\":[{\"@type\":\"SearchAction\",\"target\":{\"@type\":\"EntryPoint\",\"urlTemplate\":\"https:\/\/franciscanos.org.br\/noticias\/?s={search_term_string}\"},\"query-input\":\"required name=search_term_string\"}],\"inLanguage\":\"pt-BR\"},{\"@type\":\"ImageObject\",\"inLanguage\":\"pt-BR\",\"@id\":\"https:\/\/franciscanos.org.br\/noticias\/a-historia-do-menino-mexicano-comove-o-sinodo.html#primaryimage\",\"url\":\"https:\/\/franciscanos.org.br\/noticias\/wp-content\/uploads\/2015\/10\/sinodo_6-1.jpg\",\"contentUrl\":\"https:\/\/franciscanos.org.br\/noticias\/wp-content\/uploads\/2015\/10\/sinodo_6-1.jpg\",\"width\":273,\"height\":181},{\"@type\":\"WebPage\",\"@id\":\"https:\/\/franciscanos.org.br\/noticias\/a-historia-do-menino-mexicano-comove-o-sinodo.html#webpage\",\"url\":\"https:\/\/franciscanos.org.br\/noticias\/a-historia-do-menino-mexicano-comove-o-sinodo.html\",\"name\":\"A hist\u00f3ria do menino mexicano comove bispos do S\u00ednodo - Not\u00edcias - Franciscanos\",\"isPartOf\":{\"@id\":\"https:\/\/franciscanos.org.br\/noticias\/#website\"},\"primaryImageOfPage\":{\"@id\":\"https:\/\/franciscanos.org.br\/noticias\/a-historia-do-menino-mexicano-comove-o-sinodo.html#primaryimage\"},\"datePublished\":\"2015-10-16T14:00:46+00:00\",\"dateModified\":\"2020-06-10T14:13:24+00:00\",\"author\":{\"@id\":\"https:\/\/franciscanos.org.br\/noticias\/#\/schema\/person\/b38fbf43118f02820bd932f2e4b14ad3\"},\"breadcrumb\":{\"@id\":\"https:\/\/franciscanos.org.br\/noticias\/a-historia-do-menino-mexicano-comove-o-sinodo.html#breadcrumb\"},\"inLanguage\":\"pt-BR\",\"potentialAction\":[{\"@type\":\"ReadAction\",\"target\":[\"https:\/\/franciscanos.org.br\/noticias\/a-historia-do-menino-mexicano-comove-o-sinodo.html\"]}]},{\"@type\":\"BreadcrumbList\",\"@id\":\"https:\/\/franciscanos.org.br\/noticias\/a-historia-do-menino-mexicano-comove-o-sinodo.html#breadcrumb\",\"itemListElement\":[{\"@type\":\"ListItem\",\"position\":1,\"name\":\"Home\",\"item\":\"https:\/\/franciscanos.org.br\/noticias\"},{\"@type\":\"ListItem\",\"position\":2,\"name\":\"A hist\u00f3ria do menino mexicano comove bispos do S\u00ednodo\"}]},{\"@type\":\"Person\",\"@id\":\"https:\/\/franciscanos.org.br\/noticias\/#\/schema\/person\/b38fbf43118f02820bd932f2e4b14ad3\",\"name\":\"admin\",\"image\":{\"@type\":\"ImageObject\",\"inLanguage\":\"pt-BR\",\"@id\":\"https:\/\/franciscanos.org.br\/noticias\/#\/schema\/person\/image\/\",\"url\":\"https:\/\/secure.gravatar.com\/avatar\/e8495742d34d0ba6448ea1c628263b3e?s=96&d=mm&r=g\",\"contentUrl\":\"https:\/\/secure.gravatar.com\/avatar\/e8495742d34d0ba6448ea1c628263b3e?s=96&d=mm&r=g\",\"caption\":\"admin\"},\"url\":\"https:\/\/franciscanos.org.br\/noticias\/author\/admin\"}]}<\/script>\n<!-- \/ Yoast SEO plugin. -->","yoast_head_json":{"title":"A hist\u00f3ria do menino mexicano comove bispos do S\u00ednodo - Not\u00edcias - Franciscanos","robots":{"index":"index","follow":"follow","max-snippet":"max-snippet:-1","max-image-preview":"max-image-preview:large","max-video-preview":"max-video-preview:-1"},"canonical":"https:\/\/franciscanos.org.br\/noticias\/a-historia-do-menino-mexicano-comove-o-sinodo.html","og_locale":"pt_BR","og_type":"article","og_title":"A hist\u00f3ria do menino mexicano comove bispos do S\u00ednodo - Not\u00edcias - Franciscanos","og_description":"S\u00ednodo da Fam\u00edlia","og_url":"https:\/\/franciscanos.org.br\/noticias\/a-historia-do-menino-mexicano-comove-o-sinodo.html","og_site_name":"Not\u00edcias - Franciscanos","article_published_time":"2015-10-16T14:00:46+00:00","article_modified_time":"2020-06-10T14:13:24+00:00","og_image":[{"width":273,"height":181,"url":"https:\/\/franciscanos.org.br\/noticias\/wp-content\/uploads\/2015\/10\/sinodo_6-1.jpg","type":"image\/jpeg"}],"author":"admin","twitter_card":"summary_large_image","twitter_misc":{"Escrito por":"admin","Est. tempo de leitura":"4 minutos"},"schema":{"@context":"https:\/\/schema.org","@graph":[{"@type":"WebSite","@id":"https:\/\/franciscanos.org.br\/noticias\/#website","url":"https:\/\/franciscanos.org.br\/noticias\/","name":"Not\u00edcias - Franciscanos","description":"Prov\u00edncia Franciscana da Imaculada Concei\u00e7\u00e3o do Brasil - Ordem dos Frades Menores - OFM","potentialAction":[{"@type":"SearchAction","target":{"@type":"EntryPoint","urlTemplate":"https:\/\/franciscanos.org.br\/noticias\/?s={search_term_string}"},"query-input":"required name=search_term_string"}],"inLanguage":"pt-BR"},{"@type":"ImageObject","inLanguage":"pt-BR","@id":"https:\/\/franciscanos.org.br\/noticias\/a-historia-do-menino-mexicano-comove-o-sinodo.html#primaryimage","url":"https:\/\/franciscanos.org.br\/noticias\/wp-content\/uploads\/2015\/10\/sinodo_6-1.jpg","contentUrl":"https:\/\/franciscanos.org.br\/noticias\/wp-content\/uploads\/2015\/10\/sinodo_6-1.jpg","width":273,"height":181},{"@type":"WebPage","@id":"https:\/\/franciscanos.org.br\/noticias\/a-historia-do-menino-mexicano-comove-o-sinodo.html#webpage","url":"https:\/\/franciscanos.org.br\/noticias\/a-historia-do-menino-mexicano-comove-o-sinodo.html","name":"A hist\u00f3ria do menino mexicano comove bispos do S\u00ednodo - Not\u00edcias - Franciscanos","isPartOf":{"@id":"https:\/\/franciscanos.org.br\/noticias\/#website"},"primaryImageOfPage":{"@id":"https:\/\/franciscanos.org.br\/noticias\/a-historia-do-menino-mexicano-comove-o-sinodo.html#primaryimage"},"datePublished":"2015-10-16T14:00:46+00:00","dateModified":"2020-06-10T14:13:24+00:00","author":{"@id":"https:\/\/franciscanos.org.br\/noticias\/#\/schema\/person\/b38fbf43118f02820bd932f2e4b14ad3"},"breadcrumb":{"@id":"https:\/\/franciscanos.org.br\/noticias\/a-historia-do-menino-mexicano-comove-o-sinodo.html#breadcrumb"},"inLanguage":"pt-BR","potentialAction":[{"@type":"ReadAction","target":["https:\/\/franciscanos.org.br\/noticias\/a-historia-do-menino-mexicano-comove-o-sinodo.html"]}]},{"@type":"BreadcrumbList","@id":"https:\/\/franciscanos.org.br\/noticias\/a-historia-do-menino-mexicano-comove-o-sinodo.html#breadcrumb","itemListElement":[{"@type":"ListItem","position":1,"name":"Home","item":"https:\/\/franciscanos.org.br\/noticias"},{"@type":"ListItem","position":2,"name":"A hist\u00f3ria do menino mexicano comove bispos do S\u00ednodo"}]},{"@type":"Person","@id":"https:\/\/franciscanos.org.br\/noticias\/#\/schema\/person\/b38fbf43118f02820bd932f2e4b14ad3","name":"admin","image":{"@type":"ImageObject","inLanguage":"pt-BR","@id":"https:\/\/franciscanos.org.br\/noticias\/#\/schema\/person\/image\/","url":"https:\/\/secure.gravatar.com\/avatar\/e8495742d34d0ba6448ea1c628263b3e?s=96&d=mm&r=g","contentUrl":"https:\/\/secure.gravatar.com\/avatar\/e8495742d34d0ba6448ea1c628263b3e?s=96&d=mm&r=g","caption":"admin"},"url":"https:\/\/franciscanos.org.br\/noticias\/author\/admin"}]}},"_links":{"self":[{"href":"https:\/\/franciscanos.org.br\/noticias\/wp-json\/wp\/v2\/posts\/96811"}],"collection":[{"href":"https:\/\/franciscanos.org.br\/noticias\/wp-json\/wp\/v2\/posts"}],"about":[{"href":"https:\/\/franciscanos.org.br\/noticias\/wp-json\/wp\/v2\/types\/post"}],"author":[{"embeddable":true,"href":"https:\/\/franciscanos.org.br\/noticias\/wp-json\/wp\/v2\/users\/1"}],"replies":[{"embeddable":true,"href":"https:\/\/franciscanos.org.br\/noticias\/wp-json\/wp\/v2\/comments?post=96811"}],"version-history":[{"count":1,"href":"https:\/\/franciscanos.org.br\/noticias\/wp-json\/wp\/v2\/posts\/96811\/revisions"}],"predecessor-version":[{"id":225902,"href":"https:\/\/franciscanos.org.br\/noticias\/wp-json\/wp\/v2\/posts\/96811\/revisions\/225902"}],"wp:featuredmedia":[{"embeddable":true,"href":"https:\/\/franciscanos.org.br\/noticias\/wp-json\/wp\/v2\/media\/207062"}],"wp:attachment":[{"href":"https:\/\/franciscanos.org.br\/noticias\/wp-json\/wp\/v2\/media?parent=96811"}],"wp:term":[{"taxonomy":"category","embeddable":true,"href":"https:\/\/franciscanos.org.br\/noticias\/wp-json\/wp\/v2\/categories?post=96811"},{"taxonomy":"post_tag","embeddable":true,"href":"https:\/\/franciscanos.org.br\/noticias\/wp-json\/wp\/v2\/tags?post=96811"}],"curies":[{"name":"wp","href":"https:\/\/api.w.org\/{rel}","templated":true}]}}