{"id":9675,"date":"2011-12-19T11:04:02","date_gmt":"2011-12-19T13:04:02","guid":{"rendered":"http:\/\/new.franciscanos.org.br\/?p=9675"},"modified":"2019-02-08T11:07:06","modified_gmt":"2019-02-08T13:07:06","slug":"barra-do-sai-se-reune-para-a-primeira-missa-de-frei-laurindo","status":"publish","type":"post","link":"https:\/\/franciscanos.org.br\/noticias\/barra-do-sai-se-reune-para-a-primeira-missa-de-frei-laurindo.html","title":{"rendered":"Barra do Sa\u00ed se re\u00fane para a Primeira Missa de Frei Laurindo"},"content":{"rendered":"<p><img loading=\"lazy\" class=\"alignnone size-full wp-image-199940\" src=\"https:\/\/franciscanos.org.br\/noticias\/wp-content\/uploads\/2011\/12\/1564_191211.jpg\" alt=\"\" width=\"830\" height=\"463\" srcset=\"https:\/\/franciscanos.org.br\/noticias\/wp-content\/uploads\/2011\/12\/1564_191211.jpg 830w, https:\/\/franciscanos.org.br\/noticias\/wp-content\/uploads\/2011\/12\/1564_191211-450x251.jpg 450w, https:\/\/franciscanos.org.br\/noticias\/wp-content\/uploads\/2011\/12\/1564_191211-768x428.jpg 768w, https:\/\/franciscanos.org.br\/noticias\/wp-content\/uploads\/2011\/12\/1564_191211-150x84.jpg 150w\" sizes=\"(max-width: 830px) 100vw, 830px\" \/><\/p>\n<p>Sempre ouvimos que o padre \u00e9 algu\u00e9m tirado do meio do povo para depois ser colocado a servi\u00e7o do povo. Pois foi com muita solenidade que a Comunidade de Nossa Senhora dos Navegantes se reuniu neste domingo, dia 18 de dezembro, no calor das 10 horas, para agradecer ao Pai, por Cristo, no Esp\u00edrito. Pela primeira vez, o J\u00fanior foi\u00a0 a voz do povo numa conversa com o Pai sobre tudo o que Jesus fez e falou.<\/p>\n<p>Antes da missa, a comunidade correndo pra l\u00e1 e pra c\u00e1, as irm\u00e3s de novo presb\u00edtero preocupadas com os detalhes, as crian\u00e7as chamando os frades pelo nome mostravam que aquela celebra\u00e7\u00e3o era realmente significativa. Ali estava a vida dos pescadores, pedreiros, donas de casa, aposentados, veranistas e de tantos outros que se resumiam no p\u00e3o e no vinho postos sobre o altar.<\/p>\n<p>No altar, v\u00e1rios confrades, o p\u00e1roco, Padre S\u00e9rgio, Frei Nelson Hillesheim, que encaminhou Frei Laurindo ao semin\u00e1rio. V\u00e1rios di\u00e1conos, os colegas de turma que aguardamos a ordena\u00e7\u00e3o presbiteral e o tio de Frei Laurindo Lauro da Silva J\u00fanior, Senhor Ant\u00f4nio Gon\u00e7alves, que \u00e9 di\u00e1cono permanente na arquidiocese de Curitiba.<\/p>\n<p>A liturgia da palavra foi incrementada com uma entrada da B\u00edblia. As crian\u00e7as da comunidade trouxeram a palavra de Deus dentro de um barquinho enquanto uma rede de pesca cobria toda a assembleia. Sob a Palavra do Senhor, foi lan\u00e7ada a rede. Frei Nelson ficou encarregado da homilia. Recapitulando toda a hist\u00f3ria vocacional do J\u00fanior, insistiu no valor da ora\u00e7\u00e3o para um minist\u00e9rio fecundo.<\/p>\n<p>Ao final da celebra\u00e7\u00e3o, bastante como\u00e7\u00e3o na entrada de Nossa Senhora dos Navegantes com a b\u00ean\u00e7\u00e3o do novo presb\u00edtero. Um bom almo\u00e7o esperava a todos no sal\u00e3o da comunidade. A alegria da festa j\u00e1 come\u00e7ava a ceder lugar \u00e0 saudade dos mission\u00e1rios que por uma semana se espalharam pela Barra do Sa\u00ed. Parab\u00e9ns ao Frei Laurindo, novo pescador da fam\u00edlia Silva.<\/p>\n<p>&nbsp;<\/p>\n","protected":false},"excerpt":{"rendered":"<p>Ordena\u00e7\u00e3o presbiteral de Frei Laurindo Lauro<\/p>\n","protected":false},"author":1,"featured_media":199941,"comment_status":"closed","ping_status":"open","sticky":false,"template":"","format":"standard","meta":[],"categories":[1],"tags":[157],"acf":[],"yoast_head":"<!-- This site is optimized with the Yoast SEO plugin v19.2 - https:\/\/yoast.com\/wordpress\/plugins\/seo\/ -->\n<title>Barra do Sa\u00ed se re\u00fane para a Primeira Missa de Frei Laurindo - Not\u00edcias - Franciscanos<\/title>\n<meta name=\"robots\" content=\"index, follow, max-snippet:-1, max-image-preview:large, max-video-preview:-1\" \/>\n<link rel=\"canonical\" href=\"https:\/\/franciscanos.org.br\/noticias\/barra-do-sai-se-reune-para-a-primeira-missa-de-frei-laurindo.html\" \/>\n<meta property=\"og:locale\" content=\"pt_BR\" \/>\n<meta property=\"og:type\" content=\"article\" \/>\n<meta property=\"og:title\" content=\"Barra do Sa\u00ed se re\u00fane para a Primeira Missa de Frei Laurindo - Not\u00edcias - Franciscanos\" \/>\n<meta property=\"og:description\" content=\"Ordena\u00e7\u00e3o presbiteral de Frei Laurindo Lauro\" \/>\n<meta property=\"og:url\" content=\"https:\/\/franciscanos.org.br\/noticias\/barra-do-sai-se-reune-para-a-primeira-missa-de-frei-laurindo.html\" \/>\n<meta property=\"og:site_name\" content=\"Not\u00edcias - Franciscanos\" \/>\n<meta property=\"article:published_time\" content=\"2011-12-19T13:04:02+00:00\" \/>\n<meta property=\"article:modified_time\" content=\"2019-02-08T13:07:06+00:00\" \/>\n<meta property=\"og:image\" content=\"https:\/\/franciscanos.org.br\/noticias\/wp-content\/uploads\/2011\/12\/laurindo.jpg\" \/>\n\t<meta property=\"og:image:width\" content=\"273\" \/>\n\t<meta property=\"og:image:height\" content=\"181\" \/>\n\t<meta property=\"og:image:type\" content=\"image\/jpeg\" \/>\n<meta name=\"author\" content=\"admin\" \/>\n<meta name=\"twitter:card\" content=\"summary_large_image\" \/>\n<meta name=\"twitter:label1\" content=\"Escrito por\" \/>\n\t<meta name=\"twitter:data1\" content=\"admin\" \/>\n\t<meta name=\"twitter:label2\" content=\"Est. tempo de leitura\" \/>\n\t<meta name=\"twitter:data2\" content=\"2 minutos\" \/>\n<script type=\"application\/ld+json\" class=\"yoast-schema-graph\">{\"@context\":\"https:\/\/schema.org\",\"@graph\":[{\"@type\":\"WebSite\",\"@id\":\"https:\/\/franciscanos.org.br\/noticias\/#website\",\"url\":\"https:\/\/franciscanos.org.br\/noticias\/\",\"name\":\"Not\u00edcias - Franciscanos\",\"description\":\"Prov\u00edncia Franciscana da Imaculada Concei\u00e7\u00e3o do Brasil - Ordem dos Frades Menores - OFM\",\"potentialAction\":[{\"@type\":\"SearchAction\",\"target\":{\"@type\":\"EntryPoint\",\"urlTemplate\":\"https:\/\/franciscanos.org.br\/noticias\/?s={search_term_string}\"},\"query-input\":\"required name=search_term_string\"}],\"inLanguage\":\"pt-BR\"},{\"@type\":\"ImageObject\",\"inLanguage\":\"pt-BR\",\"@id\":\"https:\/\/franciscanos.org.br\/noticias\/barra-do-sai-se-reune-para-a-primeira-missa-de-frei-laurindo.html#primaryimage\",\"url\":\"https:\/\/franciscanos.org.br\/noticias\/wp-content\/uploads\/2011\/12\/laurindo.jpg\",\"contentUrl\":\"https:\/\/franciscanos.org.br\/noticias\/wp-content\/uploads\/2011\/12\/laurindo.jpg\",\"width\":273,\"height\":181},{\"@type\":\"WebPage\",\"@id\":\"https:\/\/franciscanos.org.br\/noticias\/barra-do-sai-se-reune-para-a-primeira-missa-de-frei-laurindo.html#webpage\",\"url\":\"https:\/\/franciscanos.org.br\/noticias\/barra-do-sai-se-reune-para-a-primeira-missa-de-frei-laurindo.html\",\"name\":\"Barra do Sa\u00ed se re\u00fane para a Primeira Missa de Frei Laurindo - Not\u00edcias - Franciscanos\",\"isPartOf\":{\"@id\":\"https:\/\/franciscanos.org.br\/noticias\/#website\"},\"primaryImageOfPage\":{\"@id\":\"https:\/\/franciscanos.org.br\/noticias\/barra-do-sai-se-reune-para-a-primeira-missa-de-frei-laurindo.html#primaryimage\"},\"datePublished\":\"2011-12-19T13:04:02+00:00\",\"dateModified\":\"2019-02-08T13:07:06+00:00\",\"author\":{\"@id\":\"https:\/\/franciscanos.org.br\/noticias\/#\/schema\/person\/b38fbf43118f02820bd932f2e4b14ad3\"},\"breadcrumb\":{\"@id\":\"https:\/\/franciscanos.org.br\/noticias\/barra-do-sai-se-reune-para-a-primeira-missa-de-frei-laurindo.html#breadcrumb\"},\"inLanguage\":\"pt-BR\",\"potentialAction\":[{\"@type\":\"ReadAction\",\"target\":[\"https:\/\/franciscanos.org.br\/noticias\/barra-do-sai-se-reune-para-a-primeira-missa-de-frei-laurindo.html\"]}]},{\"@type\":\"BreadcrumbList\",\"@id\":\"https:\/\/franciscanos.org.br\/noticias\/barra-do-sai-se-reune-para-a-primeira-missa-de-frei-laurindo.html#breadcrumb\",\"itemListElement\":[{\"@type\":\"ListItem\",\"position\":1,\"name\":\"Home\",\"item\":\"https:\/\/franciscanos.org.br\/noticias\"},{\"@type\":\"ListItem\",\"position\":2,\"name\":\"Barra do Sa\u00ed se re\u00fane para a Primeira Missa de Frei Laurindo\"}]},{\"@type\":\"Person\",\"@id\":\"https:\/\/franciscanos.org.br\/noticias\/#\/schema\/person\/b38fbf43118f02820bd932f2e4b14ad3\",\"name\":\"admin\",\"image\":{\"@type\":\"ImageObject\",\"inLanguage\":\"pt-BR\",\"@id\":\"https:\/\/franciscanos.org.br\/noticias\/#\/schema\/person\/image\/\",\"url\":\"https:\/\/secure.gravatar.com\/avatar\/e8495742d34d0ba6448ea1c628263b3e?s=96&d=mm&r=g\",\"contentUrl\":\"https:\/\/secure.gravatar.com\/avatar\/e8495742d34d0ba6448ea1c628263b3e?s=96&d=mm&r=g\",\"caption\":\"admin\"},\"url\":\"https:\/\/franciscanos.org.br\/noticias\/author\/admin\"}]}<\/script>\n<!-- \/ Yoast SEO plugin. -->","yoast_head_json":{"title":"Barra do Sa\u00ed se re\u00fane para a Primeira Missa de Frei Laurindo - Not\u00edcias - Franciscanos","robots":{"index":"index","follow":"follow","max-snippet":"max-snippet:-1","max-image-preview":"max-image-preview:large","max-video-preview":"max-video-preview:-1"},"canonical":"https:\/\/franciscanos.org.br\/noticias\/barra-do-sai-se-reune-para-a-primeira-missa-de-frei-laurindo.html","og_locale":"pt_BR","og_type":"article","og_title":"Barra do Sa\u00ed se re\u00fane para a Primeira Missa de Frei Laurindo - Not\u00edcias - Franciscanos","og_description":"Ordena\u00e7\u00e3o presbiteral de Frei Laurindo Lauro","og_url":"https:\/\/franciscanos.org.br\/noticias\/barra-do-sai-se-reune-para-a-primeira-missa-de-frei-laurindo.html","og_site_name":"Not\u00edcias - Franciscanos","article_published_time":"2011-12-19T13:04:02+00:00","article_modified_time":"2019-02-08T13:07:06+00:00","og_image":[{"width":273,"height":181,"url":"https:\/\/franciscanos.org.br\/noticias\/wp-content\/uploads\/2011\/12\/laurindo.jpg","type":"image\/jpeg"}],"author":"admin","twitter_card":"summary_large_image","twitter_misc":{"Escrito por":"admin","Est. tempo de leitura":"2 minutos"},"schema":{"@context":"https:\/\/schema.org","@graph":[{"@type":"WebSite","@id":"https:\/\/franciscanos.org.br\/noticias\/#website","url":"https:\/\/franciscanos.org.br\/noticias\/","name":"Not\u00edcias - Franciscanos","description":"Prov\u00edncia Franciscana da Imaculada Concei\u00e7\u00e3o do Brasil - Ordem dos Frades Menores - OFM","potentialAction":[{"@type":"SearchAction","target":{"@type":"EntryPoint","urlTemplate":"https:\/\/franciscanos.org.br\/noticias\/?s={search_term_string}"},"query-input":"required name=search_term_string"}],"inLanguage":"pt-BR"},{"@type":"ImageObject","inLanguage":"pt-BR","@id":"https:\/\/franciscanos.org.br\/noticias\/barra-do-sai-se-reune-para-a-primeira-missa-de-frei-laurindo.html#primaryimage","url":"https:\/\/franciscanos.org.br\/noticias\/wp-content\/uploads\/2011\/12\/laurindo.jpg","contentUrl":"https:\/\/franciscanos.org.br\/noticias\/wp-content\/uploads\/2011\/12\/laurindo.jpg","width":273,"height":181},{"@type":"WebPage","@id":"https:\/\/franciscanos.org.br\/noticias\/barra-do-sai-se-reune-para-a-primeira-missa-de-frei-laurindo.html#webpage","url":"https:\/\/franciscanos.org.br\/noticias\/barra-do-sai-se-reune-para-a-primeira-missa-de-frei-laurindo.html","name":"Barra do Sa\u00ed se re\u00fane para a Primeira Missa de Frei Laurindo - Not\u00edcias - Franciscanos","isPartOf":{"@id":"https:\/\/franciscanos.org.br\/noticias\/#website"},"primaryImageOfPage":{"@id":"https:\/\/franciscanos.org.br\/noticias\/barra-do-sai-se-reune-para-a-primeira-missa-de-frei-laurindo.html#primaryimage"},"datePublished":"2011-12-19T13:04:02+00:00","dateModified":"2019-02-08T13:07:06+00:00","author":{"@id":"https:\/\/franciscanos.org.br\/noticias\/#\/schema\/person\/b38fbf43118f02820bd932f2e4b14ad3"},"breadcrumb":{"@id":"https:\/\/franciscanos.org.br\/noticias\/barra-do-sai-se-reune-para-a-primeira-missa-de-frei-laurindo.html#breadcrumb"},"inLanguage":"pt-BR","potentialAction":[{"@type":"ReadAction","target":["https:\/\/franciscanos.org.br\/noticias\/barra-do-sai-se-reune-para-a-primeira-missa-de-frei-laurindo.html"]}]},{"@type":"BreadcrumbList","@id":"https:\/\/franciscanos.org.br\/noticias\/barra-do-sai-se-reune-para-a-primeira-missa-de-frei-laurindo.html#breadcrumb","itemListElement":[{"@type":"ListItem","position":1,"name":"Home","item":"https:\/\/franciscanos.org.br\/noticias"},{"@type":"ListItem","position":2,"name":"Barra do Sa\u00ed se re\u00fane para a Primeira Missa de Frei Laurindo"}]},{"@type":"Person","@id":"https:\/\/franciscanos.org.br\/noticias\/#\/schema\/person\/b38fbf43118f02820bd932f2e4b14ad3","name":"admin","image":{"@type":"ImageObject","inLanguage":"pt-BR","@id":"https:\/\/franciscanos.org.br\/noticias\/#\/schema\/person\/image\/","url":"https:\/\/secure.gravatar.com\/avatar\/e8495742d34d0ba6448ea1c628263b3e?s=96&d=mm&r=g","contentUrl":"https:\/\/secure.gravatar.com\/avatar\/e8495742d34d0ba6448ea1c628263b3e?s=96&d=mm&r=g","caption":"admin"},"url":"https:\/\/franciscanos.org.br\/noticias\/author\/admin"}]}},"_links":{"self":[{"href":"https:\/\/franciscanos.org.br\/noticias\/wp-json\/wp\/v2\/posts\/9675"}],"collection":[{"href":"https:\/\/franciscanos.org.br\/noticias\/wp-json\/wp\/v2\/posts"}],"about":[{"href":"https:\/\/franciscanos.org.br\/noticias\/wp-json\/wp\/v2\/types\/post"}],"author":[{"embeddable":true,"href":"https:\/\/franciscanos.org.br\/noticias\/wp-json\/wp\/v2\/users\/1"}],"replies":[{"embeddable":true,"href":"https:\/\/franciscanos.org.br\/noticias\/wp-json\/wp\/v2\/comments?post=9675"}],"version-history":[{"count":0,"href":"https:\/\/franciscanos.org.br\/noticias\/wp-json\/wp\/v2\/posts\/9675\/revisions"}],"wp:featuredmedia":[{"embeddable":true,"href":"https:\/\/franciscanos.org.br\/noticias\/wp-json\/wp\/v2\/media\/199941"}],"wp:attachment":[{"href":"https:\/\/franciscanos.org.br\/noticias\/wp-json\/wp\/v2\/media?parent=9675"}],"wp:term":[{"taxonomy":"category","embeddable":true,"href":"https:\/\/franciscanos.org.br\/noticias\/wp-json\/wp\/v2\/categories?post=9675"},{"taxonomy":"post_tag","embeddable":true,"href":"https:\/\/franciscanos.org.br\/noticias\/wp-json\/wp\/v2\/tags?post=9675"}],"curies":[{"name":"wp","href":"https:\/\/api.w.org\/{rel}","templated":true}]}}