{"id":96729,"date":"2015-10-16T10:15:18","date_gmt":"2015-10-16T13:15:18","guid":{"rendered":"http:\/\/franciscanos.org.br\/?p=96729"},"modified":"2019-02-27T10:46:34","modified_gmt":"2019-02-27T13:46:34","slug":"ser-vip-e-servir","status":"publish","type":"post","link":"https:\/\/franciscanos.org.br\/noticias\/ser-vip-e-servir.html","title":{"rendered":"Ser VIP \u00e9 servir"},"content":{"rendered":"<p><img loading=\"lazy\" class=\"alignnone size-full wp-image-196348\" src=\"https:\/\/franciscanos.org.br\/noticias\/wp-content\/uploads\/2015\/10\/liturgia820.jpg\" alt=\"\" width=\"820\" height=\"501\" srcset=\"https:\/\/franciscanos.org.br\/noticias\/wp-content\/uploads\/2015\/10\/liturgia820.jpg 820w, https:\/\/franciscanos.org.br\/noticias\/wp-content\/uploads\/2015\/10\/liturgia820-450x275.jpg 450w, https:\/\/franciscanos.org.br\/noticias\/wp-content\/uploads\/2015\/10\/liturgia820-768x469.jpg 768w, https:\/\/franciscanos.org.br\/noticias\/wp-content\/uploads\/2015\/10\/liturgia820-150x92.jpg 150w\" sizes=\"(max-width: 820px) 100vw, 820px\" \/><\/p>\n<p><strong>Frei Gustavo Medella<\/strong><\/p>\n<p>Brasileiro gosta de ser VIP, <em>Very Important People<\/em>&#8230; Se puder, na base do jeitinho, conseguir um lugar melhor, uma vantagenzinha no atendimento, pular alguns lugares na fila, bom tamb\u00e9m&#8230; Levar vantagem eleva a autoestima, transmite seguran\u00e7a, injeta autoconfian\u00e7a, traz uma certa alegria, meio infantil, do tipo \u201ceu posso, voc\u00ea n\u00e3o pode\u201d, \u201ceu tenho, voc\u00ea n\u00e3o tem\u201d. Em muitos aspectos, teimamos em crescer. Tamb\u00e9m queriam tratamento VIP Tiago e Jo\u00e3o ao se aproximarem de Jesus para pedir dois lugares de destaque, um \u00e0 esquerda e outro \u00e0 direita do Senhor quando Ele estivesse em sua gl\u00f3ria: desejavam fama, conforto, destaque, seguran\u00e7a (Mc 10,38, o evangelho deste 29\u00ba domingo do Tempo Comum). Ainda n\u00e3o tinham compreendido a l\u00f3gica de Jesus e do Reino que Ele planejava instaurar.<\/p>\n<p>Voltando \u00e0 compara\u00e7\u00e3o com as crian\u00e7as, se o senso comum nos impele a investir no \u201ceu posso, voc\u00ea n\u00e3o pode\u201d, Jesus assume postura oposta, abra\u00e7ando o \u201ceu poderia, mas escolhi n\u00e3o poder\u201d, bem explicado: Filho de Deus Onipotente, Jesus se despe desta prerrogativa e escolhe viver na plenitude a humanidade, sem demonstra\u00e7\u00e3o de for\u00e7a, sem exig\u00eancia de tratamento diferenciado, abra\u00e7ando, inclusive, terr\u00edveis sofrimentos e dolorosas humilha\u00e7\u00f5es para se colocar a servi\u00e7o de todos. \u00c9 este mist\u00e9rio de entrega que impressiona o profeta, que diz: \u201cOferecendo sua vida em expia\u00e7\u00e3o, ele ter\u00e1 descend\u00eancia duradoura, e far\u00e1 cumprir com \u00eaxito a vontade do Senhor\u201d (Is 53,11).<\/p>\n<p>Como modelo de ser humano que batalhou incansavelmente para combater qualquer tenta\u00e7\u00e3o de grandeza, S\u00e3o Francisco de Assis buscou seguir com fidelidade o itiner\u00e1rio proposto por Jesus e adquiria for\u00e7a para tal empreitada numa vida de cont\u00ednua ora\u00e7\u00e3o, pela qual buscava cada admirar-se pela grandeza da humildade de Deus manifesta em Jesus Cristo. E, por isso, consegue exclamar: \u201cEis que Ele [Jesus] se humilha todos os dias, tal como na hora em que, descendo do seu trono real para o seio da Virgem, vem diariamente a n\u00f3s sob apar\u00eancia humilde; todos os dias desce do seio do Pai sobre o altar, na m\u00e3o do sacerdote\u201d (Adm 1,16-17).<\/p>\n<p>A humildade do Filho do Homem impressionou Francisco e teceu o sentido do seu viver. Tamb\u00e9m pode tecer o nosso. Basta abrirmos espa\u00e7o no cora\u00e7\u00e3o, esvaziando-o do desejo infantil de ser importante, poderoso, not\u00e1vel, o m\u00e1ximo. Afinal, na l\u00f3gica de Francisco e de Cristo, \u201cSER VIP\u201d \u00e9 \u201cSERVIR\u201d.<\/p>\n","protected":false},"excerpt":{"rendered":"<p>Liturgia dominical<\/p>\n","protected":false},"author":1,"featured_media":200674,"comment_status":"open","ping_status":"open","sticky":false,"template":"","format":"standard","meta":[],"categories":[1],"tags":[537],"acf":[],"yoast_head":"<!-- This site is optimized with the Yoast SEO plugin v19.2 - https:\/\/yoast.com\/wordpress\/plugins\/seo\/ -->\n<title>Ser VIP \u00e9 servir - Not\u00edcias - Franciscanos<\/title>\n<meta name=\"robots\" content=\"index, follow, max-snippet:-1, max-image-preview:large, max-video-preview:-1\" \/>\n<link rel=\"canonical\" href=\"https:\/\/franciscanos.org.br\/noticias\/ser-vip-e-servir.html\" \/>\n<meta property=\"og:locale\" content=\"pt_BR\" \/>\n<meta property=\"og:type\" content=\"article\" \/>\n<meta property=\"og:title\" content=\"Ser VIP \u00e9 servir - Not\u00edcias - Franciscanos\" \/>\n<meta property=\"og:description\" content=\"Liturgia dominical\" \/>\n<meta property=\"og:url\" content=\"https:\/\/franciscanos.org.br\/noticias\/ser-vip-e-servir.html\" \/>\n<meta property=\"og:site_name\" content=\"Not\u00edcias - Franciscanos\" \/>\n<meta property=\"article:published_time\" content=\"2015-10-16T13:15:18+00:00\" \/>\n<meta property=\"article:modified_time\" content=\"2019-02-27T13:46:34+00:00\" \/>\n<meta property=\"og:image\" content=\"https:\/\/franciscanos.org.br\/noticias\/wp-content\/uploads\/2015\/10\/liturgia820-1.jpg\" \/>\n\t<meta property=\"og:image:width\" content=\"273\" \/>\n\t<meta property=\"og:image:height\" content=\"181\" \/>\n\t<meta property=\"og:image:type\" content=\"image\/jpeg\" \/>\n<meta name=\"author\" content=\"admin\" \/>\n<meta name=\"twitter:card\" content=\"summary_large_image\" \/>\n<meta name=\"twitter:label1\" content=\"Escrito por\" \/>\n\t<meta name=\"twitter:data1\" content=\"admin\" \/>\n\t<meta name=\"twitter:label2\" content=\"Est. tempo de leitura\" \/>\n\t<meta name=\"twitter:data2\" content=\"2 minutos\" \/>\n<script type=\"application\/ld+json\" class=\"yoast-schema-graph\">{\"@context\":\"https:\/\/schema.org\",\"@graph\":[{\"@type\":\"WebSite\",\"@id\":\"https:\/\/franciscanos.org.br\/noticias\/#website\",\"url\":\"https:\/\/franciscanos.org.br\/noticias\/\",\"name\":\"Not\u00edcias - Franciscanos\",\"description\":\"Prov\u00edncia Franciscana da Imaculada Concei\u00e7\u00e3o do Brasil - Ordem dos Frades Menores - OFM\",\"potentialAction\":[{\"@type\":\"SearchAction\",\"target\":{\"@type\":\"EntryPoint\",\"urlTemplate\":\"https:\/\/franciscanos.org.br\/noticias\/?s={search_term_string}\"},\"query-input\":\"required name=search_term_string\"}],\"inLanguage\":\"pt-BR\"},{\"@type\":\"ImageObject\",\"inLanguage\":\"pt-BR\",\"@id\":\"https:\/\/franciscanos.org.br\/noticias\/ser-vip-e-servir.html#primaryimage\",\"url\":\"https:\/\/franciscanos.org.br\/noticias\/wp-content\/uploads\/2015\/10\/liturgia820-1.jpg\",\"contentUrl\":\"https:\/\/franciscanos.org.br\/noticias\/wp-content\/uploads\/2015\/10\/liturgia820-1.jpg\",\"width\":273,\"height\":181},{\"@type\":\"WebPage\",\"@id\":\"https:\/\/franciscanos.org.br\/noticias\/ser-vip-e-servir.html#webpage\",\"url\":\"https:\/\/franciscanos.org.br\/noticias\/ser-vip-e-servir.html\",\"name\":\"Ser VIP \u00e9 servir - Not\u00edcias - Franciscanos\",\"isPartOf\":{\"@id\":\"https:\/\/franciscanos.org.br\/noticias\/#website\"},\"primaryImageOfPage\":{\"@id\":\"https:\/\/franciscanos.org.br\/noticias\/ser-vip-e-servir.html#primaryimage\"},\"datePublished\":\"2015-10-16T13:15:18+00:00\",\"dateModified\":\"2019-02-27T13:46:34+00:00\",\"author\":{\"@id\":\"https:\/\/franciscanos.org.br\/noticias\/#\/schema\/person\/b38fbf43118f02820bd932f2e4b14ad3\"},\"breadcrumb\":{\"@id\":\"https:\/\/franciscanos.org.br\/noticias\/ser-vip-e-servir.html#breadcrumb\"},\"inLanguage\":\"pt-BR\",\"potentialAction\":[{\"@type\":\"ReadAction\",\"target\":[\"https:\/\/franciscanos.org.br\/noticias\/ser-vip-e-servir.html\"]}]},{\"@type\":\"BreadcrumbList\",\"@id\":\"https:\/\/franciscanos.org.br\/noticias\/ser-vip-e-servir.html#breadcrumb\",\"itemListElement\":[{\"@type\":\"ListItem\",\"position\":1,\"name\":\"Home\",\"item\":\"https:\/\/franciscanos.org.br\/noticias\"},{\"@type\":\"ListItem\",\"position\":2,\"name\":\"Ser VIP \u00e9 servir\"}]},{\"@type\":\"Person\",\"@id\":\"https:\/\/franciscanos.org.br\/noticias\/#\/schema\/person\/b38fbf43118f02820bd932f2e4b14ad3\",\"name\":\"admin\",\"image\":{\"@type\":\"ImageObject\",\"inLanguage\":\"pt-BR\",\"@id\":\"https:\/\/franciscanos.org.br\/noticias\/#\/schema\/person\/image\/\",\"url\":\"https:\/\/secure.gravatar.com\/avatar\/e8495742d34d0ba6448ea1c628263b3e?s=96&d=mm&r=g\",\"contentUrl\":\"https:\/\/secure.gravatar.com\/avatar\/e8495742d34d0ba6448ea1c628263b3e?s=96&d=mm&r=g\",\"caption\":\"admin\"},\"url\":\"https:\/\/franciscanos.org.br\/noticias\/author\/admin\"}]}<\/script>\n<!-- \/ Yoast SEO plugin. -->","yoast_head_json":{"title":"Ser VIP \u00e9 servir - Not\u00edcias - Franciscanos","robots":{"index":"index","follow":"follow","max-snippet":"max-snippet:-1","max-image-preview":"max-image-preview:large","max-video-preview":"max-video-preview:-1"},"canonical":"https:\/\/franciscanos.org.br\/noticias\/ser-vip-e-servir.html","og_locale":"pt_BR","og_type":"article","og_title":"Ser VIP \u00e9 servir - Not\u00edcias - Franciscanos","og_description":"Liturgia dominical","og_url":"https:\/\/franciscanos.org.br\/noticias\/ser-vip-e-servir.html","og_site_name":"Not\u00edcias - Franciscanos","article_published_time":"2015-10-16T13:15:18+00:00","article_modified_time":"2019-02-27T13:46:34+00:00","og_image":[{"width":273,"height":181,"url":"https:\/\/franciscanos.org.br\/noticias\/wp-content\/uploads\/2015\/10\/liturgia820-1.jpg","type":"image\/jpeg"}],"author":"admin","twitter_card":"summary_large_image","twitter_misc":{"Escrito por":"admin","Est. tempo de leitura":"2 minutos"},"schema":{"@context":"https:\/\/schema.org","@graph":[{"@type":"WebSite","@id":"https:\/\/franciscanos.org.br\/noticias\/#website","url":"https:\/\/franciscanos.org.br\/noticias\/","name":"Not\u00edcias - Franciscanos","description":"Prov\u00edncia Franciscana da Imaculada Concei\u00e7\u00e3o do Brasil - Ordem dos Frades Menores - OFM","potentialAction":[{"@type":"SearchAction","target":{"@type":"EntryPoint","urlTemplate":"https:\/\/franciscanos.org.br\/noticias\/?s={search_term_string}"},"query-input":"required name=search_term_string"}],"inLanguage":"pt-BR"},{"@type":"ImageObject","inLanguage":"pt-BR","@id":"https:\/\/franciscanos.org.br\/noticias\/ser-vip-e-servir.html#primaryimage","url":"https:\/\/franciscanos.org.br\/noticias\/wp-content\/uploads\/2015\/10\/liturgia820-1.jpg","contentUrl":"https:\/\/franciscanos.org.br\/noticias\/wp-content\/uploads\/2015\/10\/liturgia820-1.jpg","width":273,"height":181},{"@type":"WebPage","@id":"https:\/\/franciscanos.org.br\/noticias\/ser-vip-e-servir.html#webpage","url":"https:\/\/franciscanos.org.br\/noticias\/ser-vip-e-servir.html","name":"Ser VIP \u00e9 servir - Not\u00edcias - Franciscanos","isPartOf":{"@id":"https:\/\/franciscanos.org.br\/noticias\/#website"},"primaryImageOfPage":{"@id":"https:\/\/franciscanos.org.br\/noticias\/ser-vip-e-servir.html#primaryimage"},"datePublished":"2015-10-16T13:15:18+00:00","dateModified":"2019-02-27T13:46:34+00:00","author":{"@id":"https:\/\/franciscanos.org.br\/noticias\/#\/schema\/person\/b38fbf43118f02820bd932f2e4b14ad3"},"breadcrumb":{"@id":"https:\/\/franciscanos.org.br\/noticias\/ser-vip-e-servir.html#breadcrumb"},"inLanguage":"pt-BR","potentialAction":[{"@type":"ReadAction","target":["https:\/\/franciscanos.org.br\/noticias\/ser-vip-e-servir.html"]}]},{"@type":"BreadcrumbList","@id":"https:\/\/franciscanos.org.br\/noticias\/ser-vip-e-servir.html#breadcrumb","itemListElement":[{"@type":"ListItem","position":1,"name":"Home","item":"https:\/\/franciscanos.org.br\/noticias"},{"@type":"ListItem","position":2,"name":"Ser VIP \u00e9 servir"}]},{"@type":"Person","@id":"https:\/\/franciscanos.org.br\/noticias\/#\/schema\/person\/b38fbf43118f02820bd932f2e4b14ad3","name":"admin","image":{"@type":"ImageObject","inLanguage":"pt-BR","@id":"https:\/\/franciscanos.org.br\/noticias\/#\/schema\/person\/image\/","url":"https:\/\/secure.gravatar.com\/avatar\/e8495742d34d0ba6448ea1c628263b3e?s=96&d=mm&r=g","contentUrl":"https:\/\/secure.gravatar.com\/avatar\/e8495742d34d0ba6448ea1c628263b3e?s=96&d=mm&r=g","caption":"admin"},"url":"https:\/\/franciscanos.org.br\/noticias\/author\/admin"}]}},"_links":{"self":[{"href":"https:\/\/franciscanos.org.br\/noticias\/wp-json\/wp\/v2\/posts\/96729"}],"collection":[{"href":"https:\/\/franciscanos.org.br\/noticias\/wp-json\/wp\/v2\/posts"}],"about":[{"href":"https:\/\/franciscanos.org.br\/noticias\/wp-json\/wp\/v2\/types\/post"}],"author":[{"embeddable":true,"href":"https:\/\/franciscanos.org.br\/noticias\/wp-json\/wp\/v2\/users\/1"}],"replies":[{"embeddable":true,"href":"https:\/\/franciscanos.org.br\/noticias\/wp-json\/wp\/v2\/comments?post=96729"}],"version-history":[{"count":0,"href":"https:\/\/franciscanos.org.br\/noticias\/wp-json\/wp\/v2\/posts\/96729\/revisions"}],"wp:featuredmedia":[{"embeddable":true,"href":"https:\/\/franciscanos.org.br\/noticias\/wp-json\/wp\/v2\/media\/200674"}],"wp:attachment":[{"href":"https:\/\/franciscanos.org.br\/noticias\/wp-json\/wp\/v2\/media?parent=96729"}],"wp:term":[{"taxonomy":"category","embeddable":true,"href":"https:\/\/franciscanos.org.br\/noticias\/wp-json\/wp\/v2\/categories?post=96729"},{"taxonomy":"post_tag","embeddable":true,"href":"https:\/\/franciscanos.org.br\/noticias\/wp-json\/wp\/v2\/tags?post=96729"}],"curies":[{"name":"wp","href":"https:\/\/api.w.org\/{rel}","templated":true}]}}