{"id":9670,"date":"2011-12-19T11:00:25","date_gmt":"2011-12-19T13:00:25","guid":{"rendered":"http:\/\/new.franciscanos.org.br\/?p=9670"},"modified":"2019-02-04T12:50:13","modified_gmt":"2019-02-04T14:50:13","slug":"sou-um-pessimo-pescador-meu-pai-sabe-disso","status":"publish","type":"post","link":"https:\/\/franciscanos.org.br\/noticias\/sou-um-pessimo-pescador-meu-pai-sabe-disso.html","title":{"rendered":"&#8220;Sou um p\u00e9ssimo pescador, meu pai sabe disso!&#8221;"},"content":{"rendered":"<p><img loading=\"lazy\" class=\"alignnone size-full wp-image-199141\" src=\"https:\/\/franciscanos.org.br\/noticias\/wp-content\/uploads\/2011\/12\/laruindo3.jpg\" alt=\"\" width=\"830\" height=\"350\" srcset=\"https:\/\/franciscanos.org.br\/noticias\/wp-content\/uploads\/2011\/12\/laruindo3.jpg 830w, https:\/\/franciscanos.org.br\/noticias\/wp-content\/uploads\/2011\/12\/laruindo3-450x190.jpg 450w, https:\/\/franciscanos.org.br\/noticias\/wp-content\/uploads\/2011\/12\/laruindo3-768x324.jpg 768w, https:\/\/franciscanos.org.br\/noticias\/wp-content\/uploads\/2011\/12\/laruindo3-150x63.jpg 150w\" sizes=\"(max-width: 830px) 100vw, 830px\" \/><\/p>\n<p><strong>Por Leonardo A.R.T. Santos<\/strong><\/p>\n<p><strong>Itapo\u00e1 (SC)<\/strong> &#8211; Neste s\u00e1bado ,\u00a0 17 de dezembro,\u00a0 \u00e0s 15 horas,\u00a0 na igreja Matriz de Nossa Senhora da Imaculada Concei\u00e7\u00e3o de Itapo\u00e1, SC, foi ordenado presb\u00edtero, pelas m\u00e3os de Dom Irineu Roque Scherer, o nosso confrade e amigo Frei Laurindo Lauro da Silva J\u00fanior.<\/p>\n<p>O povo de Deus ganhou mais um padre, formado por doze anos na Ordem dos Frades Menores. Muitas de suas virtudes aprendidas de seu pai, Laurindo Lauro, e de sua m\u00e3e, Dona Elza, foram preservadas, outras foram descobertas. O povo da Barra do Sa\u00ed, localidade de origem de Frei Laurindo, insistia em lembrar que, apesar dos anos de estudo, da dist\u00e2ncia, da maturidade que vinha chegando, o J\u00fanior continuava o mesmo menino simples, conhecido de todos, que s\u00f3 conseguia pegar caranguejo.<\/p>\n<p><img loading=\"lazy\" class=\"alignright size-full wp-image-199142\" src=\"https:\/\/franciscanos.org.br\/noticias\/wp-content\/uploads\/2011\/12\/laurindo2.jpg\" alt=\"\" width=\"600\" height=\"400\" srcset=\"https:\/\/franciscanos.org.br\/noticias\/wp-content\/uploads\/2011\/12\/laurindo2.jpg 600w, https:\/\/franciscanos.org.br\/noticias\/wp-content\/uploads\/2011\/12\/laurindo2-450x300.jpg 450w, https:\/\/franciscanos.org.br\/noticias\/wp-content\/uploads\/2011\/12\/laurindo2-150x100.jpg 150w\" sizes=\"(max-width: 600px) 100vw, 600px\" \/>\u00c0 medida que o povo chegava para a celebra\u00e7\u00e3o, crescia a convic\u00e7\u00e3o de que aquele momento marcaria para sempre aquele povo que acompanhou de perto o tr\u00edduo e a semana mission\u00e1ria, movimentou toda a par\u00f3quia de Itapo\u00e1. Dom Irineu Roque Scherer, Bispo diocesano de Joinville, presidiu a celebra\u00e7\u00e3o de maneira bem franciscana. O clero local se fez presente tornando a festa maior. Foi realmente uma festa da Igreja local de Joinville e da Prov\u00edncia Franciscana da Imaculada Concei\u00e7\u00e3o.<\/p>\n<p>Na homilia, Dom Irineu acentuou a import\u00e2ncia da espiritualidade franciscana para o bom exerc\u00edcio do minist\u00e9rio que Frei Laurindo estava por assumir. Insistiu que Francisco, que acolhia a todos fraternalmente, deveria ser modelo para o novo presb\u00edtero. Dizia a Frei Laurindo: &#8220;Voc\u00ea deve se sentir muito amparado neste dia com a mem\u00f3ria e a invoca\u00e7\u00e3o de tantos nomes da eternidade [&#8230;] N\u00e3o poder\u00e1 jamais se sentir abandonado&#8221;.<\/p>\n<p>O rito da ordena\u00e7\u00e3o normalmente mexe muito com a assembleia, principalmente o momento da un\u00e7\u00e3o das m\u00e3os. O costume de amarrar as m\u00e3os ungidas para somente os pais desatarem o la\u00e7o \u00e9\u00a0 sempre comovente e nesta ocasi\u00e3o n\u00e3o poderia ser diferente. A b\u00ean\u00e7\u00e3o dada a seus pais tocou a todos. Muitos flashes quiseram eternizar aquele momento.<\/p>\n<p>O lema escolhido pelo ordinando nada tem a ver com a liturgia do dia, mas com sua hist\u00f3ria de vida. Todos, ao ouvirem o lema, associavam-no \u00e0 ideia de que Frei Laurindo faria um caminho an\u00e1logo ao de Andr\u00e9 e Pedro, de pescadores de peixes a pescadores de homens. O pr\u00f3prio Frei Laurindo, nos agradecimentos, ao final da ordena\u00e7\u00e3o disse: &#8220;N\u00e3o digam que serei um bom pescador de homens por causa de minha hist\u00f3ria como filho de pescador. Meu pai sabe, eu sou um p\u00e9ssimo pescador&#8221;. Neste sentido, o lema \u00e9 muito mais eloquente. Justamente por n\u00e3o ser bom pescador, Frei Laurindo lan\u00e7ar\u00e1 as redes em obedi\u00eancia \u00e0 palavra do Mestre. Exatamente como Pedro que passou a noite toda tentando apanhar algo, mas nada conseguiu. Ao mandato do Mestre, lan\u00e7a as redes (Lc 5). Seu Laurindo, o pai de Frei Laurindo J\u00fanior, n\u00e3o pesca mais. A sa\u00fade n\u00e3o o permite. Ele dizia nestes dias que nenhum de seus filhos se tornou pescador. Agora sim, h\u00e1 de novo, um pescador na fam\u00edlia.<\/p>\n<p><img loading=\"lazy\" class=\"alignleft size-full wp-image-199144\" src=\"https:\/\/franciscanos.org.br\/noticias\/wp-content\/uploads\/2011\/12\/08-1.jpg\" alt=\"\" width=\"600\" height=\"400\" srcset=\"https:\/\/franciscanos.org.br\/noticias\/wp-content\/uploads\/2011\/12\/08-1.jpg 600w, https:\/\/franciscanos.org.br\/noticias\/wp-content\/uploads\/2011\/12\/08-1-450x300.jpg 450w, https:\/\/franciscanos.org.br\/noticias\/wp-content\/uploads\/2011\/12\/08-1-150x100.jpg 150w\" sizes=\"(max-width: 600px) 100vw, 600px\" \/><\/p>\n","protected":false},"excerpt":{"rendered":"<p>Ordena\u00e7\u00e3o presbiteral de Frei Laurindo Lauro da Silva<\/p>\n","protected":false},"author":1,"featured_media":199383,"comment_status":"closed","ping_status":"open","sticky":false,"template":"","format":"standard","meta":[],"categories":[1],"tags":[1332,157],"acf":[],"yoast_head":"<!-- This site is optimized with the Yoast SEO plugin v19.2 - https:\/\/yoast.com\/wordpress\/plugins\/seo\/ -->\n<title>&quot;Sou um p\u00e9ssimo pescador, meu pai sabe disso!&quot; - Not\u00edcias - Franciscanos<\/title>\n<meta name=\"robots\" content=\"index, follow, max-snippet:-1, max-image-preview:large, max-video-preview:-1\" \/>\n<link rel=\"canonical\" href=\"https:\/\/franciscanos.org.br\/noticias\/sou-um-pessimo-pescador-meu-pai-sabe-disso.html\" \/>\n<meta property=\"og:locale\" content=\"pt_BR\" \/>\n<meta property=\"og:type\" content=\"article\" \/>\n<meta property=\"og:title\" content=\"&quot;Sou um p\u00e9ssimo pescador, meu pai sabe disso!&quot; - Not\u00edcias - Franciscanos\" \/>\n<meta property=\"og:description\" content=\"Ordena\u00e7\u00e3o presbiteral de Frei Laurindo Lauro da Silva\" \/>\n<meta property=\"og:url\" content=\"https:\/\/franciscanos.org.br\/noticias\/sou-um-pessimo-pescador-meu-pai-sabe-disso.html\" \/>\n<meta property=\"og:site_name\" content=\"Not\u00edcias - Franciscanos\" \/>\n<meta property=\"article:published_time\" content=\"2011-12-19T13:00:25+00:00\" \/>\n<meta property=\"article:modified_time\" content=\"2019-02-04T14:50:13+00:00\" \/>\n<meta property=\"og:image\" content=\"https:\/\/franciscanos.org.br\/noticias\/wp-content\/uploads\/2011\/12\/laurindo2-1.jpg\" \/>\n\t<meta property=\"og:image:width\" content=\"273\" \/>\n\t<meta property=\"og:image:height\" content=\"181\" \/>\n\t<meta property=\"og:image:type\" content=\"image\/jpeg\" \/>\n<meta name=\"author\" content=\"admin\" \/>\n<meta name=\"twitter:card\" content=\"summary_large_image\" \/>\n<meta name=\"twitter:label1\" content=\"Escrito por\" \/>\n\t<meta name=\"twitter:data1\" content=\"admin\" \/>\n\t<meta name=\"twitter:label2\" content=\"Est. tempo de leitura\" \/>\n\t<meta name=\"twitter:data2\" content=\"3 minutos\" \/>\n<script type=\"application\/ld+json\" class=\"yoast-schema-graph\">{\"@context\":\"https:\/\/schema.org\",\"@graph\":[{\"@type\":\"WebSite\",\"@id\":\"https:\/\/franciscanos.org.br\/noticias\/#website\",\"url\":\"https:\/\/franciscanos.org.br\/noticias\/\",\"name\":\"Not\u00edcias - Franciscanos\",\"description\":\"Prov\u00edncia Franciscana da Imaculada Concei\u00e7\u00e3o do Brasil - Ordem dos Frades Menores - OFM\",\"potentialAction\":[{\"@type\":\"SearchAction\",\"target\":{\"@type\":\"EntryPoint\",\"urlTemplate\":\"https:\/\/franciscanos.org.br\/noticias\/?s={search_term_string}\"},\"query-input\":\"required name=search_term_string\"}],\"inLanguage\":\"pt-BR\"},{\"@type\":\"ImageObject\",\"inLanguage\":\"pt-BR\",\"@id\":\"https:\/\/franciscanos.org.br\/noticias\/sou-um-pessimo-pescador-meu-pai-sabe-disso.html#primaryimage\",\"url\":\"https:\/\/franciscanos.org.br\/noticias\/wp-content\/uploads\/2011\/12\/laurindo2-1.jpg\",\"contentUrl\":\"https:\/\/franciscanos.org.br\/noticias\/wp-content\/uploads\/2011\/12\/laurindo2-1.jpg\",\"width\":273,\"height\":181},{\"@type\":\"WebPage\",\"@id\":\"https:\/\/franciscanos.org.br\/noticias\/sou-um-pessimo-pescador-meu-pai-sabe-disso.html#webpage\",\"url\":\"https:\/\/franciscanos.org.br\/noticias\/sou-um-pessimo-pescador-meu-pai-sabe-disso.html\",\"name\":\"\\\"Sou um p\u00e9ssimo pescador, meu pai sabe disso!\\\" - Not\u00edcias - Franciscanos\",\"isPartOf\":{\"@id\":\"https:\/\/franciscanos.org.br\/noticias\/#website\"},\"primaryImageOfPage\":{\"@id\":\"https:\/\/franciscanos.org.br\/noticias\/sou-um-pessimo-pescador-meu-pai-sabe-disso.html#primaryimage\"},\"datePublished\":\"2011-12-19T13:00:25+00:00\",\"dateModified\":\"2019-02-04T14:50:13+00:00\",\"author\":{\"@id\":\"https:\/\/franciscanos.org.br\/noticias\/#\/schema\/person\/b38fbf43118f02820bd932f2e4b14ad3\"},\"breadcrumb\":{\"@id\":\"https:\/\/franciscanos.org.br\/noticias\/sou-um-pessimo-pescador-meu-pai-sabe-disso.html#breadcrumb\"},\"inLanguage\":\"pt-BR\",\"potentialAction\":[{\"@type\":\"ReadAction\",\"target\":[\"https:\/\/franciscanos.org.br\/noticias\/sou-um-pessimo-pescador-meu-pai-sabe-disso.html\"]}]},{\"@type\":\"BreadcrumbList\",\"@id\":\"https:\/\/franciscanos.org.br\/noticias\/sou-um-pessimo-pescador-meu-pai-sabe-disso.html#breadcrumb\",\"itemListElement\":[{\"@type\":\"ListItem\",\"position\":1,\"name\":\"Home\",\"item\":\"https:\/\/franciscanos.org.br\/noticias\"},{\"@type\":\"ListItem\",\"position\":2,\"name\":\"&#8220;Sou um p\u00e9ssimo pescador, meu pai sabe disso!&#8221;\"}]},{\"@type\":\"Person\",\"@id\":\"https:\/\/franciscanos.org.br\/noticias\/#\/schema\/person\/b38fbf43118f02820bd932f2e4b14ad3\",\"name\":\"admin\",\"image\":{\"@type\":\"ImageObject\",\"inLanguage\":\"pt-BR\",\"@id\":\"https:\/\/franciscanos.org.br\/noticias\/#\/schema\/person\/image\/\",\"url\":\"https:\/\/secure.gravatar.com\/avatar\/e8495742d34d0ba6448ea1c628263b3e?s=96&d=mm&r=g\",\"contentUrl\":\"https:\/\/secure.gravatar.com\/avatar\/e8495742d34d0ba6448ea1c628263b3e?s=96&d=mm&r=g\",\"caption\":\"admin\"},\"url\":\"https:\/\/franciscanos.org.br\/noticias\/author\/admin\"}]}<\/script>\n<!-- \/ Yoast SEO plugin. -->","yoast_head_json":{"title":"\"Sou um p\u00e9ssimo pescador, meu pai sabe disso!\" - Not\u00edcias - Franciscanos","robots":{"index":"index","follow":"follow","max-snippet":"max-snippet:-1","max-image-preview":"max-image-preview:large","max-video-preview":"max-video-preview:-1"},"canonical":"https:\/\/franciscanos.org.br\/noticias\/sou-um-pessimo-pescador-meu-pai-sabe-disso.html","og_locale":"pt_BR","og_type":"article","og_title":"\"Sou um p\u00e9ssimo pescador, meu pai sabe disso!\" - Not\u00edcias - Franciscanos","og_description":"Ordena\u00e7\u00e3o presbiteral de Frei Laurindo Lauro da Silva","og_url":"https:\/\/franciscanos.org.br\/noticias\/sou-um-pessimo-pescador-meu-pai-sabe-disso.html","og_site_name":"Not\u00edcias - Franciscanos","article_published_time":"2011-12-19T13:00:25+00:00","article_modified_time":"2019-02-04T14:50:13+00:00","og_image":[{"width":273,"height":181,"url":"https:\/\/franciscanos.org.br\/noticias\/wp-content\/uploads\/2011\/12\/laurindo2-1.jpg","type":"image\/jpeg"}],"author":"admin","twitter_card":"summary_large_image","twitter_misc":{"Escrito por":"admin","Est. tempo de leitura":"3 minutos"},"schema":{"@context":"https:\/\/schema.org","@graph":[{"@type":"WebSite","@id":"https:\/\/franciscanos.org.br\/noticias\/#website","url":"https:\/\/franciscanos.org.br\/noticias\/","name":"Not\u00edcias - Franciscanos","description":"Prov\u00edncia Franciscana da Imaculada Concei\u00e7\u00e3o do Brasil - Ordem dos Frades Menores - OFM","potentialAction":[{"@type":"SearchAction","target":{"@type":"EntryPoint","urlTemplate":"https:\/\/franciscanos.org.br\/noticias\/?s={search_term_string}"},"query-input":"required name=search_term_string"}],"inLanguage":"pt-BR"},{"@type":"ImageObject","inLanguage":"pt-BR","@id":"https:\/\/franciscanos.org.br\/noticias\/sou-um-pessimo-pescador-meu-pai-sabe-disso.html#primaryimage","url":"https:\/\/franciscanos.org.br\/noticias\/wp-content\/uploads\/2011\/12\/laurindo2-1.jpg","contentUrl":"https:\/\/franciscanos.org.br\/noticias\/wp-content\/uploads\/2011\/12\/laurindo2-1.jpg","width":273,"height":181},{"@type":"WebPage","@id":"https:\/\/franciscanos.org.br\/noticias\/sou-um-pessimo-pescador-meu-pai-sabe-disso.html#webpage","url":"https:\/\/franciscanos.org.br\/noticias\/sou-um-pessimo-pescador-meu-pai-sabe-disso.html","name":"\"Sou um p\u00e9ssimo pescador, meu pai sabe disso!\" - Not\u00edcias - Franciscanos","isPartOf":{"@id":"https:\/\/franciscanos.org.br\/noticias\/#website"},"primaryImageOfPage":{"@id":"https:\/\/franciscanos.org.br\/noticias\/sou-um-pessimo-pescador-meu-pai-sabe-disso.html#primaryimage"},"datePublished":"2011-12-19T13:00:25+00:00","dateModified":"2019-02-04T14:50:13+00:00","author":{"@id":"https:\/\/franciscanos.org.br\/noticias\/#\/schema\/person\/b38fbf43118f02820bd932f2e4b14ad3"},"breadcrumb":{"@id":"https:\/\/franciscanos.org.br\/noticias\/sou-um-pessimo-pescador-meu-pai-sabe-disso.html#breadcrumb"},"inLanguage":"pt-BR","potentialAction":[{"@type":"ReadAction","target":["https:\/\/franciscanos.org.br\/noticias\/sou-um-pessimo-pescador-meu-pai-sabe-disso.html"]}]},{"@type":"BreadcrumbList","@id":"https:\/\/franciscanos.org.br\/noticias\/sou-um-pessimo-pescador-meu-pai-sabe-disso.html#breadcrumb","itemListElement":[{"@type":"ListItem","position":1,"name":"Home","item":"https:\/\/franciscanos.org.br\/noticias"},{"@type":"ListItem","position":2,"name":"&#8220;Sou um p\u00e9ssimo pescador, meu pai sabe disso!&#8221;"}]},{"@type":"Person","@id":"https:\/\/franciscanos.org.br\/noticias\/#\/schema\/person\/b38fbf43118f02820bd932f2e4b14ad3","name":"admin","image":{"@type":"ImageObject","inLanguage":"pt-BR","@id":"https:\/\/franciscanos.org.br\/noticias\/#\/schema\/person\/image\/","url":"https:\/\/secure.gravatar.com\/avatar\/e8495742d34d0ba6448ea1c628263b3e?s=96&d=mm&r=g","contentUrl":"https:\/\/secure.gravatar.com\/avatar\/e8495742d34d0ba6448ea1c628263b3e?s=96&d=mm&r=g","caption":"admin"},"url":"https:\/\/franciscanos.org.br\/noticias\/author\/admin"}]}},"_links":{"self":[{"href":"https:\/\/franciscanos.org.br\/noticias\/wp-json\/wp\/v2\/posts\/9670"}],"collection":[{"href":"https:\/\/franciscanos.org.br\/noticias\/wp-json\/wp\/v2\/posts"}],"about":[{"href":"https:\/\/franciscanos.org.br\/noticias\/wp-json\/wp\/v2\/types\/post"}],"author":[{"embeddable":true,"href":"https:\/\/franciscanos.org.br\/noticias\/wp-json\/wp\/v2\/users\/1"}],"replies":[{"embeddable":true,"href":"https:\/\/franciscanos.org.br\/noticias\/wp-json\/wp\/v2\/comments?post=9670"}],"version-history":[{"count":0,"href":"https:\/\/franciscanos.org.br\/noticias\/wp-json\/wp\/v2\/posts\/9670\/revisions"}],"wp:featuredmedia":[{"embeddable":true,"href":"https:\/\/franciscanos.org.br\/noticias\/wp-json\/wp\/v2\/media\/199383"}],"wp:attachment":[{"href":"https:\/\/franciscanos.org.br\/noticias\/wp-json\/wp\/v2\/media?parent=9670"}],"wp:term":[{"taxonomy":"category","embeddable":true,"href":"https:\/\/franciscanos.org.br\/noticias\/wp-json\/wp\/v2\/categories?post=9670"},{"taxonomy":"post_tag","embeddable":true,"href":"https:\/\/franciscanos.org.br\/noticias\/wp-json\/wp\/v2\/tags?post=9670"}],"curies":[{"name":"wp","href":"https:\/\/api.w.org\/{rel}","templated":true}]}}