{"id":96644,"date":"2015-10-14T12:46:04","date_gmt":"2015-10-14T15:46:04","guid":{"rendered":"http:\/\/franciscanos.org.br\/?p=96644"},"modified":"2020-06-10T11:16:29","modified_gmt":"2020-06-10T14:16:29","slug":"sinodo-40-pontos-chave-levantados-nos-trabalhos-em-grupo","status":"publish","type":"post","link":"https:\/\/franciscanos.org.br\/noticias\/sinodo-40-pontos-chave-levantados-nos-trabalhos-em-grupo.html","title":{"rendered":"S\u00ednodo: 40 pontos-chave levantados nos grupos"},"content":{"rendered":"<p><img loading=\"lazy\" class=\"alignnone size-full wp-image-196341\" src=\"https:\/\/franciscanos.org.br\/noticias\/wp-content\/uploads\/2015\/10\/sinodo_23.jpg\" alt=\"\" width=\"890\" height=\"501\" srcset=\"https:\/\/franciscanos.org.br\/noticias\/wp-content\/uploads\/2015\/10\/sinodo_23.jpg 890w, https:\/\/franciscanos.org.br\/noticias\/wp-content\/uploads\/2015\/10\/sinodo_23-450x253.jpg 450w, https:\/\/franciscanos.org.br\/noticias\/wp-content\/uploads\/2015\/10\/sinodo_23-768x432.jpg 768w, https:\/\/franciscanos.org.br\/noticias\/wp-content\/uploads\/2015\/10\/sinodo_23-150x84.jpg 150w\" sizes=\"(max-width: 890px) 100vw, 890px\" \/><\/p>\n<p>O Padre Jesu\u00edta e Te\u00f3logo Antonio Spadaro, SJ, \u00e9 um dos peritos participantes do S\u00ednodo da Fam\u00edlia. No texto que segue, publicado em seu blog <em>Cyberteologia.it<\/em>, Pe. Spadaro lista 40 pontos de destaque que surgiram nas discuss\u00f5es em grupo realizadas a partir do texto de trabalho.<\/p>\n<hr \/>\n<p>Aqui est\u00e3o 40 breves pontos que apareceram nas apresenta\u00e7\u00f5es dos C\u00edrculos Menores dos grupos. Tais pontos n\u00e3o representam uma s\u00edntese exaustiva nem substituem a leitura integral dos textos. Todavia, constituem uma apresenta\u00e7\u00e3o de importantes elementos apontados, de maneira geral, em mais de um grupo. Juntos, eles d\u00e3o uma boa no\u00e7\u00e3o do amplo trabalho realizado e das contribui\u00e7\u00f5es oferecidas. Podem ser aproveitados como uma esp\u00e9cie de guia para leitura ou ainda como uma s\u00edntese para se ter \u00e0 disposi\u00e7\u00e3o elementos-chave.<\/p>\n<p style=\"padding-left: 30px;\"><strong>1.<\/strong> Mudan\u00e7as para melhorar a incisividade, usar uma terminologia mais positiva e compreens\u00edvel. Por exemplo: infelizmente, a indissolubilidade \u00e9 apresentada apenas como um fardo; termos como \u201cnatureza\u201d e \u201cnatural\u201d s\u00e3o de dif\u00edceis compreens\u00e3o e utiliza\u00e7\u00e3o em n\u00edvel pastoral. Ocorre tamb\u00e9m buscar uma maior inspira\u00e7\u00e3o b\u00edblica, especialmente nos livros po\u00e9ticos e sapienciais.<\/p>\n<p style=\"padding-left: 30px;\"><strong>2.<\/strong> \u201cN\u00e3o existe um \u00fanico modo de se formar fam\u00edlia\u201d. Existem tamb\u00e9m as \u201cfam\u00edlias discipulares\u201d, a vida religiosa&#8230;<\/p>\n<p style=\"padding-left: 30px;\"><strong>3.<\/strong> A import\u00e2ncia da miss\u00e3o da pastoral na transmiss\u00e3o da doutrina.<\/p>\n<p style=\"padding-left: 30px;\"><strong>4.<\/strong> A comunidade crist\u00e3 seja uma \u201cfam\u00edlia de fam\u00edlias\u201d e modele a sua pastoral ao estilo da fam\u00edlia, com sua for\u00e7a humanizante.<\/p>\n<p style=\"padding-left: 30px;\"><strong>5.<\/strong> Considerar a fam\u00edlia em todas as suas etapas, tamb\u00e9m no tempo em que os filhos partem e os pais envelhecem.<\/p>\n<p style=\"padding-left: 30px;\"><strong>6.<\/strong> Necessidade de harmonizar a aten\u00e7\u00e3o \u00e0 sacralidade do matrim\u00f4nio com o objetivo de levar a proposta evang\u00e9lica a todos, tamb\u00e9m aos que n\u00e3o creem: o Senhor deposita no cora\u00e7\u00e3o de cada ser humano o desejo de fam\u00edlia.<\/p>\n<p style=\"padding-left: 30px;\"><strong>7.<\/strong> A analogia marido-mulher\/Cristo-Igreja \u00e9 imperfeita, mas se deve colher dela o sentido espiritual.<\/p>\n<p style=\"padding-left: 30px;\"><strong>8.<\/strong> As catequeses do Papa Francisco ajudam a harmonizar sacramentalidade e criaturalidade.<\/p>\n<p style=\"padding-left: 30px;\"><strong>9.<\/strong> A Igreja deve ser sempre mestra, mas tamb\u00e9m m\u00e3e que leva um an\u00fancio de esperan\u00e7a.<\/p>\n<p style=\"padding-left: 30px;\"><strong>10.<\/strong> Recordar a liga\u00e7\u00e3o direta e importante entre o S\u00ednodo sobre a Fam\u00edlia e o Jubileu da Miseric\u00f3rdia.<\/p>\n<p style=\"padding-left: 30px;\"><strong>11.<\/strong> \u00c9 a certeza do perd\u00e3o que permite a franqueza na confiss\u00e3o. A percep\u00e7\u00e3o do pecado se desperta diante do amor gratuito de Deus, cuja miseric\u00f3rdia n\u00e3o imp\u00f5e qualquer condi\u00e7\u00e3o.<\/p>\n<p style=\"padding-left: 30px;\"><strong>12.<\/strong> Import\u00e2ncia da orienta\u00e7\u00e3o espiritual no acompanhamento dos esposos.<\/p>\n<p style=\"padding-left: 30px;\"><strong>13.<\/strong> A express\u00e3o \u201cEvangelho da Fam\u00edlia\u201d a alguns parece vaga. Haveria necessidade de se explicitar melhor o que significa.<\/p>\n<p style=\"padding-left: 30px;\"><strong>14.<\/strong> Import\u00e2ncia da ora\u00e7\u00e3o, das devo\u00e7\u00f5es e da religiosidade popular na espiritualidade familiar.<\/p>\n<p style=\"padding-left: 30px;\"><strong>15.<\/strong> N\u00e3o se desconsiderar a viol\u00eancia na fam\u00edlia, que recai sobretudo na agress\u00e3o \u00e0s mulheres.<\/p>\n<p style=\"padding-left: 30px;\"><strong>16.<\/strong> \u00c9 necess\u00e1rio compreender o que significa \u201cvoca\u00e7\u00e3o\u201d \u00e0 vida familiar em rela\u00e7\u00e3o \u00e0quela \u00e0 vida consagrada.<\/p>\n<p style=\"padding-left: 30px;\"><strong>17.<\/strong> O documental ainda ter\u00e1 limita\u00e7\u00f5es. Imagina-se uma Exorta\u00e7\u00e3o Apost\u00f3lica do Santo Padre.<\/p>\n<p style=\"padding-left: 30px;\"><strong>18.<\/strong> No documento existem express\u00f5es nas quais parece que se absolutizam o matrim\u00f4nio e a fam\u00edlia, enquanto Jesus os coloca em rela\u00e7\u00e3o ao Reino de Deus.<\/p>\n<p style=\"padding-left: 30px;\"><strong>19.<\/strong> Jesus sempre abre as portas e n\u00e3o joga pedras.<\/p>\n<p style=\"padding-left: 30px;\"><strong>20.<\/strong> A fidelidade e a indissolubilidade s\u00e3o um mist\u00e9rio que inclui a fragilidade.<\/p>\n<p style=\"padding-left: 30px;\"><strong>21.<\/strong> Temos uma teologia do matrim\u00f4nio atenta prevalentemente \u00e0 moral.<\/p>\n<p style=\"padding-left: 30px;\"><strong>22.<\/strong> Seguindo a tese das \u201cSementes do Verbo\u201d, n\u00e3o se pode desconsiderar que existem muitos valores positivos em outros tipos de fam\u00edlia.<\/p>\n<p style=\"padding-left: 30px;\"><strong>23.<\/strong> Fechamos o matrim\u00f4nio dentro de excessivas formalidades, que os jovens rejeitam, identificando-as com a hipocrisia.<\/p>\n<p style=\"padding-left: 30px;\"><strong>24.<\/strong> Jesus viveu a maior parte de sua vida dentro de uma vida ordin\u00e1ria de fam\u00edlia.<\/p>\n<p style=\"padding-left: 30px;\"><strong>25.<\/strong> Evitar falar de indissolubilidade de forma muito insistente que possa parecer que esta seja nossa \u00fanica preocupa\u00e7\u00e3o. Evitar tamb\u00e9m de falar sobre o assunto em termos de obriga\u00e7\u00e3o, mas tamb\u00e9m como dom.<\/p>\n<p style=\"padding-left: 30px;\"><strong>26.<\/strong> A doutrina \u00e9 conhecida, mas as exig\u00eancias da realidade e os novos acenos da reflex\u00e3o teol\u00f3gica devem ser levados em considera\u00e7\u00e3o para que o S\u00ednodo d\u00ea um posicionamento verdadeiramente significativo.<\/p>\n<p style=\"padding-left: 30px;\"><strong>27.<\/strong> Encorajamento aos casais que vivem um matrim\u00f4nio crist\u00e3o genu\u00edno.<\/p>\n<p style=\"padding-left: 30px;\"><strong>28.<\/strong> Confirma-se a necessidade de uma linguagem mais simb\u00f3lica, experiencial, significativa, clara, convidativa, aberta, cheia e alegria e esperan\u00e7a, otimista.<\/p>\n<p style=\"padding-left: 30px;\"><strong>29.<\/strong> Falando-se da fam\u00edlia, tamb\u00e9m \u00e9 necess\u00e1rio que se fale do sacrif\u00edcio que a vida familiar implica, explorando melhor esta possibilidade.<\/p>\n<p style=\"padding-left: 30px;\"><strong>30.<\/strong> Compreender melhor as motiva\u00e7\u00f5es daqueles que preferem n\u00e3o se casar. Temos necessidade de compreend\u00ea-los melhor.<\/p>\n<p style=\"padding-left: 30px;\"><strong>31.<\/strong> Miseric\u00f3rdia e verdade jamais est\u00e3o em contradi\u00e7\u00e3o. A justi\u00e7a de Deus \u00e9 uma miseric\u00f3rdia que nos faz justos. N\u00e3o \u00e9 necess\u00e1rio que se coloque limites humanos \u00e0 miseric\u00f3rdia divina.<\/p>\n<p style=\"padding-left: 30px;\"><strong>32.<\/strong> Pensamos de modo excessivamente est\u00e1tico e n\u00e3o de modo hist\u00f3rico. A doutrina \u00e9 desenvolvida de modo hist\u00f3rico. Este processo tamb\u00e9m \u00e9 verdadeiro na vida das pessoas.<\/p>\n<p style=\"padding-left: 30px;\"><strong>33.<\/strong> O desenvolvimento hist\u00f3rico da doutrina faz entender que tamb\u00e9m a pastoral deve ser um processo gradual. Clareza da doutrina e gradualidade na pastoral n\u00e3o se op\u00f5em, mas exprimem a concretude do acompanhamento.<\/p>\n<p style=\"padding-left: 30px;\"><strong>34.<\/strong> Import\u00e2ncia da consci\u00eancia e da responsabilidade. Existe uma lei que Deus escreve na pessoa, onde o ser humano pode ouvir a sua voz. Esta consci\u00eancia precisa ser respeitada<\/p>\n<p style=\"padding-left: 30px;\"><strong>35.<\/strong> O nosso magist\u00e9rio deve refletir a pedagogia divina que permanece hoje.<\/p>\n<p style=\"padding-left: 30px;\"><strong>36.<\/strong> O S\u00ednodo deve apoiar as escolas cat\u00f3licas para aprofundarem a educa\u00e7\u00e3o religiosa que come\u00e7a na fam\u00edlia.<\/p>\n<p style=\"padding-left: 30px;\"><strong>37.<\/strong> N\u00e3o nos deixemos levar por falsas oposi\u00e7\u00f5es que alimentam a confus\u00e3o.<\/p>\n<p style=\"padding-left: 30px;\"><strong>38.<\/strong> Jesus uniu indissoluvelmente a Trindade e a fam\u00edlia, por sua encarna\u00e7\u00e3o na Fam\u00edlia de Nazar\u00e9.<\/p>\n<p style=\"padding-left: 30px;\"><strong>39.<\/strong> Que o S\u00ednodo abra um tempo de paciente pesquisa da parte de te\u00f3logos e pastores e que possa delinear uma pastoral familiar num horizonte de comunh\u00e3o.. N\u00e3o temos necessidade de estruturas disciplinares universais<\/p>\n<p style=\"padding-left: 30px;\"><strong>40.<\/strong> Como levar as pessoas, sobretudo os mais jovens, a compreenderem o sentido do matrim\u00f4nio crist\u00e3o, de maneira que a fam\u00edlia se torne sujeito, e n\u00e3o s\u00f3 objeto da pastoral.<\/p>\n<hr \/>\n<p><em>Fonte: R\u00e1dio Vaticano<\/em><\/p>\n","protected":false},"excerpt":{"rendered":"<p>S\u00ednodo da Fam\u00edlia<\/p>\n","protected":false},"author":1,"featured_media":219148,"comment_status":"open","ping_status":"open","sticky":false,"template":"","format":"standard","meta":[],"categories":[1428],"tags":[472],"acf":[],"yoast_head":"<!-- This site is optimized with the Yoast SEO plugin v19.2 - https:\/\/yoast.com\/wordpress\/plugins\/seo\/ -->\n<title>S\u00ednodo: 40 pontos-chave levantados nos grupos - Not\u00edcias - Franciscanos<\/title>\n<meta name=\"robots\" content=\"index, follow, max-snippet:-1, max-image-preview:large, max-video-preview:-1\" \/>\n<link rel=\"canonical\" href=\"https:\/\/franciscanos.org.br\/noticias\/sinodo-40-pontos-chave-levantados-nos-trabalhos-em-grupo.html\" \/>\n<meta property=\"og:locale\" content=\"pt_BR\" \/>\n<meta property=\"og:type\" content=\"article\" \/>\n<meta property=\"og:title\" content=\"S\u00ednodo: 40 pontos-chave levantados nos grupos - Not\u00edcias - Franciscanos\" \/>\n<meta property=\"og:description\" content=\"S\u00ednodo da Fam\u00edlia\" \/>\n<meta property=\"og:url\" content=\"https:\/\/franciscanos.org.br\/noticias\/sinodo-40-pontos-chave-levantados-nos-trabalhos-em-grupo.html\" \/>\n<meta property=\"og:site_name\" content=\"Not\u00edcias - Franciscanos\" \/>\n<meta property=\"article:published_time\" content=\"2015-10-14T15:46:04+00:00\" \/>\n<meta property=\"article:modified_time\" content=\"2020-06-10T14:16:29+00:00\" \/>\n<meta property=\"og:image\" content=\"https:\/\/franciscanos.org.br\/noticias\/wp-content\/uploads\/2015\/10\/sinodo_23-1.jpg\" \/>\n\t<meta property=\"og:image:width\" content=\"273\" \/>\n\t<meta property=\"og:image:height\" content=\"181\" \/>\n\t<meta property=\"og:image:type\" content=\"image\/jpeg\" \/>\n<meta name=\"author\" content=\"admin\" \/>\n<meta name=\"twitter:card\" content=\"summary_large_image\" \/>\n<meta name=\"twitter:label1\" content=\"Escrito por\" \/>\n\t<meta name=\"twitter:data1\" content=\"admin\" \/>\n\t<meta name=\"twitter:label2\" content=\"Est. tempo de leitura\" \/>\n\t<meta name=\"twitter:data2\" content=\"5 minutos\" \/>\n<script type=\"application\/ld+json\" class=\"yoast-schema-graph\">{\"@context\":\"https:\/\/schema.org\",\"@graph\":[{\"@type\":\"WebSite\",\"@id\":\"https:\/\/franciscanos.org.br\/noticias\/#website\",\"url\":\"https:\/\/franciscanos.org.br\/noticias\/\",\"name\":\"Not\u00edcias - Franciscanos\",\"description\":\"Prov\u00edncia Franciscana da Imaculada Concei\u00e7\u00e3o do Brasil - Ordem dos Frades Menores - OFM\",\"potentialAction\":[{\"@type\":\"SearchAction\",\"target\":{\"@type\":\"EntryPoint\",\"urlTemplate\":\"https:\/\/franciscanos.org.br\/noticias\/?s={search_term_string}\"},\"query-input\":\"required name=search_term_string\"}],\"inLanguage\":\"pt-BR\"},{\"@type\":\"ImageObject\",\"inLanguage\":\"pt-BR\",\"@id\":\"https:\/\/franciscanos.org.br\/noticias\/sinodo-40-pontos-chave-levantados-nos-trabalhos-em-grupo.html#primaryimage\",\"url\":\"https:\/\/franciscanos.org.br\/noticias\/wp-content\/uploads\/2015\/10\/sinodo_23-1.jpg\",\"contentUrl\":\"https:\/\/franciscanos.org.br\/noticias\/wp-content\/uploads\/2015\/10\/sinodo_23-1.jpg\",\"width\":273,\"height\":181},{\"@type\":\"WebPage\",\"@id\":\"https:\/\/franciscanos.org.br\/noticias\/sinodo-40-pontos-chave-levantados-nos-trabalhos-em-grupo.html#webpage\",\"url\":\"https:\/\/franciscanos.org.br\/noticias\/sinodo-40-pontos-chave-levantados-nos-trabalhos-em-grupo.html\",\"name\":\"S\u00ednodo: 40 pontos-chave levantados nos grupos - Not\u00edcias - Franciscanos\",\"isPartOf\":{\"@id\":\"https:\/\/franciscanos.org.br\/noticias\/#website\"},\"primaryImageOfPage\":{\"@id\":\"https:\/\/franciscanos.org.br\/noticias\/sinodo-40-pontos-chave-levantados-nos-trabalhos-em-grupo.html#primaryimage\"},\"datePublished\":\"2015-10-14T15:46:04+00:00\",\"dateModified\":\"2020-06-10T14:16:29+00:00\",\"author\":{\"@id\":\"https:\/\/franciscanos.org.br\/noticias\/#\/schema\/person\/b38fbf43118f02820bd932f2e4b14ad3\"},\"breadcrumb\":{\"@id\":\"https:\/\/franciscanos.org.br\/noticias\/sinodo-40-pontos-chave-levantados-nos-trabalhos-em-grupo.html#breadcrumb\"},\"inLanguage\":\"pt-BR\",\"potentialAction\":[{\"@type\":\"ReadAction\",\"target\":[\"https:\/\/franciscanos.org.br\/noticias\/sinodo-40-pontos-chave-levantados-nos-trabalhos-em-grupo.html\"]}]},{\"@type\":\"BreadcrumbList\",\"@id\":\"https:\/\/franciscanos.org.br\/noticias\/sinodo-40-pontos-chave-levantados-nos-trabalhos-em-grupo.html#breadcrumb\",\"itemListElement\":[{\"@type\":\"ListItem\",\"position\":1,\"name\":\"Home\",\"item\":\"https:\/\/franciscanos.org.br\/noticias\"},{\"@type\":\"ListItem\",\"position\":2,\"name\":\"S\u00ednodo: 40 pontos-chave levantados nos grupos\"}]},{\"@type\":\"Person\",\"@id\":\"https:\/\/franciscanos.org.br\/noticias\/#\/schema\/person\/b38fbf43118f02820bd932f2e4b14ad3\",\"name\":\"admin\",\"image\":{\"@type\":\"ImageObject\",\"inLanguage\":\"pt-BR\",\"@id\":\"https:\/\/franciscanos.org.br\/noticias\/#\/schema\/person\/image\/\",\"url\":\"https:\/\/secure.gravatar.com\/avatar\/e8495742d34d0ba6448ea1c628263b3e?s=96&d=mm&r=g\",\"contentUrl\":\"https:\/\/secure.gravatar.com\/avatar\/e8495742d34d0ba6448ea1c628263b3e?s=96&d=mm&r=g\",\"caption\":\"admin\"},\"url\":\"https:\/\/franciscanos.org.br\/noticias\/author\/admin\"}]}<\/script>\n<!-- \/ Yoast SEO plugin. -->","yoast_head_json":{"title":"S\u00ednodo: 40 pontos-chave levantados nos grupos - Not\u00edcias - Franciscanos","robots":{"index":"index","follow":"follow","max-snippet":"max-snippet:-1","max-image-preview":"max-image-preview:large","max-video-preview":"max-video-preview:-1"},"canonical":"https:\/\/franciscanos.org.br\/noticias\/sinodo-40-pontos-chave-levantados-nos-trabalhos-em-grupo.html","og_locale":"pt_BR","og_type":"article","og_title":"S\u00ednodo: 40 pontos-chave levantados nos grupos - Not\u00edcias - Franciscanos","og_description":"S\u00ednodo da Fam\u00edlia","og_url":"https:\/\/franciscanos.org.br\/noticias\/sinodo-40-pontos-chave-levantados-nos-trabalhos-em-grupo.html","og_site_name":"Not\u00edcias - Franciscanos","article_published_time":"2015-10-14T15:46:04+00:00","article_modified_time":"2020-06-10T14:16:29+00:00","og_image":[{"width":273,"height":181,"url":"https:\/\/franciscanos.org.br\/noticias\/wp-content\/uploads\/2015\/10\/sinodo_23-1.jpg","type":"image\/jpeg"}],"author":"admin","twitter_card":"summary_large_image","twitter_misc":{"Escrito por":"admin","Est. tempo de leitura":"5 minutos"},"schema":{"@context":"https:\/\/schema.org","@graph":[{"@type":"WebSite","@id":"https:\/\/franciscanos.org.br\/noticias\/#website","url":"https:\/\/franciscanos.org.br\/noticias\/","name":"Not\u00edcias - Franciscanos","description":"Prov\u00edncia Franciscana da Imaculada Concei\u00e7\u00e3o do Brasil - Ordem dos Frades Menores - OFM","potentialAction":[{"@type":"SearchAction","target":{"@type":"EntryPoint","urlTemplate":"https:\/\/franciscanos.org.br\/noticias\/?s={search_term_string}"},"query-input":"required name=search_term_string"}],"inLanguage":"pt-BR"},{"@type":"ImageObject","inLanguage":"pt-BR","@id":"https:\/\/franciscanos.org.br\/noticias\/sinodo-40-pontos-chave-levantados-nos-trabalhos-em-grupo.html#primaryimage","url":"https:\/\/franciscanos.org.br\/noticias\/wp-content\/uploads\/2015\/10\/sinodo_23-1.jpg","contentUrl":"https:\/\/franciscanos.org.br\/noticias\/wp-content\/uploads\/2015\/10\/sinodo_23-1.jpg","width":273,"height":181},{"@type":"WebPage","@id":"https:\/\/franciscanos.org.br\/noticias\/sinodo-40-pontos-chave-levantados-nos-trabalhos-em-grupo.html#webpage","url":"https:\/\/franciscanos.org.br\/noticias\/sinodo-40-pontos-chave-levantados-nos-trabalhos-em-grupo.html","name":"S\u00ednodo: 40 pontos-chave levantados nos grupos - Not\u00edcias - Franciscanos","isPartOf":{"@id":"https:\/\/franciscanos.org.br\/noticias\/#website"},"primaryImageOfPage":{"@id":"https:\/\/franciscanos.org.br\/noticias\/sinodo-40-pontos-chave-levantados-nos-trabalhos-em-grupo.html#primaryimage"},"datePublished":"2015-10-14T15:46:04+00:00","dateModified":"2020-06-10T14:16:29+00:00","author":{"@id":"https:\/\/franciscanos.org.br\/noticias\/#\/schema\/person\/b38fbf43118f02820bd932f2e4b14ad3"},"breadcrumb":{"@id":"https:\/\/franciscanos.org.br\/noticias\/sinodo-40-pontos-chave-levantados-nos-trabalhos-em-grupo.html#breadcrumb"},"inLanguage":"pt-BR","potentialAction":[{"@type":"ReadAction","target":["https:\/\/franciscanos.org.br\/noticias\/sinodo-40-pontos-chave-levantados-nos-trabalhos-em-grupo.html"]}]},{"@type":"BreadcrumbList","@id":"https:\/\/franciscanos.org.br\/noticias\/sinodo-40-pontos-chave-levantados-nos-trabalhos-em-grupo.html#breadcrumb","itemListElement":[{"@type":"ListItem","position":1,"name":"Home","item":"https:\/\/franciscanos.org.br\/noticias"},{"@type":"ListItem","position":2,"name":"S\u00ednodo: 40 pontos-chave levantados nos grupos"}]},{"@type":"Person","@id":"https:\/\/franciscanos.org.br\/noticias\/#\/schema\/person\/b38fbf43118f02820bd932f2e4b14ad3","name":"admin","image":{"@type":"ImageObject","inLanguage":"pt-BR","@id":"https:\/\/franciscanos.org.br\/noticias\/#\/schema\/person\/image\/","url":"https:\/\/secure.gravatar.com\/avatar\/e8495742d34d0ba6448ea1c628263b3e?s=96&d=mm&r=g","contentUrl":"https:\/\/secure.gravatar.com\/avatar\/e8495742d34d0ba6448ea1c628263b3e?s=96&d=mm&r=g","caption":"admin"},"url":"https:\/\/franciscanos.org.br\/noticias\/author\/admin"}]}},"_links":{"self":[{"href":"https:\/\/franciscanos.org.br\/noticias\/wp-json\/wp\/v2\/posts\/96644"}],"collection":[{"href":"https:\/\/franciscanos.org.br\/noticias\/wp-json\/wp\/v2\/posts"}],"about":[{"href":"https:\/\/franciscanos.org.br\/noticias\/wp-json\/wp\/v2\/types\/post"}],"author":[{"embeddable":true,"href":"https:\/\/franciscanos.org.br\/noticias\/wp-json\/wp\/v2\/users\/1"}],"replies":[{"embeddable":true,"href":"https:\/\/franciscanos.org.br\/noticias\/wp-json\/wp\/v2\/comments?post=96644"}],"version-history":[{"count":1,"href":"https:\/\/franciscanos.org.br\/noticias\/wp-json\/wp\/v2\/posts\/96644\/revisions"}],"predecessor-version":[{"id":225907,"href":"https:\/\/franciscanos.org.br\/noticias\/wp-json\/wp\/v2\/posts\/96644\/revisions\/225907"}],"wp:featuredmedia":[{"embeddable":true,"href":"https:\/\/franciscanos.org.br\/noticias\/wp-json\/wp\/v2\/media\/219148"}],"wp:attachment":[{"href":"https:\/\/franciscanos.org.br\/noticias\/wp-json\/wp\/v2\/media?parent=96644"}],"wp:term":[{"taxonomy":"category","embeddable":true,"href":"https:\/\/franciscanos.org.br\/noticias\/wp-json\/wp\/v2\/categories?post=96644"},{"taxonomy":"post_tag","embeddable":true,"href":"https:\/\/franciscanos.org.br\/noticias\/wp-json\/wp\/v2\/tags?post=96644"}],"curies":[{"name":"wp","href":"https:\/\/api.w.org\/{rel}","templated":true}]}}