{"id":96628,"date":"2015-10-14T11:48:42","date_gmt":"2015-10-14T14:48:42","guid":{"rendered":"http:\/\/franciscanos.org.br\/?p=96628"},"modified":"2019-09-27T11:16:49","modified_gmt":"2019-09-27T14:16:49","slug":"frei-clarencio-lanca-animais-no-altar","status":"publish","type":"post","link":"https:\/\/franciscanos.org.br\/noticias\/frei-clarencio-lanca-animais-no-altar.html","title":{"rendered":"Frei Clar\u00eancio Neotti lan\u00e7a &#8220;Animais no Altar&#8221; no dia 12"},"content":{"rendered":"<p><a href=\"http:\/\/franciscanos.org.br\/wp-content\/uploads\/2015\/10\/crarencio-820-b.jpg\"><img loading=\"lazy\" src=\"http:\/\/franciscanos.org.br\/wp-content\/uploads\/2015\/10\/crarencio-820-b.jpg\" alt=\"crarencio-820-b\" width=\"820\" height=\"303\" \/><\/a><\/p>\n<p>A iconografia e simbologia dos animais presentes nas religi\u00f5es s\u00e3o objetos de um estudo minucioso de Frei Clar\u00eancio Neotti, que originou o livro\u00a0\u00a0&#8220;Animais no Altar&#8221;,\u00a0que ser\u00e1 lan\u00e7ado \u00a0no dia 12 de novembro, \u00e0s 19h30, no Sal\u00e3o do Centro de Forma\u00e7\u00e3o, ao lado do Santu\u00e1rio do Divino Esp\u00edrito Santo, em Vila Velha (ES).<\/p>\n<p>Segundo Frei Clar\u00eancio, este estudo nasceu de um interesse pessoal quando trabalhou durante nove anos na C\u00faria Geral da Ordem dos Frades Menores, em Roma. Nesse per\u00edodo, de janeiro de 1995 a outubro de 2003, fundou o Departamento de Comunica\u00e7\u00e3o e Informa\u00e7\u00e3o da Ordem.<\/p>\n<p><a href=\"http:\/\/franciscanos.org.br\/wp-content\/uploads\/2015\/10\/livro-3.jpg\"><img loading=\"lazy\" class=\"alignright wp-image-96631\" src=\"http:\/\/franciscanos.org.br\/wp-content\/uploads\/2015\/10\/livro-3.jpg\" alt=\"livro-3\" width=\"335\" height=\"473\" \/><\/a>&#8220;Nesse tempo tinha os s\u00e1bados e domingos livres. Eram os dias em que eu visitava prolongadamente as Bas\u00edlicas trabalhadas por famosos artistas e as velhas igrejas carregadas de hist\u00f3ria. Para n\u00e3o entrar como turista, pensei em me obrigar a um tipo de estudo que me despertasse a curiosidade&#8221;.<\/p>\n<p>Entre a flora e da fauna, Frei Clar\u00eancio tirou par ou \u00edmpar e acabou tendo que ficar com a fauna. &#8220;Dei-me conta de que os animais simb\u00f3licos no Cristianismo eram bem mais numerosos do que pensava&#8221;, contou.<\/p>\n<p>N\u00e3o demorou muito, Frei Clar\u00eancio j\u00e1 estava imerso num universo complexo. &#8220;Passei a procurar animais nos altares, nos amb\u00f5es, nos capit\u00e9is, no texto e no ch\u00e3o, nos vitrais e portas. Comecei a estudar os mestres daquelas obras e com isso fui for\u00e7ado a frequentar bibliotecas especializadas em simbologia e linguagem n\u00e3o verbal&#8221;, explicou.<\/p>\n<p>Segundo o frade, que \u00e9 jornalista e escritor, nenhuma religi\u00e3o dispensa o s\u00edmbolo. &#8220;A melhor linguagem para expressar o religioso \u00e9 o s\u00edmbolo. As gera\u00e7\u00f5es que desprezaram o s\u00edmbolo foram pobres em humanidade e socialmente desequilibradas, como o foram o iluminismo e o racionalismo&#8221;, observa.<\/p>\n<p>Frei Clar\u00eancio explica que limitou sua pesquisa a igrejas, mosteiros e claustros. &#8220;O simbolismo dos animais n\u00e3o entrou apenas nas igrejas e na literatura crist\u00e3. Entrou tamb\u00e9m na her\u00e1ldica, que teve tanta import\u00e2ncia na Idade M\u00e9dia, no adorno dos castelos e salas e quartos de dormir, nas armas e bras\u00f5es, nas bandeiras e n\u00e3o em \u00faltimo lugar nos sobrenomes&#8221;, acrescenta o escritor, lembrando que n\u00e3o se ateve somente \u00e0 iconografia, mas entrou nos textos dos Mestres de espiritualidade, sobretudo dos Santos Padres.<\/p>\n<p>O ainda recente interesse pela Ecologia \u00e9 um retorno a uma linguagem de respeito ao mundo animal, vegetal e mineral, que a sociedade perdeu \u00e0 medida que dispensou os s\u00edmbolos.<\/p>\n<p>&#8220;Se o mundo p\u00f3s-moderno acordou para a ecologia \u00e9 porque estava dormindo no sono do seu egocentrismo, que ele pensou onipotente. O equil\u00edbrio humano pressup\u00f5e o mundo animal. N\u00e3o s\u00f3 o homem domestica e adestra o animal, mas o animal domestica e adestra o homem em sua religi\u00e3o, em sua vida social, em sua trajet\u00f3ria do seio de Deus \u00e0 terra e da terra ao seio de Deus. Que o confirmem a serpente enroscada na \u00c1rvore do Bem e do Mal na primeira p\u00e1gina do G\u00eanesis e o cordeiro triunfante sobre o drag\u00e3o acorrentado no abismo na \u00faltima p\u00e1gina do Apocalipse&#8221;.<\/p>\n<p>Frei Clar\u00eancio ingressou na Ordem Franciscana quando vestiu o h\u00e1bito de S\u00e3o Francisco de Assis em dezembro de 1954. Ordenou-se padre em 6 de janeiro de 1961. Foi professor de Comunica\u00e7\u00e3o e Teologia pastoral no Instituto Teol\u00f3gico Franciscano de Petr\u00f3polis e trabalhou durante 20 anos na Editora Vozes. Atualmente reside e trabalho no Santu\u00e1rio do Divino Esp\u00edrito Santo em Vila Velha.<\/p>\n","protected":false},"excerpt":{"rendered":"<p>Lan\u00e7amento<\/p>\n","protected":false},"author":1,"featured_media":211643,"comment_status":"open","ping_status":"open","sticky":false,"template":"","format":"standard","meta":[],"categories":[1],"tags":[],"acf":[],"yoast_head":"<!-- This site is optimized with the Yoast SEO plugin v19.2 - https:\/\/yoast.com\/wordpress\/plugins\/seo\/ -->\n<title>Frei Clar\u00eancio Neotti lan\u00e7a &quot;Animais no Altar&quot; no dia 12 - Not\u00edcias - Franciscanos<\/title>\n<meta name=\"robots\" content=\"index, follow, max-snippet:-1, max-image-preview:large, max-video-preview:-1\" \/>\n<link rel=\"canonical\" href=\"https:\/\/franciscanos.org.br\/noticias\/frei-clarencio-lanca-animais-no-altar.html\" \/>\n<meta property=\"og:locale\" content=\"pt_BR\" \/>\n<meta property=\"og:type\" content=\"article\" \/>\n<meta property=\"og:title\" content=\"Frei Clar\u00eancio Neotti lan\u00e7a &quot;Animais no Altar&quot; no dia 12 - Not\u00edcias - Franciscanos\" \/>\n<meta property=\"og:description\" content=\"Lan\u00e7amento\" \/>\n<meta property=\"og:url\" content=\"https:\/\/franciscanos.org.br\/noticias\/frei-clarencio-lanca-animais-no-altar.html\" \/>\n<meta property=\"og:site_name\" content=\"Not\u00edcias - Franciscanos\" \/>\n<meta property=\"article:published_time\" content=\"2015-10-14T14:48:42+00:00\" \/>\n<meta property=\"article:modified_time\" content=\"2019-09-27T14:16:49+00:00\" \/>\n<meta property=\"og:image\" content=\"https:\/\/franciscanos.org.br\/noticias\/wp-content\/uploads\/2015\/10\/crarencio-820-b.jpg\" \/>\n\t<meta property=\"og:image:width\" content=\"273\" \/>\n\t<meta property=\"og:image:height\" content=\"181\" \/>\n\t<meta property=\"og:image:type\" content=\"image\/jpeg\" \/>\n<meta name=\"author\" content=\"admin\" \/>\n<meta name=\"twitter:card\" content=\"summary_large_image\" \/>\n<meta name=\"twitter:label1\" content=\"Escrito por\" \/>\n\t<meta name=\"twitter:data1\" content=\"admin\" \/>\n\t<meta name=\"twitter:label2\" content=\"Est. tempo de leitura\" \/>\n\t<meta name=\"twitter:data2\" content=\"3 minutos\" \/>\n<script type=\"application\/ld+json\" class=\"yoast-schema-graph\">{\"@context\":\"https:\/\/schema.org\",\"@graph\":[{\"@type\":\"WebSite\",\"@id\":\"https:\/\/franciscanos.org.br\/noticias\/#website\",\"url\":\"https:\/\/franciscanos.org.br\/noticias\/\",\"name\":\"Not\u00edcias - Franciscanos\",\"description\":\"Prov\u00edncia Franciscana da Imaculada Concei\u00e7\u00e3o do Brasil - Ordem dos Frades Menores - OFM\",\"potentialAction\":[{\"@type\":\"SearchAction\",\"target\":{\"@type\":\"EntryPoint\",\"urlTemplate\":\"https:\/\/franciscanos.org.br\/noticias\/?s={search_term_string}\"},\"query-input\":\"required name=search_term_string\"}],\"inLanguage\":\"pt-BR\"},{\"@type\":\"ImageObject\",\"inLanguage\":\"pt-BR\",\"@id\":\"https:\/\/franciscanos.org.br\/noticias\/frei-clarencio-lanca-animais-no-altar.html#primaryimage\",\"url\":\"https:\/\/franciscanos.org.br\/noticias\/wp-content\/uploads\/2015\/10\/crarencio-820-b.jpg\",\"contentUrl\":\"https:\/\/franciscanos.org.br\/noticias\/wp-content\/uploads\/2015\/10\/crarencio-820-b.jpg\",\"width\":273,\"height\":181},{\"@type\":\"WebPage\",\"@id\":\"https:\/\/franciscanos.org.br\/noticias\/frei-clarencio-lanca-animais-no-altar.html#webpage\",\"url\":\"https:\/\/franciscanos.org.br\/noticias\/frei-clarencio-lanca-animais-no-altar.html\",\"name\":\"Frei Clar\u00eancio Neotti lan\u00e7a \\\"Animais no Altar\\\" no dia 12 - Not\u00edcias - Franciscanos\",\"isPartOf\":{\"@id\":\"https:\/\/franciscanos.org.br\/noticias\/#website\"},\"primaryImageOfPage\":{\"@id\":\"https:\/\/franciscanos.org.br\/noticias\/frei-clarencio-lanca-animais-no-altar.html#primaryimage\"},\"datePublished\":\"2015-10-14T14:48:42+00:00\",\"dateModified\":\"2019-09-27T14:16:49+00:00\",\"author\":{\"@id\":\"https:\/\/franciscanos.org.br\/noticias\/#\/schema\/person\/b38fbf43118f02820bd932f2e4b14ad3\"},\"breadcrumb\":{\"@id\":\"https:\/\/franciscanos.org.br\/noticias\/frei-clarencio-lanca-animais-no-altar.html#breadcrumb\"},\"inLanguage\":\"pt-BR\",\"potentialAction\":[{\"@type\":\"ReadAction\",\"target\":[\"https:\/\/franciscanos.org.br\/noticias\/frei-clarencio-lanca-animais-no-altar.html\"]}]},{\"@type\":\"BreadcrumbList\",\"@id\":\"https:\/\/franciscanos.org.br\/noticias\/frei-clarencio-lanca-animais-no-altar.html#breadcrumb\",\"itemListElement\":[{\"@type\":\"ListItem\",\"position\":1,\"name\":\"Home\",\"item\":\"https:\/\/franciscanos.org.br\/noticias\"},{\"@type\":\"ListItem\",\"position\":2,\"name\":\"Frei Clar\u00eancio Neotti lan\u00e7a &#8220;Animais no Altar&#8221; no dia 12\"}]},{\"@type\":\"Person\",\"@id\":\"https:\/\/franciscanos.org.br\/noticias\/#\/schema\/person\/b38fbf43118f02820bd932f2e4b14ad3\",\"name\":\"admin\",\"image\":{\"@type\":\"ImageObject\",\"inLanguage\":\"pt-BR\",\"@id\":\"https:\/\/franciscanos.org.br\/noticias\/#\/schema\/person\/image\/\",\"url\":\"https:\/\/secure.gravatar.com\/avatar\/e8495742d34d0ba6448ea1c628263b3e?s=96&d=mm&r=g\",\"contentUrl\":\"https:\/\/secure.gravatar.com\/avatar\/e8495742d34d0ba6448ea1c628263b3e?s=96&d=mm&r=g\",\"caption\":\"admin\"},\"url\":\"https:\/\/franciscanos.org.br\/noticias\/author\/admin\"}]}<\/script>\n<!-- \/ Yoast SEO plugin. -->","yoast_head_json":{"title":"Frei Clar\u00eancio Neotti lan\u00e7a \"Animais no Altar\" no dia 12 - Not\u00edcias - Franciscanos","robots":{"index":"index","follow":"follow","max-snippet":"max-snippet:-1","max-image-preview":"max-image-preview:large","max-video-preview":"max-video-preview:-1"},"canonical":"https:\/\/franciscanos.org.br\/noticias\/frei-clarencio-lanca-animais-no-altar.html","og_locale":"pt_BR","og_type":"article","og_title":"Frei Clar\u00eancio Neotti lan\u00e7a \"Animais no Altar\" no dia 12 - Not\u00edcias - Franciscanos","og_description":"Lan\u00e7amento","og_url":"https:\/\/franciscanos.org.br\/noticias\/frei-clarencio-lanca-animais-no-altar.html","og_site_name":"Not\u00edcias - Franciscanos","article_published_time":"2015-10-14T14:48:42+00:00","article_modified_time":"2019-09-27T14:16:49+00:00","og_image":[{"width":273,"height":181,"url":"https:\/\/franciscanos.org.br\/noticias\/wp-content\/uploads\/2015\/10\/crarencio-820-b.jpg","type":"image\/jpeg"}],"author":"admin","twitter_card":"summary_large_image","twitter_misc":{"Escrito por":"admin","Est. tempo de leitura":"3 minutos"},"schema":{"@context":"https:\/\/schema.org","@graph":[{"@type":"WebSite","@id":"https:\/\/franciscanos.org.br\/noticias\/#website","url":"https:\/\/franciscanos.org.br\/noticias\/","name":"Not\u00edcias - Franciscanos","description":"Prov\u00edncia Franciscana da Imaculada Concei\u00e7\u00e3o do Brasil - Ordem dos Frades Menores - OFM","potentialAction":[{"@type":"SearchAction","target":{"@type":"EntryPoint","urlTemplate":"https:\/\/franciscanos.org.br\/noticias\/?s={search_term_string}"},"query-input":"required name=search_term_string"}],"inLanguage":"pt-BR"},{"@type":"ImageObject","inLanguage":"pt-BR","@id":"https:\/\/franciscanos.org.br\/noticias\/frei-clarencio-lanca-animais-no-altar.html#primaryimage","url":"https:\/\/franciscanos.org.br\/noticias\/wp-content\/uploads\/2015\/10\/crarencio-820-b.jpg","contentUrl":"https:\/\/franciscanos.org.br\/noticias\/wp-content\/uploads\/2015\/10\/crarencio-820-b.jpg","width":273,"height":181},{"@type":"WebPage","@id":"https:\/\/franciscanos.org.br\/noticias\/frei-clarencio-lanca-animais-no-altar.html#webpage","url":"https:\/\/franciscanos.org.br\/noticias\/frei-clarencio-lanca-animais-no-altar.html","name":"Frei Clar\u00eancio Neotti lan\u00e7a \"Animais no Altar\" no dia 12 - Not\u00edcias - Franciscanos","isPartOf":{"@id":"https:\/\/franciscanos.org.br\/noticias\/#website"},"primaryImageOfPage":{"@id":"https:\/\/franciscanos.org.br\/noticias\/frei-clarencio-lanca-animais-no-altar.html#primaryimage"},"datePublished":"2015-10-14T14:48:42+00:00","dateModified":"2019-09-27T14:16:49+00:00","author":{"@id":"https:\/\/franciscanos.org.br\/noticias\/#\/schema\/person\/b38fbf43118f02820bd932f2e4b14ad3"},"breadcrumb":{"@id":"https:\/\/franciscanos.org.br\/noticias\/frei-clarencio-lanca-animais-no-altar.html#breadcrumb"},"inLanguage":"pt-BR","potentialAction":[{"@type":"ReadAction","target":["https:\/\/franciscanos.org.br\/noticias\/frei-clarencio-lanca-animais-no-altar.html"]}]},{"@type":"BreadcrumbList","@id":"https:\/\/franciscanos.org.br\/noticias\/frei-clarencio-lanca-animais-no-altar.html#breadcrumb","itemListElement":[{"@type":"ListItem","position":1,"name":"Home","item":"https:\/\/franciscanos.org.br\/noticias"},{"@type":"ListItem","position":2,"name":"Frei Clar\u00eancio Neotti lan\u00e7a &#8220;Animais no Altar&#8221; no dia 12"}]},{"@type":"Person","@id":"https:\/\/franciscanos.org.br\/noticias\/#\/schema\/person\/b38fbf43118f02820bd932f2e4b14ad3","name":"admin","image":{"@type":"ImageObject","inLanguage":"pt-BR","@id":"https:\/\/franciscanos.org.br\/noticias\/#\/schema\/person\/image\/","url":"https:\/\/secure.gravatar.com\/avatar\/e8495742d34d0ba6448ea1c628263b3e?s=96&d=mm&r=g","contentUrl":"https:\/\/secure.gravatar.com\/avatar\/e8495742d34d0ba6448ea1c628263b3e?s=96&d=mm&r=g","caption":"admin"},"url":"https:\/\/franciscanos.org.br\/noticias\/author\/admin"}]}},"_links":{"self":[{"href":"https:\/\/franciscanos.org.br\/noticias\/wp-json\/wp\/v2\/posts\/96628"}],"collection":[{"href":"https:\/\/franciscanos.org.br\/noticias\/wp-json\/wp\/v2\/posts"}],"about":[{"href":"https:\/\/franciscanos.org.br\/noticias\/wp-json\/wp\/v2\/types\/post"}],"author":[{"embeddable":true,"href":"https:\/\/franciscanos.org.br\/noticias\/wp-json\/wp\/v2\/users\/1"}],"replies":[{"embeddable":true,"href":"https:\/\/franciscanos.org.br\/noticias\/wp-json\/wp\/v2\/comments?post=96628"}],"version-history":[{"count":0,"href":"https:\/\/franciscanos.org.br\/noticias\/wp-json\/wp\/v2\/posts\/96628\/revisions"}],"wp:featuredmedia":[{"embeddable":true,"href":"https:\/\/franciscanos.org.br\/noticias\/wp-json\/wp\/v2\/media\/211643"}],"wp:attachment":[{"href":"https:\/\/franciscanos.org.br\/noticias\/wp-json\/wp\/v2\/media?parent=96628"}],"wp:term":[{"taxonomy":"category","embeddable":true,"href":"https:\/\/franciscanos.org.br\/noticias\/wp-json\/wp\/v2\/categories?post=96628"},{"taxonomy":"post_tag","embeddable":true,"href":"https:\/\/franciscanos.org.br\/noticias\/wp-json\/wp\/v2\/tags?post=96628"}],"curies":[{"name":"wp","href":"https:\/\/api.w.org\/{rel}","templated":true}]}}