{"id":9657,"date":"2011-12-19T10:19:37","date_gmt":"2011-12-19T12:19:37","guid":{"rendered":"http:\/\/new.franciscanos.org.br\/?p=9657"},"modified":"2019-09-13T12:29:06","modified_gmt":"2019-09-13T15:29:06","slug":"o-sim-dos-franciscanos-a-amparo","status":"publish","type":"post","link":"https:\/\/franciscanos.org.br\/noticias\/o-sim-dos-franciscanos-a-amparo.html","title":{"rendered":"O sim dos franciscanos a Amparo"},"content":{"rendered":"<p><img loading=\"lazy\" class=\"alignnone size-full wp-image-199146\" src=\"https:\/\/franciscanos.org.br\/noticias\/wp-content\/uploads\/2011\/12\/amparo1.jpg\" alt=\"\" width=\"830\" height=\"467\" srcset=\"https:\/\/franciscanos.org.br\/noticias\/wp-content\/uploads\/2011\/12\/amparo1.jpg 830w, https:\/\/franciscanos.org.br\/noticias\/wp-content\/uploads\/2011\/12\/amparo1-450x253.jpg 450w, https:\/\/franciscanos.org.br\/noticias\/wp-content\/uploads\/2011\/12\/amparo1-768x432.jpg 768w, https:\/\/franciscanos.org.br\/noticias\/wp-content\/uploads\/2011\/12\/amparo1-150x84.jpg 150w\" sizes=\"(max-width: 830px) 100vw, 830px\" \/><\/p>\n<p><strong>Moacir Beggo<\/strong><\/p>\n<p>O Ministro Provincial Frei Fid\u00eancio Vanboemmel encerrou neste domingo (18\/12) as festividades do centen\u00e1rio da presen\u00e7a franciscana em Amparo. Este grande momento da comunidade amparense terminou como come\u00e7ou h\u00e1 cem anos: com uma celebra\u00e7\u00e3o eucar\u00edstica bem franciscana. O povo veio em peso participar desta festa e Frei Fid\u00eancio pode agradecer e louvar a Deus por tantas gra\u00e7as alcan\u00e7adas neste centen\u00e1rio.<\/p>\n<p><img loading=\"lazy\" class=\"alignleft wp-image-199147 size-full\" src=\"https:\/\/franciscanos.org.br\/noticias\/wp-content\/uploads\/2011\/12\/amparo7.jpg\" alt=\"\" width=\"600\" height=\"338\" srcset=\"https:\/\/franciscanos.org.br\/noticias\/wp-content\/uploads\/2011\/12\/amparo7.jpg 600w, https:\/\/franciscanos.org.br\/noticias\/wp-content\/uploads\/2011\/12\/amparo7-450x254.jpg 450w, https:\/\/franciscanos.org.br\/noticias\/wp-content\/uploads\/2011\/12\/amparo7-150x85.jpg 150w\" sizes=\"(max-width: 600px) 100vw, 600px\" \/>Tra\u00e7ando um paralelo com a liturgia do 4\u00ba domingo do Advento, O Ministro Provincial lembrou do &#8220;sim&#8221; que os franciscanos deram ao bispo de Campinas, D. Jo\u00e3o Nery, h\u00e1 100 anos, quando convidou-os para ser esta presen\u00e7a evangelizadora em Amparo e a resposta de hoje: &#8220;Cem anos depois, nossa miss\u00e3o nada mais \u00e9 do que dizer: &#8216;N\u00f3s, frades menores, dizemos sim de novo, vivendo a nossa vida evang\u00e9lica, vivendo a nossa miss\u00e3o evangelizadora. Temos que repetir o sim todos os dias, para que esse mist\u00e9rio de Deus penetre a nossa vida franciscana para tamb\u00e9m encarnar, cada vez mais, esse Menino Deus no meio da comunidade, no meio da Igreja&#8217;.&#8221;<\/p>\n<p><img loading=\"lazy\" class=\"alignright size-full wp-image-199148\" src=\"https:\/\/franciscanos.org.br\/noticias\/wp-content\/uploads\/2011\/12\/amparo6.jpg\" alt=\"\" width=\"338\" height=\"600\" srcset=\"https:\/\/franciscanos.org.br\/noticias\/wp-content\/uploads\/2011\/12\/amparo6.jpg 338w, https:\/\/franciscanos.org.br\/noticias\/wp-content\/uploads\/2011\/12\/amparo6-254x450.jpg 254w, https:\/\/franciscanos.org.br\/noticias\/wp-content\/uploads\/2011\/12\/amparo6-150x266.jpg 150w\" sizes=\"(max-width: 338px) 100vw, 338px\" \/>A Miss\u00e3o de A\u00e7\u00e3o de Gra\u00e7as que encerrou este centen\u00e1rio foi transmitida ao vivo pela R\u00e1dio &#8220;Cidade das \u00c1guas&#8221;, \u00e0s 18 horas, e o Ministro Provincial teve como concelebrantes os sacerdotes da centen\u00e1ria Fraternidade de S\u00e3o Benedito; o vig\u00e1rio da Par\u00f3quia da Porci\u00fancula (RJ), Frei S\u00e9rgio Pagan, que ontem celebrou 35 anos de sacerd\u00f3cio; o guardi\u00e3o da Fraternidade de Bragan\u00e7a Paulista, Frei Carlos Pierezan; e o p\u00e1roco de Pedreira, Pe. Carlos Alberto Rodrigues Jorge. Religiosos, entre eles os frades estudantes de Teologia de Petr\u00f3polis (RJ), e religiosas marcaram presen\u00e7a, assim como movimentos tradicionais da cidade, como a Ordem Franciscana Secular e a Irmandade S\u00e3o Benedito. As comunidades atendidas pelos frades e todas as pastorais participaram ativamente da celebra\u00e7\u00e3o.<\/p>\n<p>A lembran\u00e7a das celebra\u00e7\u00f5es deste centen\u00e1rio continuar\u00e1\u00a0 viva entre os amparenses, que ganharam uma placa comemorativa em frente \u00e0 resid\u00eancia dos franciscanos. O descerramento da obra, doada pela C\u00e2mara Municipal de Amparo, foi feito depois da Missa e Frei Fid\u00eancio, com os frades presentes, deu a b\u00ean\u00e7\u00e3o de S\u00e3o Francisco.<\/p>\n<p><img loading=\"lazy\" class=\"alignleft size-full wp-image-199150\" src=\"https:\/\/franciscanos.org.br\/noticias\/wp-content\/uploads\/2011\/12\/amparo2.jpg\" alt=\"\" width=\"600\" height=\"338\" srcset=\"https:\/\/franciscanos.org.br\/noticias\/wp-content\/uploads\/2011\/12\/amparo2.jpg 600w, https:\/\/franciscanos.org.br\/noticias\/wp-content\/uploads\/2011\/12\/amparo2-450x254.jpg 450w, https:\/\/franciscanos.org.br\/noticias\/wp-content\/uploads\/2011\/12\/amparo2-150x85.jpg 150w\" sizes=\"(max-width: 600px) 100vw, 600px\" \/>Frei Fid\u00eancio n\u00e3o poupou agradecimentos \u00e0 Igreja local, em nome do Bispo D. Carlos Cepolini, ao povo de Amparo e \u00e0 Fraternidade de S\u00e3o Benedito: &#8220;Eu diria que a nossa presen\u00e7a franciscana\u00a0 neste cem anos em Amparo desejou ser exatamente esta mensagem do an\u00fancio da Encarna\u00e7\u00e3o do Senhor. N\u00f3s viemos aqui n\u00e3o para pregar o nosso nome de freis, mas viemos aqui a convite de um bispo que, h\u00e1 cem anos, perguntou: Voc\u00eas n\u00e3o querem evangelizar? Voc\u00eas n\u00e3o querem fazer vida de penit\u00eancia na cidade de Amparo? E a\u00ed se constituiu a primeira fraternidade nesta cidade&#8221;, recordou.<\/p>\n<p>&#8220;Ent\u00e3o, neste sentido, vejo esta grandeza do Evangelho muito associado \u00e0 nossa miss\u00e3o franciscana nesta cidade de Amparo. Por isso, neste momento, depois de dizermos o nosso muito obrigado a Deus, quero dizer aqui, em nome de todos os confrades, o meu muito obrigado a esta Igreja local, ao nosso bispo D. Pedro Carlos Cipolini, mas tamb\u00e9m muito, mas muito obrigado, a este povo de Amparo. A todos voc\u00eas, nossos benfeitores e benfeitoras, que nos ajudaram na edifica\u00e7\u00e3o desta Igreja viva. Voc\u00eas que ajudaram na partilha do p\u00e3o; que nos ajudaram como irm\u00e3os e irm\u00e3s na nossa pr\u00f3pria viv\u00eancia franciscana, no nosso ideal franciscano. Muito obrigado \u00e0 Ordem Franciscana Secular. A todos voc\u00eas, irm\u00e3os e irm\u00e3s, que nas nossas fragilidades, na nossa pequenez humana, nos compreenderam, nos perdoaram. O nosso muito obrigado \u00e0s religiosas, as nossas irm\u00e3s, que tamb\u00e9m nos fortaleceram na nossa consagra\u00e7\u00e3o a Deus enquanto religiosos. Por isso, n\u00f3s, frades menores, queremos dizer, cem anos depois, vamos irm\u00e3os todos, humildemente, perseverar na mesma f\u00e9 e na mesma penit\u00eancia. \u00c9 isso que Francisco de Assis dizia&#8221;, acrescentou Frei Fid\u00eancio, dirigindo-se depois a cada confrade da Fraternidade de Amparo.<\/p>\n<p><img loading=\"lazy\" class=\"alignright size-full wp-image-199151\" src=\"https:\/\/franciscanos.org.br\/noticias\/wp-content\/uploads\/2011\/12\/amparo4.jpg\" alt=\"\" width=\"600\" height=\"338\" srcset=\"https:\/\/franciscanos.org.br\/noticias\/wp-content\/uploads\/2011\/12\/amparo4.jpg 600w, https:\/\/franciscanos.org.br\/noticias\/wp-content\/uploads\/2011\/12\/amparo4-450x254.jpg 450w, https:\/\/franciscanos.org.br\/noticias\/wp-content\/uploads\/2011\/12\/amparo4-150x85.jpg 150w\" sizes=\"(max-width: 600px) 100vw, 600px\" \/>O Provincial informou que a Fraternidade agora est\u00e1 maior com a vinda do di\u00e1cono Frei Antenor Camilo Milit\u00e3o e deu informou que, a partir de fevereiro, a Fraternidade tamb\u00e9m ter\u00e1 outra miss\u00e3o: ser uma Fraternidade de Acolhimento Vocacional (FAV). Atualmente, os aspirantes \u00e0 vida religiosa franciscana, fazem um est\u00e1gio de seis meses nas FAVs e Amparo passa a ser uma dessas fraternidades. &#8220;Al\u00e9m de ser uma fraternidade evangelizadora, o nosso Convento vai ser um pequeno Semin\u00e1rio de acolhida. Por isso, irm\u00e3os e irm\u00e3s, eu convoco a unirmos a eles para quem sabe, na nossa comunidade, possa nascer novas e santas voca\u00e7\u00f5es&#8221;, completou Frei Fid\u00eancio.<\/p>\n<p>O p\u00e1roco e guardi\u00e3o Frei Jo\u00e3o Pereira da Silva tamb\u00e9m explicou como envolveu toda a comunidade para preparar este centen\u00e1rio e agradeceu a todos que participaram deste grande momento.<\/p>\n<p><strong>Frei S\u00e9rgio: 35 anos de Sacerd\u00f3cio<\/strong><\/p>\n<p>Hoje, Frei S\u00e9rgio Pagan \u00e9 a \u00fanica voca\u00e7\u00e3o franciscana da cidade. Neste domingo (18\/12), ele celebrou tamb\u00e9m 35 anos de vida sacerdotal e, muito emocionado, recordou a sua caminhada vocacional, que teve in\u00edcio h\u00e1 50 anos. Frei S\u00e9rgio reside e trabalha na Fraternidade da Porci\u00fancula de Niter\u00f3i (RJ).<\/p>\n<p><strong>Pedido ao Ministro Provincial<\/strong><\/p>\n<p><img loading=\"lazy\" class=\"alignright size-full wp-image-199152\" src=\"https:\/\/franciscanos.org.br\/noticias\/wp-content\/uploads\/2011\/12\/amparo3.jpg\" alt=\"\" width=\"600\" height=\"338\" srcset=\"https:\/\/franciscanos.org.br\/noticias\/wp-content\/uploads\/2011\/12\/amparo3.jpg 600w, https:\/\/franciscanos.org.br\/noticias\/wp-content\/uploads\/2011\/12\/amparo3-450x254.jpg 450w, https:\/\/franciscanos.org.br\/noticias\/wp-content\/uploads\/2011\/12\/amparo3-150x85.jpg 150w\" sizes=\"(max-width: 600px) 100vw, 600px\" \/>Em nome de todas as pastorais e movimentos, Rodrigo Fagundes foi ovacionado quando destacou a presen\u00e7a franciscana na sua cidade e fez um pedido ao Ministro Provincial para continuar esta miss\u00e3o: &#8220;Muito foi dito sobre o passado e o presente. Muito foi falado, mas sentimos que faltou uma coisa. E agora me dirijo de forma especial ao Ministro Provincial, Frei Fid\u00eancio: n\u00f3s fomos muito felizes e aben\u00e7oados nesses cem anos; n\u00f3s somos muito felizes e aben\u00e7oados no presente e \u00e9 o nosso real desejo de permanecermos felizes e aben\u00e7oados com a presen\u00e7a franciscana em nossas vidas&#8221;, pediu Rodrigo em nome do povo.<\/p>\n<p>E continuou: &#8220;N\u00f3s n\u00e3o somos ing\u00eanuos e sabemos que a Igreja tem o seu caminho, todavia queremos hoje asseverar que o desejo do nosso cora\u00e7\u00e3o de que os frades fiquem aqui conosco para sempre. Esse \u00e9 o sentimento n\u00e3o s\u00f3 dos paroquianos, mas de toda a cidade expressa nesta comemora\u00e7\u00e3o jubilar&#8221;, concluiu.<\/p>\n<p><strong>Confraterniza\u00e7\u00e3o franciscana<\/strong><\/p>\n<p>Os frades tamb\u00e9m tiveram um domingo especial: foram convidados para um almo\u00e7o no Convento das Irm\u00e3s Franciscanas Mission\u00e1rias do Cora\u00e7\u00e3o Imaculado de Maria, que fica na quadra atr\u00e1s da Par\u00f3quia de S\u00e3o Benedito.<\/p>\n<p>&nbsp;<\/p>\n","protected":false},"excerpt":{"rendered":"<p>Centen\u00e1rio da presen\u00e7a franciscana em Amparo<\/p>\n","protected":false},"author":1,"featured_media":210831,"comment_status":"closed","ping_status":"open","sticky":false,"template":"","format":"standard","meta":[],"categories":[1],"tags":[100,101],"acf":[],"yoast_head":"<!-- This site is optimized with the Yoast SEO plugin v19.2 - https:\/\/yoast.com\/wordpress\/plugins\/seo\/ -->\n<title>O sim dos franciscanos a Amparo - Not\u00edcias - Franciscanos<\/title>\n<meta name=\"robots\" content=\"index, follow, max-snippet:-1, max-image-preview:large, max-video-preview:-1\" \/>\n<link rel=\"canonical\" href=\"https:\/\/franciscanos.org.br\/noticias\/o-sim-dos-franciscanos-a-amparo.html\" \/>\n<meta property=\"og:locale\" content=\"pt_BR\" \/>\n<meta property=\"og:type\" content=\"article\" \/>\n<meta property=\"og:title\" content=\"O sim dos franciscanos a Amparo - Not\u00edcias - Franciscanos\" \/>\n<meta property=\"og:description\" content=\"Centen\u00e1rio da presen\u00e7a franciscana em Amparo\" \/>\n<meta property=\"og:url\" content=\"https:\/\/franciscanos.org.br\/noticias\/o-sim-dos-franciscanos-a-amparo.html\" \/>\n<meta property=\"og:site_name\" content=\"Not\u00edcias - Franciscanos\" \/>\n<meta property=\"article:published_time\" content=\"2011-12-19T12:19:37+00:00\" \/>\n<meta property=\"article:modified_time\" content=\"2019-09-13T15:29:06+00:00\" \/>\n<meta property=\"og:image\" content=\"https:\/\/franciscanos.org.br\/noticias\/wp-content\/uploads\/2011\/12\/amparo1-1.jpg\" \/>\n\t<meta property=\"og:image:width\" content=\"273\" \/>\n\t<meta property=\"og:image:height\" content=\"181\" \/>\n\t<meta property=\"og:image:type\" content=\"image\/jpeg\" \/>\n<meta name=\"author\" content=\"admin\" \/>\n<meta name=\"twitter:card\" content=\"summary_large_image\" \/>\n<meta name=\"twitter:label1\" content=\"Escrito por\" \/>\n\t<meta name=\"twitter:data1\" content=\"admin\" \/>\n\t<meta name=\"twitter:label2\" content=\"Est. tempo de leitura\" \/>\n\t<meta name=\"twitter:data2\" content=\"6 minutos\" \/>\n<script type=\"application\/ld+json\" class=\"yoast-schema-graph\">{\"@context\":\"https:\/\/schema.org\",\"@graph\":[{\"@type\":\"WebSite\",\"@id\":\"https:\/\/franciscanos.org.br\/noticias\/#website\",\"url\":\"https:\/\/franciscanos.org.br\/noticias\/\",\"name\":\"Not\u00edcias - Franciscanos\",\"description\":\"Prov\u00edncia Franciscana da Imaculada Concei\u00e7\u00e3o do Brasil - Ordem dos Frades Menores - OFM\",\"potentialAction\":[{\"@type\":\"SearchAction\",\"target\":{\"@type\":\"EntryPoint\",\"urlTemplate\":\"https:\/\/franciscanos.org.br\/noticias\/?s={search_term_string}\"},\"query-input\":\"required name=search_term_string\"}],\"inLanguage\":\"pt-BR\"},{\"@type\":\"ImageObject\",\"inLanguage\":\"pt-BR\",\"@id\":\"https:\/\/franciscanos.org.br\/noticias\/o-sim-dos-franciscanos-a-amparo.html#primaryimage\",\"url\":\"https:\/\/franciscanos.org.br\/noticias\/wp-content\/uploads\/2011\/12\/amparo1-1.jpg\",\"contentUrl\":\"https:\/\/franciscanos.org.br\/noticias\/wp-content\/uploads\/2011\/12\/amparo1-1.jpg\",\"width\":273,\"height\":181},{\"@type\":\"WebPage\",\"@id\":\"https:\/\/franciscanos.org.br\/noticias\/o-sim-dos-franciscanos-a-amparo.html#webpage\",\"url\":\"https:\/\/franciscanos.org.br\/noticias\/o-sim-dos-franciscanos-a-amparo.html\",\"name\":\"O sim dos franciscanos a Amparo - Not\u00edcias - Franciscanos\",\"isPartOf\":{\"@id\":\"https:\/\/franciscanos.org.br\/noticias\/#website\"},\"primaryImageOfPage\":{\"@id\":\"https:\/\/franciscanos.org.br\/noticias\/o-sim-dos-franciscanos-a-amparo.html#primaryimage\"},\"datePublished\":\"2011-12-19T12:19:37+00:00\",\"dateModified\":\"2019-09-13T15:29:06+00:00\",\"author\":{\"@id\":\"https:\/\/franciscanos.org.br\/noticias\/#\/schema\/person\/b38fbf43118f02820bd932f2e4b14ad3\"},\"breadcrumb\":{\"@id\":\"https:\/\/franciscanos.org.br\/noticias\/o-sim-dos-franciscanos-a-amparo.html#breadcrumb\"},\"inLanguage\":\"pt-BR\",\"potentialAction\":[{\"@type\":\"ReadAction\",\"target\":[\"https:\/\/franciscanos.org.br\/noticias\/o-sim-dos-franciscanos-a-amparo.html\"]}]},{\"@type\":\"BreadcrumbList\",\"@id\":\"https:\/\/franciscanos.org.br\/noticias\/o-sim-dos-franciscanos-a-amparo.html#breadcrumb\",\"itemListElement\":[{\"@type\":\"ListItem\",\"position\":1,\"name\":\"Home\",\"item\":\"https:\/\/franciscanos.org.br\/noticias\"},{\"@type\":\"ListItem\",\"position\":2,\"name\":\"O sim dos franciscanos a Amparo\"}]},{\"@type\":\"Person\",\"@id\":\"https:\/\/franciscanos.org.br\/noticias\/#\/schema\/person\/b38fbf43118f02820bd932f2e4b14ad3\",\"name\":\"admin\",\"image\":{\"@type\":\"ImageObject\",\"inLanguage\":\"pt-BR\",\"@id\":\"https:\/\/franciscanos.org.br\/noticias\/#\/schema\/person\/image\/\",\"url\":\"https:\/\/secure.gravatar.com\/avatar\/e8495742d34d0ba6448ea1c628263b3e?s=96&d=mm&r=g\",\"contentUrl\":\"https:\/\/secure.gravatar.com\/avatar\/e8495742d34d0ba6448ea1c628263b3e?s=96&d=mm&r=g\",\"caption\":\"admin\"},\"url\":\"https:\/\/franciscanos.org.br\/noticias\/author\/admin\"}]}<\/script>\n<!-- \/ Yoast SEO plugin. -->","yoast_head_json":{"title":"O sim dos franciscanos a Amparo - Not\u00edcias - Franciscanos","robots":{"index":"index","follow":"follow","max-snippet":"max-snippet:-1","max-image-preview":"max-image-preview:large","max-video-preview":"max-video-preview:-1"},"canonical":"https:\/\/franciscanos.org.br\/noticias\/o-sim-dos-franciscanos-a-amparo.html","og_locale":"pt_BR","og_type":"article","og_title":"O sim dos franciscanos a Amparo - Not\u00edcias - Franciscanos","og_description":"Centen\u00e1rio da presen\u00e7a franciscana em Amparo","og_url":"https:\/\/franciscanos.org.br\/noticias\/o-sim-dos-franciscanos-a-amparo.html","og_site_name":"Not\u00edcias - Franciscanos","article_published_time":"2011-12-19T12:19:37+00:00","article_modified_time":"2019-09-13T15:29:06+00:00","og_image":[{"width":273,"height":181,"url":"https:\/\/franciscanos.org.br\/noticias\/wp-content\/uploads\/2011\/12\/amparo1-1.jpg","type":"image\/jpeg"}],"author":"admin","twitter_card":"summary_large_image","twitter_misc":{"Escrito por":"admin","Est. tempo de leitura":"6 minutos"},"schema":{"@context":"https:\/\/schema.org","@graph":[{"@type":"WebSite","@id":"https:\/\/franciscanos.org.br\/noticias\/#website","url":"https:\/\/franciscanos.org.br\/noticias\/","name":"Not\u00edcias - Franciscanos","description":"Prov\u00edncia Franciscana da Imaculada Concei\u00e7\u00e3o do Brasil - Ordem dos Frades Menores - OFM","potentialAction":[{"@type":"SearchAction","target":{"@type":"EntryPoint","urlTemplate":"https:\/\/franciscanos.org.br\/noticias\/?s={search_term_string}"},"query-input":"required name=search_term_string"}],"inLanguage":"pt-BR"},{"@type":"ImageObject","inLanguage":"pt-BR","@id":"https:\/\/franciscanos.org.br\/noticias\/o-sim-dos-franciscanos-a-amparo.html#primaryimage","url":"https:\/\/franciscanos.org.br\/noticias\/wp-content\/uploads\/2011\/12\/amparo1-1.jpg","contentUrl":"https:\/\/franciscanos.org.br\/noticias\/wp-content\/uploads\/2011\/12\/amparo1-1.jpg","width":273,"height":181},{"@type":"WebPage","@id":"https:\/\/franciscanos.org.br\/noticias\/o-sim-dos-franciscanos-a-amparo.html#webpage","url":"https:\/\/franciscanos.org.br\/noticias\/o-sim-dos-franciscanos-a-amparo.html","name":"O sim dos franciscanos a Amparo - Not\u00edcias - Franciscanos","isPartOf":{"@id":"https:\/\/franciscanos.org.br\/noticias\/#website"},"primaryImageOfPage":{"@id":"https:\/\/franciscanos.org.br\/noticias\/o-sim-dos-franciscanos-a-amparo.html#primaryimage"},"datePublished":"2011-12-19T12:19:37+00:00","dateModified":"2019-09-13T15:29:06+00:00","author":{"@id":"https:\/\/franciscanos.org.br\/noticias\/#\/schema\/person\/b38fbf43118f02820bd932f2e4b14ad3"},"breadcrumb":{"@id":"https:\/\/franciscanos.org.br\/noticias\/o-sim-dos-franciscanos-a-amparo.html#breadcrumb"},"inLanguage":"pt-BR","potentialAction":[{"@type":"ReadAction","target":["https:\/\/franciscanos.org.br\/noticias\/o-sim-dos-franciscanos-a-amparo.html"]}]},{"@type":"BreadcrumbList","@id":"https:\/\/franciscanos.org.br\/noticias\/o-sim-dos-franciscanos-a-amparo.html#breadcrumb","itemListElement":[{"@type":"ListItem","position":1,"name":"Home","item":"https:\/\/franciscanos.org.br\/noticias"},{"@type":"ListItem","position":2,"name":"O sim dos franciscanos a Amparo"}]},{"@type":"Person","@id":"https:\/\/franciscanos.org.br\/noticias\/#\/schema\/person\/b38fbf43118f02820bd932f2e4b14ad3","name":"admin","image":{"@type":"ImageObject","inLanguage":"pt-BR","@id":"https:\/\/franciscanos.org.br\/noticias\/#\/schema\/person\/image\/","url":"https:\/\/secure.gravatar.com\/avatar\/e8495742d34d0ba6448ea1c628263b3e?s=96&d=mm&r=g","contentUrl":"https:\/\/secure.gravatar.com\/avatar\/e8495742d34d0ba6448ea1c628263b3e?s=96&d=mm&r=g","caption":"admin"},"url":"https:\/\/franciscanos.org.br\/noticias\/author\/admin"}]}},"_links":{"self":[{"href":"https:\/\/franciscanos.org.br\/noticias\/wp-json\/wp\/v2\/posts\/9657"}],"collection":[{"href":"https:\/\/franciscanos.org.br\/noticias\/wp-json\/wp\/v2\/posts"}],"about":[{"href":"https:\/\/franciscanos.org.br\/noticias\/wp-json\/wp\/v2\/types\/post"}],"author":[{"embeddable":true,"href":"https:\/\/franciscanos.org.br\/noticias\/wp-json\/wp\/v2\/users\/1"}],"replies":[{"embeddable":true,"href":"https:\/\/franciscanos.org.br\/noticias\/wp-json\/wp\/v2\/comments?post=9657"}],"version-history":[{"count":0,"href":"https:\/\/franciscanos.org.br\/noticias\/wp-json\/wp\/v2\/posts\/9657\/revisions"}],"wp:featuredmedia":[{"embeddable":true,"href":"https:\/\/franciscanos.org.br\/noticias\/wp-json\/wp\/v2\/media\/210831"}],"wp:attachment":[{"href":"https:\/\/franciscanos.org.br\/noticias\/wp-json\/wp\/v2\/media?parent=9657"}],"wp:term":[{"taxonomy":"category","embeddable":true,"href":"https:\/\/franciscanos.org.br\/noticias\/wp-json\/wp\/v2\/categories?post=9657"},{"taxonomy":"post_tag","embeddable":true,"href":"https:\/\/franciscanos.org.br\/noticias\/wp-json\/wp\/v2\/tags?post=9657"}],"curies":[{"name":"wp","href":"https:\/\/api.w.org\/{rel}","templated":true}]}}