{"id":96564,"date":"2015-10-13T08:52:28","date_gmt":"2015-10-13T11:52:28","guid":{"rendered":"http:\/\/franciscanos.org.br\/?p=96564"},"modified":"2021-07-05T20:21:25","modified_gmt":"2021-07-05T23:21:25","slug":"anfitrioes-abrem-congresso-de-meninos-cantores-do-brasil","status":"publish","type":"post","link":"https:\/\/franciscanos.org.br\/noticias\/anfitrioes-abrem-congresso-de-meninos-cantores-do-brasil.html","title":{"rendered":"Anfitri\u00f5es abrem Congresso de Meninos Cantores do Brasil"},"content":{"rendered":"<p>Petr\u00f3polis, reconhecida nacionalmente como a cidade dos corais, recebe nesta quinta-feira (15), a primeira atra\u00e7\u00e3o do XIV Congresso Regional de Meninos Cantores do Brasil, promovido pela Federa\u00e7\u00e3o Nacional. O Concerto de Abertura, que ser\u00e1 realizado pelos anfitri\u00f5es do encontro, os corais dos Canarinhos de Petr\u00f3polis e das Meninas dos Canarinhos de Petr\u00f3polis, marca o in\u00edcio de tr\u00eas dias de eventos gratuitos em diferentes locais do munic\u00edpio. A apresenta\u00e7\u00e3o ser\u00e1 na Igreja do Sagrado Cora\u00e7\u00e3o de Jesus, \u00e0s 20h.<\/p>\n<p>\u201c\u00c9 uma grande alegria receber em nossa cidade grandes corais, com tradi\u00e7\u00e3o e alto n\u00edvel musical, de diversas regi\u00f5es do Brasil. Estamos animados em poder recepcion\u00e1-los com este primeiro concerto, ser\u00e1 um grande momento de confraterniza\u00e7\u00e3o com os nossos colegas do canto coral\u201d, comemora o maestro do Coral dos Canarinhos e presidente da Federa\u00e7\u00e3o Nacional dos Meninos Cantores do Brasil, Marco Aur\u00e9lio Lischt.<\/p>\n<p>Durante a solenidade de abertura, os coros participantes do Congresso ser\u00e3o apresentados ao p\u00fablico, com o desfile da bandeira de cada institui\u00e7\u00e3o. Al\u00e9m dos Canarinhos e das Meninas dos Canarinhos de Petr\u00f3polis, tamb\u00e9m participam o Coral Mater Verbi\u00a0 (Juiz de Fora\/MG), Pequenos Cantores de C\u00e1ssia (C\u00e1ssia\/MG), Coral Canarinhos de Itabirito (Itabirito\/MG), Meninos Cantores de Campinas (Campinas\/SP), Coral Mater Ecclesiae (Santa Luzia\/MG) e Coral Mosteiro S\u00e3o Bento (Bras\u00edlia\/DF).<\/p>\n<p><a href=\"http:\/\/franciscanos.org.br\/wp-content\/uploads\/2015\/10\/Canarinhos-450.jpg\"><img loading=\"lazy\" class=\"alignleft size-full wp-image-96570\" src=\"http:\/\/franciscanos.org.br\/wp-content\/uploads\/2015\/10\/Canarinhos-450.jpg\" alt=\"Canarinhos-450\" width=\"450\" height=\"300\" \/><\/a>Ap\u00f3s o desfile, o Coral das Meninas dos Canarinhos, sob a reg\u00eancia do maestro Marcelo Vizani e acompanhamento do pianista Ramon Theobald, abrir\u00e1 a s\u00e9rie de concertos do Congresso. O programa inclui as obras Danny Boy, com arranjo de David Downes, Regina Caeli, de Ramiro Real, Ave Maria de Tim Blickhan e Haec Dies II, de Ant\u00f4nio Gast\u00e3o, feita especialmente para o primeiro CD do grupo vocal.<\/p>\n<p>Em seguida, se apresentar\u00e1 o Coral dos Canarinhos de Petr\u00f3polis, sob a reg\u00eancia do maestro Marco Aur\u00e9lio Lischt. O repert\u00f3rio apresentar\u00e1 as can\u00e7\u00f5es A Hymn to the Virgin, de Benjamin Britten, Ave Regina Coelorum, do m\u00fasico brasileiro Alexandre Schubert, Eli, Eli!, de Gy\u00f6rgy B\u00e1rdos e All That Hath Life and Breath Praise Ye the Lord, de Ren\u00e9 Clausen.<\/p>\n<p>Al\u00e9m do Concerto de Abertura, na sexta-feira (16), ser\u00e1 realizado o Concerto de Gala no Theatro Dom Pedro, \u00e0s 20h. O evento contar\u00e1 com apresenta\u00e7\u00f5es individuais dos grupos vocais. J\u00e1 no s\u00e1bado (17), acontece a missa de encerramento do Congresso, presidida pelo bispo diocesano de Petr\u00f3polis Dom Greg\u00f3rio Paix\u00e3o, com acompanhamento dos corais.\u00a0 A celebra\u00e7\u00e3o ser\u00e1 na Catedral S\u00e3o Pedro de Alc\u00e2ntara, a partir das 16h.<\/p>\n<p>Mais informa\u00e7\u00f5es sobre o Congresso Regional de Meninos Cantores do Brasil, ou sobre as atividades do Instituto dos Meninos Cantores de Petr\u00f3polis podem ser consultadas pelo telefone: <a href=\"tel:%2824%29%202104-4141\">(24) 2104-4141<\/a>, pelo site <a href=\"http:\/\/www.canarinhos.com.br\/\">www.canarinhos.com.br<\/a>\u00a0ou pelo Facebook:\u00a0<a href=\"http:\/\/fb.com\/canarinhosdepetropolis\">http:\/\/fb.com\/canarinhosdepetropolis<\/a>.<\/p>\n<p><strong>Philippe Fernandes<\/strong><em>, especial para este site<\/em><\/p>\n","protected":false},"excerpt":{"rendered":"<p>Canarinhos<\/p>\n","protected":false},"author":1,"featured_media":201543,"comment_status":"open","ping_status":"open","sticky":false,"template":"","format":"standard","meta":[],"categories":[1],"tags":[1378],"acf":[],"yoast_head":"<!-- This site is optimized with the Yoast SEO plugin v19.2 - https:\/\/yoast.com\/wordpress\/plugins\/seo\/ -->\n<title>Anfitri\u00f5es abrem Congresso de Meninos Cantores do Brasil - Not\u00edcias - Franciscanos<\/title>\n<meta name=\"robots\" content=\"index, follow, max-snippet:-1, max-image-preview:large, max-video-preview:-1\" \/>\n<link rel=\"canonical\" href=\"https:\/\/franciscanos.org.br\/noticias\/anfitrioes-abrem-congresso-de-meninos-cantores-do-brasil.html\" \/>\n<meta property=\"og:locale\" content=\"pt_BR\" \/>\n<meta property=\"og:type\" content=\"article\" \/>\n<meta property=\"og:title\" content=\"Anfitri\u00f5es abrem Congresso de Meninos Cantores do Brasil - Not\u00edcias - Franciscanos\" \/>\n<meta property=\"og:description\" content=\"Canarinhos\" \/>\n<meta property=\"og:url\" content=\"https:\/\/franciscanos.org.br\/noticias\/anfitrioes-abrem-congresso-de-meninos-cantores-do-brasil.html\" \/>\n<meta property=\"og:site_name\" content=\"Not\u00edcias - Franciscanos\" \/>\n<meta property=\"article:published_time\" content=\"2015-10-13T11:52:28+00:00\" \/>\n<meta property=\"article:modified_time\" content=\"2021-07-05T23:21:25+00:00\" \/>\n<meta property=\"og:image\" content=\"https:\/\/franciscanos.org.br\/noticias\/wp-content\/uploads\/2015\/10\/Canarinhos_coral.jpg\" \/>\n\t<meta property=\"og:image:width\" content=\"273\" \/>\n\t<meta property=\"og:image:height\" content=\"181\" \/>\n\t<meta property=\"og:image:type\" content=\"image\/jpeg\" \/>\n<meta name=\"author\" content=\"admin\" \/>\n<meta name=\"twitter:card\" content=\"summary_large_image\" \/>\n<meta name=\"twitter:label1\" content=\"Escrito por\" \/>\n\t<meta name=\"twitter:data1\" content=\"admin\" \/>\n\t<meta name=\"twitter:label2\" content=\"Est. tempo de leitura\" \/>\n\t<meta name=\"twitter:data2\" content=\"3 minutos\" \/>\n<script type=\"application\/ld+json\" class=\"yoast-schema-graph\">{\"@context\":\"https:\/\/schema.org\",\"@graph\":[{\"@type\":\"WebSite\",\"@id\":\"https:\/\/franciscanos.org.br\/noticias\/#website\",\"url\":\"https:\/\/franciscanos.org.br\/noticias\/\",\"name\":\"Not\u00edcias - Franciscanos\",\"description\":\"Prov\u00edncia Franciscana da Imaculada Concei\u00e7\u00e3o do Brasil - Ordem dos Frades Menores - OFM\",\"potentialAction\":[{\"@type\":\"SearchAction\",\"target\":{\"@type\":\"EntryPoint\",\"urlTemplate\":\"https:\/\/franciscanos.org.br\/noticias\/?s={search_term_string}\"},\"query-input\":\"required name=search_term_string\"}],\"inLanguage\":\"pt-BR\"},{\"@type\":\"ImageObject\",\"inLanguage\":\"pt-BR\",\"@id\":\"https:\/\/franciscanos.org.br\/noticias\/anfitrioes-abrem-congresso-de-meninos-cantores-do-brasil.html#primaryimage\",\"url\":\"https:\/\/franciscanos.org.br\/noticias\/wp-content\/uploads\/2015\/10\/Canarinhos_coral.jpg\",\"contentUrl\":\"https:\/\/franciscanos.org.br\/noticias\/wp-content\/uploads\/2015\/10\/Canarinhos_coral.jpg\",\"width\":273,\"height\":181},{\"@type\":\"WebPage\",\"@id\":\"https:\/\/franciscanos.org.br\/noticias\/anfitrioes-abrem-congresso-de-meninos-cantores-do-brasil.html#webpage\",\"url\":\"https:\/\/franciscanos.org.br\/noticias\/anfitrioes-abrem-congresso-de-meninos-cantores-do-brasil.html\",\"name\":\"Anfitri\u00f5es abrem Congresso de Meninos Cantores do Brasil - Not\u00edcias - Franciscanos\",\"isPartOf\":{\"@id\":\"https:\/\/franciscanos.org.br\/noticias\/#website\"},\"primaryImageOfPage\":{\"@id\":\"https:\/\/franciscanos.org.br\/noticias\/anfitrioes-abrem-congresso-de-meninos-cantores-do-brasil.html#primaryimage\"},\"datePublished\":\"2015-10-13T11:52:28+00:00\",\"dateModified\":\"2021-07-05T23:21:25+00:00\",\"author\":{\"@id\":\"https:\/\/franciscanos.org.br\/noticias\/#\/schema\/person\/b38fbf43118f02820bd932f2e4b14ad3\"},\"breadcrumb\":{\"@id\":\"https:\/\/franciscanos.org.br\/noticias\/anfitrioes-abrem-congresso-de-meninos-cantores-do-brasil.html#breadcrumb\"},\"inLanguage\":\"pt-BR\",\"potentialAction\":[{\"@type\":\"ReadAction\",\"target\":[\"https:\/\/franciscanos.org.br\/noticias\/anfitrioes-abrem-congresso-de-meninos-cantores-do-brasil.html\"]}]},{\"@type\":\"BreadcrumbList\",\"@id\":\"https:\/\/franciscanos.org.br\/noticias\/anfitrioes-abrem-congresso-de-meninos-cantores-do-brasil.html#breadcrumb\",\"itemListElement\":[{\"@type\":\"ListItem\",\"position\":1,\"name\":\"Home\",\"item\":\"https:\/\/franciscanos.org.br\/noticias\"},{\"@type\":\"ListItem\",\"position\":2,\"name\":\"Anfitri\u00f5es abrem Congresso de Meninos Cantores do Brasil\"}]},{\"@type\":\"Person\",\"@id\":\"https:\/\/franciscanos.org.br\/noticias\/#\/schema\/person\/b38fbf43118f02820bd932f2e4b14ad3\",\"name\":\"admin\",\"image\":{\"@type\":\"ImageObject\",\"inLanguage\":\"pt-BR\",\"@id\":\"https:\/\/franciscanos.org.br\/noticias\/#\/schema\/person\/image\/\",\"url\":\"https:\/\/secure.gravatar.com\/avatar\/e8495742d34d0ba6448ea1c628263b3e?s=96&d=mm&r=g\",\"contentUrl\":\"https:\/\/secure.gravatar.com\/avatar\/e8495742d34d0ba6448ea1c628263b3e?s=96&d=mm&r=g\",\"caption\":\"admin\"},\"url\":\"https:\/\/franciscanos.org.br\/noticias\/author\/admin\"}]}<\/script>\n<!-- \/ Yoast SEO plugin. -->","yoast_head_json":{"title":"Anfitri\u00f5es abrem Congresso de Meninos Cantores do Brasil - Not\u00edcias - Franciscanos","robots":{"index":"index","follow":"follow","max-snippet":"max-snippet:-1","max-image-preview":"max-image-preview:large","max-video-preview":"max-video-preview:-1"},"canonical":"https:\/\/franciscanos.org.br\/noticias\/anfitrioes-abrem-congresso-de-meninos-cantores-do-brasil.html","og_locale":"pt_BR","og_type":"article","og_title":"Anfitri\u00f5es abrem Congresso de Meninos Cantores do Brasil - Not\u00edcias - Franciscanos","og_description":"Canarinhos","og_url":"https:\/\/franciscanos.org.br\/noticias\/anfitrioes-abrem-congresso-de-meninos-cantores-do-brasil.html","og_site_name":"Not\u00edcias - Franciscanos","article_published_time":"2015-10-13T11:52:28+00:00","article_modified_time":"2021-07-05T23:21:25+00:00","og_image":[{"width":273,"height":181,"url":"https:\/\/franciscanos.org.br\/noticias\/wp-content\/uploads\/2015\/10\/Canarinhos_coral.jpg","type":"image\/jpeg"}],"author":"admin","twitter_card":"summary_large_image","twitter_misc":{"Escrito por":"admin","Est. tempo de leitura":"3 minutos"},"schema":{"@context":"https:\/\/schema.org","@graph":[{"@type":"WebSite","@id":"https:\/\/franciscanos.org.br\/noticias\/#website","url":"https:\/\/franciscanos.org.br\/noticias\/","name":"Not\u00edcias - Franciscanos","description":"Prov\u00edncia Franciscana da Imaculada Concei\u00e7\u00e3o do Brasil - Ordem dos Frades Menores - OFM","potentialAction":[{"@type":"SearchAction","target":{"@type":"EntryPoint","urlTemplate":"https:\/\/franciscanos.org.br\/noticias\/?s={search_term_string}"},"query-input":"required name=search_term_string"}],"inLanguage":"pt-BR"},{"@type":"ImageObject","inLanguage":"pt-BR","@id":"https:\/\/franciscanos.org.br\/noticias\/anfitrioes-abrem-congresso-de-meninos-cantores-do-brasil.html#primaryimage","url":"https:\/\/franciscanos.org.br\/noticias\/wp-content\/uploads\/2015\/10\/Canarinhos_coral.jpg","contentUrl":"https:\/\/franciscanos.org.br\/noticias\/wp-content\/uploads\/2015\/10\/Canarinhos_coral.jpg","width":273,"height":181},{"@type":"WebPage","@id":"https:\/\/franciscanos.org.br\/noticias\/anfitrioes-abrem-congresso-de-meninos-cantores-do-brasil.html#webpage","url":"https:\/\/franciscanos.org.br\/noticias\/anfitrioes-abrem-congresso-de-meninos-cantores-do-brasil.html","name":"Anfitri\u00f5es abrem Congresso de Meninos Cantores do Brasil - Not\u00edcias - Franciscanos","isPartOf":{"@id":"https:\/\/franciscanos.org.br\/noticias\/#website"},"primaryImageOfPage":{"@id":"https:\/\/franciscanos.org.br\/noticias\/anfitrioes-abrem-congresso-de-meninos-cantores-do-brasil.html#primaryimage"},"datePublished":"2015-10-13T11:52:28+00:00","dateModified":"2021-07-05T23:21:25+00:00","author":{"@id":"https:\/\/franciscanos.org.br\/noticias\/#\/schema\/person\/b38fbf43118f02820bd932f2e4b14ad3"},"breadcrumb":{"@id":"https:\/\/franciscanos.org.br\/noticias\/anfitrioes-abrem-congresso-de-meninos-cantores-do-brasil.html#breadcrumb"},"inLanguage":"pt-BR","potentialAction":[{"@type":"ReadAction","target":["https:\/\/franciscanos.org.br\/noticias\/anfitrioes-abrem-congresso-de-meninos-cantores-do-brasil.html"]}]},{"@type":"BreadcrumbList","@id":"https:\/\/franciscanos.org.br\/noticias\/anfitrioes-abrem-congresso-de-meninos-cantores-do-brasil.html#breadcrumb","itemListElement":[{"@type":"ListItem","position":1,"name":"Home","item":"https:\/\/franciscanos.org.br\/noticias"},{"@type":"ListItem","position":2,"name":"Anfitri\u00f5es abrem Congresso de Meninos Cantores do Brasil"}]},{"@type":"Person","@id":"https:\/\/franciscanos.org.br\/noticias\/#\/schema\/person\/b38fbf43118f02820bd932f2e4b14ad3","name":"admin","image":{"@type":"ImageObject","inLanguage":"pt-BR","@id":"https:\/\/franciscanos.org.br\/noticias\/#\/schema\/person\/image\/","url":"https:\/\/secure.gravatar.com\/avatar\/e8495742d34d0ba6448ea1c628263b3e?s=96&d=mm&r=g","contentUrl":"https:\/\/secure.gravatar.com\/avatar\/e8495742d34d0ba6448ea1c628263b3e?s=96&d=mm&r=g","caption":"admin"},"url":"https:\/\/franciscanos.org.br\/noticias\/author\/admin"}]}},"_links":{"self":[{"href":"https:\/\/franciscanos.org.br\/noticias\/wp-json\/wp\/v2\/posts\/96564"}],"collection":[{"href":"https:\/\/franciscanos.org.br\/noticias\/wp-json\/wp\/v2\/posts"}],"about":[{"href":"https:\/\/franciscanos.org.br\/noticias\/wp-json\/wp\/v2\/types\/post"}],"author":[{"embeddable":true,"href":"https:\/\/franciscanos.org.br\/noticias\/wp-json\/wp\/v2\/users\/1"}],"replies":[{"embeddable":true,"href":"https:\/\/franciscanos.org.br\/noticias\/wp-json\/wp\/v2\/comments?post=96564"}],"version-history":[{"count":1,"href":"https:\/\/franciscanos.org.br\/noticias\/wp-json\/wp\/v2\/posts\/96564\/revisions"}],"predecessor-version":[{"id":232920,"href":"https:\/\/franciscanos.org.br\/noticias\/wp-json\/wp\/v2\/posts\/96564\/revisions\/232920"}],"wp:featuredmedia":[{"embeddable":true,"href":"https:\/\/franciscanos.org.br\/noticias\/wp-json\/wp\/v2\/media\/201543"}],"wp:attachment":[{"href":"https:\/\/franciscanos.org.br\/noticias\/wp-json\/wp\/v2\/media?parent=96564"}],"wp:term":[{"taxonomy":"category","embeddable":true,"href":"https:\/\/franciscanos.org.br\/noticias\/wp-json\/wp\/v2\/categories?post=96564"},{"taxonomy":"post_tag","embeddable":true,"href":"https:\/\/franciscanos.org.br\/noticias\/wp-json\/wp\/v2\/tags?post=96564"}],"curies":[{"name":"wp","href":"https:\/\/api.w.org\/{rel}","templated":true}]}}