{"id":96537,"date":"2015-10-13T07:18:40","date_gmt":"2015-10-13T10:18:40","guid":{"rendered":"http:\/\/franciscanos.org.br\/?p=96537"},"modified":"2020-06-10T11:17:21","modified_gmt":"2020-06-10T14:17:21","slug":"aparecem-as-primeiras-luzes-no-sinodo","status":"publish","type":"post","link":"https:\/\/franciscanos.org.br\/noticias\/aparecem-as-primeiras-luzes-no-sinodo.html","title":{"rendered":"Aparecem as primeiras luzes no S\u00ednodo"},"content":{"rendered":"<p><img loading=\"lazy\" class=\"alignnone size-full wp-image-196316\" src=\"https:\/\/franciscanos.org.br\/noticias\/wp-content\/uploads\/2015\/10\/sinodo.jpg\" alt=\"\" width=\"890\" height=\"593\" srcset=\"https:\/\/franciscanos.org.br\/noticias\/wp-content\/uploads\/2015\/10\/sinodo.jpg 890w, https:\/\/franciscanos.org.br\/noticias\/wp-content\/uploads\/2015\/10\/sinodo-450x300.jpg 450w, https:\/\/franciscanos.org.br\/noticias\/wp-content\/uploads\/2015\/10\/sinodo-768x512.jpg 768w, https:\/\/franciscanos.org.br\/noticias\/wp-content\/uploads\/2015\/10\/sinodo-150x100.jpg 150w\" sizes=\"(max-width: 890px) 100vw, 890px\" \/><\/p>\n<p><strong>FREI ANT\u00d4NIO MOSER\u00a0<\/strong><\/p>\n<p>Sob as b\u00ean\u00e7\u00e3os de Nossa Senhora Aparecida, inciamos a an\u00e1lise da segunda parte do<em> Instrumento de Trabalho<\/em>. Como j\u00e1 expliquei, o texto com 78 p\u00e1ginas est\u00e1 dividido em tr\u00eas partes, seguindo nosso conhecido m\u00e9todo do <em>ver, iluminar e agir.<\/em> O ver nos foi colocando diante de uma multiplicidade de problemas, todos eles mais ou menos complexos. Como se percebe, trata-se de um trabalho cuidadoso. A an\u00e1lise da primeira parte foi um tanto cansativa. A segunda parte, contudo, j\u00e1 foi mostrando as primeiras luzes e abrindo caminho para uma abordagem verdadeiramente pastoral.<\/p>\n<p>Duas passagens j\u00e1 s\u00e3o suficientes para revelar o esp\u00edrito que vai aparecendo ao longo do texto e dos debates. &#8220;&#8230; existem elementos v\u00e1lidos tamb\u00e9m em determinadas formas fora do matrim\u00f4nio crist\u00e3o &#8211; contudo, fundado sobre a rela\u00e7\u00e3o est\u00e1vel e verdadeira entre um homem e uma mulher &#8211; que, de qualquer maneira, consideramos para ele orientadas. Com o olhar voltado para a sabedoria humana dos povos e das culturas, a Igreja reconhece tamb\u00e9m esta fam\u00edlia como c\u00e9lula b\u00e1sica necess\u00e1ria e fecunda da conviv\u00eancia humana&#8221;. Claro que para pessoas mais abertas esta coloca\u00e7\u00e3o n\u00e3o surpreende; mas certamente vai sacudir muita gente que via em tais uni\u00f5es, uni\u00f5es pecaminosas e ponto.<\/p>\n<p>Um segundo ponto vem ressaltado na mesma perspectiva de uma atitude de acolhida para com as fam\u00edlias feridas e fr\u00e1geis. Depois de salvaguardar que o ideal n\u00e3o muda, ali vem um pensamento muito significativo e que pode escandalizar certas pessoas: &#8221; &#8230; Portanto \u00e9 preciso acompanhar, com miseric\u00f3rdia e paci\u00eancia, as poss\u00edveis etapas de crescimento das pessoas que se v\u00e3o construindo dia ap\u00f3s dia ( &#8230;.). Um pequeno passo, no meio de grandes limita\u00e7\u00f5es humanas, pode ser mais agrad\u00e1vel a Deus do que a vida extremamente correta de quem transcorre os seus dias sem enfrentar s\u00e9rias dificuldades. A todas devem chegar a consola\u00e7\u00e3o e o est\u00edmulo do amor salv\u00edfico de Deus, que age misteriosamente em cada pessoa, para al\u00e9m dos seus defeitos e das suas quedas&#8230;&#8221;. Algu\u00e9m se escandalizou? Pois reclame com o Papa Francisco, que a frase \u00e9 dele.<\/p>\n<p>Por estes poucos acenos e pelo clima descontra\u00eddo que j\u00e1 se foi observando desde o in\u00edcio, j\u00e1 se entrev\u00ea que os resultados v\u00e3o ser animadores, sempre na linha de nunca abaixar o ideal, mas tamb\u00e9m nunca perder de vista a realidade, sempre complexa. Ali\u00e1s, muito interessante tamb\u00e9m o reconhecimento de que os matrim\u00f4nios celebrados em outras religi\u00f5es n\u00e3o deixam de ter o seu valor.<\/p>\n<p>&nbsp;<\/p>\n","protected":false},"excerpt":{"rendered":"<p>Ecos do s\u00ednodo por Frei Moser<\/p>\n","protected":false},"author":1,"featured_media":219123,"comment_status":"open","ping_status":"open","sticky":false,"template":"","format":"standard","meta":[],"categories":[1428],"tags":[472],"acf":[],"yoast_head":"<!-- This site is optimized with the Yoast SEO plugin v19.2 - https:\/\/yoast.com\/wordpress\/plugins\/seo\/ -->\n<title>Aparecem as primeiras luzes no S\u00ednodo - Not\u00edcias - Franciscanos<\/title>\n<meta name=\"robots\" content=\"index, follow, max-snippet:-1, max-image-preview:large, max-video-preview:-1\" \/>\n<link rel=\"canonical\" href=\"https:\/\/franciscanos.org.br\/noticias\/aparecem-as-primeiras-luzes-no-sinodo.html\" \/>\n<meta property=\"og:locale\" content=\"pt_BR\" \/>\n<meta property=\"og:type\" content=\"article\" \/>\n<meta property=\"og:title\" content=\"Aparecem as primeiras luzes no S\u00ednodo - Not\u00edcias - Franciscanos\" \/>\n<meta property=\"og:description\" content=\"Ecos do s\u00ednodo por Frei Moser\" \/>\n<meta property=\"og:url\" content=\"https:\/\/franciscanos.org.br\/noticias\/aparecem-as-primeiras-luzes-no-sinodo.html\" \/>\n<meta property=\"og:site_name\" content=\"Not\u00edcias - Franciscanos\" \/>\n<meta property=\"article:published_time\" content=\"2015-10-13T10:18:40+00:00\" \/>\n<meta property=\"article:modified_time\" content=\"2020-06-10T14:17:21+00:00\" \/>\n<meta property=\"og:image\" content=\"https:\/\/franciscanos.org.br\/noticias\/wp-content\/uploads\/2015\/10\/sinodo-3.jpg\" \/>\n\t<meta property=\"og:image:width\" content=\"273\" \/>\n\t<meta property=\"og:image:height\" content=\"181\" \/>\n\t<meta property=\"og:image:type\" content=\"image\/jpeg\" \/>\n<meta name=\"author\" content=\"admin\" \/>\n<meta name=\"twitter:card\" content=\"summary_large_image\" \/>\n<meta name=\"twitter:label1\" content=\"Escrito por\" \/>\n\t<meta name=\"twitter:data1\" content=\"admin\" \/>\n\t<meta name=\"twitter:label2\" content=\"Est. tempo de leitura\" \/>\n\t<meta name=\"twitter:data2\" content=\"2 minutos\" \/>\n<script type=\"application\/ld+json\" class=\"yoast-schema-graph\">{\"@context\":\"https:\/\/schema.org\",\"@graph\":[{\"@type\":\"WebSite\",\"@id\":\"https:\/\/franciscanos.org.br\/noticias\/#website\",\"url\":\"https:\/\/franciscanos.org.br\/noticias\/\",\"name\":\"Not\u00edcias - Franciscanos\",\"description\":\"Prov\u00edncia Franciscana da Imaculada Concei\u00e7\u00e3o do Brasil - Ordem dos Frades Menores - OFM\",\"potentialAction\":[{\"@type\":\"SearchAction\",\"target\":{\"@type\":\"EntryPoint\",\"urlTemplate\":\"https:\/\/franciscanos.org.br\/noticias\/?s={search_term_string}\"},\"query-input\":\"required name=search_term_string\"}],\"inLanguage\":\"pt-BR\"},{\"@type\":\"ImageObject\",\"inLanguage\":\"pt-BR\",\"@id\":\"https:\/\/franciscanos.org.br\/noticias\/aparecem-as-primeiras-luzes-no-sinodo.html#primaryimage\",\"url\":\"https:\/\/franciscanos.org.br\/noticias\/wp-content\/uploads\/2015\/10\/sinodo-3.jpg\",\"contentUrl\":\"https:\/\/franciscanos.org.br\/noticias\/wp-content\/uploads\/2015\/10\/sinodo-3.jpg\",\"width\":273,\"height\":181},{\"@type\":\"WebPage\",\"@id\":\"https:\/\/franciscanos.org.br\/noticias\/aparecem-as-primeiras-luzes-no-sinodo.html#webpage\",\"url\":\"https:\/\/franciscanos.org.br\/noticias\/aparecem-as-primeiras-luzes-no-sinodo.html\",\"name\":\"Aparecem as primeiras luzes no S\u00ednodo - Not\u00edcias - Franciscanos\",\"isPartOf\":{\"@id\":\"https:\/\/franciscanos.org.br\/noticias\/#website\"},\"primaryImageOfPage\":{\"@id\":\"https:\/\/franciscanos.org.br\/noticias\/aparecem-as-primeiras-luzes-no-sinodo.html#primaryimage\"},\"datePublished\":\"2015-10-13T10:18:40+00:00\",\"dateModified\":\"2020-06-10T14:17:21+00:00\",\"author\":{\"@id\":\"https:\/\/franciscanos.org.br\/noticias\/#\/schema\/person\/b38fbf43118f02820bd932f2e4b14ad3\"},\"breadcrumb\":{\"@id\":\"https:\/\/franciscanos.org.br\/noticias\/aparecem-as-primeiras-luzes-no-sinodo.html#breadcrumb\"},\"inLanguage\":\"pt-BR\",\"potentialAction\":[{\"@type\":\"ReadAction\",\"target\":[\"https:\/\/franciscanos.org.br\/noticias\/aparecem-as-primeiras-luzes-no-sinodo.html\"]}]},{\"@type\":\"BreadcrumbList\",\"@id\":\"https:\/\/franciscanos.org.br\/noticias\/aparecem-as-primeiras-luzes-no-sinodo.html#breadcrumb\",\"itemListElement\":[{\"@type\":\"ListItem\",\"position\":1,\"name\":\"Home\",\"item\":\"https:\/\/franciscanos.org.br\/noticias\"},{\"@type\":\"ListItem\",\"position\":2,\"name\":\"Aparecem as primeiras luzes no S\u00ednodo\"}]},{\"@type\":\"Person\",\"@id\":\"https:\/\/franciscanos.org.br\/noticias\/#\/schema\/person\/b38fbf43118f02820bd932f2e4b14ad3\",\"name\":\"admin\",\"image\":{\"@type\":\"ImageObject\",\"inLanguage\":\"pt-BR\",\"@id\":\"https:\/\/franciscanos.org.br\/noticias\/#\/schema\/person\/image\/\",\"url\":\"https:\/\/secure.gravatar.com\/avatar\/e8495742d34d0ba6448ea1c628263b3e?s=96&d=mm&r=g\",\"contentUrl\":\"https:\/\/secure.gravatar.com\/avatar\/e8495742d34d0ba6448ea1c628263b3e?s=96&d=mm&r=g\",\"caption\":\"admin\"},\"url\":\"https:\/\/franciscanos.org.br\/noticias\/author\/admin\"}]}<\/script>\n<!-- \/ Yoast SEO plugin. -->","yoast_head_json":{"title":"Aparecem as primeiras luzes no S\u00ednodo - Not\u00edcias - Franciscanos","robots":{"index":"index","follow":"follow","max-snippet":"max-snippet:-1","max-image-preview":"max-image-preview:large","max-video-preview":"max-video-preview:-1"},"canonical":"https:\/\/franciscanos.org.br\/noticias\/aparecem-as-primeiras-luzes-no-sinodo.html","og_locale":"pt_BR","og_type":"article","og_title":"Aparecem as primeiras luzes no S\u00ednodo - Not\u00edcias - Franciscanos","og_description":"Ecos do s\u00ednodo por Frei Moser","og_url":"https:\/\/franciscanos.org.br\/noticias\/aparecem-as-primeiras-luzes-no-sinodo.html","og_site_name":"Not\u00edcias - Franciscanos","article_published_time":"2015-10-13T10:18:40+00:00","article_modified_time":"2020-06-10T14:17:21+00:00","og_image":[{"width":273,"height":181,"url":"https:\/\/franciscanos.org.br\/noticias\/wp-content\/uploads\/2015\/10\/sinodo-3.jpg","type":"image\/jpeg"}],"author":"admin","twitter_card":"summary_large_image","twitter_misc":{"Escrito por":"admin","Est. tempo de leitura":"2 minutos"},"schema":{"@context":"https:\/\/schema.org","@graph":[{"@type":"WebSite","@id":"https:\/\/franciscanos.org.br\/noticias\/#website","url":"https:\/\/franciscanos.org.br\/noticias\/","name":"Not\u00edcias - Franciscanos","description":"Prov\u00edncia Franciscana da Imaculada Concei\u00e7\u00e3o do Brasil - Ordem dos Frades Menores - OFM","potentialAction":[{"@type":"SearchAction","target":{"@type":"EntryPoint","urlTemplate":"https:\/\/franciscanos.org.br\/noticias\/?s={search_term_string}"},"query-input":"required name=search_term_string"}],"inLanguage":"pt-BR"},{"@type":"ImageObject","inLanguage":"pt-BR","@id":"https:\/\/franciscanos.org.br\/noticias\/aparecem-as-primeiras-luzes-no-sinodo.html#primaryimage","url":"https:\/\/franciscanos.org.br\/noticias\/wp-content\/uploads\/2015\/10\/sinodo-3.jpg","contentUrl":"https:\/\/franciscanos.org.br\/noticias\/wp-content\/uploads\/2015\/10\/sinodo-3.jpg","width":273,"height":181},{"@type":"WebPage","@id":"https:\/\/franciscanos.org.br\/noticias\/aparecem-as-primeiras-luzes-no-sinodo.html#webpage","url":"https:\/\/franciscanos.org.br\/noticias\/aparecem-as-primeiras-luzes-no-sinodo.html","name":"Aparecem as primeiras luzes no S\u00ednodo - Not\u00edcias - Franciscanos","isPartOf":{"@id":"https:\/\/franciscanos.org.br\/noticias\/#website"},"primaryImageOfPage":{"@id":"https:\/\/franciscanos.org.br\/noticias\/aparecem-as-primeiras-luzes-no-sinodo.html#primaryimage"},"datePublished":"2015-10-13T10:18:40+00:00","dateModified":"2020-06-10T14:17:21+00:00","author":{"@id":"https:\/\/franciscanos.org.br\/noticias\/#\/schema\/person\/b38fbf43118f02820bd932f2e4b14ad3"},"breadcrumb":{"@id":"https:\/\/franciscanos.org.br\/noticias\/aparecem-as-primeiras-luzes-no-sinodo.html#breadcrumb"},"inLanguage":"pt-BR","potentialAction":[{"@type":"ReadAction","target":["https:\/\/franciscanos.org.br\/noticias\/aparecem-as-primeiras-luzes-no-sinodo.html"]}]},{"@type":"BreadcrumbList","@id":"https:\/\/franciscanos.org.br\/noticias\/aparecem-as-primeiras-luzes-no-sinodo.html#breadcrumb","itemListElement":[{"@type":"ListItem","position":1,"name":"Home","item":"https:\/\/franciscanos.org.br\/noticias"},{"@type":"ListItem","position":2,"name":"Aparecem as primeiras luzes no S\u00ednodo"}]},{"@type":"Person","@id":"https:\/\/franciscanos.org.br\/noticias\/#\/schema\/person\/b38fbf43118f02820bd932f2e4b14ad3","name":"admin","image":{"@type":"ImageObject","inLanguage":"pt-BR","@id":"https:\/\/franciscanos.org.br\/noticias\/#\/schema\/person\/image\/","url":"https:\/\/secure.gravatar.com\/avatar\/e8495742d34d0ba6448ea1c628263b3e?s=96&d=mm&r=g","contentUrl":"https:\/\/secure.gravatar.com\/avatar\/e8495742d34d0ba6448ea1c628263b3e?s=96&d=mm&r=g","caption":"admin"},"url":"https:\/\/franciscanos.org.br\/noticias\/author\/admin"}]}},"_links":{"self":[{"href":"https:\/\/franciscanos.org.br\/noticias\/wp-json\/wp\/v2\/posts\/96537"}],"collection":[{"href":"https:\/\/franciscanos.org.br\/noticias\/wp-json\/wp\/v2\/posts"}],"about":[{"href":"https:\/\/franciscanos.org.br\/noticias\/wp-json\/wp\/v2\/types\/post"}],"author":[{"embeddable":true,"href":"https:\/\/franciscanos.org.br\/noticias\/wp-json\/wp\/v2\/users\/1"}],"replies":[{"embeddable":true,"href":"https:\/\/franciscanos.org.br\/noticias\/wp-json\/wp\/v2\/comments?post=96537"}],"version-history":[{"count":1,"href":"https:\/\/franciscanos.org.br\/noticias\/wp-json\/wp\/v2\/posts\/96537\/revisions"}],"predecessor-version":[{"id":225909,"href":"https:\/\/franciscanos.org.br\/noticias\/wp-json\/wp\/v2\/posts\/96537\/revisions\/225909"}],"wp:featuredmedia":[{"embeddable":true,"href":"https:\/\/franciscanos.org.br\/noticias\/wp-json\/wp\/v2\/media\/219123"}],"wp:attachment":[{"href":"https:\/\/franciscanos.org.br\/noticias\/wp-json\/wp\/v2\/media?parent=96537"}],"wp:term":[{"taxonomy":"category","embeddable":true,"href":"https:\/\/franciscanos.org.br\/noticias\/wp-json\/wp\/v2\/categories?post=96537"},{"taxonomy":"post_tag","embeddable":true,"href":"https:\/\/franciscanos.org.br\/noticias\/wp-json\/wp\/v2\/tags?post=96537"}],"curies":[{"name":"wp","href":"https:\/\/api.w.org\/{rel}","templated":true}]}}