{"id":96294,"date":"2015-10-04T19:40:56","date_gmt":"2015-10-04T22:40:56","guid":{"rendered":"http:\/\/franciscanos.org.br\/?p=96294"},"modified":"2020-06-10T11:21:40","modified_gmt":"2020-06-10T14:21:40","slug":"sao-francisco-e-celebrado-em-duque-de-caxias","status":"publish","type":"post","link":"https:\/\/franciscanos.org.br\/noticias\/sao-francisco-e-celebrado-em-duque-de-caxias.html","title":{"rendered":"S\u00e3o Francisco \u00e9 celebrado em Duque de Caxias"},"content":{"rendered":"<p><img loading=\"lazy\" src=\"http:\/\/franciscanos.org.br\/wp-content\/uploads\/2015\/10\/festa_duque_sf.jpg\" alt=\"festa_duque_sf\" width=\"820\" height=\"414\" \/><\/p>\n<p>Desde as primeiras horas da manh\u00e3 do \u00faltimo domingo, 4 de outubro, centenas de fi\u00e9is e devotos compareceram \u00e0 Catedral de Santo Ant\u00f4nio, em Duque de Caxias (RJ) para celebrar a Festa de S\u00e3o Francisco de Assis, promovida pela Fraternidade Santo Ant\u00f4nio da Ordem Franciscana Secular (OFS), que este ano celebrou os seus 55\u00ba anivers\u00e1rio de funda\u00e7\u00e3o.<\/p>\n<p>Logo pela manh\u00e3, a imagem de S\u00e3o Francisco saiu em prociss\u00e3o pelas ruas do Centro de Duque de Caxias (RJ), acompanhada por seus devotos que cantavam e louvavam ao Senhor pelas gra\u00e7as alcan\u00e7adas por sua intercess\u00e3o. Ao passar pela Pra\u00e7a do Pacificador, principal pra\u00e7a da cidade, os fi\u00e9is se reuniram e para um momento de ora\u00e7\u00e3o em prol da paz, das fam\u00edlias, da preserva\u00e7\u00e3o do meio ambiente, pela miss\u00e3o da Igreja e pelo Papa Francisco.<\/p>\n<p><img loading=\"lazy\" class=\"alignleft wp-image-96296 size-full\" src=\"http:\/\/franciscanos.org.br\/wp-content\/uploads\/2015\/10\/festa_duquesf3.jpg\" alt=\"festa_duquesf3\" width=\"400\" height=\"300\" \/>Ap\u00f3s a prociss\u00e3o, foi celebrada a Santa Missa, presidida pelo Pe. Br\u00e1ulio Francisco Tib\u00farcio e concelebrada pelo di\u00e1cono permanente Adilson Ger\u00f4ncio. A celebra\u00e7\u00e3o contou com a participa\u00e7\u00e3o dos irm\u00e3os da Pia Uni\u00e3o Santo Ant\u00f4nio, do Apostolado da Ora\u00e7\u00e3o e da Pastoral do Povo da Rua, que tamb\u00e9m louvaram o Senhor pela gra\u00e7a de ter dado \u00e0 Igreja o pobrezinho S\u00e3o Francisco de Assis.<\/p>\n<p>Em sua homilia, o sacerdote ressaltou a import\u00e2ncia da presen\u00e7a dos franciscanos seculares na Diocese de Duque de Caxias, hoje com tr\u00eas fraternidades. Tal fato revela o frescor e vigor do carisma franciscano na Baixada Fluminense no an\u00fancio o Santo Evangelho tendo como santo inspirador, S\u00e3o Francisco, homem que \u00e9 considerado um s\u00edmbolo da promo\u00e7\u00e3o da paz e do bem.<\/p>\n<p>Durante a A\u00e7\u00e3o de Gra\u00e7as foi apresentado um jogral revelando o amor de S\u00e3o Francisco pela obra da Cria\u00e7\u00e3o, encenado pelo jovem Marton Ramos. No encerramento da celebra\u00e7\u00e3o, a ministra local, Aline Milani, convidou ainda os admiradores de S\u00e3o Francisco de Assis para conhecerem mais profundamente o carisma franciscano, cuja presen\u00e7a faz hist\u00f3ria na Baixada Fluminense. Em seguida, agradeceu aos fi\u00e9is devotos pela presen\u00e7a e manifestou sua gratid\u00e3o pela assist\u00eancia espiritual prestada pela Irm\u00e3 Madalena Martins, da Congrega\u00e7\u00e3o das Irm\u00e3s Franciscanas de Dillingen, pelo legado deixado pelos irm\u00e3os falecidos e pelo apoio e reconhecimento de toda a comunidade ao trabalho realizado pelos frades e franciscanos seculares na Catedral Santo Ant\u00f4nio.<\/p>\n<p><img loading=\"lazy\" class=\"alignright size-full wp-image-96297\" src=\"http:\/\/franciscanos.org.br\/wp-content\/uploads\/2015\/10\/festa_duque_sf2.jpg\" alt=\"festa_duque_sf2\" width=\"450\" height=\"278\" \/><strong>B\u00ean\u00e7\u00e3o dos animais<\/strong><\/p>\n<p>Muitos f\u00e9is levaram os animais de estima\u00e7\u00e3o de v\u00e1rias ra\u00e7as e diferentes tamanhos para serem aben\u00e7oados no p\u00e1tio da igreja.<br \/>\nAntes da b\u00ean\u00e7\u00e3o, o Padre Br\u00e1ulio Francisco Tib\u00farcio, vig\u00e1rio paroquial, destacou que o cuidado que temos com os animais revela o nosso cuidado e respeito com toda a obra da Cria\u00e7\u00e3o, pois ao invocarmos a b\u00ean\u00e7\u00e3o de Deus sobre os animais, damos gra\u00e7as a Ele por nos ter elevado acima de todas as criaturas, exigindo de n\u00f3s maior responsabilidade e cuidado.<\/p>\n","protected":false},"excerpt":{"rendered":"<p>Festa de S. Francisco<\/p>\n","protected":false},"author":1,"featured_media":220643,"comment_status":"open","ping_status":"open","sticky":false,"template":"","format":"standard","meta":[],"categories":[1],"tags":[60],"acf":[],"yoast_head":"<!-- This site is optimized with the Yoast SEO plugin v19.2 - https:\/\/yoast.com\/wordpress\/plugins\/seo\/ -->\n<title>S\u00e3o Francisco \u00e9 celebrado em Duque de Caxias - Not\u00edcias - Franciscanos<\/title>\n<meta name=\"robots\" content=\"index, follow, max-snippet:-1, max-image-preview:large, max-video-preview:-1\" \/>\n<link rel=\"canonical\" href=\"https:\/\/franciscanos.org.br\/noticias\/sao-francisco-e-celebrado-em-duque-de-caxias.html\" \/>\n<meta property=\"og:locale\" content=\"pt_BR\" \/>\n<meta property=\"og:type\" content=\"article\" \/>\n<meta property=\"og:title\" content=\"S\u00e3o Francisco \u00e9 celebrado em Duque de Caxias - Not\u00edcias - Franciscanos\" \/>\n<meta property=\"og:description\" content=\"Festa de S. Francisco\" \/>\n<meta property=\"og:url\" content=\"https:\/\/franciscanos.org.br\/noticias\/sao-francisco-e-celebrado-em-duque-de-caxias.html\" \/>\n<meta property=\"og:site_name\" content=\"Not\u00edcias - Franciscanos\" \/>\n<meta property=\"article:published_time\" content=\"2015-10-04T22:40:56+00:00\" \/>\n<meta property=\"article:modified_time\" content=\"2020-06-10T14:21:40+00:00\" \/>\n<meta property=\"og:image\" content=\"https:\/\/franciscanos.org.br\/noticias\/wp-content\/uploads\/2015\/10\/festa_duque_sf.jpg\" \/>\n\t<meta property=\"og:image:width\" content=\"273\" \/>\n\t<meta property=\"og:image:height\" content=\"181\" \/>\n\t<meta property=\"og:image:type\" content=\"image\/jpeg\" \/>\n<meta name=\"author\" content=\"admin\" \/>\n<meta name=\"twitter:card\" content=\"summary_large_image\" \/>\n<meta name=\"twitter:label1\" content=\"Escrito por\" \/>\n\t<meta name=\"twitter:data1\" content=\"admin\" \/>\n\t<meta name=\"twitter:label2\" content=\"Est. tempo de leitura\" \/>\n\t<meta name=\"twitter:data2\" content=\"3 minutos\" \/>\n<script type=\"application\/ld+json\" class=\"yoast-schema-graph\">{\"@context\":\"https:\/\/schema.org\",\"@graph\":[{\"@type\":\"WebSite\",\"@id\":\"https:\/\/franciscanos.org.br\/noticias\/#website\",\"url\":\"https:\/\/franciscanos.org.br\/noticias\/\",\"name\":\"Not\u00edcias - Franciscanos\",\"description\":\"Prov\u00edncia Franciscana da Imaculada Concei\u00e7\u00e3o do Brasil - Ordem dos Frades Menores - OFM\",\"potentialAction\":[{\"@type\":\"SearchAction\",\"target\":{\"@type\":\"EntryPoint\",\"urlTemplate\":\"https:\/\/franciscanos.org.br\/noticias\/?s={search_term_string}\"},\"query-input\":\"required name=search_term_string\"}],\"inLanguage\":\"pt-BR\"},{\"@type\":\"ImageObject\",\"inLanguage\":\"pt-BR\",\"@id\":\"https:\/\/franciscanos.org.br\/noticias\/sao-francisco-e-celebrado-em-duque-de-caxias.html#primaryimage\",\"url\":\"https:\/\/franciscanos.org.br\/noticias\/wp-content\/uploads\/2015\/10\/festa_duque_sf.jpg\",\"contentUrl\":\"https:\/\/franciscanos.org.br\/noticias\/wp-content\/uploads\/2015\/10\/festa_duque_sf.jpg\",\"width\":273,\"height\":181},{\"@type\":\"WebPage\",\"@id\":\"https:\/\/franciscanos.org.br\/noticias\/sao-francisco-e-celebrado-em-duque-de-caxias.html#webpage\",\"url\":\"https:\/\/franciscanos.org.br\/noticias\/sao-francisco-e-celebrado-em-duque-de-caxias.html\",\"name\":\"S\u00e3o Francisco \u00e9 celebrado em Duque de Caxias - Not\u00edcias - Franciscanos\",\"isPartOf\":{\"@id\":\"https:\/\/franciscanos.org.br\/noticias\/#website\"},\"primaryImageOfPage\":{\"@id\":\"https:\/\/franciscanos.org.br\/noticias\/sao-francisco-e-celebrado-em-duque-de-caxias.html#primaryimage\"},\"datePublished\":\"2015-10-04T22:40:56+00:00\",\"dateModified\":\"2020-06-10T14:21:40+00:00\",\"author\":{\"@id\":\"https:\/\/franciscanos.org.br\/noticias\/#\/schema\/person\/b38fbf43118f02820bd932f2e4b14ad3\"},\"breadcrumb\":{\"@id\":\"https:\/\/franciscanos.org.br\/noticias\/sao-francisco-e-celebrado-em-duque-de-caxias.html#breadcrumb\"},\"inLanguage\":\"pt-BR\",\"potentialAction\":[{\"@type\":\"ReadAction\",\"target\":[\"https:\/\/franciscanos.org.br\/noticias\/sao-francisco-e-celebrado-em-duque-de-caxias.html\"]}]},{\"@type\":\"BreadcrumbList\",\"@id\":\"https:\/\/franciscanos.org.br\/noticias\/sao-francisco-e-celebrado-em-duque-de-caxias.html#breadcrumb\",\"itemListElement\":[{\"@type\":\"ListItem\",\"position\":1,\"name\":\"Home\",\"item\":\"https:\/\/franciscanos.org.br\/noticias\"},{\"@type\":\"ListItem\",\"position\":2,\"name\":\"S\u00e3o Francisco \u00e9 celebrado em Duque de Caxias\"}]},{\"@type\":\"Person\",\"@id\":\"https:\/\/franciscanos.org.br\/noticias\/#\/schema\/person\/b38fbf43118f02820bd932f2e4b14ad3\",\"name\":\"admin\",\"image\":{\"@type\":\"ImageObject\",\"inLanguage\":\"pt-BR\",\"@id\":\"https:\/\/franciscanos.org.br\/noticias\/#\/schema\/person\/image\/\",\"url\":\"https:\/\/secure.gravatar.com\/avatar\/e8495742d34d0ba6448ea1c628263b3e?s=96&d=mm&r=g\",\"contentUrl\":\"https:\/\/secure.gravatar.com\/avatar\/e8495742d34d0ba6448ea1c628263b3e?s=96&d=mm&r=g\",\"caption\":\"admin\"},\"url\":\"https:\/\/franciscanos.org.br\/noticias\/author\/admin\"}]}<\/script>\n<!-- \/ Yoast SEO plugin. -->","yoast_head_json":{"title":"S\u00e3o Francisco \u00e9 celebrado em Duque de Caxias - Not\u00edcias - Franciscanos","robots":{"index":"index","follow":"follow","max-snippet":"max-snippet:-1","max-image-preview":"max-image-preview:large","max-video-preview":"max-video-preview:-1"},"canonical":"https:\/\/franciscanos.org.br\/noticias\/sao-francisco-e-celebrado-em-duque-de-caxias.html","og_locale":"pt_BR","og_type":"article","og_title":"S\u00e3o Francisco \u00e9 celebrado em Duque de Caxias - Not\u00edcias - Franciscanos","og_description":"Festa de S. Francisco","og_url":"https:\/\/franciscanos.org.br\/noticias\/sao-francisco-e-celebrado-em-duque-de-caxias.html","og_site_name":"Not\u00edcias - Franciscanos","article_published_time":"2015-10-04T22:40:56+00:00","article_modified_time":"2020-06-10T14:21:40+00:00","og_image":[{"width":273,"height":181,"url":"https:\/\/franciscanos.org.br\/noticias\/wp-content\/uploads\/2015\/10\/festa_duque_sf.jpg","type":"image\/jpeg"}],"author":"admin","twitter_card":"summary_large_image","twitter_misc":{"Escrito por":"admin","Est. tempo de leitura":"3 minutos"},"schema":{"@context":"https:\/\/schema.org","@graph":[{"@type":"WebSite","@id":"https:\/\/franciscanos.org.br\/noticias\/#website","url":"https:\/\/franciscanos.org.br\/noticias\/","name":"Not\u00edcias - Franciscanos","description":"Prov\u00edncia Franciscana da Imaculada Concei\u00e7\u00e3o do Brasil - Ordem dos Frades Menores - OFM","potentialAction":[{"@type":"SearchAction","target":{"@type":"EntryPoint","urlTemplate":"https:\/\/franciscanos.org.br\/noticias\/?s={search_term_string}"},"query-input":"required name=search_term_string"}],"inLanguage":"pt-BR"},{"@type":"ImageObject","inLanguage":"pt-BR","@id":"https:\/\/franciscanos.org.br\/noticias\/sao-francisco-e-celebrado-em-duque-de-caxias.html#primaryimage","url":"https:\/\/franciscanos.org.br\/noticias\/wp-content\/uploads\/2015\/10\/festa_duque_sf.jpg","contentUrl":"https:\/\/franciscanos.org.br\/noticias\/wp-content\/uploads\/2015\/10\/festa_duque_sf.jpg","width":273,"height":181},{"@type":"WebPage","@id":"https:\/\/franciscanos.org.br\/noticias\/sao-francisco-e-celebrado-em-duque-de-caxias.html#webpage","url":"https:\/\/franciscanos.org.br\/noticias\/sao-francisco-e-celebrado-em-duque-de-caxias.html","name":"S\u00e3o Francisco \u00e9 celebrado em Duque de Caxias - Not\u00edcias - Franciscanos","isPartOf":{"@id":"https:\/\/franciscanos.org.br\/noticias\/#website"},"primaryImageOfPage":{"@id":"https:\/\/franciscanos.org.br\/noticias\/sao-francisco-e-celebrado-em-duque-de-caxias.html#primaryimage"},"datePublished":"2015-10-04T22:40:56+00:00","dateModified":"2020-06-10T14:21:40+00:00","author":{"@id":"https:\/\/franciscanos.org.br\/noticias\/#\/schema\/person\/b38fbf43118f02820bd932f2e4b14ad3"},"breadcrumb":{"@id":"https:\/\/franciscanos.org.br\/noticias\/sao-francisco-e-celebrado-em-duque-de-caxias.html#breadcrumb"},"inLanguage":"pt-BR","potentialAction":[{"@type":"ReadAction","target":["https:\/\/franciscanos.org.br\/noticias\/sao-francisco-e-celebrado-em-duque-de-caxias.html"]}]},{"@type":"BreadcrumbList","@id":"https:\/\/franciscanos.org.br\/noticias\/sao-francisco-e-celebrado-em-duque-de-caxias.html#breadcrumb","itemListElement":[{"@type":"ListItem","position":1,"name":"Home","item":"https:\/\/franciscanos.org.br\/noticias"},{"@type":"ListItem","position":2,"name":"S\u00e3o Francisco \u00e9 celebrado em Duque de Caxias"}]},{"@type":"Person","@id":"https:\/\/franciscanos.org.br\/noticias\/#\/schema\/person\/b38fbf43118f02820bd932f2e4b14ad3","name":"admin","image":{"@type":"ImageObject","inLanguage":"pt-BR","@id":"https:\/\/franciscanos.org.br\/noticias\/#\/schema\/person\/image\/","url":"https:\/\/secure.gravatar.com\/avatar\/e8495742d34d0ba6448ea1c628263b3e?s=96&d=mm&r=g","contentUrl":"https:\/\/secure.gravatar.com\/avatar\/e8495742d34d0ba6448ea1c628263b3e?s=96&d=mm&r=g","caption":"admin"},"url":"https:\/\/franciscanos.org.br\/noticias\/author\/admin"}]}},"_links":{"self":[{"href":"https:\/\/franciscanos.org.br\/noticias\/wp-json\/wp\/v2\/posts\/96294"}],"collection":[{"href":"https:\/\/franciscanos.org.br\/noticias\/wp-json\/wp\/v2\/posts"}],"about":[{"href":"https:\/\/franciscanos.org.br\/noticias\/wp-json\/wp\/v2\/types\/post"}],"author":[{"embeddable":true,"href":"https:\/\/franciscanos.org.br\/noticias\/wp-json\/wp\/v2\/users\/1"}],"replies":[{"embeddable":true,"href":"https:\/\/franciscanos.org.br\/noticias\/wp-json\/wp\/v2\/comments?post=96294"}],"version-history":[{"count":1,"href":"https:\/\/franciscanos.org.br\/noticias\/wp-json\/wp\/v2\/posts\/96294\/revisions"}],"predecessor-version":[{"id":225915,"href":"https:\/\/franciscanos.org.br\/noticias\/wp-json\/wp\/v2\/posts\/96294\/revisions\/225915"}],"wp:featuredmedia":[{"embeddable":true,"href":"https:\/\/franciscanos.org.br\/noticias\/wp-json\/wp\/v2\/media\/220643"}],"wp:attachment":[{"href":"https:\/\/franciscanos.org.br\/noticias\/wp-json\/wp\/v2\/media?parent=96294"}],"wp:term":[{"taxonomy":"category","embeddable":true,"href":"https:\/\/franciscanos.org.br\/noticias\/wp-json\/wp\/v2\/categories?post=96294"},{"taxonomy":"post_tag","embeddable":true,"href":"https:\/\/franciscanos.org.br\/noticias\/wp-json\/wp\/v2\/tags?post=96294"}],"curies":[{"name":"wp","href":"https:\/\/api.w.org\/{rel}","templated":true}]}}