{"id":96289,"date":"2015-10-09T07:29:11","date_gmt":"2015-10-09T10:29:11","guid":{"rendered":"http:\/\/franciscanos.org.br\/?p=96289"},"modified":"2020-06-10T11:17:57","modified_gmt":"2020-06-10T14:17:57","slug":"fraternidade-santo-antonio-celebra-55-anos","status":"publish","type":"post","link":"https:\/\/franciscanos.org.br\/noticias\/fraternidade-santo-antonio-celebra-55-anos.html","title":{"rendered":"Fraternidade Santo Ant\u00f4nio celebra 55 anos"},"content":{"rendered":"<p><img loading=\"lazy\" src=\"http:\/\/franciscanos.org.br\/wp-content\/uploads\/2015\/10\/duque_fraternidade.jpg\" alt=\"duque_fraternidade\" width=\"820\" height=\"256\" \/><\/p>\n<p>A Fraternidade Santo Ant\u00f4nio da Ordem Franciscana Secular (OFS), em\u00a0Duque de Caxias (RJ), \u00a0celebrou com muita festa os seus 55 anos de vida fraterna. A fraternidade \u00e9 hoje um s\u00edmbolo do resgate das ra\u00edzes franciscanas da Catedral Santo Ant\u00f4nio, inaugurada na d\u00e9cada de 1960 pelos frades da Prov\u00edncia da Imaculada Concei\u00e7\u00e3o.<\/p>\n<p>Os principais fatos ocorridos ao longo da hist\u00f3ria da fraternidade ainda permanecem na lembran\u00e7a dos irm\u00e3os e da comunidade paroquial que celebraram com alegria essa memor\u00e1vel data. A festa tamb\u00e9m recordou a solene profiss\u00e3o definitiva das irm\u00e3s Elza Pereira Rodrigues (Ir. Rita) e Juracy Menezes Ramos (Ir. Maria In\u00eas), que h\u00e1 55 anos fundaram a fraternidade.<\/p>\n<p>Juntamente com o anivers\u00e1rio, a fraternidade celebrou com grande devo\u00e7\u00e3o a mem\u00f3ria do Tr\u00e2nsito de S\u00e3o Francisco, costume tradicional da Ordem Franciscana, que, a exemplo do Ser\u00e1fico Pai, agradece pelo dom da vida e nos faz aceitar a morte como irm\u00e3, caminho \u00fanico para a ressurrei\u00e7\u00e3o. Durante a celebra\u00e7\u00e3o, os irm\u00e3os meditaram sobre os \u00faltimos momentos da vida do santo e sua passagem para a gl\u00f3ria celeste.<\/p>\n<p><img loading=\"lazy\" class=\"alignleft wp-image-96291\" src=\"http:\/\/franciscanos.org.br\/wp-content\/uploads\/2015\/10\/duque.jpg\" alt=\"duque\" width=\"281\" height=\"310\" \/>A Fraternidade Santo Ant\u00f4nio teve sua ere\u00e7\u00e3o can\u00f4nica em 3 de outubro de 1960, autorizada por Dom Manoel Pedro da Cunha Cintra, bispo da Diocese de Petr\u00f3polis, conforme licen\u00e7a assinada em 17 de setembro de 1960 pelo Monsenhor Gentil Costa, Secret\u00e1rio do Bispado, pois a \u00e9poca, Duque de Caxias pertencia \u00e0 Diocese de Petr\u00f3polis.<\/p>\n<p>No dia 2 de outubro de 1960, Frei Matheus Hoepers, OFM, que \u00e0 \u00e9poca exercia o cargo de Comiss\u00e1rio Provincial da Prov\u00edncia da Imaculada Concei\u00e7\u00e3o, redigiu de pr\u00f3prio punho o termo de ere\u00e7\u00e3o can\u00f4nica da Fraternidade da Ordem Terceira em Duque de Caxias, \u201csob a invoca\u00e7\u00e3o e patroc\u00ednio de Santo Ant\u00f4nio, estando presentes como testemunhas o Vig\u00e1rio Frei Teodoro Zimmermann e Frei Urbano Monteiro\u201d.<\/p>\n<p>Somam-se aos esfor\u00e7os dos frades, as ora\u00e7\u00f5es e o empenho de valorosos irm\u00e3os da Fraternidade S\u00e3o Sebasti\u00e3o dos frades Capuchinhos e Santo Ant\u00f4nio do Convento do Largo da Carioca, ambas no Rio de Janeiro, que nos precederam na caminhada e contribu\u00edram para a funda\u00e7\u00e3o da Fraternidade Santo Ant\u00f4nio, e para assim proporcionar ao povo de Duque de Caxias o seguimento do Evangelho de Nosso Senhor Jesus Cristo nos passos de S\u00e3o Francisco de Assis.<\/p>\n<p>Frei Urbano Monteiro, primeiro assistente espiritual, deixou registrado, \u00e0 \u00e9poca, no livro de cr\u00f4nicas da fraternidade sua expectativa sobre a funda\u00e7\u00e3o da Fraternidade Santo Ant\u00f4nio de Duque de Caxias: \u201cA semente \u00e9 pequena, como o gr\u00e3o de mostarda da par\u00e1bola do Divino Mestre, mas o zelo e o fervor dos primeiros nos levam \u00e0 esperan\u00e7a de que num dia n\u00e3o muito remoto a \u00e1rvore seja frondosa. Deus assim o permita, para sua maior gl\u00f3ria e santifica\u00e7\u00e3o e edifica\u00e7\u00e3o de muitas almas\u201d.<\/p>\n<p>Louvemos e agradecemos ao Alt\u00edssimo por tantas gra\u00e7as operadas ao longo de nossa vida fraterna, pela presen\u00e7a dos irm\u00e3os e pela saudosa lembran\u00e7a daqueles que partiram para o Pai, por suas fam\u00edlias e por todas as pessoas, fraternidades e ramos da frondosa Fam\u00edlia Franciscana que contribu\u00edram para que celebr\u00e1ssemos esses 55 anos a servi\u00e7o da Igreja e do Povo de Deus.<\/p>\n","protected":false},"excerpt":{"rendered":"<p>OFS Duque de Caxias<\/p>\n","protected":false},"author":1,"featured_media":219163,"comment_status":"open","ping_status":"open","sticky":false,"template":"","format":"standard","meta":[],"categories":[1],"tags":[60],"acf":[],"yoast_head":"<!-- This site is optimized with the Yoast SEO plugin v19.2 - https:\/\/yoast.com\/wordpress\/plugins\/seo\/ -->\n<title>Fraternidade Santo Ant\u00f4nio celebra 55 anos - Not\u00edcias - Franciscanos<\/title>\n<meta name=\"robots\" content=\"index, follow, max-snippet:-1, max-image-preview:large, max-video-preview:-1\" \/>\n<link rel=\"canonical\" href=\"https:\/\/franciscanos.org.br\/noticias\/fraternidade-santo-antonio-celebra-55-anos.html\" \/>\n<meta property=\"og:locale\" content=\"pt_BR\" \/>\n<meta property=\"og:type\" content=\"article\" \/>\n<meta property=\"og:title\" content=\"Fraternidade Santo Ant\u00f4nio celebra 55 anos - Not\u00edcias - Franciscanos\" \/>\n<meta property=\"og:description\" content=\"OFS Duque de Caxias\" \/>\n<meta property=\"og:url\" content=\"https:\/\/franciscanos.org.br\/noticias\/fraternidade-santo-antonio-celebra-55-anos.html\" \/>\n<meta property=\"og:site_name\" content=\"Not\u00edcias - Franciscanos\" \/>\n<meta property=\"article:published_time\" content=\"2015-10-09T10:29:11+00:00\" \/>\n<meta property=\"article:modified_time\" content=\"2020-06-10T14:17:57+00:00\" \/>\n<meta property=\"og:image\" content=\"https:\/\/franciscanos.org.br\/noticias\/wp-content\/uploads\/2015\/10\/duque_fraternidade.jpg\" \/>\n\t<meta property=\"og:image:width\" content=\"273\" \/>\n\t<meta property=\"og:image:height\" content=\"181\" \/>\n\t<meta property=\"og:image:type\" content=\"image\/jpeg\" \/>\n<meta name=\"author\" content=\"admin\" \/>\n<meta name=\"twitter:card\" content=\"summary_large_image\" \/>\n<meta name=\"twitter:label1\" content=\"Escrito por\" \/>\n\t<meta name=\"twitter:data1\" content=\"admin\" \/>\n\t<meta name=\"twitter:label2\" content=\"Est. tempo de leitura\" \/>\n\t<meta name=\"twitter:data2\" content=\"3 minutos\" \/>\n<script type=\"application\/ld+json\" class=\"yoast-schema-graph\">{\"@context\":\"https:\/\/schema.org\",\"@graph\":[{\"@type\":\"WebSite\",\"@id\":\"https:\/\/franciscanos.org.br\/noticias\/#website\",\"url\":\"https:\/\/franciscanos.org.br\/noticias\/\",\"name\":\"Not\u00edcias - Franciscanos\",\"description\":\"Prov\u00edncia Franciscana da Imaculada Concei\u00e7\u00e3o do Brasil - Ordem dos Frades Menores - OFM\",\"potentialAction\":[{\"@type\":\"SearchAction\",\"target\":{\"@type\":\"EntryPoint\",\"urlTemplate\":\"https:\/\/franciscanos.org.br\/noticias\/?s={search_term_string}\"},\"query-input\":\"required name=search_term_string\"}],\"inLanguage\":\"pt-BR\"},{\"@type\":\"ImageObject\",\"inLanguage\":\"pt-BR\",\"@id\":\"https:\/\/franciscanos.org.br\/noticias\/fraternidade-santo-antonio-celebra-55-anos.html#primaryimage\",\"url\":\"https:\/\/franciscanos.org.br\/noticias\/wp-content\/uploads\/2015\/10\/duque_fraternidade.jpg\",\"contentUrl\":\"https:\/\/franciscanos.org.br\/noticias\/wp-content\/uploads\/2015\/10\/duque_fraternidade.jpg\",\"width\":273,\"height\":181},{\"@type\":\"WebPage\",\"@id\":\"https:\/\/franciscanos.org.br\/noticias\/fraternidade-santo-antonio-celebra-55-anos.html#webpage\",\"url\":\"https:\/\/franciscanos.org.br\/noticias\/fraternidade-santo-antonio-celebra-55-anos.html\",\"name\":\"Fraternidade Santo Ant\u00f4nio celebra 55 anos - Not\u00edcias - Franciscanos\",\"isPartOf\":{\"@id\":\"https:\/\/franciscanos.org.br\/noticias\/#website\"},\"primaryImageOfPage\":{\"@id\":\"https:\/\/franciscanos.org.br\/noticias\/fraternidade-santo-antonio-celebra-55-anos.html#primaryimage\"},\"datePublished\":\"2015-10-09T10:29:11+00:00\",\"dateModified\":\"2020-06-10T14:17:57+00:00\",\"author\":{\"@id\":\"https:\/\/franciscanos.org.br\/noticias\/#\/schema\/person\/b38fbf43118f02820bd932f2e4b14ad3\"},\"breadcrumb\":{\"@id\":\"https:\/\/franciscanos.org.br\/noticias\/fraternidade-santo-antonio-celebra-55-anos.html#breadcrumb\"},\"inLanguage\":\"pt-BR\",\"potentialAction\":[{\"@type\":\"ReadAction\",\"target\":[\"https:\/\/franciscanos.org.br\/noticias\/fraternidade-santo-antonio-celebra-55-anos.html\"]}]},{\"@type\":\"BreadcrumbList\",\"@id\":\"https:\/\/franciscanos.org.br\/noticias\/fraternidade-santo-antonio-celebra-55-anos.html#breadcrumb\",\"itemListElement\":[{\"@type\":\"ListItem\",\"position\":1,\"name\":\"Home\",\"item\":\"https:\/\/franciscanos.org.br\/noticias\"},{\"@type\":\"ListItem\",\"position\":2,\"name\":\"Fraternidade Santo Ant\u00f4nio celebra 55 anos\"}]},{\"@type\":\"Person\",\"@id\":\"https:\/\/franciscanos.org.br\/noticias\/#\/schema\/person\/b38fbf43118f02820bd932f2e4b14ad3\",\"name\":\"admin\",\"image\":{\"@type\":\"ImageObject\",\"inLanguage\":\"pt-BR\",\"@id\":\"https:\/\/franciscanos.org.br\/noticias\/#\/schema\/person\/image\/\",\"url\":\"https:\/\/secure.gravatar.com\/avatar\/e8495742d34d0ba6448ea1c628263b3e?s=96&d=mm&r=g\",\"contentUrl\":\"https:\/\/secure.gravatar.com\/avatar\/e8495742d34d0ba6448ea1c628263b3e?s=96&d=mm&r=g\",\"caption\":\"admin\"},\"url\":\"https:\/\/franciscanos.org.br\/noticias\/author\/admin\"}]}<\/script>\n<!-- \/ Yoast SEO plugin. -->","yoast_head_json":{"title":"Fraternidade Santo Ant\u00f4nio celebra 55 anos - Not\u00edcias - Franciscanos","robots":{"index":"index","follow":"follow","max-snippet":"max-snippet:-1","max-image-preview":"max-image-preview:large","max-video-preview":"max-video-preview:-1"},"canonical":"https:\/\/franciscanos.org.br\/noticias\/fraternidade-santo-antonio-celebra-55-anos.html","og_locale":"pt_BR","og_type":"article","og_title":"Fraternidade Santo Ant\u00f4nio celebra 55 anos - Not\u00edcias - Franciscanos","og_description":"OFS Duque de Caxias","og_url":"https:\/\/franciscanos.org.br\/noticias\/fraternidade-santo-antonio-celebra-55-anos.html","og_site_name":"Not\u00edcias - Franciscanos","article_published_time":"2015-10-09T10:29:11+00:00","article_modified_time":"2020-06-10T14:17:57+00:00","og_image":[{"width":273,"height":181,"url":"https:\/\/franciscanos.org.br\/noticias\/wp-content\/uploads\/2015\/10\/duque_fraternidade.jpg","type":"image\/jpeg"}],"author":"admin","twitter_card":"summary_large_image","twitter_misc":{"Escrito por":"admin","Est. tempo de leitura":"3 minutos"},"schema":{"@context":"https:\/\/schema.org","@graph":[{"@type":"WebSite","@id":"https:\/\/franciscanos.org.br\/noticias\/#website","url":"https:\/\/franciscanos.org.br\/noticias\/","name":"Not\u00edcias - Franciscanos","description":"Prov\u00edncia Franciscana da Imaculada Concei\u00e7\u00e3o do Brasil - Ordem dos Frades Menores - OFM","potentialAction":[{"@type":"SearchAction","target":{"@type":"EntryPoint","urlTemplate":"https:\/\/franciscanos.org.br\/noticias\/?s={search_term_string}"},"query-input":"required name=search_term_string"}],"inLanguage":"pt-BR"},{"@type":"ImageObject","inLanguage":"pt-BR","@id":"https:\/\/franciscanos.org.br\/noticias\/fraternidade-santo-antonio-celebra-55-anos.html#primaryimage","url":"https:\/\/franciscanos.org.br\/noticias\/wp-content\/uploads\/2015\/10\/duque_fraternidade.jpg","contentUrl":"https:\/\/franciscanos.org.br\/noticias\/wp-content\/uploads\/2015\/10\/duque_fraternidade.jpg","width":273,"height":181},{"@type":"WebPage","@id":"https:\/\/franciscanos.org.br\/noticias\/fraternidade-santo-antonio-celebra-55-anos.html#webpage","url":"https:\/\/franciscanos.org.br\/noticias\/fraternidade-santo-antonio-celebra-55-anos.html","name":"Fraternidade Santo Ant\u00f4nio celebra 55 anos - Not\u00edcias - Franciscanos","isPartOf":{"@id":"https:\/\/franciscanos.org.br\/noticias\/#website"},"primaryImageOfPage":{"@id":"https:\/\/franciscanos.org.br\/noticias\/fraternidade-santo-antonio-celebra-55-anos.html#primaryimage"},"datePublished":"2015-10-09T10:29:11+00:00","dateModified":"2020-06-10T14:17:57+00:00","author":{"@id":"https:\/\/franciscanos.org.br\/noticias\/#\/schema\/person\/b38fbf43118f02820bd932f2e4b14ad3"},"breadcrumb":{"@id":"https:\/\/franciscanos.org.br\/noticias\/fraternidade-santo-antonio-celebra-55-anos.html#breadcrumb"},"inLanguage":"pt-BR","potentialAction":[{"@type":"ReadAction","target":["https:\/\/franciscanos.org.br\/noticias\/fraternidade-santo-antonio-celebra-55-anos.html"]}]},{"@type":"BreadcrumbList","@id":"https:\/\/franciscanos.org.br\/noticias\/fraternidade-santo-antonio-celebra-55-anos.html#breadcrumb","itemListElement":[{"@type":"ListItem","position":1,"name":"Home","item":"https:\/\/franciscanos.org.br\/noticias"},{"@type":"ListItem","position":2,"name":"Fraternidade Santo Ant\u00f4nio celebra 55 anos"}]},{"@type":"Person","@id":"https:\/\/franciscanos.org.br\/noticias\/#\/schema\/person\/b38fbf43118f02820bd932f2e4b14ad3","name":"admin","image":{"@type":"ImageObject","inLanguage":"pt-BR","@id":"https:\/\/franciscanos.org.br\/noticias\/#\/schema\/person\/image\/","url":"https:\/\/secure.gravatar.com\/avatar\/e8495742d34d0ba6448ea1c628263b3e?s=96&d=mm&r=g","contentUrl":"https:\/\/secure.gravatar.com\/avatar\/e8495742d34d0ba6448ea1c628263b3e?s=96&d=mm&r=g","caption":"admin"},"url":"https:\/\/franciscanos.org.br\/noticias\/author\/admin"}]}},"_links":{"self":[{"href":"https:\/\/franciscanos.org.br\/noticias\/wp-json\/wp\/v2\/posts\/96289"}],"collection":[{"href":"https:\/\/franciscanos.org.br\/noticias\/wp-json\/wp\/v2\/posts"}],"about":[{"href":"https:\/\/franciscanos.org.br\/noticias\/wp-json\/wp\/v2\/types\/post"}],"author":[{"embeddable":true,"href":"https:\/\/franciscanos.org.br\/noticias\/wp-json\/wp\/v2\/users\/1"}],"replies":[{"embeddable":true,"href":"https:\/\/franciscanos.org.br\/noticias\/wp-json\/wp\/v2\/comments?post=96289"}],"version-history":[{"count":1,"href":"https:\/\/franciscanos.org.br\/noticias\/wp-json\/wp\/v2\/posts\/96289\/revisions"}],"predecessor-version":[{"id":225910,"href":"https:\/\/franciscanos.org.br\/noticias\/wp-json\/wp\/v2\/posts\/96289\/revisions\/225910"}],"wp:featuredmedia":[{"embeddable":true,"href":"https:\/\/franciscanos.org.br\/noticias\/wp-json\/wp\/v2\/media\/219163"}],"wp:attachment":[{"href":"https:\/\/franciscanos.org.br\/noticias\/wp-json\/wp\/v2\/media?parent=96289"}],"wp:term":[{"taxonomy":"category","embeddable":true,"href":"https:\/\/franciscanos.org.br\/noticias\/wp-json\/wp\/v2\/categories?post=96289"},{"taxonomy":"post_tag","embeddable":true,"href":"https:\/\/franciscanos.org.br\/noticias\/wp-json\/wp\/v2\/tags?post=96289"}],"curies":[{"name":"wp","href":"https:\/\/api.w.org\/{rel}","templated":true}]}}