{"id":96262,"date":"2015-10-08T21:01:57","date_gmt":"2015-10-09T00:01:57","guid":{"rendered":"http:\/\/franciscanos.org.br\/?p=96262"},"modified":"2020-06-10T11:18:35","modified_gmt":"2020-06-10T14:18:35","slug":"frei-moser-analisa-primeiros-dias-do-sinodo","status":"publish","type":"post","link":"https:\/\/franciscanos.org.br\/noticias\/frei-moser-analisa-primeiros-dias-do-sinodo.html","title":{"rendered":"Frei Moser analisa primeiros dias do S\u00ednodo da Fam\u00edlia"},"content":{"rendered":"<p><strong>FREI ANT\u00d4NIO MOSER<\/strong><\/p>\n<p>Ap\u00f3s a solene abertura ocorrida no domingo, dia 4 e festa de S\u00e3o Francisco, todos os participantes do S\u00ednodo aguardavam a outra abertura: a dos trabalhos. E estes trabalhos come\u00e7aram naturalmente com dois grandes relat\u00f3rios. Um primeiro, feito pelo Secret\u00e1rio Geral, Cardeal Baldisseri, nosso antigo N\u00fancio, se constitui numa esp\u00e9cie de resgate hist\u00f3rico tanto dos passos j\u00e1 dados, quanto sobretudo das ideias mais importantes contidas no Instrumento de Trabalho. Com sua veia po\u00e9tica, de ex\u00edmio m\u00fasico, revelou tamb\u00e9m extraordin\u00e1ria facilidade de fazer uma leitura de 1 hora e meia, sem cansar ningu\u00e9m. N\u00e3o se ouvia nenhum cochicho sequer. E n\u00e3o era pela presen\u00e7a do Papa Francisco, que entrou discretamente, falou poucas palavras e ficou d\u00ea ouvidos bem abertos mas sem se mexer.<\/p>\n<p>Ap\u00f3s o intervalo de praxe, seguiu-se um segundo relat\u00f3rio, feito pelo Cardeal Erdo\u201d, de Budapeste, fazendo uma esp\u00e9cie de releitura sobre o texto em quest\u00e3o. E esta releitura foi do agrado de poucos e de alguma forma tamb\u00e9m n\u00e3o agradou ao Papa. Isto \u00e9 t\u00e3o verdadeiro que, no dia seguinte, ter\u00e7a, dia 6, o Papa, presente todo o tempo, fez um brev\u00edssimo, mas significativo coment\u00e1rio: A base do S\u00ednodo \u00e9 o texto que j\u00e1 vem sendo trabalhado h\u00e1 tempo e o car\u00e1ter do S\u00ednodo deve ser eminentemente pastoral. Com isto quis dizer que n\u00e3o h\u00e1 lugar para exegeses restritivas, mas um convite para um enriquecimento das muitas quest\u00f5es que est\u00e3o sendo objeto das discuss\u00f5es.<\/p>\n<p>J\u00e1 na tarde da mesma segunda-feira da abertura, bem como durante toda a ter\u00e7a-feira, houve coloca\u00e7\u00f5es de uns 60 bispos. Cada um dispunha de 3 minutos, controlados por uma campainha, e em seguida se abriu a possibilidade para algum outro tipo de interven\u00e7\u00e3o. Por ali j\u00e1 se v\u00ea que n\u00e3o se est\u00e1 trabalhando para reconfirmar as coloca\u00e7\u00f5es j\u00e1 conhecidas. O convite v\u00e1rias vezes expresso \u00e9 o de que embora n\u00e3o estejamos num parlamento, estamos respirando ares de partilha, sem freios.<\/p>\n<p><img loading=\"lazy\" class=\"alignright size-full wp-image-96264\" src=\"http:\/\/franciscanos.org.br\/wp-content\/uploads\/2015\/10\/Synod.gif\" alt=\"Synod\" width=\"610\" height=\"343\" \/>Mas \u00e9 claro que esta liberdade de express\u00e3o est\u00e1 sendo trabalhada nos chamados grupos menores. Na realidade n\u00e3o s\u00e3o t\u00e3o pequenos, contando cada um com mais de 20 pessoas. E \u00e9 nestes grupos que se percebe uma din\u00e2mica muito sugestiva. Palavra aberta para todos e cada um, mas desde que depois coloque sua interven\u00e7\u00e3o por escrito. Cada texto \u00e9 colocado em vota\u00e7\u00e3o. Teremos mais um dia para passar todo o documento. Depois uma comiss\u00e3o de s\u00edntese vai somar as contribui\u00e7\u00f5es de cada grupo, tentando encontrar um fio condutor. Quais s\u00e3o as ideias sustentadas por uma maioria, quais s\u00e3o as que foram expostas apenas em um dos grupos. Enfim, novamente, n\u00e3o se trata de um parlamento, mas num di\u00e1logo muito mais proveitoso do que os do nosso parlamento. Com muita tranquilidade v\u00e3o sendo feitas as emendas, sempre depois de uma boa troca de ideias.<\/p>\n<p>Como o Instrumento de Trabalho est\u00e1 dividido em tr\u00eas partes, cada uma das partes ocupar\u00e1 uma semana nas denominadas Congrega\u00e7\u00f5es gerais. Estas s\u00e3o evidentemente mais solenes, e por isso mesmo, todos v\u00e3o devidamente \u2018fardados\u2019. Nos grupos todos se vestem mais \u00e0 vontade, de tal forma que n\u00e3o se consegue distinguir um cardeal de um bispo, nem um bispo de um expert&#8230;.<\/p>\n<p>Para concluir estes poucos ecos de hoje, e retratar bem o esp\u00edrito de comunh\u00e3o reinante, vou trazer o exemplo de D. Jo\u00e3o de Avis, da Congrega\u00e7\u00e3o dos Religiosos. Ele estava ao meu lado, ou melhor eu ao lado dele. Ele muito \u00e0 vontade, n\u00e3o perdia ocasi\u00e3o para algum pequeno coment\u00e1rio \u00e0 parte. No final lhe perguntei como se sentia ao ser chamado de Emin\u00eancia. Sorrindo, respondeu: olhe h\u00e1 muito j\u00e1 me acostumei a ser chamado simplesmente de Jo\u00e3o&#8230;e n\u00e3o sou mais do que um Jo\u00e3o. Claro que com a estatura dele, tamb\u00e9m ningu\u00e9m ousaria fazer brincadeira com o nome dele. Enfim, os trabalhos s\u00e3o intensos, mas o ambiente favorece a colheita de bons resultados.<\/p>\n","protected":false},"excerpt":{"rendered":"<p>S\u00ednodo dos Bispos<\/p>\n","protected":false},"author":1,"featured_media":212247,"comment_status":"open","ping_status":"open","sticky":false,"template":"","format":"standard","meta":[],"categories":[1428],"tags":[1710],"acf":[],"yoast_head":"<!-- This site is optimized with the Yoast SEO plugin v19.2 - https:\/\/yoast.com\/wordpress\/plugins\/seo\/ -->\n<title>Frei Moser analisa primeiros dias do S\u00ednodo da Fam\u00edlia - Not\u00edcias - Franciscanos<\/title>\n<meta name=\"robots\" content=\"index, follow, max-snippet:-1, max-image-preview:large, max-video-preview:-1\" \/>\n<link rel=\"canonical\" href=\"https:\/\/franciscanos.org.br\/noticias\/frei-moser-analisa-primeiros-dias-do-sinodo.html\" \/>\n<meta property=\"og:locale\" content=\"pt_BR\" \/>\n<meta property=\"og:type\" content=\"article\" \/>\n<meta property=\"og:title\" content=\"Frei Moser analisa primeiros dias do S\u00ednodo da Fam\u00edlia - Not\u00edcias - Franciscanos\" \/>\n<meta property=\"og:description\" content=\"S\u00ednodo dos Bispos\" \/>\n<meta property=\"og:url\" content=\"https:\/\/franciscanos.org.br\/noticias\/frei-moser-analisa-primeiros-dias-do-sinodo.html\" \/>\n<meta property=\"og:site_name\" content=\"Not\u00edcias - Franciscanos\" \/>\n<meta property=\"article:published_time\" content=\"2015-10-09T00:01:57+00:00\" \/>\n<meta property=\"article:modified_time\" content=\"2020-06-10T14:18:35+00:00\" \/>\n<meta property=\"og:image\" content=\"https:\/\/franciscanos.org.br\/noticias\/wp-content\/uploads\/2019\/10\/sinodo_0710d.jpg\" \/>\n\t<meta property=\"og:image:width\" content=\"273\" \/>\n\t<meta property=\"og:image:height\" content=\"181\" \/>\n\t<meta property=\"og:image:type\" content=\"image\/jpeg\" \/>\n<meta name=\"author\" content=\"admin\" \/>\n<meta name=\"twitter:card\" content=\"summary_large_image\" \/>\n<meta name=\"twitter:label1\" content=\"Escrito por\" \/>\n\t<meta name=\"twitter:data1\" content=\"admin\" \/>\n\t<meta name=\"twitter:label2\" content=\"Est. tempo de leitura\" \/>\n\t<meta name=\"twitter:data2\" content=\"4 minutos\" \/>\n<script type=\"application\/ld+json\" class=\"yoast-schema-graph\">{\"@context\":\"https:\/\/schema.org\",\"@graph\":[{\"@type\":\"WebSite\",\"@id\":\"https:\/\/franciscanos.org.br\/noticias\/#website\",\"url\":\"https:\/\/franciscanos.org.br\/noticias\/\",\"name\":\"Not\u00edcias - Franciscanos\",\"description\":\"Prov\u00edncia Franciscana da Imaculada Concei\u00e7\u00e3o do Brasil - Ordem dos Frades Menores - OFM\",\"potentialAction\":[{\"@type\":\"SearchAction\",\"target\":{\"@type\":\"EntryPoint\",\"urlTemplate\":\"https:\/\/franciscanos.org.br\/noticias\/?s={search_term_string}\"},\"query-input\":\"required name=search_term_string\"}],\"inLanguage\":\"pt-BR\"},{\"@type\":\"ImageObject\",\"inLanguage\":\"pt-BR\",\"@id\":\"https:\/\/franciscanos.org.br\/noticias\/frei-moser-analisa-primeiros-dias-do-sinodo.html#primaryimage\",\"url\":\"https:\/\/franciscanos.org.br\/noticias\/wp-content\/uploads\/2019\/10\/sinodo_0710d.jpg\",\"contentUrl\":\"https:\/\/franciscanos.org.br\/noticias\/wp-content\/uploads\/2019\/10\/sinodo_0710d.jpg\",\"width\":273,\"height\":181},{\"@type\":\"WebPage\",\"@id\":\"https:\/\/franciscanos.org.br\/noticias\/frei-moser-analisa-primeiros-dias-do-sinodo.html#webpage\",\"url\":\"https:\/\/franciscanos.org.br\/noticias\/frei-moser-analisa-primeiros-dias-do-sinodo.html\",\"name\":\"Frei Moser analisa primeiros dias do S\u00ednodo da Fam\u00edlia - Not\u00edcias - Franciscanos\",\"isPartOf\":{\"@id\":\"https:\/\/franciscanos.org.br\/noticias\/#website\"},\"primaryImageOfPage\":{\"@id\":\"https:\/\/franciscanos.org.br\/noticias\/frei-moser-analisa-primeiros-dias-do-sinodo.html#primaryimage\"},\"datePublished\":\"2015-10-09T00:01:57+00:00\",\"dateModified\":\"2020-06-10T14:18:35+00:00\",\"author\":{\"@id\":\"https:\/\/franciscanos.org.br\/noticias\/#\/schema\/person\/b38fbf43118f02820bd932f2e4b14ad3\"},\"breadcrumb\":{\"@id\":\"https:\/\/franciscanos.org.br\/noticias\/frei-moser-analisa-primeiros-dias-do-sinodo.html#breadcrumb\"},\"inLanguage\":\"pt-BR\",\"potentialAction\":[{\"@type\":\"ReadAction\",\"target\":[\"https:\/\/franciscanos.org.br\/noticias\/frei-moser-analisa-primeiros-dias-do-sinodo.html\"]}]},{\"@type\":\"BreadcrumbList\",\"@id\":\"https:\/\/franciscanos.org.br\/noticias\/frei-moser-analisa-primeiros-dias-do-sinodo.html#breadcrumb\",\"itemListElement\":[{\"@type\":\"ListItem\",\"position\":1,\"name\":\"Home\",\"item\":\"https:\/\/franciscanos.org.br\/noticias\"},{\"@type\":\"ListItem\",\"position\":2,\"name\":\"Frei Moser analisa primeiros dias do S\u00ednodo da Fam\u00edlia\"}]},{\"@type\":\"Person\",\"@id\":\"https:\/\/franciscanos.org.br\/noticias\/#\/schema\/person\/b38fbf43118f02820bd932f2e4b14ad3\",\"name\":\"admin\",\"image\":{\"@type\":\"ImageObject\",\"inLanguage\":\"pt-BR\",\"@id\":\"https:\/\/franciscanos.org.br\/noticias\/#\/schema\/person\/image\/\",\"url\":\"https:\/\/secure.gravatar.com\/avatar\/e8495742d34d0ba6448ea1c628263b3e?s=96&d=mm&r=g\",\"contentUrl\":\"https:\/\/secure.gravatar.com\/avatar\/e8495742d34d0ba6448ea1c628263b3e?s=96&d=mm&r=g\",\"caption\":\"admin\"},\"url\":\"https:\/\/franciscanos.org.br\/noticias\/author\/admin\"}]}<\/script>\n<!-- \/ Yoast SEO plugin. -->","yoast_head_json":{"title":"Frei Moser analisa primeiros dias do S\u00ednodo da Fam\u00edlia - Not\u00edcias - Franciscanos","robots":{"index":"index","follow":"follow","max-snippet":"max-snippet:-1","max-image-preview":"max-image-preview:large","max-video-preview":"max-video-preview:-1"},"canonical":"https:\/\/franciscanos.org.br\/noticias\/frei-moser-analisa-primeiros-dias-do-sinodo.html","og_locale":"pt_BR","og_type":"article","og_title":"Frei Moser analisa primeiros dias do S\u00ednodo da Fam\u00edlia - Not\u00edcias - Franciscanos","og_description":"S\u00ednodo dos Bispos","og_url":"https:\/\/franciscanos.org.br\/noticias\/frei-moser-analisa-primeiros-dias-do-sinodo.html","og_site_name":"Not\u00edcias - Franciscanos","article_published_time":"2015-10-09T00:01:57+00:00","article_modified_time":"2020-06-10T14:18:35+00:00","og_image":[{"width":273,"height":181,"url":"https:\/\/franciscanos.org.br\/noticias\/wp-content\/uploads\/2019\/10\/sinodo_0710d.jpg","type":"image\/jpeg"}],"author":"admin","twitter_card":"summary_large_image","twitter_misc":{"Escrito por":"admin","Est. tempo de leitura":"4 minutos"},"schema":{"@context":"https:\/\/schema.org","@graph":[{"@type":"WebSite","@id":"https:\/\/franciscanos.org.br\/noticias\/#website","url":"https:\/\/franciscanos.org.br\/noticias\/","name":"Not\u00edcias - Franciscanos","description":"Prov\u00edncia Franciscana da Imaculada Concei\u00e7\u00e3o do Brasil - Ordem dos Frades Menores - OFM","potentialAction":[{"@type":"SearchAction","target":{"@type":"EntryPoint","urlTemplate":"https:\/\/franciscanos.org.br\/noticias\/?s={search_term_string}"},"query-input":"required name=search_term_string"}],"inLanguage":"pt-BR"},{"@type":"ImageObject","inLanguage":"pt-BR","@id":"https:\/\/franciscanos.org.br\/noticias\/frei-moser-analisa-primeiros-dias-do-sinodo.html#primaryimage","url":"https:\/\/franciscanos.org.br\/noticias\/wp-content\/uploads\/2019\/10\/sinodo_0710d.jpg","contentUrl":"https:\/\/franciscanos.org.br\/noticias\/wp-content\/uploads\/2019\/10\/sinodo_0710d.jpg","width":273,"height":181},{"@type":"WebPage","@id":"https:\/\/franciscanos.org.br\/noticias\/frei-moser-analisa-primeiros-dias-do-sinodo.html#webpage","url":"https:\/\/franciscanos.org.br\/noticias\/frei-moser-analisa-primeiros-dias-do-sinodo.html","name":"Frei Moser analisa primeiros dias do S\u00ednodo da Fam\u00edlia - Not\u00edcias - Franciscanos","isPartOf":{"@id":"https:\/\/franciscanos.org.br\/noticias\/#website"},"primaryImageOfPage":{"@id":"https:\/\/franciscanos.org.br\/noticias\/frei-moser-analisa-primeiros-dias-do-sinodo.html#primaryimage"},"datePublished":"2015-10-09T00:01:57+00:00","dateModified":"2020-06-10T14:18:35+00:00","author":{"@id":"https:\/\/franciscanos.org.br\/noticias\/#\/schema\/person\/b38fbf43118f02820bd932f2e4b14ad3"},"breadcrumb":{"@id":"https:\/\/franciscanos.org.br\/noticias\/frei-moser-analisa-primeiros-dias-do-sinodo.html#breadcrumb"},"inLanguage":"pt-BR","potentialAction":[{"@type":"ReadAction","target":["https:\/\/franciscanos.org.br\/noticias\/frei-moser-analisa-primeiros-dias-do-sinodo.html"]}]},{"@type":"BreadcrumbList","@id":"https:\/\/franciscanos.org.br\/noticias\/frei-moser-analisa-primeiros-dias-do-sinodo.html#breadcrumb","itemListElement":[{"@type":"ListItem","position":1,"name":"Home","item":"https:\/\/franciscanos.org.br\/noticias"},{"@type":"ListItem","position":2,"name":"Frei Moser analisa primeiros dias do S\u00ednodo da Fam\u00edlia"}]},{"@type":"Person","@id":"https:\/\/franciscanos.org.br\/noticias\/#\/schema\/person\/b38fbf43118f02820bd932f2e4b14ad3","name":"admin","image":{"@type":"ImageObject","inLanguage":"pt-BR","@id":"https:\/\/franciscanos.org.br\/noticias\/#\/schema\/person\/image\/","url":"https:\/\/secure.gravatar.com\/avatar\/e8495742d34d0ba6448ea1c628263b3e?s=96&d=mm&r=g","contentUrl":"https:\/\/secure.gravatar.com\/avatar\/e8495742d34d0ba6448ea1c628263b3e?s=96&d=mm&r=g","caption":"admin"},"url":"https:\/\/franciscanos.org.br\/noticias\/author\/admin"}]}},"_links":{"self":[{"href":"https:\/\/franciscanos.org.br\/noticias\/wp-json\/wp\/v2\/posts\/96262"}],"collection":[{"href":"https:\/\/franciscanos.org.br\/noticias\/wp-json\/wp\/v2\/posts"}],"about":[{"href":"https:\/\/franciscanos.org.br\/noticias\/wp-json\/wp\/v2\/types\/post"}],"author":[{"embeddable":true,"href":"https:\/\/franciscanos.org.br\/noticias\/wp-json\/wp\/v2\/users\/1"}],"replies":[{"embeddable":true,"href":"https:\/\/franciscanos.org.br\/noticias\/wp-json\/wp\/v2\/comments?post=96262"}],"version-history":[{"count":1,"href":"https:\/\/franciscanos.org.br\/noticias\/wp-json\/wp\/v2\/posts\/96262\/revisions"}],"predecessor-version":[{"id":225911,"href":"https:\/\/franciscanos.org.br\/noticias\/wp-json\/wp\/v2\/posts\/96262\/revisions\/225911"}],"wp:featuredmedia":[{"embeddable":true,"href":"https:\/\/franciscanos.org.br\/noticias\/wp-json\/wp\/v2\/media\/212247"}],"wp:attachment":[{"href":"https:\/\/franciscanos.org.br\/noticias\/wp-json\/wp\/v2\/media?parent=96262"}],"wp:term":[{"taxonomy":"category","embeddable":true,"href":"https:\/\/franciscanos.org.br\/noticias\/wp-json\/wp\/v2\/categories?post=96262"},{"taxonomy":"post_tag","embeddable":true,"href":"https:\/\/franciscanos.org.br\/noticias\/wp-json\/wp\/v2\/tags?post=96262"}],"curies":[{"name":"wp","href":"https:\/\/api.w.org\/{rel}","templated":true}]}}