{"id":96212,"date":"2015-10-08T08:13:54","date_gmt":"2015-10-08T11:13:54","guid":{"rendered":"http:\/\/franciscanos.org.br\/?p=96212"},"modified":"2019-04-17T14:38:07","modified_gmt":"2019-04-17T17:38:07","slug":"cada-um-e-acougueiro-do-proprio-coracao","status":"publish","type":"post","link":"https:\/\/franciscanos.org.br\/noticias\/cada-um-e-acougueiro-do-proprio-coracao.html","title":{"rendered":"Cada um \u00e9 \u201ca\u00e7ougueiro\u201d do pr\u00f3prio cora\u00e7\u00e3o"},"content":{"rendered":"<p>&nbsp;<\/p>\n<p><img loading=\"lazy\" src=\"https:\/\/franciscanos.org.br\/noticias\/wp-content\/uploads\/2015\/10\/rico_alto.jpg\" alt=\"\" width=\"820\" height=\"579\" \/><\/p>\n<p><strong>Frei Gustavo Medella<\/strong><\/p>\n<p>Dif\u00edcil busca a do ser humano&#8230; Eleger, no caminho da exist\u00eancia, os valores que ser\u00e3o capazes de lhe preencher \u00a0a vida de sentido \u00e9 tarefa que exige coragem e desprendimento. Feliz de quem consegue fazer coro ao autor sagrado do livro da Sabedoria, quando diz: \u201cPreferi a sabedoria aos cetros e tronos e, em compara\u00e7\u00e3o com ela, julguei sem valor a riqueza\u201d (Sb 7,8). \u00c9 verdadeira gra\u00e7a alcan\u00e7ar este entendimento, pois quem se reveste de sabedoria passa a enxergar mais longe, encontra a for\u00e7a e a inspira\u00e7\u00e3o que s\u00e3o necess\u00e1rias para superar as dificuldades pr\u00f3prias da caminhada.<\/p>\n<p>Quem cultiva a sabedoria sabe reencantar a pr\u00f3pria exist\u00eancia, consegue reinventar-se diante de qualquer obst\u00e1culo de perda, doen\u00e7a, frustra\u00e7\u00e3o. N\u00e3o sem dor, obt\u00e9m a serenidade que \u00e9 capaz de descortinar um novo horizonte de esperan\u00e7a. Beleza e forma f\u00edsica podem se esvair diante de uma enfermidade; uma conta banc\u00e1ria recheada pode escapulir pelas m\u00e3os numa crise econ\u00f4mica. O poder e a fama s\u00e3o, por natureza, passageiros e fugazes. A sabedoria, no entanto, esta permanece, humilde, discreta, mas garantindo at\u00e9 o fim o sentido da exist\u00eancia.<\/p>\n<p>No Evangelho (Mc 10,17-30), o jovem rico era uma pessoa \u201cde bem\u201d e \u201cde bens\u201d. Cumpria \u201cdireitinho\u201d os mandamentos, seguia com fidelidade as prescri\u00e7\u00f5es de um \u201cbom judeu\u201d, tinha apre\u00e7o e considerava aquilo que Jesus ensinava. Faltou-lhe apenas a coragem de dar um passo a mais, de reordenar melhor os seus valores e de abra\u00e7ar a sabedoria divina que Jesus lhe oferecia de gra\u00e7a. Ali pesou seu cora\u00e7\u00e3o ainda aprisionado pelo apego \u00e0s riquezas e, por isso, podendo abra\u00e7ar a alegria de ser um seguidor de Cristo, foi embora abatido e com o cora\u00e7\u00e3o cheio de tristeza.<\/p>\n<p>Todos n\u00f3s trazemos no cora\u00e7\u00e3o um pouco deste jovem rico. Precisamos ter a coragem de identificar quais s\u00e3o os apegos interiores que nos impedem de abra\u00e7ar com maior convic\u00e7\u00e3o e entusiasmo o projeto de Deus para n\u00f3s. Ao modo do a\u00e7ougueiro que separa a carne dos ossos, que limpa as gorduras e pelancas, com a faca afiada da Palavra de Deus, que \u00e9 \u201cmais cortante do que qualquer espada de dois gumes, que penetra at\u00e9 dividir alma e esp\u00edrito, articula\u00e7\u00f5es e medulas\u201d (Hb 4,12), separar em nosso cora\u00e7\u00e3o aquilo pelo qual vale a pena entregar a vida (o fil\u00e9 da sabedoria) das banhas da vaidade, das nervuras do orgulho, e do osso duro da gan\u00e2ncia pelo dinheiro.<\/p>\n","protected":false},"excerpt":{"rendered":"<p>Liturgia dominical<\/p>\n","protected":false},"author":1,"featured_media":202584,"comment_status":"open","ping_status":"open","sticky":false,"template":"","format":"standard","meta":[],"categories":[1],"tags":[537],"acf":[],"yoast_head":"<!-- This site is optimized with the Yoast SEO plugin v19.2 - https:\/\/yoast.com\/wordpress\/plugins\/seo\/ -->\n<title>Cada um \u00e9 \u201ca\u00e7ougueiro\u201d do pr\u00f3prio cora\u00e7\u00e3o - Not\u00edcias - Franciscanos<\/title>\n<meta name=\"robots\" content=\"index, follow, max-snippet:-1, max-image-preview:large, max-video-preview:-1\" \/>\n<link rel=\"canonical\" href=\"https:\/\/franciscanos.org.br\/noticias\/cada-um-e-acougueiro-do-proprio-coracao.html\" \/>\n<meta property=\"og:locale\" content=\"pt_BR\" \/>\n<meta property=\"og:type\" content=\"article\" \/>\n<meta property=\"og:title\" content=\"Cada um \u00e9 \u201ca\u00e7ougueiro\u201d do pr\u00f3prio cora\u00e7\u00e3o - Not\u00edcias - Franciscanos\" \/>\n<meta property=\"og:description\" content=\"Liturgia dominical\" \/>\n<meta property=\"og:url\" content=\"https:\/\/franciscanos.org.br\/noticias\/cada-um-e-acougueiro-do-proprio-coracao.html\" \/>\n<meta property=\"og:site_name\" content=\"Not\u00edcias - Franciscanos\" \/>\n<meta property=\"article:published_time\" content=\"2015-10-08T11:13:54+00:00\" \/>\n<meta property=\"article:modified_time\" content=\"2019-04-17T17:38:07+00:00\" \/>\n<meta property=\"og:image\" content=\"https:\/\/franciscanos.org.br\/noticias\/wp-content\/uploads\/2015\/10\/rico_alto-1.jpg\" \/>\n\t<meta property=\"og:image:width\" content=\"273\" \/>\n\t<meta property=\"og:image:height\" content=\"181\" \/>\n\t<meta property=\"og:image:type\" content=\"image\/jpeg\" \/>\n<meta name=\"author\" content=\"admin\" \/>\n<meta name=\"twitter:card\" content=\"summary_large_image\" \/>\n<meta name=\"twitter:label1\" content=\"Escrito por\" \/>\n\t<meta name=\"twitter:data1\" content=\"admin\" \/>\n\t<meta name=\"twitter:label2\" content=\"Est. tempo de leitura\" \/>\n\t<meta name=\"twitter:data2\" content=\"2 minutos\" \/>\n<script type=\"application\/ld+json\" class=\"yoast-schema-graph\">{\"@context\":\"https:\/\/schema.org\",\"@graph\":[{\"@type\":\"WebSite\",\"@id\":\"https:\/\/franciscanos.org.br\/noticias\/#website\",\"url\":\"https:\/\/franciscanos.org.br\/noticias\/\",\"name\":\"Not\u00edcias - Franciscanos\",\"description\":\"Prov\u00edncia Franciscana da Imaculada Concei\u00e7\u00e3o do Brasil - Ordem dos Frades Menores - OFM\",\"potentialAction\":[{\"@type\":\"SearchAction\",\"target\":{\"@type\":\"EntryPoint\",\"urlTemplate\":\"https:\/\/franciscanos.org.br\/noticias\/?s={search_term_string}\"},\"query-input\":\"required name=search_term_string\"}],\"inLanguage\":\"pt-BR\"},{\"@type\":\"ImageObject\",\"inLanguage\":\"pt-BR\",\"@id\":\"https:\/\/franciscanos.org.br\/noticias\/cada-um-e-acougueiro-do-proprio-coracao.html#primaryimage\",\"url\":\"https:\/\/franciscanos.org.br\/noticias\/wp-content\/uploads\/2015\/10\/rico_alto-1.jpg\",\"contentUrl\":\"https:\/\/franciscanos.org.br\/noticias\/wp-content\/uploads\/2015\/10\/rico_alto-1.jpg\",\"width\":273,\"height\":181},{\"@type\":\"WebPage\",\"@id\":\"https:\/\/franciscanos.org.br\/noticias\/cada-um-e-acougueiro-do-proprio-coracao.html#webpage\",\"url\":\"https:\/\/franciscanos.org.br\/noticias\/cada-um-e-acougueiro-do-proprio-coracao.html\",\"name\":\"Cada um \u00e9 \u201ca\u00e7ougueiro\u201d do pr\u00f3prio cora\u00e7\u00e3o - Not\u00edcias - Franciscanos\",\"isPartOf\":{\"@id\":\"https:\/\/franciscanos.org.br\/noticias\/#website\"},\"primaryImageOfPage\":{\"@id\":\"https:\/\/franciscanos.org.br\/noticias\/cada-um-e-acougueiro-do-proprio-coracao.html#primaryimage\"},\"datePublished\":\"2015-10-08T11:13:54+00:00\",\"dateModified\":\"2019-04-17T17:38:07+00:00\",\"author\":{\"@id\":\"https:\/\/franciscanos.org.br\/noticias\/#\/schema\/person\/b38fbf43118f02820bd932f2e4b14ad3\"},\"breadcrumb\":{\"@id\":\"https:\/\/franciscanos.org.br\/noticias\/cada-um-e-acougueiro-do-proprio-coracao.html#breadcrumb\"},\"inLanguage\":\"pt-BR\",\"potentialAction\":[{\"@type\":\"ReadAction\",\"target\":[\"https:\/\/franciscanos.org.br\/noticias\/cada-um-e-acougueiro-do-proprio-coracao.html\"]}]},{\"@type\":\"BreadcrumbList\",\"@id\":\"https:\/\/franciscanos.org.br\/noticias\/cada-um-e-acougueiro-do-proprio-coracao.html#breadcrumb\",\"itemListElement\":[{\"@type\":\"ListItem\",\"position\":1,\"name\":\"Home\",\"item\":\"https:\/\/franciscanos.org.br\/noticias\"},{\"@type\":\"ListItem\",\"position\":2,\"name\":\"Cada um \u00e9 \u201ca\u00e7ougueiro\u201d do pr\u00f3prio cora\u00e7\u00e3o\"}]},{\"@type\":\"Person\",\"@id\":\"https:\/\/franciscanos.org.br\/noticias\/#\/schema\/person\/b38fbf43118f02820bd932f2e4b14ad3\",\"name\":\"admin\",\"image\":{\"@type\":\"ImageObject\",\"inLanguage\":\"pt-BR\",\"@id\":\"https:\/\/franciscanos.org.br\/noticias\/#\/schema\/person\/image\/\",\"url\":\"https:\/\/secure.gravatar.com\/avatar\/e8495742d34d0ba6448ea1c628263b3e?s=96&d=mm&r=g\",\"contentUrl\":\"https:\/\/secure.gravatar.com\/avatar\/e8495742d34d0ba6448ea1c628263b3e?s=96&d=mm&r=g\",\"caption\":\"admin\"},\"url\":\"https:\/\/franciscanos.org.br\/noticias\/author\/admin\"}]}<\/script>\n<!-- \/ Yoast SEO plugin. -->","yoast_head_json":{"title":"Cada um \u00e9 \u201ca\u00e7ougueiro\u201d do pr\u00f3prio cora\u00e7\u00e3o - Not\u00edcias - Franciscanos","robots":{"index":"index","follow":"follow","max-snippet":"max-snippet:-1","max-image-preview":"max-image-preview:large","max-video-preview":"max-video-preview:-1"},"canonical":"https:\/\/franciscanos.org.br\/noticias\/cada-um-e-acougueiro-do-proprio-coracao.html","og_locale":"pt_BR","og_type":"article","og_title":"Cada um \u00e9 \u201ca\u00e7ougueiro\u201d do pr\u00f3prio cora\u00e7\u00e3o - Not\u00edcias - Franciscanos","og_description":"Liturgia dominical","og_url":"https:\/\/franciscanos.org.br\/noticias\/cada-um-e-acougueiro-do-proprio-coracao.html","og_site_name":"Not\u00edcias - Franciscanos","article_published_time":"2015-10-08T11:13:54+00:00","article_modified_time":"2019-04-17T17:38:07+00:00","og_image":[{"width":273,"height":181,"url":"https:\/\/franciscanos.org.br\/noticias\/wp-content\/uploads\/2015\/10\/rico_alto-1.jpg","type":"image\/jpeg"}],"author":"admin","twitter_card":"summary_large_image","twitter_misc":{"Escrito por":"admin","Est. tempo de leitura":"2 minutos"},"schema":{"@context":"https:\/\/schema.org","@graph":[{"@type":"WebSite","@id":"https:\/\/franciscanos.org.br\/noticias\/#website","url":"https:\/\/franciscanos.org.br\/noticias\/","name":"Not\u00edcias - Franciscanos","description":"Prov\u00edncia Franciscana da Imaculada Concei\u00e7\u00e3o do Brasil - Ordem dos Frades Menores - OFM","potentialAction":[{"@type":"SearchAction","target":{"@type":"EntryPoint","urlTemplate":"https:\/\/franciscanos.org.br\/noticias\/?s={search_term_string}"},"query-input":"required name=search_term_string"}],"inLanguage":"pt-BR"},{"@type":"ImageObject","inLanguage":"pt-BR","@id":"https:\/\/franciscanos.org.br\/noticias\/cada-um-e-acougueiro-do-proprio-coracao.html#primaryimage","url":"https:\/\/franciscanos.org.br\/noticias\/wp-content\/uploads\/2015\/10\/rico_alto-1.jpg","contentUrl":"https:\/\/franciscanos.org.br\/noticias\/wp-content\/uploads\/2015\/10\/rico_alto-1.jpg","width":273,"height":181},{"@type":"WebPage","@id":"https:\/\/franciscanos.org.br\/noticias\/cada-um-e-acougueiro-do-proprio-coracao.html#webpage","url":"https:\/\/franciscanos.org.br\/noticias\/cada-um-e-acougueiro-do-proprio-coracao.html","name":"Cada um \u00e9 \u201ca\u00e7ougueiro\u201d do pr\u00f3prio cora\u00e7\u00e3o - Not\u00edcias - Franciscanos","isPartOf":{"@id":"https:\/\/franciscanos.org.br\/noticias\/#website"},"primaryImageOfPage":{"@id":"https:\/\/franciscanos.org.br\/noticias\/cada-um-e-acougueiro-do-proprio-coracao.html#primaryimage"},"datePublished":"2015-10-08T11:13:54+00:00","dateModified":"2019-04-17T17:38:07+00:00","author":{"@id":"https:\/\/franciscanos.org.br\/noticias\/#\/schema\/person\/b38fbf43118f02820bd932f2e4b14ad3"},"breadcrumb":{"@id":"https:\/\/franciscanos.org.br\/noticias\/cada-um-e-acougueiro-do-proprio-coracao.html#breadcrumb"},"inLanguage":"pt-BR","potentialAction":[{"@type":"ReadAction","target":["https:\/\/franciscanos.org.br\/noticias\/cada-um-e-acougueiro-do-proprio-coracao.html"]}]},{"@type":"BreadcrumbList","@id":"https:\/\/franciscanos.org.br\/noticias\/cada-um-e-acougueiro-do-proprio-coracao.html#breadcrumb","itemListElement":[{"@type":"ListItem","position":1,"name":"Home","item":"https:\/\/franciscanos.org.br\/noticias"},{"@type":"ListItem","position":2,"name":"Cada um \u00e9 \u201ca\u00e7ougueiro\u201d do pr\u00f3prio cora\u00e7\u00e3o"}]},{"@type":"Person","@id":"https:\/\/franciscanos.org.br\/noticias\/#\/schema\/person\/b38fbf43118f02820bd932f2e4b14ad3","name":"admin","image":{"@type":"ImageObject","inLanguage":"pt-BR","@id":"https:\/\/franciscanos.org.br\/noticias\/#\/schema\/person\/image\/","url":"https:\/\/secure.gravatar.com\/avatar\/e8495742d34d0ba6448ea1c628263b3e?s=96&d=mm&r=g","contentUrl":"https:\/\/secure.gravatar.com\/avatar\/e8495742d34d0ba6448ea1c628263b3e?s=96&d=mm&r=g","caption":"admin"},"url":"https:\/\/franciscanos.org.br\/noticias\/author\/admin"}]}},"_links":{"self":[{"href":"https:\/\/franciscanos.org.br\/noticias\/wp-json\/wp\/v2\/posts\/96212"}],"collection":[{"href":"https:\/\/franciscanos.org.br\/noticias\/wp-json\/wp\/v2\/posts"}],"about":[{"href":"https:\/\/franciscanos.org.br\/noticias\/wp-json\/wp\/v2\/types\/post"}],"author":[{"embeddable":true,"href":"https:\/\/franciscanos.org.br\/noticias\/wp-json\/wp\/v2\/users\/1"}],"replies":[{"embeddable":true,"href":"https:\/\/franciscanos.org.br\/noticias\/wp-json\/wp\/v2\/comments?post=96212"}],"version-history":[{"count":0,"href":"https:\/\/franciscanos.org.br\/noticias\/wp-json\/wp\/v2\/posts\/96212\/revisions"}],"wp:featuredmedia":[{"embeddable":true,"href":"https:\/\/franciscanos.org.br\/noticias\/wp-json\/wp\/v2\/media\/202584"}],"wp:attachment":[{"href":"https:\/\/franciscanos.org.br\/noticias\/wp-json\/wp\/v2\/media?parent=96212"}],"wp:term":[{"taxonomy":"category","embeddable":true,"href":"https:\/\/franciscanos.org.br\/noticias\/wp-json\/wp\/v2\/categories?post=96212"},{"taxonomy":"post_tag","embeddable":true,"href":"https:\/\/franciscanos.org.br\/noticias\/wp-json\/wp\/v2\/tags?post=96212"}],"curies":[{"name":"wp","href":"https:\/\/api.w.org\/{rel}","templated":true}]}}