{"id":96110,"date":"2015-10-06T18:45:59","date_gmt":"2015-10-06T21:45:59","guid":{"rendered":"http:\/\/franciscanos.org.br\/?p=96110"},"modified":"2020-06-10T11:20:21","modified_gmt":"2020-06-10T14:20:21","slug":"papa-volta-a-orientar-trabalhos-do-sinodo","status":"publish","type":"post","link":"https:\/\/franciscanos.org.br\/noticias\/papa-volta-a-orientar-trabalhos-do-sinodo.html","title":{"rendered":"Papa volta a orientar trabalhos do S\u00ednodo"},"content":{"rendered":"<p><strong>Cidade do Vaticano<\/strong> &#8211; O papa Francisco falou nesta ter\u00e7a-feira (6\/10) para o S\u00ednodo sobre a Fam\u00edlia que \u201ca doutrina cat\u00f3lica sobre o Matrim\u00f4nio n\u00e3o foi colocada em quest\u00e3o\u201d na assembleia extraordin\u00e1ria de 2014. Muitas interven\u00e7\u00f5es cr\u00edticas, sobretudo sobre o funcionamento do S\u00ednodo, e preocupa\u00e7\u00f5es expressas por alguns conservadores sobre como manter a doutrina aos divorciados novamente casados (atualmente proibidos de comungar) levaram o Papa a expressar-se de forma inesperada.<\/p>\n<p>A informa\u00e7\u00e3o foi dada em coletiva pelo porta-voz do Vaticano, Pe. Federico Lombardi. Francisco disse aos mais de 400 participantes que \u201ca doutrina cat\u00f3lica sobre o Matrim\u00f4nio n\u00e3o foi colocada em quest\u00e3o\u201d na assembleia extraordin\u00e1ria de 2014. O Papa, que tinha aberto a primeira reuni\u00e3o geral, esta segunda-feira, com um discurso, pediu que os membros da 14\u00aa assembleia evitem deixar-se \u201ccondicionar\u201d ou \u201creduzir o horizonte de trabalho neste S\u00ednodo\u201d, como se o \u00fanico problema \u201cfosse o da Comunh\u00e3o aos divorciados, recasados ou n\u00e3o\u201d. Setenta e dois pronunciamentos em duas congrega\u00e7\u00f5es gerais, representando todos os continentes e, de certa forma, todas as l\u00ednguas.<\/p>\n<p>Acompanhado do Cardeal Paul-Andr\u00e9 Durocher, ex-presidente da Confer\u00eancia Episcopal do Canad\u00e1, e do presidente do Pontif\u00edcio Conselho das Comunica\u00e7\u00f5es Sociais e, no S\u00ednodo, presidente da Comiss\u00e3o para a Informa\u00e7\u00e3o, Dom Claudio Maria Celli, o religioso jesu\u00edta fez uma s\u00edntese aproximativa dos pronunciamentos: dez da Am\u00e9rica Latina, sete da Am\u00e9rica do Norte, vinte e seis da Europa, doze da \u00c1frica, oito da \u00c1sia e Oceania, seis do Oriente M\u00e9dio.<\/p>\n<p>Ainda segundo Pe. Lombardi, as l\u00ednguas mais utilizadas nos pronunciamentos t\u00eam sido o italiano \u2013 cerca de 23, e o ingl\u00eas \u2013 cerca de 21; 15 ou 16 em franc\u00eas e depois alguns pronunciamentos em espanhol \u2013 sete, dois em alem\u00e3o e um em portugu\u00eas.<\/p>\n<p><img loading=\"lazy\" class=\"alignleft wp-image-96113 size-full\" src=\"http:\/\/franciscanos.org.br\/wp-content\/uploads\/2015\/10\/sinodo_06_papa.jpg\" alt=\"sinodo_06_papa\" width=\"498\" height=\"500\" \/>Com esses n\u00fameros, disse Pe. Lombardi aos jornalistas presentes na coletiva, voc\u00eas se d\u00e3o conta do ambiente lingu\u00edstico que se respira na Assembleia do S\u00ednodo.<br \/>\nUma Assembleia sinodal em continuidade com a de 2014, durante a qual a doutrina cat\u00f3lica sobre o matrim\u00f4nio n\u00e3o foi modificada: foi o que observou o Papa Francisco no breve pronunciamento da terceira Congrega\u00e7\u00e3o Geral, esta ter\u00e7a-feira, seguida dos C\u00edrculos menores. O Santo Padre evidenciou os tr\u00eas documentos oficiais, o Relat\u00f3rio do S\u00ednodo (Relatio Synodi) e os dois discursos pontif\u00edcios de abertura e de conclus\u00e3o dos trabalhos; destacou Pe. Lombardi na coletiva.<\/p>\n<p>O diretor da Sala de Imprensa da Santa S\u00e9 referiu tamb\u00e9m a segunda observa\u00e7\u00e3o do Papa em seu breve pronunciamento da manh\u00e3 desta ter\u00e7a-feira: \u201cN\u00e3o devemos deixar-nos condicionar e reduzir o nosso horizonte neste S\u00ednodo, como se o \u00fanico problema fosse o da comunh\u00e3o aos divorciados e recasados ou n\u00e3o. Portanto, considerar a amplitude dos problemas e das quest\u00f5es propostas na Assembleia sinodal, dos quais o \u2018Instrumentum Laboris\u2019 d\u00e1 uma ampla perspectiva.\u201d<\/p>\n<p>Respondendo aos jornalistas, tamb\u00e9m o Arcebispo Claudio Maria Celli evidenciou ulteriormente o breve pronunciamento do Papa: \u201cA minha impress\u00e3o \u00e9 de que o pronunciamento do Papa na manh\u00e3 desta ter\u00e7a-feira, ao recordar que os documentos de refer\u00eancia em nossa discuss\u00e3o s\u00e3o a \u2018Relatio Synodi\u2019 e seus dois discursos, de abertura e de conclus\u00e3o, mant\u00e9m aberto uma atitude da Igreja profundamente pastoral em rela\u00e7\u00e3o a essa realidade dos divorciados. Por\u00e9m, se deve considerar tamb\u00e9m o que o Papa disse, ou seja, que o S\u00ednodo n\u00e3o tem essa quest\u00e3o como \u00fanico ponto de refer\u00eancia. \u00c9 um dos pontos.\u201d<\/p>\n<p>A prop\u00f3sito do relat\u00f3rio introdutivo do S\u00ednodo, apresentado na segunda-feira pelo Cardeal Peter Erd\u0151, o Cardeal Paul-Andr\u00e9 Durocher convidou a \u201centrar em di\u00e1logo com o mundo\u201d: \u201cNo primeiro par\u00e1grafo de seu pronunciamento, o Cardeal Erd\u0151 recorda aquela cena em que Jesus v\u00ea uma multid\u00e3o, teve d\u00f3 daquela multid\u00e3o e se dirigiu a ela. O Cardeal Erd\u0151 recorda-nos que isso corresponde, de certo modo, \u00e0s tr\u00eas etapas desse processo do \u2018Instrumentum Laboris\u2019 e do processo sinodal. Portanto, neste momento queremos \u2013 junto com Jesus \u2013 olhar para o mundo que est\u00e1 diante de n\u00f3s. Na segunda etapa, a da piedade, avaliar como julgar essa situa\u00e7\u00e3o. Na \u00faltima, como seremos capazes de responder \u00e0s expectativas deste povo, do mundo que est\u00e1 diante de n\u00f3s.\u201d<\/p>\n<p>Nos temas abordados pelos 72 padres sinodais que se pronunciaram \u2013 representativos de todos os continentes e de todas as l\u00ednguas \u2013 tocaram os v\u00e1rios \u00e2mbitos relacionados \u00e0 fam\u00edlia e \u00e0 Igreja.<\/p>\n<p>Em primeiro lugar, um esclarecimento da parte do secret\u00e1rio-geral do S\u00ednodo, o Cardeal Lorenzo Baldisseri, a prop\u00f3sito da metodologia de trabalho da Assembleia, modificada em rela\u00e7\u00e3o ao passado, solicita\u00e7\u00e3o feita durante a discuss\u00e3o livre da segunda congrega\u00e7\u00e3o geral.<\/p>\n<p>Em particular, o pupurado deteve-se sobre as fun\u00e7\u00f5es dos C\u00edrculos Menores e sobre a Comiss\u00e3o, nomeada no in\u00edcio de setembro pelo Santo Padre para a reda\u00e7\u00e3o do Relat\u00f3rio final do S\u00ednodo.<\/p>\n<p>Em seguida, o destaque para os temas abordados: a revolu\u00e7\u00e3o cultural que caracteriza a \u00e9poca em que vivemos, em que a Igreja \u00e9 chamada a acompanhar as fam\u00edlias e, em geral, todo o povo de Deus, para encontrar respostas e solu\u00e7\u00f5es adequadas aos problemas de hoje.<\/p>\n<p>Al\u00e9m disso, explicou Pe. Lombardi, falou-se de uma linguagem apropriada da parte da Igreja, inclusive \u201cpara evitar impress\u00f5es de julgamentos negativos em rela\u00e7\u00e3o a situa\u00e7\u00f5es e pessoas\u201d: \u201cAinda sobre o tema da linguagem, alguns mencionaram de modo muito positivo a linguagem utilizada nas catequeses do Papa Francisco durante este ano, como modo concreto, simples, claro e positivo de falar da realidade da fam\u00edlia no mundo de hoje.\u201d<\/p>\n<p>Foi tamb\u00e9m ressaltada a necessidade de ajudar, seja os casais de c\u00f4njuges a crescer e a amadurecer na f\u00e9 e no matrim\u00f4nio, seja os jovens a redescobrir a beleza do amor e da profunda inter-rela\u00e7\u00e3o entre amor e matrim\u00f4nio. Ademais, evidenciando que o testemunho das fam\u00edlias mission\u00e1rias \u00e9 indispens\u00e1vel para a vida da Igreja.<br \/>\nRefletiu-se tamb\u00e9m sobre os n\u00facleos familiares que vivem situa\u00e7\u00f5es dif\u00edceis, sobre o drama da pobreza na fam\u00edlia, sobre viol\u00eancias que atingem a pr\u00f3pria fam\u00edlia, sobre a chaga do trabalho infantil, sobre o drama dos refugiados e dos migrantes e das persegui\u00e7\u00f5es aos crist\u00e3os.<\/p>\n<p>Al\u00e9m disso, se detiveram sobre a quest\u00e3o das pessoas com tend\u00eancias homossexuais: elas fazem parte da Igreja, foi dito, esclarecendo, ao mesmo tempo, que o matrim\u00f4nio \u00e9 a uni\u00e3o sacramental entre um homem e uma mulher, fundamento da fam\u00edlia em sua integridade.<\/p>\n<hr \/>\n<p><em>Fonte: R\u00e1dio Vaticano<\/em><\/p>\n","protected":false},"excerpt":{"rendered":"<p>S\u00ednodo dos Bispos<\/p>\n","protected":false},"author":1,"featured_media":220650,"comment_status":"open","ping_status":"open","sticky":false,"template":"","format":"standard","meta":[],"categories":[1428],"tags":[1710],"acf":[],"yoast_head":"<!-- This site is optimized with the Yoast SEO plugin v19.2 - https:\/\/yoast.com\/wordpress\/plugins\/seo\/ -->\n<title>Papa volta a orientar trabalhos do S\u00ednodo - Not\u00edcias - Franciscanos<\/title>\n<meta name=\"robots\" content=\"index, follow, max-snippet:-1, max-image-preview:large, max-video-preview:-1\" \/>\n<link rel=\"canonical\" href=\"https:\/\/franciscanos.org.br\/noticias\/papa-volta-a-orientar-trabalhos-do-sinodo.html\" \/>\n<meta property=\"og:locale\" content=\"pt_BR\" \/>\n<meta property=\"og:type\" content=\"article\" \/>\n<meta property=\"og:title\" content=\"Papa volta a orientar trabalhos do S\u00ednodo - Not\u00edcias - Franciscanos\" \/>\n<meta property=\"og:description\" content=\"S\u00ednodo dos Bispos\" \/>\n<meta property=\"og:url\" content=\"https:\/\/franciscanos.org.br\/noticias\/papa-volta-a-orientar-trabalhos-do-sinodo.html\" \/>\n<meta property=\"og:site_name\" content=\"Not\u00edcias - Franciscanos\" \/>\n<meta property=\"article:published_time\" content=\"2015-10-06T21:45:59+00:00\" \/>\n<meta property=\"article:modified_time\" content=\"2020-06-10T14:20:21+00:00\" \/>\n<meta property=\"og:image\" content=\"https:\/\/franciscanos.org.br\/noticias\/wp-content\/uploads\/2015\/10\/sinodo_06_papa.jpg\" \/>\n\t<meta property=\"og:image:width\" content=\"273\" \/>\n\t<meta property=\"og:image:height\" content=\"181\" \/>\n\t<meta property=\"og:image:type\" content=\"image\/jpeg\" \/>\n<meta name=\"author\" content=\"admin\" \/>\n<meta name=\"twitter:card\" content=\"summary_large_image\" \/>\n<meta name=\"twitter:label1\" content=\"Escrito por\" \/>\n\t<meta name=\"twitter:data1\" content=\"admin\" \/>\n\t<meta name=\"twitter:label2\" content=\"Est. tempo de leitura\" \/>\n\t<meta name=\"twitter:data2\" content=\"6 minutos\" \/>\n<script type=\"application\/ld+json\" class=\"yoast-schema-graph\">{\"@context\":\"https:\/\/schema.org\",\"@graph\":[{\"@type\":\"WebSite\",\"@id\":\"https:\/\/franciscanos.org.br\/noticias\/#website\",\"url\":\"https:\/\/franciscanos.org.br\/noticias\/\",\"name\":\"Not\u00edcias - Franciscanos\",\"description\":\"Prov\u00edncia Franciscana da Imaculada Concei\u00e7\u00e3o do Brasil - Ordem dos Frades Menores - OFM\",\"potentialAction\":[{\"@type\":\"SearchAction\",\"target\":{\"@type\":\"EntryPoint\",\"urlTemplate\":\"https:\/\/franciscanos.org.br\/noticias\/?s={search_term_string}\"},\"query-input\":\"required name=search_term_string\"}],\"inLanguage\":\"pt-BR\"},{\"@type\":\"ImageObject\",\"inLanguage\":\"pt-BR\",\"@id\":\"https:\/\/franciscanos.org.br\/noticias\/papa-volta-a-orientar-trabalhos-do-sinodo.html#primaryimage\",\"url\":\"https:\/\/franciscanos.org.br\/noticias\/wp-content\/uploads\/2015\/10\/sinodo_06_papa.jpg\",\"contentUrl\":\"https:\/\/franciscanos.org.br\/noticias\/wp-content\/uploads\/2015\/10\/sinodo_06_papa.jpg\",\"width\":273,\"height\":181},{\"@type\":\"WebPage\",\"@id\":\"https:\/\/franciscanos.org.br\/noticias\/papa-volta-a-orientar-trabalhos-do-sinodo.html#webpage\",\"url\":\"https:\/\/franciscanos.org.br\/noticias\/papa-volta-a-orientar-trabalhos-do-sinodo.html\",\"name\":\"Papa volta a orientar trabalhos do S\u00ednodo - Not\u00edcias - Franciscanos\",\"isPartOf\":{\"@id\":\"https:\/\/franciscanos.org.br\/noticias\/#website\"},\"primaryImageOfPage\":{\"@id\":\"https:\/\/franciscanos.org.br\/noticias\/papa-volta-a-orientar-trabalhos-do-sinodo.html#primaryimage\"},\"datePublished\":\"2015-10-06T21:45:59+00:00\",\"dateModified\":\"2020-06-10T14:20:21+00:00\",\"author\":{\"@id\":\"https:\/\/franciscanos.org.br\/noticias\/#\/schema\/person\/b38fbf43118f02820bd932f2e4b14ad3\"},\"breadcrumb\":{\"@id\":\"https:\/\/franciscanos.org.br\/noticias\/papa-volta-a-orientar-trabalhos-do-sinodo.html#breadcrumb\"},\"inLanguage\":\"pt-BR\",\"potentialAction\":[{\"@type\":\"ReadAction\",\"target\":[\"https:\/\/franciscanos.org.br\/noticias\/papa-volta-a-orientar-trabalhos-do-sinodo.html\"]}]},{\"@type\":\"BreadcrumbList\",\"@id\":\"https:\/\/franciscanos.org.br\/noticias\/papa-volta-a-orientar-trabalhos-do-sinodo.html#breadcrumb\",\"itemListElement\":[{\"@type\":\"ListItem\",\"position\":1,\"name\":\"Home\",\"item\":\"https:\/\/franciscanos.org.br\/noticias\"},{\"@type\":\"ListItem\",\"position\":2,\"name\":\"Papa volta a orientar trabalhos do S\u00ednodo\"}]},{\"@type\":\"Person\",\"@id\":\"https:\/\/franciscanos.org.br\/noticias\/#\/schema\/person\/b38fbf43118f02820bd932f2e4b14ad3\",\"name\":\"admin\",\"image\":{\"@type\":\"ImageObject\",\"inLanguage\":\"pt-BR\",\"@id\":\"https:\/\/franciscanos.org.br\/noticias\/#\/schema\/person\/image\/\",\"url\":\"https:\/\/secure.gravatar.com\/avatar\/e8495742d34d0ba6448ea1c628263b3e?s=96&d=mm&r=g\",\"contentUrl\":\"https:\/\/secure.gravatar.com\/avatar\/e8495742d34d0ba6448ea1c628263b3e?s=96&d=mm&r=g\",\"caption\":\"admin\"},\"url\":\"https:\/\/franciscanos.org.br\/noticias\/author\/admin\"}]}<\/script>\n<!-- \/ Yoast SEO plugin. -->","yoast_head_json":{"title":"Papa volta a orientar trabalhos do S\u00ednodo - Not\u00edcias - Franciscanos","robots":{"index":"index","follow":"follow","max-snippet":"max-snippet:-1","max-image-preview":"max-image-preview:large","max-video-preview":"max-video-preview:-1"},"canonical":"https:\/\/franciscanos.org.br\/noticias\/papa-volta-a-orientar-trabalhos-do-sinodo.html","og_locale":"pt_BR","og_type":"article","og_title":"Papa volta a orientar trabalhos do S\u00ednodo - Not\u00edcias - Franciscanos","og_description":"S\u00ednodo dos Bispos","og_url":"https:\/\/franciscanos.org.br\/noticias\/papa-volta-a-orientar-trabalhos-do-sinodo.html","og_site_name":"Not\u00edcias - Franciscanos","article_published_time":"2015-10-06T21:45:59+00:00","article_modified_time":"2020-06-10T14:20:21+00:00","og_image":[{"width":273,"height":181,"url":"https:\/\/franciscanos.org.br\/noticias\/wp-content\/uploads\/2015\/10\/sinodo_06_papa.jpg","type":"image\/jpeg"}],"author":"admin","twitter_card":"summary_large_image","twitter_misc":{"Escrito por":"admin","Est. tempo de leitura":"6 minutos"},"schema":{"@context":"https:\/\/schema.org","@graph":[{"@type":"WebSite","@id":"https:\/\/franciscanos.org.br\/noticias\/#website","url":"https:\/\/franciscanos.org.br\/noticias\/","name":"Not\u00edcias - Franciscanos","description":"Prov\u00edncia Franciscana da Imaculada Concei\u00e7\u00e3o do Brasil - Ordem dos Frades Menores - OFM","potentialAction":[{"@type":"SearchAction","target":{"@type":"EntryPoint","urlTemplate":"https:\/\/franciscanos.org.br\/noticias\/?s={search_term_string}"},"query-input":"required name=search_term_string"}],"inLanguage":"pt-BR"},{"@type":"ImageObject","inLanguage":"pt-BR","@id":"https:\/\/franciscanos.org.br\/noticias\/papa-volta-a-orientar-trabalhos-do-sinodo.html#primaryimage","url":"https:\/\/franciscanos.org.br\/noticias\/wp-content\/uploads\/2015\/10\/sinodo_06_papa.jpg","contentUrl":"https:\/\/franciscanos.org.br\/noticias\/wp-content\/uploads\/2015\/10\/sinodo_06_papa.jpg","width":273,"height":181},{"@type":"WebPage","@id":"https:\/\/franciscanos.org.br\/noticias\/papa-volta-a-orientar-trabalhos-do-sinodo.html#webpage","url":"https:\/\/franciscanos.org.br\/noticias\/papa-volta-a-orientar-trabalhos-do-sinodo.html","name":"Papa volta a orientar trabalhos do S\u00ednodo - Not\u00edcias - Franciscanos","isPartOf":{"@id":"https:\/\/franciscanos.org.br\/noticias\/#website"},"primaryImageOfPage":{"@id":"https:\/\/franciscanos.org.br\/noticias\/papa-volta-a-orientar-trabalhos-do-sinodo.html#primaryimage"},"datePublished":"2015-10-06T21:45:59+00:00","dateModified":"2020-06-10T14:20:21+00:00","author":{"@id":"https:\/\/franciscanos.org.br\/noticias\/#\/schema\/person\/b38fbf43118f02820bd932f2e4b14ad3"},"breadcrumb":{"@id":"https:\/\/franciscanos.org.br\/noticias\/papa-volta-a-orientar-trabalhos-do-sinodo.html#breadcrumb"},"inLanguage":"pt-BR","potentialAction":[{"@type":"ReadAction","target":["https:\/\/franciscanos.org.br\/noticias\/papa-volta-a-orientar-trabalhos-do-sinodo.html"]}]},{"@type":"BreadcrumbList","@id":"https:\/\/franciscanos.org.br\/noticias\/papa-volta-a-orientar-trabalhos-do-sinodo.html#breadcrumb","itemListElement":[{"@type":"ListItem","position":1,"name":"Home","item":"https:\/\/franciscanos.org.br\/noticias"},{"@type":"ListItem","position":2,"name":"Papa volta a orientar trabalhos do S\u00ednodo"}]},{"@type":"Person","@id":"https:\/\/franciscanos.org.br\/noticias\/#\/schema\/person\/b38fbf43118f02820bd932f2e4b14ad3","name":"admin","image":{"@type":"ImageObject","inLanguage":"pt-BR","@id":"https:\/\/franciscanos.org.br\/noticias\/#\/schema\/person\/image\/","url":"https:\/\/secure.gravatar.com\/avatar\/e8495742d34d0ba6448ea1c628263b3e?s=96&d=mm&r=g","contentUrl":"https:\/\/secure.gravatar.com\/avatar\/e8495742d34d0ba6448ea1c628263b3e?s=96&d=mm&r=g","caption":"admin"},"url":"https:\/\/franciscanos.org.br\/noticias\/author\/admin"}]}},"_links":{"self":[{"href":"https:\/\/franciscanos.org.br\/noticias\/wp-json\/wp\/v2\/posts\/96110"}],"collection":[{"href":"https:\/\/franciscanos.org.br\/noticias\/wp-json\/wp\/v2\/posts"}],"about":[{"href":"https:\/\/franciscanos.org.br\/noticias\/wp-json\/wp\/v2\/types\/post"}],"author":[{"embeddable":true,"href":"https:\/\/franciscanos.org.br\/noticias\/wp-json\/wp\/v2\/users\/1"}],"replies":[{"embeddable":true,"href":"https:\/\/franciscanos.org.br\/noticias\/wp-json\/wp\/v2\/comments?post=96110"}],"version-history":[{"count":1,"href":"https:\/\/franciscanos.org.br\/noticias\/wp-json\/wp\/v2\/posts\/96110\/revisions"}],"predecessor-version":[{"id":225913,"href":"https:\/\/franciscanos.org.br\/noticias\/wp-json\/wp\/v2\/posts\/96110\/revisions\/225913"}],"wp:featuredmedia":[{"embeddable":true,"href":"https:\/\/franciscanos.org.br\/noticias\/wp-json\/wp\/v2\/media\/220650"}],"wp:attachment":[{"href":"https:\/\/franciscanos.org.br\/noticias\/wp-json\/wp\/v2\/media?parent=96110"}],"wp:term":[{"taxonomy":"category","embeddable":true,"href":"https:\/\/franciscanos.org.br\/noticias\/wp-json\/wp\/v2\/categories?post=96110"},{"taxonomy":"post_tag","embeddable":true,"href":"https:\/\/franciscanos.org.br\/noticias\/wp-json\/wp\/v2\/tags?post=96110"}],"curies":[{"name":"wp","href":"https:\/\/api.w.org\/{rel}","templated":true}]}}