{"id":96097,"date":"2015-10-05T08:53:32","date_gmt":"2015-10-05T11:53:32","guid":{"rendered":"http:\/\/franciscanos.org.br\/?p=96097"},"modified":"2020-06-25T12:08:09","modified_gmt":"2020-06-25T15:08:09","slug":"santuario-celebra-sao-francisco-de-assis","status":"publish","type":"post","link":"https:\/\/franciscanos.org.br\/noticias\/santuario-celebra-sao-francisco-de-assis.html","title":{"rendered":"Santu\u00e1rio celebra S\u00e3o Francisco de Assis"},"content":{"rendered":"<p><img loading=\"lazy\" src=\"http:\/\/franciscanos.org.br\/wp-content\/uploads\/2015\/10\/santos_alto.jpg\" alt=\"santos_alto\" width=\"820\" height=\"337\" \/><\/p>\n<p>Com o tema \u201cLouvado sejas, meu Senhor\u201d, a Comunidade do Santu\u00e1rio Santo Ant\u00f4nio do Valongo, em Santos, celebrou com muita alegria a festa de S\u00e3o Francisco de Assis, no dia 4 de outubro.<\/p>\n<p>O nosso tema foi inspirado na Carta Enc\u00edclica do papa Francisco \u201cLaudato S\u00ed, pois a enc\u00edclica mostra a atualidade do santo e porque ele \u00e9 o Padroeiro da Ecologia\u201d.<\/p>\n<p><img loading=\"lazy\" class=\"alignleft wp-image-96100 \" src=\"http:\/\/franciscanos.org.br\/wp-content\/uploads\/2015\/10\/santos_2.jpg\" alt=\"santos_2\" width=\"350\" height=\"263\" \/>Iniciamos com a missa das 8 horas com a 1\u00aa Eucaristia dos Adultos, ao t\u00e9rmino da missa tivemos a abertura da VIII Feira Ecol\u00f3gica com artesanatos em mat\u00e9rias reciclados e pra\u00e7a de alimenta\u00e7\u00e3o.<\/p>\n<p>\u00c0s 10 horas foi lan\u00e7ado o livro \u201cPassos do Amor\u201d- a peregrina\u00e7\u00e3o de Francisco de Assis a Santiago de Compostela, do jornalista Luiz Carlos Ferraz.<\/p>\n<p>A tradicional b\u00ean\u00e7\u00e3o dos animais aconteceu de hora em hora.<\/p>\n<p>S\u00e3o Francisco nos ensina a servir Jesus Cristo, amando a todas as criaturas, a Igreja, vivendo o Evangelho. Francisco buscou sempre viver em harmonia com a natureza, pois Ele sabia que tudo era obra da cria\u00e7\u00e3o de Deus.<\/p>\n<p>Que possamos a cada dia imit\u00e1-lo em busca constante de querer assemelhar-se ao pr\u00f3prio Cristo.<\/p>\n<p>Em sua vida terrena cultivou em seu cora\u00e7\u00e3o a perfeita alegria, e pedia tamb\u00e9m aos seus irm\u00e3os e Irm\u00e3s que a cultivassem a mesma em seus cora\u00e7\u00f5es.<\/p>\n<p>Como t\u00ednhamos programado uma prociss\u00e3o com S\u00e3o Francisco no bonde tur\u00edstico da cidade, apesar da chuva prevalecer, n\u00e3o desanimamos. S\u00e3o Francisco num belo andor decorado foi colocado no bonde e muitos fi\u00e9is, com seus animaizinhos, fizeram um passeio pelas ruas do centro hist\u00f3rico de Santos, com muitos cantos e muita alegria, palmas e um forte: Viva S\u00e3o Francisco, que se repetia v\u00e1rias vezes.<\/p>\n<p>Por fim, a imagem foi carregada para dentro do Santu\u00e1rio, para o encerramento das festividades, onde os fi\u00e9is puderam participar da Santa Missa em honra e louvor ao Santo com seus animais de estima\u00e7\u00e3o, presidida por Frei Andr\u00e9 Becker reitor do Santu\u00e1rio, concelebrada por Frei Hip\u00f3lito Martendal e Frei Roz\u00e2ntimo Antunes Costa.<\/p>\n<p>Rezemos como S\u00e3o Francisco: Louvado sejas, meu Senhor, por todas as criaturas!<\/p>\n<p><em>Por Valdelice dos Santos Silva, especial para este site<\/em><\/p>\n","protected":false},"excerpt":{"rendered":"<p>Valongo<\/p>\n","protected":false},"author":1,"featured_media":216639,"comment_status":"open","ping_status":"open","sticky":false,"template":"","format":"standard","meta":[],"categories":[1],"tags":[712],"acf":[],"yoast_head":"<!-- This site is optimized with the Yoast SEO plugin v19.2 - https:\/\/yoast.com\/wordpress\/plugins\/seo\/ -->\n<title>Santu\u00e1rio celebra S\u00e3o Francisco de Assis - Not\u00edcias - Franciscanos<\/title>\n<meta name=\"robots\" content=\"index, follow, max-snippet:-1, max-image-preview:large, max-video-preview:-1\" \/>\n<link rel=\"canonical\" href=\"https:\/\/franciscanos.org.br\/noticias\/santuario-celebra-sao-francisco-de-assis.html\" \/>\n<meta property=\"og:locale\" content=\"pt_BR\" \/>\n<meta property=\"og:type\" content=\"article\" \/>\n<meta property=\"og:title\" content=\"Santu\u00e1rio celebra S\u00e3o Francisco de Assis - Not\u00edcias - Franciscanos\" \/>\n<meta property=\"og:description\" content=\"Valongo\" \/>\n<meta property=\"og:url\" content=\"https:\/\/franciscanos.org.br\/noticias\/santuario-celebra-sao-francisco-de-assis.html\" \/>\n<meta property=\"og:site_name\" content=\"Not\u00edcias - Franciscanos\" \/>\n<meta property=\"article:published_time\" content=\"2015-10-05T11:53:32+00:00\" \/>\n<meta property=\"article:modified_time\" content=\"2020-06-25T15:08:09+00:00\" \/>\n<meta property=\"og:image\" content=\"https:\/\/franciscanos.org.br\/noticias\/wp-content\/uploads\/2015\/10\/santos_2.jpg\" \/>\n\t<meta property=\"og:image:width\" content=\"273\" \/>\n\t<meta property=\"og:image:height\" content=\"181\" \/>\n\t<meta property=\"og:image:type\" content=\"image\/jpeg\" \/>\n<meta name=\"author\" content=\"admin\" \/>\n<meta name=\"twitter:card\" content=\"summary_large_image\" \/>\n<meta name=\"twitter:label1\" content=\"Escrito por\" \/>\n\t<meta name=\"twitter:data1\" content=\"admin\" \/>\n\t<meta name=\"twitter:label2\" content=\"Est. tempo de leitura\" \/>\n\t<meta name=\"twitter:data2\" content=\"2 minutos\" \/>\n<script type=\"application\/ld+json\" class=\"yoast-schema-graph\">{\"@context\":\"https:\/\/schema.org\",\"@graph\":[{\"@type\":\"WebSite\",\"@id\":\"https:\/\/franciscanos.org.br\/noticias\/#website\",\"url\":\"https:\/\/franciscanos.org.br\/noticias\/\",\"name\":\"Not\u00edcias - Franciscanos\",\"description\":\"Prov\u00edncia Franciscana da Imaculada Concei\u00e7\u00e3o do Brasil - Ordem dos Frades Menores - OFM\",\"potentialAction\":[{\"@type\":\"SearchAction\",\"target\":{\"@type\":\"EntryPoint\",\"urlTemplate\":\"https:\/\/franciscanos.org.br\/noticias\/?s={search_term_string}\"},\"query-input\":\"required name=search_term_string\"}],\"inLanguage\":\"pt-BR\"},{\"@type\":\"ImageObject\",\"inLanguage\":\"pt-BR\",\"@id\":\"https:\/\/franciscanos.org.br\/noticias\/santuario-celebra-sao-francisco-de-assis.html#primaryimage\",\"url\":\"https:\/\/franciscanos.org.br\/noticias\/wp-content\/uploads\/2015\/10\/santos_2.jpg\",\"contentUrl\":\"https:\/\/franciscanos.org.br\/noticias\/wp-content\/uploads\/2015\/10\/santos_2.jpg\",\"width\":273,\"height\":181},{\"@type\":\"WebPage\",\"@id\":\"https:\/\/franciscanos.org.br\/noticias\/santuario-celebra-sao-francisco-de-assis.html#webpage\",\"url\":\"https:\/\/franciscanos.org.br\/noticias\/santuario-celebra-sao-francisco-de-assis.html\",\"name\":\"Santu\u00e1rio celebra S\u00e3o Francisco de Assis - Not\u00edcias - Franciscanos\",\"isPartOf\":{\"@id\":\"https:\/\/franciscanos.org.br\/noticias\/#website\"},\"primaryImageOfPage\":{\"@id\":\"https:\/\/franciscanos.org.br\/noticias\/santuario-celebra-sao-francisco-de-assis.html#primaryimage\"},\"datePublished\":\"2015-10-05T11:53:32+00:00\",\"dateModified\":\"2020-06-25T15:08:09+00:00\",\"author\":{\"@id\":\"https:\/\/franciscanos.org.br\/noticias\/#\/schema\/person\/b38fbf43118f02820bd932f2e4b14ad3\"},\"breadcrumb\":{\"@id\":\"https:\/\/franciscanos.org.br\/noticias\/santuario-celebra-sao-francisco-de-assis.html#breadcrumb\"},\"inLanguage\":\"pt-BR\",\"potentialAction\":[{\"@type\":\"ReadAction\",\"target\":[\"https:\/\/franciscanos.org.br\/noticias\/santuario-celebra-sao-francisco-de-assis.html\"]}]},{\"@type\":\"BreadcrumbList\",\"@id\":\"https:\/\/franciscanos.org.br\/noticias\/santuario-celebra-sao-francisco-de-assis.html#breadcrumb\",\"itemListElement\":[{\"@type\":\"ListItem\",\"position\":1,\"name\":\"Home\",\"item\":\"https:\/\/franciscanos.org.br\/noticias\"},{\"@type\":\"ListItem\",\"position\":2,\"name\":\"Santu\u00e1rio celebra S\u00e3o Francisco de Assis\"}]},{\"@type\":\"Person\",\"@id\":\"https:\/\/franciscanos.org.br\/noticias\/#\/schema\/person\/b38fbf43118f02820bd932f2e4b14ad3\",\"name\":\"admin\",\"image\":{\"@type\":\"ImageObject\",\"inLanguage\":\"pt-BR\",\"@id\":\"https:\/\/franciscanos.org.br\/noticias\/#\/schema\/person\/image\/\",\"url\":\"https:\/\/secure.gravatar.com\/avatar\/e8495742d34d0ba6448ea1c628263b3e?s=96&d=mm&r=g\",\"contentUrl\":\"https:\/\/secure.gravatar.com\/avatar\/e8495742d34d0ba6448ea1c628263b3e?s=96&d=mm&r=g\",\"caption\":\"admin\"},\"url\":\"https:\/\/franciscanos.org.br\/noticias\/author\/admin\"}]}<\/script>\n<!-- \/ Yoast SEO plugin. -->","yoast_head_json":{"title":"Santu\u00e1rio celebra S\u00e3o Francisco de Assis - Not\u00edcias - Franciscanos","robots":{"index":"index","follow":"follow","max-snippet":"max-snippet:-1","max-image-preview":"max-image-preview:large","max-video-preview":"max-video-preview:-1"},"canonical":"https:\/\/franciscanos.org.br\/noticias\/santuario-celebra-sao-francisco-de-assis.html","og_locale":"pt_BR","og_type":"article","og_title":"Santu\u00e1rio celebra S\u00e3o Francisco de Assis - Not\u00edcias - Franciscanos","og_description":"Valongo","og_url":"https:\/\/franciscanos.org.br\/noticias\/santuario-celebra-sao-francisco-de-assis.html","og_site_name":"Not\u00edcias - Franciscanos","article_published_time":"2015-10-05T11:53:32+00:00","article_modified_time":"2020-06-25T15:08:09+00:00","og_image":[{"width":273,"height":181,"url":"https:\/\/franciscanos.org.br\/noticias\/wp-content\/uploads\/2015\/10\/santos_2.jpg","type":"image\/jpeg"}],"author":"admin","twitter_card":"summary_large_image","twitter_misc":{"Escrito por":"admin","Est. tempo de leitura":"2 minutos"},"schema":{"@context":"https:\/\/schema.org","@graph":[{"@type":"WebSite","@id":"https:\/\/franciscanos.org.br\/noticias\/#website","url":"https:\/\/franciscanos.org.br\/noticias\/","name":"Not\u00edcias - Franciscanos","description":"Prov\u00edncia Franciscana da Imaculada Concei\u00e7\u00e3o do Brasil - Ordem dos Frades Menores - OFM","potentialAction":[{"@type":"SearchAction","target":{"@type":"EntryPoint","urlTemplate":"https:\/\/franciscanos.org.br\/noticias\/?s={search_term_string}"},"query-input":"required name=search_term_string"}],"inLanguage":"pt-BR"},{"@type":"ImageObject","inLanguage":"pt-BR","@id":"https:\/\/franciscanos.org.br\/noticias\/santuario-celebra-sao-francisco-de-assis.html#primaryimage","url":"https:\/\/franciscanos.org.br\/noticias\/wp-content\/uploads\/2015\/10\/santos_2.jpg","contentUrl":"https:\/\/franciscanos.org.br\/noticias\/wp-content\/uploads\/2015\/10\/santos_2.jpg","width":273,"height":181},{"@type":"WebPage","@id":"https:\/\/franciscanos.org.br\/noticias\/santuario-celebra-sao-francisco-de-assis.html#webpage","url":"https:\/\/franciscanos.org.br\/noticias\/santuario-celebra-sao-francisco-de-assis.html","name":"Santu\u00e1rio celebra S\u00e3o Francisco de Assis - Not\u00edcias - Franciscanos","isPartOf":{"@id":"https:\/\/franciscanos.org.br\/noticias\/#website"},"primaryImageOfPage":{"@id":"https:\/\/franciscanos.org.br\/noticias\/santuario-celebra-sao-francisco-de-assis.html#primaryimage"},"datePublished":"2015-10-05T11:53:32+00:00","dateModified":"2020-06-25T15:08:09+00:00","author":{"@id":"https:\/\/franciscanos.org.br\/noticias\/#\/schema\/person\/b38fbf43118f02820bd932f2e4b14ad3"},"breadcrumb":{"@id":"https:\/\/franciscanos.org.br\/noticias\/santuario-celebra-sao-francisco-de-assis.html#breadcrumb"},"inLanguage":"pt-BR","potentialAction":[{"@type":"ReadAction","target":["https:\/\/franciscanos.org.br\/noticias\/santuario-celebra-sao-francisco-de-assis.html"]}]},{"@type":"BreadcrumbList","@id":"https:\/\/franciscanos.org.br\/noticias\/santuario-celebra-sao-francisco-de-assis.html#breadcrumb","itemListElement":[{"@type":"ListItem","position":1,"name":"Home","item":"https:\/\/franciscanos.org.br\/noticias"},{"@type":"ListItem","position":2,"name":"Santu\u00e1rio celebra S\u00e3o Francisco de Assis"}]},{"@type":"Person","@id":"https:\/\/franciscanos.org.br\/noticias\/#\/schema\/person\/b38fbf43118f02820bd932f2e4b14ad3","name":"admin","image":{"@type":"ImageObject","inLanguage":"pt-BR","@id":"https:\/\/franciscanos.org.br\/noticias\/#\/schema\/person\/image\/","url":"https:\/\/secure.gravatar.com\/avatar\/e8495742d34d0ba6448ea1c628263b3e?s=96&d=mm&r=g","contentUrl":"https:\/\/secure.gravatar.com\/avatar\/e8495742d34d0ba6448ea1c628263b3e?s=96&d=mm&r=g","caption":"admin"},"url":"https:\/\/franciscanos.org.br\/noticias\/author\/admin"}]}},"_links":{"self":[{"href":"https:\/\/franciscanos.org.br\/noticias\/wp-json\/wp\/v2\/posts\/96097"}],"collection":[{"href":"https:\/\/franciscanos.org.br\/noticias\/wp-json\/wp\/v2\/posts"}],"about":[{"href":"https:\/\/franciscanos.org.br\/noticias\/wp-json\/wp\/v2\/types\/post"}],"author":[{"embeddable":true,"href":"https:\/\/franciscanos.org.br\/noticias\/wp-json\/wp\/v2\/users\/1"}],"replies":[{"embeddable":true,"href":"https:\/\/franciscanos.org.br\/noticias\/wp-json\/wp\/v2\/comments?post=96097"}],"version-history":[{"count":1,"href":"https:\/\/franciscanos.org.br\/noticias\/wp-json\/wp\/v2\/posts\/96097\/revisions"}],"predecessor-version":[{"id":226784,"href":"https:\/\/franciscanos.org.br\/noticias\/wp-json\/wp\/v2\/posts\/96097\/revisions\/226784"}],"wp:featuredmedia":[{"embeddable":true,"href":"https:\/\/franciscanos.org.br\/noticias\/wp-json\/wp\/v2\/media\/216639"}],"wp:attachment":[{"href":"https:\/\/franciscanos.org.br\/noticias\/wp-json\/wp\/v2\/media?parent=96097"}],"wp:term":[{"taxonomy":"category","embeddable":true,"href":"https:\/\/franciscanos.org.br\/noticias\/wp-json\/wp\/v2\/categories?post=96097"},{"taxonomy":"post_tag","embeddable":true,"href":"https:\/\/franciscanos.org.br\/noticias\/wp-json\/wp\/v2\/tags?post=96097"}],"curies":[{"name":"wp","href":"https:\/\/api.w.org\/{rel}","templated":true}]}}