{"id":96050,"date":"2015-10-05T15:38:46","date_gmt":"2015-10-05T18:38:46","guid":{"rendered":"http:\/\/franciscanos.org.br\/?p=96050"},"modified":"2020-06-10T11:20:57","modified_gmt":"2020-06-10T14:20:57","slug":"papa-francisco-sinodo-nao-e-um-parlamento","status":"publish","type":"post","link":"https:\/\/franciscanos.org.br\/noticias\/papa-francisco-sinodo-nao-e-um-parlamento.html","title":{"rendered":"Papa Francisco: &#8220;S\u00ednodo n\u00e3o \u00e9 um parlamento&#8221;"},"content":{"rendered":"<p><img loading=\"lazy\" src=\"https:\/\/franciscanos.org.br\/noticias\/wp-content\/uploads\/2015\/10\/cq5dam.thumbnail.cropped.750.422-1.jpeg\" alt=\"\" width=\"750\" height=\"422\" \/><\/p>\n<p><strong>Cidade do Vaticano<\/strong> \u2013 Os trabalhos sinodais tiveram in\u00edcio esta segunda-feira (05\/10) com a primeira Congrega\u00e7\u00e3o Geral. Depois de rezarem a hora m\u00e9dia e da sauda\u00e7\u00e3o do Presidente-delegado, Card. Vingt-Trois, os padres sinodais ouviram o discurso do Santo Padre.<\/p>\n<p>\u201cA Igreja retoma hoje o di\u00e1logo iniciado com a proclama\u00e7\u00e3o do S\u00ednodo Extraordin\u00e1rio sobre a fam\u00edlia e certamente tamb\u00e9m muito antes, para avaliar e refletir juntos sobre o texto do Instrumento de Trabalho elaborado pela Relatio Synodi e pelas respostas das Confer\u00eancias Episcopais e dos organismos autorizados\u201d, afirmou.<\/p>\n<p>Francisco recordou que o S\u00ednodo n\u00e3o \u00e9 um congresso ou um parlat\u00f3rio, n\u00e3o \u00e9 um parlamento nem um senado. Mas \u00e9 um caminhar juntos, com o esp\u00edrito de colegialidade e de sinodalidade, adotando corajosamente a parresia, o zelo pastoral e doutrinal, a sabedoria, a franqueza e colocando sempre diante dos olhos o bem da Igreja, das fam\u00edlias.<\/p>\n<p>\u201cO S\u00ednodo \u00e9 uma express\u00e3o eclesial, isto \u00e9, a Igreja que caminha unida para ler a realidade com os olhos da f\u00e9 e com o cora\u00e7\u00e3o de Deus. O S\u00ednodo se move necessariamente no seio da Igreja e dentro do santo povo de Deus, do qual n\u00f3s fazemos parte na qualidade de pastores, ou seja, de servidores. Al\u00e9m disso, o S\u00ednodo \u00e9 um espa\u00e7o protegido onde a Igreja experimenta a a\u00e7\u00e3o do Esp\u00edrito Santo. No S\u00ednodo, o Esp\u00edrito fala atrav\u00e9s da l\u00edngua de todas as pessoas que se deixam guiar pelo Deus que sempre surpreende, pelo Deus que revela aos pequeninos aquilo que esconde aos s\u00e1bios e aos inteligentes; pelo Deus que criou a lei e o s\u00e1bado para o homem e n\u00e3o vice-versa; pelo Deus que deixa as 99 ovelhas para procurar a \u00fanica ovelha perdida; pelo Deus que \u00e9 sempre maior do que nossas l\u00f3gicas e dos nossos c\u00e1lculos.\u201d<\/p>\n<p>Todavia, advertiu o Papa, o S\u00ednodo s\u00f3 poder\u00e1 ser um espa\u00e7o da a\u00e7\u00e3o do Esp\u00edrito Santo se os participantes se revestirem de coragem apost\u00f3lica, de humildade evang\u00e9lica e de ora\u00e7\u00e3o confiante: \u201cA coragem apost\u00f3lica que n\u00e3o se deixa intimidar nem diante das sedu\u00e7\u00f5es do mundo, que tendem a apagar do cora\u00e7\u00e3o dos homens a luz da verdade, substituindo-a com pequenas e tempor\u00e1rias luzes; a humildade evang\u00e9lica que sabe esvaziar-se das pr\u00f3prias convic\u00e7\u00f5es e preconceitos para ouvir os nossos irm\u00e3os; humildade que leva a apontar o dedo n\u00e3o contra os outros para julg\u00e1-los, mas para estender a m\u00e3o, para ergu\u00ea-los sem jamais se sentir superiores a eles\u201d.<\/p>\n<p>Sem ouvir Deus, concluiu o Papa, \u201ctodas as nossas palavras ser\u00e3o somente palavras que n\u00e3o saciam nem servem. Sem deixar-se guiar pelo Esp\u00edrito, todas as nossas decis\u00f5es ser\u00e3o somente decora\u00e7\u00f5es que, ao inv\u00e9s de exaltar o Evangelho, o cobrem e o escondem\u201d.<\/p>\n<p>Por fim, o Pont\u00edfice agradeceu a todos que trabalham e trabalharam para a realiza\u00e7\u00e3o do S\u00ednodo, pedindo a intercess\u00e3o da Sagrada Fam\u00edlia para os trabalhos sinodais.<\/p>\n<p><strong>COLETIVAS DO DIA<\/strong><\/p>\n<p>Realizou-se no in\u00edcio da tarde desta segunda-feira, na Sala de Imprensa da Santa S\u00e9, a primeira de uma longa s\u00e9rie de coletivas sobre o S\u00ednodo, cujos trabalhos durar\u00e3o tr\u00eas semanas.<\/p>\n<p>Conduzida pelo diretor da Sala de Imprensa da Santa S\u00e9, Pe. Federico Lombardi, a coletiva teve a participa\u00e7\u00e3o de um presidente-delegado, Cardeal Andr\u00e9 Vingt-Trois, do relator-geral, Cardeal Peter Erd\u0151, e do secret\u00e1rio especial, Dom Bruno Forte.<\/p>\n<p>Card. Andr\u00e9 Vingt-Trois: o S\u00ednodo \u00e9 tempo de ora\u00e7\u00e3o, de reuni\u00e3o e de caminho<br \/>\nAs primeiras impress\u00f5es sobre a assembleia sinodal, o contexto atual ligado \u00e0s realidades vividas pelas fam\u00edlias e as finalidades do S\u00ednodo. Esses foram os temas no centro da coletiva aberta pelo Cardeal Vingt-Trois, que recordou que os eventos vividos a partir de s\u00e1bado representam uma significativa introdu\u00e7\u00e3o ao S\u00ednodo.<br \/>\nA assembleia sinodal \u00e9 um tempo em que a Igreja est\u00e1 em ora\u00e7\u00e3o, como se deu durante a Vig\u00edlia de s\u00e1bado passado e como durante a missa de abertura \u2013 afirmou o presidente-delegado de turno.<\/p>\n<p>O S\u00ednodo \u2013 acrescentou \u2013 \u00e9 tamb\u00e9m um tempo em que a Igreja se re\u00fane, como este dia, em torno do Papa. \u00c9 um tempo em que se coloca junto em caminho. Em seguida, o cardeal franc\u00eas ressaltou suas primeiras impress\u00f5es sobre o S\u00ednodo:<\/p>\n<p>A primeira impress\u00e3o muito forte, que tive na manh\u00e3 de segunda-feira, foi ver, de modo excepcional, a grande diversidade dos participantes, a diversidade dos continentes representados, a diversidade de Igrejas \u2013 porque h\u00e1 representantes das Igrejas orientais e das Igrejas latinas \u2013, a diversidade de experi\u00eancias&#8230; Todo esse conjunto e essa diversidade \u2013 que poderia levar a considerar improv\u00e1vel que se chegue a concordar sobre alguma coisa \u2013 s\u00e3o reunidos em torno do Papa, tendo como indica\u00e7\u00f5es as que j\u00e1 foram dadas no S\u00ednodo de 2014 e que foram reiteradas esta segunda-feira. As indica\u00e7\u00f5es com as quais debatemos e refletimos neste momento de modo aberto: como a dizer que estaremos abertos a Deus que nos guiar\u00e1 atrav\u00e9s da ora\u00e7\u00e3o e da medita\u00e7\u00e3o da Palavra de Deus. Estaremos abertos uns aos outros e esse \u00e9 o estilo do di\u00e1logo que devemos buscar viver. Estaremos abertos \u00e0s realidades que as fam\u00edlias vivem, partindo justamente dos relat\u00f3rios que obtivemos ao longo do ano.\u201d<\/p>\n<p>Card. Erd\u0151: fundamental o papel de comunidades compostas por boas fam\u00edlias<\/p>\n<p>Referindo-se ao trabalho preparat\u00f3rio em vista da Relatio, o Card. Erd\u0151 afirmou que emergiram duas grandes realidades:<\/p>\n<p>\u201cA primeira era a desconfian\u00e7a global para com as institui\u00e7\u00f5es, n\u00e3o somente para com a institui\u00e7\u00e3o do matrim\u00f4nio e da fam\u00edlia, mas pelas institui\u00e7\u00f5es em geral. Outro fen\u00f4meno \u00e9 a presen\u00e7a maci\u00e7a e o papel fundamental das comunidades crist\u00e3s cat\u00f3licas compostas por boas fam\u00edlias, que se ajudam reciprocamente, que j\u00e1 t\u00eam um papel importante em muitas par\u00f3quias, em muitos movimentos, inclusive na transmiss\u00e3o da f\u00e9. E que t\u00eam tamb\u00e9m tantos meios para preparar humanamente os jovens para o matrim\u00f4nio e a fam\u00edlia, e acompanhar o casal, ajudar nos momentos de crise, inclusive em situa\u00e7\u00f5es de problemas existenciais, como o desemprego, a precariedade no trabalho, a doen\u00e7a&#8230; E nesse entrela\u00e7amento de comunidades de fam\u00edlias tornou-se mais claro que a fam\u00edlia mononuclear sozinha n\u00e3o basta para salvaguardar ou refor\u00e7ar a solidariedade entre as gera\u00e7\u00f5es. Tamb\u00e9m nesse campo \u00e9 necess\u00e1rio \u2013 n\u00e3o somente importante, mas parece necess\u00e1rio \u2013 o papel dessas comunidades de fam\u00edlias.\u201d<\/p>\n<p>Dom Forte: n\u00e3o h\u00e1 dois ou mais partidos, mas pastores \u00e0 escuta de Deus<\/p>\n<p>Por sua vez, o secret\u00e1rio especial do S\u00ednodo, Dom Forte, recordou que entre os bispos h\u00e1 n\u00e3o dois ou mais partidos como defenderam alguns meios de informa\u00e7\u00e3o. \u201cTrata-se de pastores, homens de f\u00e9 que se colocam \u00e0 escuta de Deus e diante das expectativas e dos desafios do povo.\u201d \u201cIsso nos une muito mais profundamente do que todas as nuan\u00e7as e diferen\u00e7as\u201d, disse o prelado. Em seguida, Dom Forte recordou as finalidades do S\u00ednodo:<\/p>\n<p>\u201cAs finalidades s\u00e3o fundamentalmente duas. A primeira \u00e9 propor o Evangelho da fam\u00edlia, a fam\u00edlia como sujeito e objeto central da pastoral, como valor priorit\u00e1rio sobre o qual investir, mesmo numa \u00e9poca em que em tantas partes do mundo ela parece em crise. Por outro lado, a atitude pastoral de acompanhamento e de integra\u00e7\u00e3o necess\u00e1ria para com todos. Obviamente, a come\u00e7ar pelas fam\u00edlias ou pelas fam\u00edlias em crise. Isso exige um estilo de grande parresia (coragem, aud\u00e1cia, firmeza, destemor, ndr), de grande franqueza, inclusive no S\u00ednodo, porque precisamos fazer-nos resson\u00e2ncia das esperan\u00e7as e das dores de todas as fam\u00edlias do mundo, mas tamb\u00e9m um sentido de profunda responsabilidade diante de Deus e dos homens. O Papa Francisco falou de coragem e de humildade e falou de ora\u00e7\u00e3o confiante. Creio que essas s\u00e3o as chaves para que o estilo do S\u00ednodo possa ser fecundo: n\u00e3o fechar os olhos diante do nada; ter um sentido alto de responsabilidade diante de Deus e dos homens, das suas esperan\u00e7as, de seus sofrimentos, viver uma profunda docilidade \u00e0 a\u00e7\u00e3o do Esp\u00edrito Santo, a partir de um estilo de ora\u00e7\u00e3o, de humildade evang\u00e9lica diante do Senhor e de coragem apost\u00f3lica diante do mundo.\u201d<\/p>\n<hr \/>\n<p><em>Fonte: R\u00e1dio Vaticano<\/em><\/p>\n","protected":false},"excerpt":{"rendered":"<p>S\u00ednodo sobre a Fam\u00edlia<\/p>\n","protected":false},"author":1,"featured_media":219123,"comment_status":"open","ping_status":"open","sticky":false,"template":"","format":"standard","meta":[],"categories":[1428],"tags":[1710,472],"acf":[],"yoast_head":"<!-- This site is optimized with the Yoast SEO plugin v19.2 - https:\/\/yoast.com\/wordpress\/plugins\/seo\/ -->\n<title>Papa Francisco: &quot;S\u00ednodo n\u00e3o \u00e9 um parlamento&quot; - Not\u00edcias - Franciscanos<\/title>\n<meta name=\"robots\" content=\"index, follow, max-snippet:-1, max-image-preview:large, max-video-preview:-1\" \/>\n<link rel=\"canonical\" href=\"https:\/\/franciscanos.org.br\/noticias\/papa-francisco-sinodo-nao-e-um-parlamento.html\" \/>\n<meta property=\"og:locale\" content=\"pt_BR\" \/>\n<meta property=\"og:type\" content=\"article\" \/>\n<meta property=\"og:title\" content=\"Papa Francisco: &quot;S\u00ednodo n\u00e3o \u00e9 um parlamento&quot; - Not\u00edcias - Franciscanos\" \/>\n<meta property=\"og:description\" content=\"S\u00ednodo sobre a Fam\u00edlia\" \/>\n<meta property=\"og:url\" content=\"https:\/\/franciscanos.org.br\/noticias\/papa-francisco-sinodo-nao-e-um-parlamento.html\" \/>\n<meta property=\"og:site_name\" content=\"Not\u00edcias - Franciscanos\" \/>\n<meta property=\"article:published_time\" content=\"2015-10-05T18:38:46+00:00\" \/>\n<meta property=\"article:modified_time\" content=\"2020-06-10T14:20:57+00:00\" \/>\n<meta property=\"og:image\" content=\"https:\/\/franciscanos.org.br\/noticias\/wp-content\/uploads\/2015\/10\/sinodo-3.jpg\" \/>\n\t<meta property=\"og:image:width\" content=\"273\" \/>\n\t<meta property=\"og:image:height\" content=\"181\" \/>\n\t<meta property=\"og:image:type\" content=\"image\/jpeg\" \/>\n<meta name=\"author\" content=\"admin\" \/>\n<meta name=\"twitter:card\" content=\"summary_large_image\" \/>\n<meta name=\"twitter:label1\" content=\"Escrito por\" \/>\n\t<meta name=\"twitter:data1\" content=\"admin\" \/>\n\t<meta name=\"twitter:label2\" content=\"Est. tempo de leitura\" \/>\n\t<meta name=\"twitter:data2\" content=\"7 minutos\" \/>\n<script type=\"application\/ld+json\" class=\"yoast-schema-graph\">{\"@context\":\"https:\/\/schema.org\",\"@graph\":[{\"@type\":\"WebSite\",\"@id\":\"https:\/\/franciscanos.org.br\/noticias\/#website\",\"url\":\"https:\/\/franciscanos.org.br\/noticias\/\",\"name\":\"Not\u00edcias - Franciscanos\",\"description\":\"Prov\u00edncia Franciscana da Imaculada Concei\u00e7\u00e3o do Brasil - Ordem dos Frades Menores - OFM\",\"potentialAction\":[{\"@type\":\"SearchAction\",\"target\":{\"@type\":\"EntryPoint\",\"urlTemplate\":\"https:\/\/franciscanos.org.br\/noticias\/?s={search_term_string}\"},\"query-input\":\"required name=search_term_string\"}],\"inLanguage\":\"pt-BR\"},{\"@type\":\"ImageObject\",\"inLanguage\":\"pt-BR\",\"@id\":\"https:\/\/franciscanos.org.br\/noticias\/papa-francisco-sinodo-nao-e-um-parlamento.html#primaryimage\",\"url\":\"https:\/\/franciscanos.org.br\/noticias\/wp-content\/uploads\/2015\/10\/sinodo-3.jpg\",\"contentUrl\":\"https:\/\/franciscanos.org.br\/noticias\/wp-content\/uploads\/2015\/10\/sinodo-3.jpg\",\"width\":273,\"height\":181},{\"@type\":\"WebPage\",\"@id\":\"https:\/\/franciscanos.org.br\/noticias\/papa-francisco-sinodo-nao-e-um-parlamento.html#webpage\",\"url\":\"https:\/\/franciscanos.org.br\/noticias\/papa-francisco-sinodo-nao-e-um-parlamento.html\",\"name\":\"Papa Francisco: \\\"S\u00ednodo n\u00e3o \u00e9 um parlamento\\\" - Not\u00edcias - Franciscanos\",\"isPartOf\":{\"@id\":\"https:\/\/franciscanos.org.br\/noticias\/#website\"},\"primaryImageOfPage\":{\"@id\":\"https:\/\/franciscanos.org.br\/noticias\/papa-francisco-sinodo-nao-e-um-parlamento.html#primaryimage\"},\"datePublished\":\"2015-10-05T18:38:46+00:00\",\"dateModified\":\"2020-06-10T14:20:57+00:00\",\"author\":{\"@id\":\"https:\/\/franciscanos.org.br\/noticias\/#\/schema\/person\/b38fbf43118f02820bd932f2e4b14ad3\"},\"breadcrumb\":{\"@id\":\"https:\/\/franciscanos.org.br\/noticias\/papa-francisco-sinodo-nao-e-um-parlamento.html#breadcrumb\"},\"inLanguage\":\"pt-BR\",\"potentialAction\":[{\"@type\":\"ReadAction\",\"target\":[\"https:\/\/franciscanos.org.br\/noticias\/papa-francisco-sinodo-nao-e-um-parlamento.html\"]}]},{\"@type\":\"BreadcrumbList\",\"@id\":\"https:\/\/franciscanos.org.br\/noticias\/papa-francisco-sinodo-nao-e-um-parlamento.html#breadcrumb\",\"itemListElement\":[{\"@type\":\"ListItem\",\"position\":1,\"name\":\"Home\",\"item\":\"https:\/\/franciscanos.org.br\/noticias\"},{\"@type\":\"ListItem\",\"position\":2,\"name\":\"Papa Francisco: &#8220;S\u00ednodo n\u00e3o \u00e9 um parlamento&#8221;\"}]},{\"@type\":\"Person\",\"@id\":\"https:\/\/franciscanos.org.br\/noticias\/#\/schema\/person\/b38fbf43118f02820bd932f2e4b14ad3\",\"name\":\"admin\",\"image\":{\"@type\":\"ImageObject\",\"inLanguage\":\"pt-BR\",\"@id\":\"https:\/\/franciscanos.org.br\/noticias\/#\/schema\/person\/image\/\",\"url\":\"https:\/\/secure.gravatar.com\/avatar\/e8495742d34d0ba6448ea1c628263b3e?s=96&d=mm&r=g\",\"contentUrl\":\"https:\/\/secure.gravatar.com\/avatar\/e8495742d34d0ba6448ea1c628263b3e?s=96&d=mm&r=g\",\"caption\":\"admin\"},\"url\":\"https:\/\/franciscanos.org.br\/noticias\/author\/admin\"}]}<\/script>\n<!-- \/ Yoast SEO plugin. -->","yoast_head_json":{"title":"Papa Francisco: \"S\u00ednodo n\u00e3o \u00e9 um parlamento\" - Not\u00edcias - Franciscanos","robots":{"index":"index","follow":"follow","max-snippet":"max-snippet:-1","max-image-preview":"max-image-preview:large","max-video-preview":"max-video-preview:-1"},"canonical":"https:\/\/franciscanos.org.br\/noticias\/papa-francisco-sinodo-nao-e-um-parlamento.html","og_locale":"pt_BR","og_type":"article","og_title":"Papa Francisco: \"S\u00ednodo n\u00e3o \u00e9 um parlamento\" - Not\u00edcias - Franciscanos","og_description":"S\u00ednodo sobre a Fam\u00edlia","og_url":"https:\/\/franciscanos.org.br\/noticias\/papa-francisco-sinodo-nao-e-um-parlamento.html","og_site_name":"Not\u00edcias - Franciscanos","article_published_time":"2015-10-05T18:38:46+00:00","article_modified_time":"2020-06-10T14:20:57+00:00","og_image":[{"width":273,"height":181,"url":"https:\/\/franciscanos.org.br\/noticias\/wp-content\/uploads\/2015\/10\/sinodo-3.jpg","type":"image\/jpeg"}],"author":"admin","twitter_card":"summary_large_image","twitter_misc":{"Escrito por":"admin","Est. tempo de leitura":"7 minutos"},"schema":{"@context":"https:\/\/schema.org","@graph":[{"@type":"WebSite","@id":"https:\/\/franciscanos.org.br\/noticias\/#website","url":"https:\/\/franciscanos.org.br\/noticias\/","name":"Not\u00edcias - Franciscanos","description":"Prov\u00edncia Franciscana da Imaculada Concei\u00e7\u00e3o do Brasil - Ordem dos Frades Menores - OFM","potentialAction":[{"@type":"SearchAction","target":{"@type":"EntryPoint","urlTemplate":"https:\/\/franciscanos.org.br\/noticias\/?s={search_term_string}"},"query-input":"required name=search_term_string"}],"inLanguage":"pt-BR"},{"@type":"ImageObject","inLanguage":"pt-BR","@id":"https:\/\/franciscanos.org.br\/noticias\/papa-francisco-sinodo-nao-e-um-parlamento.html#primaryimage","url":"https:\/\/franciscanos.org.br\/noticias\/wp-content\/uploads\/2015\/10\/sinodo-3.jpg","contentUrl":"https:\/\/franciscanos.org.br\/noticias\/wp-content\/uploads\/2015\/10\/sinodo-3.jpg","width":273,"height":181},{"@type":"WebPage","@id":"https:\/\/franciscanos.org.br\/noticias\/papa-francisco-sinodo-nao-e-um-parlamento.html#webpage","url":"https:\/\/franciscanos.org.br\/noticias\/papa-francisco-sinodo-nao-e-um-parlamento.html","name":"Papa Francisco: \"S\u00ednodo n\u00e3o \u00e9 um parlamento\" - Not\u00edcias - Franciscanos","isPartOf":{"@id":"https:\/\/franciscanos.org.br\/noticias\/#website"},"primaryImageOfPage":{"@id":"https:\/\/franciscanos.org.br\/noticias\/papa-francisco-sinodo-nao-e-um-parlamento.html#primaryimage"},"datePublished":"2015-10-05T18:38:46+00:00","dateModified":"2020-06-10T14:20:57+00:00","author":{"@id":"https:\/\/franciscanos.org.br\/noticias\/#\/schema\/person\/b38fbf43118f02820bd932f2e4b14ad3"},"breadcrumb":{"@id":"https:\/\/franciscanos.org.br\/noticias\/papa-francisco-sinodo-nao-e-um-parlamento.html#breadcrumb"},"inLanguage":"pt-BR","potentialAction":[{"@type":"ReadAction","target":["https:\/\/franciscanos.org.br\/noticias\/papa-francisco-sinodo-nao-e-um-parlamento.html"]}]},{"@type":"BreadcrumbList","@id":"https:\/\/franciscanos.org.br\/noticias\/papa-francisco-sinodo-nao-e-um-parlamento.html#breadcrumb","itemListElement":[{"@type":"ListItem","position":1,"name":"Home","item":"https:\/\/franciscanos.org.br\/noticias"},{"@type":"ListItem","position":2,"name":"Papa Francisco: &#8220;S\u00ednodo n\u00e3o \u00e9 um parlamento&#8221;"}]},{"@type":"Person","@id":"https:\/\/franciscanos.org.br\/noticias\/#\/schema\/person\/b38fbf43118f02820bd932f2e4b14ad3","name":"admin","image":{"@type":"ImageObject","inLanguage":"pt-BR","@id":"https:\/\/franciscanos.org.br\/noticias\/#\/schema\/person\/image\/","url":"https:\/\/secure.gravatar.com\/avatar\/e8495742d34d0ba6448ea1c628263b3e?s=96&d=mm&r=g","contentUrl":"https:\/\/secure.gravatar.com\/avatar\/e8495742d34d0ba6448ea1c628263b3e?s=96&d=mm&r=g","caption":"admin"},"url":"https:\/\/franciscanos.org.br\/noticias\/author\/admin"}]}},"_links":{"self":[{"href":"https:\/\/franciscanos.org.br\/noticias\/wp-json\/wp\/v2\/posts\/96050"}],"collection":[{"href":"https:\/\/franciscanos.org.br\/noticias\/wp-json\/wp\/v2\/posts"}],"about":[{"href":"https:\/\/franciscanos.org.br\/noticias\/wp-json\/wp\/v2\/types\/post"}],"author":[{"embeddable":true,"href":"https:\/\/franciscanos.org.br\/noticias\/wp-json\/wp\/v2\/users\/1"}],"replies":[{"embeddable":true,"href":"https:\/\/franciscanos.org.br\/noticias\/wp-json\/wp\/v2\/comments?post=96050"}],"version-history":[{"count":1,"href":"https:\/\/franciscanos.org.br\/noticias\/wp-json\/wp\/v2\/posts\/96050\/revisions"}],"predecessor-version":[{"id":225914,"href":"https:\/\/franciscanos.org.br\/noticias\/wp-json\/wp\/v2\/posts\/96050\/revisions\/225914"}],"wp:featuredmedia":[{"embeddable":true,"href":"https:\/\/franciscanos.org.br\/noticias\/wp-json\/wp\/v2\/media\/219123"}],"wp:attachment":[{"href":"https:\/\/franciscanos.org.br\/noticias\/wp-json\/wp\/v2\/media?parent=96050"}],"wp:term":[{"taxonomy":"category","embeddable":true,"href":"https:\/\/franciscanos.org.br\/noticias\/wp-json\/wp\/v2\/categories?post=96050"},{"taxonomy":"post_tag","embeddable":true,"href":"https:\/\/franciscanos.org.br\/noticias\/wp-json\/wp\/v2\/tags?post=96050"}],"curies":[{"name":"wp","href":"https:\/\/api.w.org\/{rel}","templated":true}]}}