{"id":96038,"date":"2015-10-05T09:11:09","date_gmt":"2015-10-05T12:11:09","guid":{"rendered":"http:\/\/franciscanos.org.br\/?p=96038"},"modified":"2019-07-04T13:22:23","modified_gmt":"2019-07-04T16:22:23","slug":"petropolis-sediara-xiv-congresso-regional-de-meninos-cantores","status":"publish","type":"post","link":"https:\/\/franciscanos.org.br\/noticias\/petropolis-sediara-xiv-congresso-regional-de-meninos-cantores.html","title":{"rendered":"Petr\u00f3polis sediar\u00e1 XIV Congresso Regional de Meninos Cantores"},"content":{"rendered":"<p><img loading=\"lazy\" class=\"alignnone size-full wp-image-207282\" src=\"https:\/\/franciscanos.org.br\/noticias\/wp-content\/uploads\/2015\/10\/canarinhos_0407.jpg\" alt=\"\" width=\"890\" height=\"593\" srcset=\"https:\/\/franciscanos.org.br\/noticias\/wp-content\/uploads\/2015\/10\/canarinhos_0407.jpg 890w, https:\/\/franciscanos.org.br\/noticias\/wp-content\/uploads\/2015\/10\/canarinhos_0407-450x300.jpg 450w, https:\/\/franciscanos.org.br\/noticias\/wp-content\/uploads\/2015\/10\/canarinhos_0407-768x512.jpg 768w, https:\/\/franciscanos.org.br\/noticias\/wp-content\/uploads\/2015\/10\/canarinhos_0407-150x100.jpg 150w\" sizes=\"(max-width: 890px) 100vw, 890px\" \/><\/p>\n<p>Depois de oito anos, Petr\u00f3polis voltar\u00e1 a sediar um congresso de meninos cantores. Em sua d\u00e9cima quarta edi\u00e7\u00e3o, o Congresso Regional da Federa\u00e7\u00e3o Nacional dos Meninos Cantores\u00a0reunir\u00e1 corais dos Estados do Rio de Janeiro, Minas Gerais, S\u00e3o Paulo e Distrito Federal. O festival ir\u00e1 contar com dois\u00a0concertos abertos ao p\u00fablico e uma missa de encerramento, que ser\u00e3o realizados entre os dias 15 e 18 de outubro.<\/p>\n<p>De acordo com o maestro do Coral dos Canarinhos e presidente da Federa\u00e7\u00e3o Nacional dos Meninos Cantores do Brasil, Marco Aur\u00e9lio Lischt, este \u00e9 um momento de confraterniza\u00e7\u00e3o entre os meninos. \u201cO movimento dos pueri cantores envolve, em todo o mundo, milhares de meninos, meninas e jovens de todas as idades. Fazer parte disso \u00e9 estar conectado com a f\u00e9 no amor de Cristo\u201d, afirmou. \u201cEsperamos receber um bom p\u00fablico para prestigiar os meninos\u201d, afirmou Lischt.<\/p>\n<p><img loading=\"lazy\" class=\"alignleft wp-image-96042\" src=\"http:\/\/franciscanos.org.br\/wp-content\/uploads\/2015\/10\/Mater-Ecclesiae.jpg\" alt=\"Mater-Ecclesiae\" width=\"461\" height=\"253\" \/>A programa\u00e7\u00e3o inclui um concerto de abertura dos anfitri\u00f5es \u2013 o Coral dos Canarinhos de Petr\u00f3polis e o Coral das Meninas dos Canarinhos \u2013 no dia 15 de outubro na Igreja do Sagrado Cora\u00e7\u00e3o de Jesus. No dia seguinte, haver\u00e1 um concerto de gala no Theatro Dom Pedro, quando todos os corais se apresentar\u00e3o individualmente. O encerramento ter\u00e1 uma missa especial na Catedral S\u00e3o Pedro de Alc\u00e2ntara, celebrada por Dom Greg\u00f3rio Paix\u00e3o no dia 17.<\/p>\n<p>O Congresso \u00e9 promovido pela Federa\u00e7\u00e3o Nacional dos Meninos Cantores do Brasil, que tem o objetivo de integrar a arte musical. \u201cQuando a Federa\u00e7\u00e3o foi criada, em 1967, a inten\u00e7\u00e3o\u00a0era movimentar o canto coral com meninos e jovens daquela \u00e9poca dentro das igrejas, para em seguida juntar-se ao movimento internacional\u201d, afirmou o presidente da Federa\u00e7\u00e3o.<\/p>\n<p><img loading=\"lazy\" class=\"alignright wp-image-96043\" src=\"http:\/\/franciscanos.org.br\/wp-content\/uploads\/2015\/10\/Pequenos-Cantores-de-C\u00e1ssia.jpg\" alt=\"Pequenos-Cantores-de-C\u00e1ssia\" width=\"460\" height=\"276\" \/>Al\u00e9m dos Canarinhos de Petr\u00f3polis, participar\u00e3o do XVI Congresso Regional dos Meninos Cantores os seguintes corais: Canarinhos de Itabirito (Itabirito\/MG), Mater Verbi (Juiz de Fora\/MG), Dom Silv\u00e9rio (Sete Lagoas\/MG), Pequenos Cantores de C\u00e1ssia (C\u00e1ssia\/MG), Mater Eclesiae (Santa Luzia\/MG), Meninos Cantores de Campinas (Campinas\/SP) e Mosteiro de S\u00e3o Bento (Bras\u00edlia\/DF).<\/p>\n<p>Mais informa\u00e7\u00f5es sobre o Congresso Regional de Meninos Cantores, ou sobre as atividades do Instituto dos Meninos Cantores de Petr\u00f3polis podem ser consultadas pelo telefone: <a href=\"tel:%2824%29%202104-4141\">(24) 2104-4141<\/a>, pelo site <a href=\"http:\/\/www.canarinhos.com.br\/\">www.canarinhos.com.br<\/a>\u00a0ou pelo Facebook:\u00a0<a href=\"http:\/\/fb.com\/canarinhosdepetropolis\">http:\/\/fb.com\/canarinhosdepetropolis<\/a>.<\/p>\n<p><strong>Philippe Fernandes<\/strong><em>, especial para este site<\/em><\/p>\n<p>&nbsp;<\/p>\n","protected":false},"excerpt":{"rendered":"<p>Instituto Meninos Cantores de Petr\u00f3polis<\/p>\n","protected":false},"author":1,"featured_media":207283,"comment_status":"open","ping_status":"open","sticky":false,"template":"","format":"standard","meta":[],"categories":[1],"tags":[1378],"acf":[],"yoast_head":"<!-- This site is optimized with the Yoast SEO plugin v19.2 - https:\/\/yoast.com\/wordpress\/plugins\/seo\/ -->\n<title>Petr\u00f3polis sediar\u00e1 XIV Congresso Regional de Meninos Cantores - Not\u00edcias - Franciscanos<\/title>\n<meta name=\"robots\" content=\"index, follow, max-snippet:-1, max-image-preview:large, max-video-preview:-1\" \/>\n<link rel=\"canonical\" href=\"https:\/\/franciscanos.org.br\/noticias\/petropolis-sediara-xiv-congresso-regional-de-meninos-cantores.html\" \/>\n<meta property=\"og:locale\" content=\"pt_BR\" \/>\n<meta property=\"og:type\" content=\"article\" \/>\n<meta property=\"og:title\" content=\"Petr\u00f3polis sediar\u00e1 XIV Congresso Regional de Meninos Cantores - Not\u00edcias - Franciscanos\" \/>\n<meta property=\"og:description\" content=\"Instituto Meninos Cantores de Petr\u00f3polis\" \/>\n<meta property=\"og:url\" content=\"https:\/\/franciscanos.org.br\/noticias\/petropolis-sediara-xiv-congresso-regional-de-meninos-cantores.html\" \/>\n<meta property=\"og:site_name\" content=\"Not\u00edcias - Franciscanos\" \/>\n<meta property=\"article:published_time\" content=\"2015-10-05T12:11:09+00:00\" \/>\n<meta property=\"article:modified_time\" content=\"2019-07-04T16:22:23+00:00\" \/>\n<meta property=\"og:image\" content=\"https:\/\/franciscanos.org.br\/noticias\/wp-content\/uploads\/2015\/10\/canarinhos_0407d.jpg\" \/>\n\t<meta property=\"og:image:width\" content=\"273\" \/>\n\t<meta property=\"og:image:height\" content=\"181\" \/>\n\t<meta property=\"og:image:type\" content=\"image\/jpeg\" \/>\n<meta name=\"author\" content=\"admin\" \/>\n<meta name=\"twitter:card\" content=\"summary_large_image\" \/>\n<meta name=\"twitter:label1\" content=\"Escrito por\" \/>\n\t<meta name=\"twitter:data1\" content=\"admin\" \/>\n\t<meta name=\"twitter:label2\" content=\"Est. tempo de leitura\" \/>\n\t<meta name=\"twitter:data2\" content=\"2 minutos\" \/>\n<script type=\"application\/ld+json\" class=\"yoast-schema-graph\">{\"@context\":\"https:\/\/schema.org\",\"@graph\":[{\"@type\":\"WebSite\",\"@id\":\"https:\/\/franciscanos.org.br\/noticias\/#website\",\"url\":\"https:\/\/franciscanos.org.br\/noticias\/\",\"name\":\"Not\u00edcias - Franciscanos\",\"description\":\"Prov\u00edncia Franciscana da Imaculada Concei\u00e7\u00e3o do Brasil - Ordem dos Frades Menores - OFM\",\"potentialAction\":[{\"@type\":\"SearchAction\",\"target\":{\"@type\":\"EntryPoint\",\"urlTemplate\":\"https:\/\/franciscanos.org.br\/noticias\/?s={search_term_string}\"},\"query-input\":\"required name=search_term_string\"}],\"inLanguage\":\"pt-BR\"},{\"@type\":\"ImageObject\",\"inLanguage\":\"pt-BR\",\"@id\":\"https:\/\/franciscanos.org.br\/noticias\/petropolis-sediara-xiv-congresso-regional-de-meninos-cantores.html#primaryimage\",\"url\":\"https:\/\/franciscanos.org.br\/noticias\/wp-content\/uploads\/2015\/10\/canarinhos_0407d.jpg\",\"contentUrl\":\"https:\/\/franciscanos.org.br\/noticias\/wp-content\/uploads\/2015\/10\/canarinhos_0407d.jpg\",\"width\":273,\"height\":181},{\"@type\":\"WebPage\",\"@id\":\"https:\/\/franciscanos.org.br\/noticias\/petropolis-sediara-xiv-congresso-regional-de-meninos-cantores.html#webpage\",\"url\":\"https:\/\/franciscanos.org.br\/noticias\/petropolis-sediara-xiv-congresso-regional-de-meninos-cantores.html\",\"name\":\"Petr\u00f3polis sediar\u00e1 XIV Congresso Regional de Meninos Cantores - Not\u00edcias - Franciscanos\",\"isPartOf\":{\"@id\":\"https:\/\/franciscanos.org.br\/noticias\/#website\"},\"primaryImageOfPage\":{\"@id\":\"https:\/\/franciscanos.org.br\/noticias\/petropolis-sediara-xiv-congresso-regional-de-meninos-cantores.html#primaryimage\"},\"datePublished\":\"2015-10-05T12:11:09+00:00\",\"dateModified\":\"2019-07-04T16:22:23+00:00\",\"author\":{\"@id\":\"https:\/\/franciscanos.org.br\/noticias\/#\/schema\/person\/b38fbf43118f02820bd932f2e4b14ad3\"},\"breadcrumb\":{\"@id\":\"https:\/\/franciscanos.org.br\/noticias\/petropolis-sediara-xiv-congresso-regional-de-meninos-cantores.html#breadcrumb\"},\"inLanguage\":\"pt-BR\",\"potentialAction\":[{\"@type\":\"ReadAction\",\"target\":[\"https:\/\/franciscanos.org.br\/noticias\/petropolis-sediara-xiv-congresso-regional-de-meninos-cantores.html\"]}]},{\"@type\":\"BreadcrumbList\",\"@id\":\"https:\/\/franciscanos.org.br\/noticias\/petropolis-sediara-xiv-congresso-regional-de-meninos-cantores.html#breadcrumb\",\"itemListElement\":[{\"@type\":\"ListItem\",\"position\":1,\"name\":\"Home\",\"item\":\"https:\/\/franciscanos.org.br\/noticias\"},{\"@type\":\"ListItem\",\"position\":2,\"name\":\"Petr\u00f3polis sediar\u00e1 XIV Congresso Regional de Meninos Cantores\"}]},{\"@type\":\"Person\",\"@id\":\"https:\/\/franciscanos.org.br\/noticias\/#\/schema\/person\/b38fbf43118f02820bd932f2e4b14ad3\",\"name\":\"admin\",\"image\":{\"@type\":\"ImageObject\",\"inLanguage\":\"pt-BR\",\"@id\":\"https:\/\/franciscanos.org.br\/noticias\/#\/schema\/person\/image\/\",\"url\":\"https:\/\/secure.gravatar.com\/avatar\/e8495742d34d0ba6448ea1c628263b3e?s=96&d=mm&r=g\",\"contentUrl\":\"https:\/\/secure.gravatar.com\/avatar\/e8495742d34d0ba6448ea1c628263b3e?s=96&d=mm&r=g\",\"caption\":\"admin\"},\"url\":\"https:\/\/franciscanos.org.br\/noticias\/author\/admin\"}]}<\/script>\n<!-- \/ Yoast SEO plugin. -->","yoast_head_json":{"title":"Petr\u00f3polis sediar\u00e1 XIV Congresso Regional de Meninos Cantores - Not\u00edcias - Franciscanos","robots":{"index":"index","follow":"follow","max-snippet":"max-snippet:-1","max-image-preview":"max-image-preview:large","max-video-preview":"max-video-preview:-1"},"canonical":"https:\/\/franciscanos.org.br\/noticias\/petropolis-sediara-xiv-congresso-regional-de-meninos-cantores.html","og_locale":"pt_BR","og_type":"article","og_title":"Petr\u00f3polis sediar\u00e1 XIV Congresso Regional de Meninos Cantores - Not\u00edcias - Franciscanos","og_description":"Instituto Meninos Cantores de Petr\u00f3polis","og_url":"https:\/\/franciscanos.org.br\/noticias\/petropolis-sediara-xiv-congresso-regional-de-meninos-cantores.html","og_site_name":"Not\u00edcias - Franciscanos","article_published_time":"2015-10-05T12:11:09+00:00","article_modified_time":"2019-07-04T16:22:23+00:00","og_image":[{"width":273,"height":181,"url":"https:\/\/franciscanos.org.br\/noticias\/wp-content\/uploads\/2015\/10\/canarinhos_0407d.jpg","type":"image\/jpeg"}],"author":"admin","twitter_card":"summary_large_image","twitter_misc":{"Escrito por":"admin","Est. tempo de leitura":"2 minutos"},"schema":{"@context":"https:\/\/schema.org","@graph":[{"@type":"WebSite","@id":"https:\/\/franciscanos.org.br\/noticias\/#website","url":"https:\/\/franciscanos.org.br\/noticias\/","name":"Not\u00edcias - Franciscanos","description":"Prov\u00edncia Franciscana da Imaculada Concei\u00e7\u00e3o do Brasil - Ordem dos Frades Menores - OFM","potentialAction":[{"@type":"SearchAction","target":{"@type":"EntryPoint","urlTemplate":"https:\/\/franciscanos.org.br\/noticias\/?s={search_term_string}"},"query-input":"required name=search_term_string"}],"inLanguage":"pt-BR"},{"@type":"ImageObject","inLanguage":"pt-BR","@id":"https:\/\/franciscanos.org.br\/noticias\/petropolis-sediara-xiv-congresso-regional-de-meninos-cantores.html#primaryimage","url":"https:\/\/franciscanos.org.br\/noticias\/wp-content\/uploads\/2015\/10\/canarinhos_0407d.jpg","contentUrl":"https:\/\/franciscanos.org.br\/noticias\/wp-content\/uploads\/2015\/10\/canarinhos_0407d.jpg","width":273,"height":181},{"@type":"WebPage","@id":"https:\/\/franciscanos.org.br\/noticias\/petropolis-sediara-xiv-congresso-regional-de-meninos-cantores.html#webpage","url":"https:\/\/franciscanos.org.br\/noticias\/petropolis-sediara-xiv-congresso-regional-de-meninos-cantores.html","name":"Petr\u00f3polis sediar\u00e1 XIV Congresso Regional de Meninos Cantores - Not\u00edcias - Franciscanos","isPartOf":{"@id":"https:\/\/franciscanos.org.br\/noticias\/#website"},"primaryImageOfPage":{"@id":"https:\/\/franciscanos.org.br\/noticias\/petropolis-sediara-xiv-congresso-regional-de-meninos-cantores.html#primaryimage"},"datePublished":"2015-10-05T12:11:09+00:00","dateModified":"2019-07-04T16:22:23+00:00","author":{"@id":"https:\/\/franciscanos.org.br\/noticias\/#\/schema\/person\/b38fbf43118f02820bd932f2e4b14ad3"},"breadcrumb":{"@id":"https:\/\/franciscanos.org.br\/noticias\/petropolis-sediara-xiv-congresso-regional-de-meninos-cantores.html#breadcrumb"},"inLanguage":"pt-BR","potentialAction":[{"@type":"ReadAction","target":["https:\/\/franciscanos.org.br\/noticias\/petropolis-sediara-xiv-congresso-regional-de-meninos-cantores.html"]}]},{"@type":"BreadcrumbList","@id":"https:\/\/franciscanos.org.br\/noticias\/petropolis-sediara-xiv-congresso-regional-de-meninos-cantores.html#breadcrumb","itemListElement":[{"@type":"ListItem","position":1,"name":"Home","item":"https:\/\/franciscanos.org.br\/noticias"},{"@type":"ListItem","position":2,"name":"Petr\u00f3polis sediar\u00e1 XIV Congresso Regional de Meninos Cantores"}]},{"@type":"Person","@id":"https:\/\/franciscanos.org.br\/noticias\/#\/schema\/person\/b38fbf43118f02820bd932f2e4b14ad3","name":"admin","image":{"@type":"ImageObject","inLanguage":"pt-BR","@id":"https:\/\/franciscanos.org.br\/noticias\/#\/schema\/person\/image\/","url":"https:\/\/secure.gravatar.com\/avatar\/e8495742d34d0ba6448ea1c628263b3e?s=96&d=mm&r=g","contentUrl":"https:\/\/secure.gravatar.com\/avatar\/e8495742d34d0ba6448ea1c628263b3e?s=96&d=mm&r=g","caption":"admin"},"url":"https:\/\/franciscanos.org.br\/noticias\/author\/admin"}]}},"_links":{"self":[{"href":"https:\/\/franciscanos.org.br\/noticias\/wp-json\/wp\/v2\/posts\/96038"}],"collection":[{"href":"https:\/\/franciscanos.org.br\/noticias\/wp-json\/wp\/v2\/posts"}],"about":[{"href":"https:\/\/franciscanos.org.br\/noticias\/wp-json\/wp\/v2\/types\/post"}],"author":[{"embeddable":true,"href":"https:\/\/franciscanos.org.br\/noticias\/wp-json\/wp\/v2\/users\/1"}],"replies":[{"embeddable":true,"href":"https:\/\/franciscanos.org.br\/noticias\/wp-json\/wp\/v2\/comments?post=96038"}],"version-history":[{"count":0,"href":"https:\/\/franciscanos.org.br\/noticias\/wp-json\/wp\/v2\/posts\/96038\/revisions"}],"wp:featuredmedia":[{"embeddable":true,"href":"https:\/\/franciscanos.org.br\/noticias\/wp-json\/wp\/v2\/media\/207283"}],"wp:attachment":[{"href":"https:\/\/franciscanos.org.br\/noticias\/wp-json\/wp\/v2\/media?parent=96038"}],"wp:term":[{"taxonomy":"category","embeddable":true,"href":"https:\/\/franciscanos.org.br\/noticias\/wp-json\/wp\/v2\/categories?post=96038"},{"taxonomy":"post_tag","embeddable":true,"href":"https:\/\/franciscanos.org.br\/noticias\/wp-json\/wp\/v2\/tags?post=96038"}],"curies":[{"name":"wp","href":"https:\/\/api.w.org\/{rel}","templated":true}]}}