{"id":96003,"date":"2015-10-04T16:55:04","date_gmt":"2015-10-04T19:55:04","guid":{"rendered":"http:\/\/franciscanos.org.br\/?p=96003"},"modified":"2020-06-10T11:22:17","modified_gmt":"2020-06-10T14:22:17","slug":"frei-moser-escreve-sobre-a-abertura-do-sinodo","status":"publish","type":"post","link":"https:\/\/franciscanos.org.br\/noticias\/frei-moser-escreve-sobre-a-abertura-do-sinodo.html","title":{"rendered":"Frei Moser escreve sobre o in\u00edcio do S\u00ednodo"},"content":{"rendered":"<p><strong>Frei Ant\u00f4nio Moser<\/strong><\/p>\n<p>Nestes \u00faltimos tempos muito se tem falado sobre um certo S\u00ednodo, aquele que iria acelerar as declara\u00e7\u00f5es de nulidade de certos casamentos, aquele que iria readmitir recasados aos sacramentos da Penit\u00eancia e da Eucaristia, aquele que iria acolher a uni\u00e3o dos gays, inclusive ado\u00e7\u00e3o de filhos e filhas, e assim por diante. No que se refere \u00e0 necessidade de acelerar as declara\u00e7\u00f5es de nulidade, o Papa Francisco j\u00e1 se antecipou. E no tocante aos problemas mais ventilados, eles certamente ser\u00e3o discutidos, mas dentro de um quadro bem mais amplo, que \u00e9 o da pastoral familiar.<\/p>\n<p>O texto que a partir desta segunda-feira, dia 5, entra em discuss\u00e3o, j\u00e1 foi muito trabalhado. E \u00e9 preciso dizer que ele traz as marcas bem n\u00edtidas da mentalidade do Papa Francisco. \u00c9 um texto que parte de um levantamento da realidade, convida ao discernimento e procura abrir novos caminhos de vida para todos, mormente os mais fragilizados pelas diversas circunst\u00e2ncias da vida. Por este texto j\u00e1 se percebe outro clima, que \u00e9 o da acolhida de todos que queiram caminhar seja na vida pessoal, seja na vida conjugal, familiar e social.<\/p>\n<p><img loading=\"lazy\" class=\"alignright wp-image-96006\" src=\"http:\/\/franciscanos.org.br\/wp-content\/uploads\/2015\/10\/sinodo_2.jpg\" alt=\"sinodo_2\" width=\"500\" height=\"333\" \/>Por circunst\u00e2ncias hist\u00f3ricas aos olhos de muitos, a Igreja passou a ser a Igreja do \u201cn\u00e3o\u201d. \u201cN\u00e3o pode\u201d, \u201cn\u00e3o deve\u201d, \u00e9 pecado. Ora, desde que Francisco se tornou \u201cbispo de Roma\u201d o clima mudou totalmente. Claro que n\u00e3o se trata de mudan\u00e7as propriamente doutrinais. Trata-se de uma atitude pastoral, onde se coloca maior acento numa pedagogia do encantamento. Quem fica encantado por uma pessoa ou por uma causa, passar\u00e1 logo a n\u00e3o ser mais a mesma pessoa. N\u00e3o existe maior \u201capagador\u201d de atitudes e comportamentos inadequados do que o encantamento. Em outros termos, tudo indica que agora a Igreja deixa de ser a Igreja do \u201cn\u00e3o\u201d para tornar-se a Igreja do \u201csim\u201d. Claro que \u00e9 o \u201csim\u201d de Maria, que carrega consigo um \u201cn\u00e3o\u201d a tudo o se contrap\u00f5e \u00e0 causa do Reino.<\/p>\n<p>Neste domingo, dia 4 de outubro, festa de S\u00e3o Francisco, deu-se a solene abertura do XIV S\u00ednodo Ordin\u00e1rio. Com a Bas\u00edlica e a pra\u00e7a S\u00e3o Pedro totalmente lotadas, cercado por 359 padres sinodais, o Papa Francisco presidiu a missa solene de abertura. Claro que os trabalhos mesmo v\u00e3o come\u00e7ar na segunda, dia 5, e dever\u00e3o se prolongar at\u00e9 o dia 25. Por sinal, a pauta \u00e9 bastante cheia e se esperam debates mais ou menos intensos, pois o pr\u00f3prio Instrumento de Trabalho j\u00e1 deixa entender, em v\u00e1rios passagens, que \u201cnem todos concordam com estas coloca\u00e7\u00f5es\u201d. Ou at\u00e9 mesmo se l\u00ea a express\u00e3o de que \u201calguns discordam\u201d. Isso j\u00e1 revela muito bem que este evento dever\u00e1 se caracterizar pela transpar\u00eancia e n\u00e3o haver\u00e1 fronteiras intranspon\u00edveis.<\/p>\n<p>Um primeiro sinal dos novos ventos que sobram no Vaticano j\u00e1 pode ser constatado no sal\u00e3o onde os concelebrantes se paramentaram. Era um ambiente totalmente descontra\u00eddo, todos saudando a todos de maneira bastante efusiva. At\u00e9 parecia uma grande confraterniza\u00e7\u00e3o, onde Cardeais, arcebispos, bispos e assessores pareciam uma grande fam\u00edlia.<\/p>\n<p>Outra coisa que ficou logo evidenciada, \u00e9 que neste S\u00ednodo a Igreja toda est\u00e1 representada, inclusive com a diversidade de cores, de l\u00ednguas e de tradi\u00e7\u00f5es. Chamou aten\u00e7\u00e3o o grande n\u00famero de africanos, sendo que quem estava diretamente ao lado do Papa na celebra\u00e7\u00e3o era um africano. E naturalmente o Oriente tamb\u00e9m se fez bem presente, com vestes e mitras diferentes, e outros apetrechos. Enfim, o clima e o cen\u00e1rio est\u00e3o prontos para um grande evento, do qual dever\u00e3o emergir novos raios de luz e esperan\u00e7a para todos. Buscaremos traduzir aos poucos os avan\u00e7os e recuos.<\/p>\n","protected":false},"excerpt":{"rendered":"<p>S\u00ednodo sobre a Fam\u00edlia<\/p>\n","protected":false},"author":1,"featured_media":0,"comment_status":"open","ping_status":"open","sticky":false,"template":"","format":"standard","meta":[],"categories":[1428],"tags":[1711,1710],"acf":[],"yoast_head":"<!-- This site is optimized with the Yoast SEO plugin v19.2 - https:\/\/yoast.com\/wordpress\/plugins\/seo\/ -->\n<title>Frei Moser escreve sobre o in\u00edcio do S\u00ednodo - Not\u00edcias - Franciscanos<\/title>\n<meta name=\"robots\" content=\"index, follow, max-snippet:-1, max-image-preview:large, max-video-preview:-1\" \/>\n<link rel=\"canonical\" href=\"https:\/\/franciscanos.org.br\/noticias\/frei-moser-escreve-sobre-a-abertura-do-sinodo.html\" \/>\n<meta property=\"og:locale\" content=\"pt_BR\" \/>\n<meta property=\"og:type\" content=\"article\" \/>\n<meta property=\"og:title\" content=\"Frei Moser escreve sobre o in\u00edcio do S\u00ednodo - Not\u00edcias - Franciscanos\" \/>\n<meta property=\"og:description\" content=\"S\u00ednodo sobre a Fam\u00edlia\" \/>\n<meta property=\"og:url\" content=\"https:\/\/franciscanos.org.br\/noticias\/frei-moser-escreve-sobre-a-abertura-do-sinodo.html\" \/>\n<meta property=\"og:site_name\" content=\"Not\u00edcias - Franciscanos\" \/>\n<meta property=\"article:published_time\" content=\"2015-10-04T19:55:04+00:00\" \/>\n<meta property=\"article:modified_time\" content=\"2020-06-10T14:22:17+00:00\" \/>\n<meta property=\"og:image\" content=\"http:\/\/franciscanos.org.br\/wp-content\/uploads\/2015\/10\/sinodo_2.jpg\" \/>\n<meta name=\"author\" content=\"admin\" \/>\n<meta name=\"twitter:card\" content=\"summary_large_image\" \/>\n<meta name=\"twitter:label1\" content=\"Escrito por\" \/>\n\t<meta name=\"twitter:data1\" content=\"admin\" \/>\n\t<meta name=\"twitter:label2\" content=\"Est. tempo de leitura\" \/>\n\t<meta name=\"twitter:data2\" content=\"3 minutos\" \/>\n<script type=\"application\/ld+json\" class=\"yoast-schema-graph\">{\"@context\":\"https:\/\/schema.org\",\"@graph\":[{\"@type\":\"WebSite\",\"@id\":\"https:\/\/franciscanos.org.br\/noticias\/#website\",\"url\":\"https:\/\/franciscanos.org.br\/noticias\/\",\"name\":\"Not\u00edcias - Franciscanos\",\"description\":\"Prov\u00edncia Franciscana da Imaculada Concei\u00e7\u00e3o do Brasil - Ordem dos Frades Menores - OFM\",\"potentialAction\":[{\"@type\":\"SearchAction\",\"target\":{\"@type\":\"EntryPoint\",\"urlTemplate\":\"https:\/\/franciscanos.org.br\/noticias\/?s={search_term_string}\"},\"query-input\":\"required name=search_term_string\"}],\"inLanguage\":\"pt-BR\"},{\"@type\":\"ImageObject\",\"inLanguage\":\"pt-BR\",\"@id\":\"https:\/\/franciscanos.org.br\/noticias\/frei-moser-escreve-sobre-a-abertura-do-sinodo.html#primaryimage\",\"url\":\"http:\/\/franciscanos.org.br\/wp-content\/uploads\/2015\/10\/sinodo_2.jpg\",\"contentUrl\":\"http:\/\/franciscanos.org.br\/wp-content\/uploads\/2015\/10\/sinodo_2.jpg\"},{\"@type\":\"WebPage\",\"@id\":\"https:\/\/franciscanos.org.br\/noticias\/frei-moser-escreve-sobre-a-abertura-do-sinodo.html#webpage\",\"url\":\"https:\/\/franciscanos.org.br\/noticias\/frei-moser-escreve-sobre-a-abertura-do-sinodo.html\",\"name\":\"Frei Moser escreve sobre o in\u00edcio do S\u00ednodo - Not\u00edcias - Franciscanos\",\"isPartOf\":{\"@id\":\"https:\/\/franciscanos.org.br\/noticias\/#website\"},\"primaryImageOfPage\":{\"@id\":\"https:\/\/franciscanos.org.br\/noticias\/frei-moser-escreve-sobre-a-abertura-do-sinodo.html#primaryimage\"},\"datePublished\":\"2015-10-04T19:55:04+00:00\",\"dateModified\":\"2020-06-10T14:22:17+00:00\",\"author\":{\"@id\":\"https:\/\/franciscanos.org.br\/noticias\/#\/schema\/person\/b38fbf43118f02820bd932f2e4b14ad3\"},\"breadcrumb\":{\"@id\":\"https:\/\/franciscanos.org.br\/noticias\/frei-moser-escreve-sobre-a-abertura-do-sinodo.html#breadcrumb\"},\"inLanguage\":\"pt-BR\",\"potentialAction\":[{\"@type\":\"ReadAction\",\"target\":[\"https:\/\/franciscanos.org.br\/noticias\/frei-moser-escreve-sobre-a-abertura-do-sinodo.html\"]}]},{\"@type\":\"BreadcrumbList\",\"@id\":\"https:\/\/franciscanos.org.br\/noticias\/frei-moser-escreve-sobre-a-abertura-do-sinodo.html#breadcrumb\",\"itemListElement\":[{\"@type\":\"ListItem\",\"position\":1,\"name\":\"Home\",\"item\":\"https:\/\/franciscanos.org.br\/noticias\"},{\"@type\":\"ListItem\",\"position\":2,\"name\":\"Frei Moser escreve sobre o in\u00edcio do S\u00ednodo\"}]},{\"@type\":\"Person\",\"@id\":\"https:\/\/franciscanos.org.br\/noticias\/#\/schema\/person\/b38fbf43118f02820bd932f2e4b14ad3\",\"name\":\"admin\",\"image\":{\"@type\":\"ImageObject\",\"inLanguage\":\"pt-BR\",\"@id\":\"https:\/\/franciscanos.org.br\/noticias\/#\/schema\/person\/image\/\",\"url\":\"https:\/\/secure.gravatar.com\/avatar\/e8495742d34d0ba6448ea1c628263b3e?s=96&d=mm&r=g\",\"contentUrl\":\"https:\/\/secure.gravatar.com\/avatar\/e8495742d34d0ba6448ea1c628263b3e?s=96&d=mm&r=g\",\"caption\":\"admin\"},\"url\":\"https:\/\/franciscanos.org.br\/noticias\/author\/admin\"}]}<\/script>\n<!-- \/ Yoast SEO plugin. -->","yoast_head_json":{"title":"Frei Moser escreve sobre o in\u00edcio do S\u00ednodo - Not\u00edcias - Franciscanos","robots":{"index":"index","follow":"follow","max-snippet":"max-snippet:-1","max-image-preview":"max-image-preview:large","max-video-preview":"max-video-preview:-1"},"canonical":"https:\/\/franciscanos.org.br\/noticias\/frei-moser-escreve-sobre-a-abertura-do-sinodo.html","og_locale":"pt_BR","og_type":"article","og_title":"Frei Moser escreve sobre o in\u00edcio do S\u00ednodo - Not\u00edcias - Franciscanos","og_description":"S\u00ednodo sobre a Fam\u00edlia","og_url":"https:\/\/franciscanos.org.br\/noticias\/frei-moser-escreve-sobre-a-abertura-do-sinodo.html","og_site_name":"Not\u00edcias - Franciscanos","article_published_time":"2015-10-04T19:55:04+00:00","article_modified_time":"2020-06-10T14:22:17+00:00","og_image":[{"url":"http:\/\/franciscanos.org.br\/wp-content\/uploads\/2015\/10\/sinodo_2.jpg"}],"author":"admin","twitter_card":"summary_large_image","twitter_misc":{"Escrito por":"admin","Est. tempo de leitura":"3 minutos"},"schema":{"@context":"https:\/\/schema.org","@graph":[{"@type":"WebSite","@id":"https:\/\/franciscanos.org.br\/noticias\/#website","url":"https:\/\/franciscanos.org.br\/noticias\/","name":"Not\u00edcias - Franciscanos","description":"Prov\u00edncia Franciscana da Imaculada Concei\u00e7\u00e3o do Brasil - Ordem dos Frades Menores - OFM","potentialAction":[{"@type":"SearchAction","target":{"@type":"EntryPoint","urlTemplate":"https:\/\/franciscanos.org.br\/noticias\/?s={search_term_string}"},"query-input":"required name=search_term_string"}],"inLanguage":"pt-BR"},{"@type":"ImageObject","inLanguage":"pt-BR","@id":"https:\/\/franciscanos.org.br\/noticias\/frei-moser-escreve-sobre-a-abertura-do-sinodo.html#primaryimage","url":"http:\/\/franciscanos.org.br\/wp-content\/uploads\/2015\/10\/sinodo_2.jpg","contentUrl":"http:\/\/franciscanos.org.br\/wp-content\/uploads\/2015\/10\/sinodo_2.jpg"},{"@type":"WebPage","@id":"https:\/\/franciscanos.org.br\/noticias\/frei-moser-escreve-sobre-a-abertura-do-sinodo.html#webpage","url":"https:\/\/franciscanos.org.br\/noticias\/frei-moser-escreve-sobre-a-abertura-do-sinodo.html","name":"Frei Moser escreve sobre o in\u00edcio do S\u00ednodo - Not\u00edcias - Franciscanos","isPartOf":{"@id":"https:\/\/franciscanos.org.br\/noticias\/#website"},"primaryImageOfPage":{"@id":"https:\/\/franciscanos.org.br\/noticias\/frei-moser-escreve-sobre-a-abertura-do-sinodo.html#primaryimage"},"datePublished":"2015-10-04T19:55:04+00:00","dateModified":"2020-06-10T14:22:17+00:00","author":{"@id":"https:\/\/franciscanos.org.br\/noticias\/#\/schema\/person\/b38fbf43118f02820bd932f2e4b14ad3"},"breadcrumb":{"@id":"https:\/\/franciscanos.org.br\/noticias\/frei-moser-escreve-sobre-a-abertura-do-sinodo.html#breadcrumb"},"inLanguage":"pt-BR","potentialAction":[{"@type":"ReadAction","target":["https:\/\/franciscanos.org.br\/noticias\/frei-moser-escreve-sobre-a-abertura-do-sinodo.html"]}]},{"@type":"BreadcrumbList","@id":"https:\/\/franciscanos.org.br\/noticias\/frei-moser-escreve-sobre-a-abertura-do-sinodo.html#breadcrumb","itemListElement":[{"@type":"ListItem","position":1,"name":"Home","item":"https:\/\/franciscanos.org.br\/noticias"},{"@type":"ListItem","position":2,"name":"Frei Moser escreve sobre o in\u00edcio do S\u00ednodo"}]},{"@type":"Person","@id":"https:\/\/franciscanos.org.br\/noticias\/#\/schema\/person\/b38fbf43118f02820bd932f2e4b14ad3","name":"admin","image":{"@type":"ImageObject","inLanguage":"pt-BR","@id":"https:\/\/franciscanos.org.br\/noticias\/#\/schema\/person\/image\/","url":"https:\/\/secure.gravatar.com\/avatar\/e8495742d34d0ba6448ea1c628263b3e?s=96&d=mm&r=g","contentUrl":"https:\/\/secure.gravatar.com\/avatar\/e8495742d34d0ba6448ea1c628263b3e?s=96&d=mm&r=g","caption":"admin"},"url":"https:\/\/franciscanos.org.br\/noticias\/author\/admin"}]}},"_links":{"self":[{"href":"https:\/\/franciscanos.org.br\/noticias\/wp-json\/wp\/v2\/posts\/96003"}],"collection":[{"href":"https:\/\/franciscanos.org.br\/noticias\/wp-json\/wp\/v2\/posts"}],"about":[{"href":"https:\/\/franciscanos.org.br\/noticias\/wp-json\/wp\/v2\/types\/post"}],"author":[{"embeddable":true,"href":"https:\/\/franciscanos.org.br\/noticias\/wp-json\/wp\/v2\/users\/1"}],"replies":[{"embeddable":true,"href":"https:\/\/franciscanos.org.br\/noticias\/wp-json\/wp\/v2\/comments?post=96003"}],"version-history":[{"count":1,"href":"https:\/\/franciscanos.org.br\/noticias\/wp-json\/wp\/v2\/posts\/96003\/revisions"}],"predecessor-version":[{"id":225916,"href":"https:\/\/franciscanos.org.br\/noticias\/wp-json\/wp\/v2\/posts\/96003\/revisions\/225916"}],"wp:attachment":[{"href":"https:\/\/franciscanos.org.br\/noticias\/wp-json\/wp\/v2\/media?parent=96003"}],"wp:term":[{"taxonomy":"category","embeddable":true,"href":"https:\/\/franciscanos.org.br\/noticias\/wp-json\/wp\/v2\/categories?post=96003"},{"taxonomy":"post_tag","embeddable":true,"href":"https:\/\/franciscanos.org.br\/noticias\/wp-json\/wp\/v2\/tags?post=96003"}],"curies":[{"name":"wp","href":"https:\/\/api.w.org\/{rel}","templated":true}]}}