{"id":95992,"date":"2015-10-04T15:10:09","date_gmt":"2015-10-04T18:10:09","guid":{"rendered":"http:\/\/franciscanos.org.br\/?p=95992"},"modified":"2019-07-02T13:41:55","modified_gmt":"2019-07-02T16:41:55","slug":"sao-francisco-e-uma-convocacao-nao-uma-devocao","status":"publish","type":"post","link":"https:\/\/franciscanos.org.br\/noticias\/sao-francisco-e-uma-convocacao-nao-uma-devocao.html","title":{"rendered":"&#8220;S\u00e3o Francisco \u00e9 uma convoca\u00e7\u00e3o, n\u00e3o uma devo\u00e7\u00e3o!&#8221;"},"content":{"rendered":"<p>&nbsp;<\/p>\n<p><img loading=\"lazy\" src=\"http:\/\/franciscanos.org.br\/wp-content\/uploads\/2015\/10\/alto_claudio.jpg\" alt=\"alto_claudio\" width=\"820\" height=\"358\" \/><\/p>\n<p><strong>\u00c9rika Augusto<\/strong><\/p>\n<p><strong>S\u00e3o Paulo (SP)<\/strong> &#8211; Esta frase categ\u00f3rica foi dita por Dom Claudio Hummes, arcebispo em\u00e9rito da Arquidiocese de S\u00e3o Paulo, na celebra\u00e7\u00e3o das 10h30, neste domingo (4 de outubro), dia de S\u00e3o Francisco de Assis. A capela do Convento, \u00a0no centro da cidade, ficou pequena para tantos devotos do santo. Muitos traziam no colo, na coleira, em caixas, os seus bichinhos de estima\u00e7\u00e3o.<\/p>\n<p><img loading=\"lazy\" class=\"alignleft wp-image-95994 \" src=\"http:\/\/franciscanos.org.br\/wp-content\/uploads\/2015\/10\/DSC_1018.jpg\" alt=\"DSC_1018\" width=\"433\" height=\"651\" \/>A celebra\u00e7\u00e3o foi concelebrada pelo p\u00e1roco, Frei Luiz Henrique de Aquino, por Frei Marcos Hollmann e Frei Jos\u00e9 Francisco e por Dom Camilo de Jesus Dantas, OSB, prior do Mosteiro de S\u00e3o Bento, e outros monges beneditinos.<\/p>\n<p>Em sua homilia, Dom Claudio destacou o seguimento de S\u00e3o Francisco de Assis a Jesus Cristo. \u201cDe tempos em tempos surgem santos que obedecem fielmente ao Evangelho, Francisco era um destes\u201d. O arcebispo recordou as chagas recebidas por S\u00e3o Francisco, e disse que as chagas s\u00e3o a prova da proximidade do santo com Jesus Cristo.<\/p>\n<p>Ele recordou tamb\u00e9m que, mesmo tantos s\u00e9culos depois, S\u00e3o Francisco de Assis continua atual, e destacou a elei\u00e7\u00e3o do Cardeal Mario Bergoglio e a escolha do nome do novo Papa. Dom Claudio afirmou que a escolha se deu por 3 raz\u00f5es: pelos pobres, pela paz e pela cria\u00e7\u00e3o. E discorreu a respeito da postura do Papa Francisco em seu Pontificado, e seus gestos que confirmam as raz\u00f5es da escolha de seu nome. \u201cA Igreja n\u00e3o pode continuar como est\u00e1, precisamos levar este modo de vida ao mundo, assim como faz o Papa Francisco\u201d, exclamou.<\/p>\n<p>Dom Claudio convidou os presentes a assumirem um novo modelo de vida. \u201cS\u00e3o Francisco n\u00e3o pode ser apenas uma devo\u00e7\u00e3o. S\u00e3o Francisco \u00e9 uma convoca\u00e7\u00e3o, uma interpela\u00e7\u00e3o. Somos os herdeiros primeiros\u201d, disse aos confrades e aos presentes.<\/p>\n<p>O arcebispo em\u00e9rito tamb\u00e9m exaltou a ida \u00e0s periferias, geogr\u00e1ficas e existenciais. E recordou o Ano da Miseric\u00f3rdia, proclamado pelo Santo Padre, e pediu uma igreja mais misericordiosa, que esteja ao lado dos pobres e das pessoas sofridas, e que deixe de lado os c\u00f3digos e as leis. \u201cSomos mais legalistas que misericordiosos, acreditamos mais nos c\u00f3digos que na miseric\u00f3rdia, n\u00e3o entendemos a pessoa em sua situa\u00e7\u00e3o, n\u00e3o nos identificamos com ela\u201d, afirmou.<\/p>\n<p>Ele encerrou sua homilia afirmando que o cuidado com a natureza \u00e9 um chamado urgente, e destacou a import\u00e2ncia da enc\u00edclica <em>Laudato Si&#8217;<\/em> para os crist\u00e3os e n\u00e3o crist\u00e3os. Dom Claudio criticou sobretudo a l\u00f3gica de lucros em que o mundo vive. \u201c\u00c9 preciso distribuir e cuidar, n\u00e3o acumular\u201d, concluiu.<\/p>\n","protected":false},"excerpt":{"rendered":"<p>Festa de S\u00e3o Francisco<\/p>\n","protected":false},"author":1,"featured_media":207114,"comment_status":"open","ping_status":"open","sticky":false,"template":"","format":"standard","meta":[],"categories":[1],"tags":[312,1249],"acf":[],"yoast_head":"<!-- This site is optimized with the Yoast SEO plugin v19.2 - https:\/\/yoast.com\/wordpress\/plugins\/seo\/ -->\n<title>&quot;S\u00e3o Francisco \u00e9 uma convoca\u00e7\u00e3o, n\u00e3o uma devo\u00e7\u00e3o!&quot; - Not\u00edcias - Franciscanos<\/title>\n<meta name=\"robots\" content=\"index, follow, max-snippet:-1, max-image-preview:large, max-video-preview:-1\" \/>\n<link rel=\"canonical\" href=\"https:\/\/franciscanos.org.br\/noticias\/sao-francisco-e-uma-convocacao-nao-uma-devocao.html\" \/>\n<meta property=\"og:locale\" content=\"pt_BR\" \/>\n<meta property=\"og:type\" content=\"article\" \/>\n<meta property=\"og:title\" content=\"&quot;S\u00e3o Francisco \u00e9 uma convoca\u00e7\u00e3o, n\u00e3o uma devo\u00e7\u00e3o!&quot; - Not\u00edcias - Franciscanos\" \/>\n<meta property=\"og:description\" content=\"Festa de S\u00e3o Francisco\" \/>\n<meta property=\"og:url\" content=\"https:\/\/franciscanos.org.br\/noticias\/sao-francisco-e-uma-convocacao-nao-uma-devocao.html\" \/>\n<meta property=\"og:site_name\" content=\"Not\u00edcias - Franciscanos\" \/>\n<meta property=\"article:published_time\" content=\"2015-10-04T18:10:09+00:00\" \/>\n<meta property=\"article:modified_time\" content=\"2019-07-02T16:41:55+00:00\" \/>\n<meta property=\"og:image\" content=\"https:\/\/franciscanos.org.br\/noticias\/wp-content\/uploads\/2015\/10\/alto_claudio.jpg\" \/>\n\t<meta property=\"og:image:width\" content=\"273\" \/>\n\t<meta property=\"og:image:height\" content=\"181\" \/>\n\t<meta property=\"og:image:type\" content=\"image\/jpeg\" \/>\n<meta name=\"author\" content=\"admin\" \/>\n<meta name=\"twitter:card\" content=\"summary_large_image\" \/>\n<meta name=\"twitter:label1\" content=\"Escrito por\" \/>\n\t<meta name=\"twitter:data1\" content=\"admin\" \/>\n\t<meta name=\"twitter:label2\" content=\"Est. tempo de leitura\" \/>\n\t<meta name=\"twitter:data2\" content=\"2 minutos\" \/>\n<script type=\"application\/ld+json\" class=\"yoast-schema-graph\">{\"@context\":\"https:\/\/schema.org\",\"@graph\":[{\"@type\":\"WebSite\",\"@id\":\"https:\/\/franciscanos.org.br\/noticias\/#website\",\"url\":\"https:\/\/franciscanos.org.br\/noticias\/\",\"name\":\"Not\u00edcias - Franciscanos\",\"description\":\"Prov\u00edncia Franciscana da Imaculada Concei\u00e7\u00e3o do Brasil - Ordem dos Frades Menores - OFM\",\"potentialAction\":[{\"@type\":\"SearchAction\",\"target\":{\"@type\":\"EntryPoint\",\"urlTemplate\":\"https:\/\/franciscanos.org.br\/noticias\/?s={search_term_string}\"},\"query-input\":\"required name=search_term_string\"}],\"inLanguage\":\"pt-BR\"},{\"@type\":\"ImageObject\",\"inLanguage\":\"pt-BR\",\"@id\":\"https:\/\/franciscanos.org.br\/noticias\/sao-francisco-e-uma-convocacao-nao-uma-devocao.html#primaryimage\",\"url\":\"https:\/\/franciscanos.org.br\/noticias\/wp-content\/uploads\/2015\/10\/alto_claudio.jpg\",\"contentUrl\":\"https:\/\/franciscanos.org.br\/noticias\/wp-content\/uploads\/2015\/10\/alto_claudio.jpg\",\"width\":273,\"height\":181},{\"@type\":\"WebPage\",\"@id\":\"https:\/\/franciscanos.org.br\/noticias\/sao-francisco-e-uma-convocacao-nao-uma-devocao.html#webpage\",\"url\":\"https:\/\/franciscanos.org.br\/noticias\/sao-francisco-e-uma-convocacao-nao-uma-devocao.html\",\"name\":\"\\\"S\u00e3o Francisco \u00e9 uma convoca\u00e7\u00e3o, n\u00e3o uma devo\u00e7\u00e3o!\\\" - Not\u00edcias - Franciscanos\",\"isPartOf\":{\"@id\":\"https:\/\/franciscanos.org.br\/noticias\/#website\"},\"primaryImageOfPage\":{\"@id\":\"https:\/\/franciscanos.org.br\/noticias\/sao-francisco-e-uma-convocacao-nao-uma-devocao.html#primaryimage\"},\"datePublished\":\"2015-10-04T18:10:09+00:00\",\"dateModified\":\"2019-07-02T16:41:55+00:00\",\"author\":{\"@id\":\"https:\/\/franciscanos.org.br\/noticias\/#\/schema\/person\/b38fbf43118f02820bd932f2e4b14ad3\"},\"breadcrumb\":{\"@id\":\"https:\/\/franciscanos.org.br\/noticias\/sao-francisco-e-uma-convocacao-nao-uma-devocao.html#breadcrumb\"},\"inLanguage\":\"pt-BR\",\"potentialAction\":[{\"@type\":\"ReadAction\",\"target\":[\"https:\/\/franciscanos.org.br\/noticias\/sao-francisco-e-uma-convocacao-nao-uma-devocao.html\"]}]},{\"@type\":\"BreadcrumbList\",\"@id\":\"https:\/\/franciscanos.org.br\/noticias\/sao-francisco-e-uma-convocacao-nao-uma-devocao.html#breadcrumb\",\"itemListElement\":[{\"@type\":\"ListItem\",\"position\":1,\"name\":\"Home\",\"item\":\"https:\/\/franciscanos.org.br\/noticias\"},{\"@type\":\"ListItem\",\"position\":2,\"name\":\"&#8220;S\u00e3o Francisco \u00e9 uma convoca\u00e7\u00e3o, n\u00e3o uma devo\u00e7\u00e3o!&#8221;\"}]},{\"@type\":\"Person\",\"@id\":\"https:\/\/franciscanos.org.br\/noticias\/#\/schema\/person\/b38fbf43118f02820bd932f2e4b14ad3\",\"name\":\"admin\",\"image\":{\"@type\":\"ImageObject\",\"inLanguage\":\"pt-BR\",\"@id\":\"https:\/\/franciscanos.org.br\/noticias\/#\/schema\/person\/image\/\",\"url\":\"https:\/\/secure.gravatar.com\/avatar\/e8495742d34d0ba6448ea1c628263b3e?s=96&d=mm&r=g\",\"contentUrl\":\"https:\/\/secure.gravatar.com\/avatar\/e8495742d34d0ba6448ea1c628263b3e?s=96&d=mm&r=g\",\"caption\":\"admin\"},\"url\":\"https:\/\/franciscanos.org.br\/noticias\/author\/admin\"}]}<\/script>\n<!-- \/ Yoast SEO plugin. -->","yoast_head_json":{"title":"\"S\u00e3o Francisco \u00e9 uma convoca\u00e7\u00e3o, n\u00e3o uma devo\u00e7\u00e3o!\" - Not\u00edcias - Franciscanos","robots":{"index":"index","follow":"follow","max-snippet":"max-snippet:-1","max-image-preview":"max-image-preview:large","max-video-preview":"max-video-preview:-1"},"canonical":"https:\/\/franciscanos.org.br\/noticias\/sao-francisco-e-uma-convocacao-nao-uma-devocao.html","og_locale":"pt_BR","og_type":"article","og_title":"\"S\u00e3o Francisco \u00e9 uma convoca\u00e7\u00e3o, n\u00e3o uma devo\u00e7\u00e3o!\" - Not\u00edcias - Franciscanos","og_description":"Festa de S\u00e3o Francisco","og_url":"https:\/\/franciscanos.org.br\/noticias\/sao-francisco-e-uma-convocacao-nao-uma-devocao.html","og_site_name":"Not\u00edcias - Franciscanos","article_published_time":"2015-10-04T18:10:09+00:00","article_modified_time":"2019-07-02T16:41:55+00:00","og_image":[{"width":273,"height":181,"url":"https:\/\/franciscanos.org.br\/noticias\/wp-content\/uploads\/2015\/10\/alto_claudio.jpg","type":"image\/jpeg"}],"author":"admin","twitter_card":"summary_large_image","twitter_misc":{"Escrito por":"admin","Est. tempo de leitura":"2 minutos"},"schema":{"@context":"https:\/\/schema.org","@graph":[{"@type":"WebSite","@id":"https:\/\/franciscanos.org.br\/noticias\/#website","url":"https:\/\/franciscanos.org.br\/noticias\/","name":"Not\u00edcias - Franciscanos","description":"Prov\u00edncia Franciscana da Imaculada Concei\u00e7\u00e3o do Brasil - Ordem dos Frades Menores - OFM","potentialAction":[{"@type":"SearchAction","target":{"@type":"EntryPoint","urlTemplate":"https:\/\/franciscanos.org.br\/noticias\/?s={search_term_string}"},"query-input":"required name=search_term_string"}],"inLanguage":"pt-BR"},{"@type":"ImageObject","inLanguage":"pt-BR","@id":"https:\/\/franciscanos.org.br\/noticias\/sao-francisco-e-uma-convocacao-nao-uma-devocao.html#primaryimage","url":"https:\/\/franciscanos.org.br\/noticias\/wp-content\/uploads\/2015\/10\/alto_claudio.jpg","contentUrl":"https:\/\/franciscanos.org.br\/noticias\/wp-content\/uploads\/2015\/10\/alto_claudio.jpg","width":273,"height":181},{"@type":"WebPage","@id":"https:\/\/franciscanos.org.br\/noticias\/sao-francisco-e-uma-convocacao-nao-uma-devocao.html#webpage","url":"https:\/\/franciscanos.org.br\/noticias\/sao-francisco-e-uma-convocacao-nao-uma-devocao.html","name":"\"S\u00e3o Francisco \u00e9 uma convoca\u00e7\u00e3o, n\u00e3o uma devo\u00e7\u00e3o!\" - Not\u00edcias - Franciscanos","isPartOf":{"@id":"https:\/\/franciscanos.org.br\/noticias\/#website"},"primaryImageOfPage":{"@id":"https:\/\/franciscanos.org.br\/noticias\/sao-francisco-e-uma-convocacao-nao-uma-devocao.html#primaryimage"},"datePublished":"2015-10-04T18:10:09+00:00","dateModified":"2019-07-02T16:41:55+00:00","author":{"@id":"https:\/\/franciscanos.org.br\/noticias\/#\/schema\/person\/b38fbf43118f02820bd932f2e4b14ad3"},"breadcrumb":{"@id":"https:\/\/franciscanos.org.br\/noticias\/sao-francisco-e-uma-convocacao-nao-uma-devocao.html#breadcrumb"},"inLanguage":"pt-BR","potentialAction":[{"@type":"ReadAction","target":["https:\/\/franciscanos.org.br\/noticias\/sao-francisco-e-uma-convocacao-nao-uma-devocao.html"]}]},{"@type":"BreadcrumbList","@id":"https:\/\/franciscanos.org.br\/noticias\/sao-francisco-e-uma-convocacao-nao-uma-devocao.html#breadcrumb","itemListElement":[{"@type":"ListItem","position":1,"name":"Home","item":"https:\/\/franciscanos.org.br\/noticias"},{"@type":"ListItem","position":2,"name":"&#8220;S\u00e3o Francisco \u00e9 uma convoca\u00e7\u00e3o, n\u00e3o uma devo\u00e7\u00e3o!&#8221;"}]},{"@type":"Person","@id":"https:\/\/franciscanos.org.br\/noticias\/#\/schema\/person\/b38fbf43118f02820bd932f2e4b14ad3","name":"admin","image":{"@type":"ImageObject","inLanguage":"pt-BR","@id":"https:\/\/franciscanos.org.br\/noticias\/#\/schema\/person\/image\/","url":"https:\/\/secure.gravatar.com\/avatar\/e8495742d34d0ba6448ea1c628263b3e?s=96&d=mm&r=g","contentUrl":"https:\/\/secure.gravatar.com\/avatar\/e8495742d34d0ba6448ea1c628263b3e?s=96&d=mm&r=g","caption":"admin"},"url":"https:\/\/franciscanos.org.br\/noticias\/author\/admin"}]}},"_links":{"self":[{"href":"https:\/\/franciscanos.org.br\/noticias\/wp-json\/wp\/v2\/posts\/95992"}],"collection":[{"href":"https:\/\/franciscanos.org.br\/noticias\/wp-json\/wp\/v2\/posts"}],"about":[{"href":"https:\/\/franciscanos.org.br\/noticias\/wp-json\/wp\/v2\/types\/post"}],"author":[{"embeddable":true,"href":"https:\/\/franciscanos.org.br\/noticias\/wp-json\/wp\/v2\/users\/1"}],"replies":[{"embeddable":true,"href":"https:\/\/franciscanos.org.br\/noticias\/wp-json\/wp\/v2\/comments?post=95992"}],"version-history":[{"count":0,"href":"https:\/\/franciscanos.org.br\/noticias\/wp-json\/wp\/v2\/posts\/95992\/revisions"}],"wp:featuredmedia":[{"embeddable":true,"href":"https:\/\/franciscanos.org.br\/noticias\/wp-json\/wp\/v2\/media\/207114"}],"wp:attachment":[{"href":"https:\/\/franciscanos.org.br\/noticias\/wp-json\/wp\/v2\/media?parent=95992"}],"wp:term":[{"taxonomy":"category","embeddable":true,"href":"https:\/\/franciscanos.org.br\/noticias\/wp-json\/wp\/v2\/categories?post=95992"},{"taxonomy":"post_tag","embeddable":true,"href":"https:\/\/franciscanos.org.br\/noticias\/wp-json\/wp\/v2\/tags?post=95992"}],"curies":[{"name":"wp","href":"https:\/\/api.w.org\/{rel}","templated":true}]}}