{"id":95720,"date":"2015-10-04T08:17:19","date_gmt":"2015-10-04T11:17:19","guid":{"rendered":"http:\/\/franciscanos.org.br\/?p=95720"},"modified":"2019-07-02T08:03:03","modified_gmt":"2019-07-02T11:03:03","slug":"a-igreja-seja-ponte-nao-barreira-comeca-o-sinodo","status":"publish","type":"post","link":"https:\/\/franciscanos.org.br\/noticias\/a-igreja-seja-ponte-nao-barreira-comeca-o-sinodo.html","title":{"rendered":"&#8220;A Igreja seja ponte, n\u00e3o barreira&#8221;. Come\u00e7a o S\u00ednodo."},"content":{"rendered":"<p><img loading=\"lazy\" src=\"http:\/\/franciscanos.org.br\/wp-content\/uploads\/2015\/10\/sinodo.jpg\" alt=\"sinodo\" width=\"820\" height=\"432\" \/><br \/>\n<strong>Cidade do Vaticano<\/strong> \u2013 Com uma celebra\u00e7\u00e3o eucar\u00edstica na Bas\u00edlica de S. Pedro, o Papa Francisco inaugurou na manh\u00e3 deste domingo (04\/10) a XIV Assembleia Geral Ordin\u00e1ria do S\u00ednodo dos Bispos, que tem por tema a fam\u00edlia.\u00a0A Missa foi concelebrada pelos 270 padres sinodais, que a partir desta segunda-feira v\u00e3o debater \u201cA voca\u00e7\u00e3o e a miss\u00e3o da fam\u00edlia na Igreja e no mundo contempor\u00e2neo\u201d.<\/p>\n<p>Em sua homilia, o Pont\u00edfice comentou as leituras do dia, \u201cque parecem escolhidas de prop\u00f3sito\u201d para o evento que a Igreja se prepara a viver e est\u00e3o centradas em tr\u00eas argumentos: o drama da solid\u00e3o, o amor entre homem-mulher e a fam\u00edlia.\u00a0Na primeira Leitura, Ad\u00e3o vivia no para\u00edso e sentia-se s\u00f3. A solid\u00e3o, disse o Papa, \u201c\u00e9 um drama que ainda hoje aflige muitos homens e mulheres\u201d, e citou os idosos, os vi\u00favos, homens e mulheres deixados pela sua esposa e pelo marido, migrantes e refugiados que escapam de guerras e persegui\u00e7\u00f5es; e tantos jovens v\u00edtimas da cultura do consumismo e do descarte.<\/p>\n<p>Francisco denuncia o paradoxo do mundo globalizado, onde h\u00e1 tantas habita\u00e7\u00f5es de luxo, mas o calor da casa e da fam\u00edlia \u00e9 cada vez menor; muitos projetos ambiciosos, mas pouco tempo para desfrut\u00e1-los; muitos meios sofisticados de divers\u00e3o, mas um vazio cada vez mais profundo no cora\u00e7\u00e3o; tantos prazeres, mas pouco amor; tanta liberdade, mas pouca autonomia&#8230; Aumenta cada vez mais o n\u00famero das pessoas que se fecham na escravid\u00e3o do prazer e do deus-dinheiro.<\/p>\n<p>O Papa constata ainda que h\u00e1 pouca seriedade em levar avante uma rela\u00e7\u00e3o s\u00f3lida e fecunda de amor. Cada vez mais o amor duradouro e fiel \u00e9 objeto de zombaria e olhado como se fosse uma antiguidade. Parece que as sociedades mais avan\u00e7adas sejam precisamente aquelas que t\u00eam o \u00edndice mais baixo de natalidade e o \u00edndice maior de abortos, de div\u00f3rcios, de suic\u00eddios e de polui\u00e7\u00e3o ambiental e social.<\/p>\n<p><strong>O amor entre homem e mulher<\/strong><br \/>\nDeus n\u00e3o criou o ser humano para viver na tristeza ou para estar sozinho, acrescentou, mas para a felicidade, para partilhar o seu caminho com outra pessoa; para amar e ser amado. \u00c9 Ele que une os cora\u00e7\u00f5es de duas pessoas que se amam e liga-os na unidade e na indissolubilidade. Isto significa que o objetivo da vida conjugal n\u00e3o \u00e9 apenas viver juntos para sempre, mas amar-se para sempre.<\/p>\n<p><strong>A fam\u00edlia<\/strong><br \/>\nCitando o Evangelho de S\u00e3o Marcos \u201cO que Deus uniu n\u00e3o o separe o homem\u201d, Francisco afirmou que se trata de uma exorta\u00e7\u00e3o a superar toda a forma de individualismo. Para Deus, explicou o Papa, o matrim\u00f3nio n\u00e3o \u00e9 utopia da adolesc\u00eancia, mas um sonho sem o qual a sua criatura estar\u00e1 condenada \u00e0 solid\u00e3o.<\/p>\n<p>Paradoxalmente, tamb\u00e9m o homem de hoje continua atra\u00eddo e fascinado por todo o amor aut\u00eantico, fecundo, fiel e perp\u00e9tuo. Corre atr\u00e1s dos prazeres carnais, mas deseja a doa\u00e7\u00e3o total.<\/p>\n<p>Neste contexto social e matrimonial bastante dif\u00edcil, a Igreja \u00e9 chamada a viver a sua miss\u00e3o na fidelidade e na verdade. Isto \u00e9, defender a sacralidade da vida, a indissolubilidade do v\u00ednculo conjugal, sem mudar sua doutrina segundo as modas passageiras ou as opini\u00f5es dominantes.<\/p>\n<p><strong>Caridade<\/strong><br \/>\nOutro elemento fundamental, todavia, \u00e9 tamb\u00e9m a caridade. \u201cA Igreja deve viver a sua miss\u00e3o na caridade sem apontar o dedo para julgar os outros, mas se sente no dever de procurar e cuidar dos casais feridos com o \u00f3leo da aceita\u00e7\u00e3o e da miseric\u00f3rdia; de ser \u2018hospital de campanha\u2019, com as portas abertas para acolher todo aquele que bate pedindo ajuda e apoio.\u201d<\/p>\n<p>A Igreja, exortou Francisco, deve procurar o homem e a mulher, para acolh\u00ea-los e acompanh\u00e1-los, porque uma Igreja com as portas fechadas trai a si mesma e \u00e0 sua miss\u00e3o e, em vez de ser ponte, torna-se uma barreira. \u201cCom este esp\u00edrito, pe\u00e7amos ao Senhor que nos acompanhe no S\u00ednodo e guie a sua Igreja pela intercess\u00e3o da Bem-Aventurada Virgem Maria e de S\u00e3o Jos\u00e9, seu cast\u00edssimo esposo.\u201d<\/p>\n<p><strong>PELA INTERNET<\/strong><\/p>\n<p>Com o in\u00edcio do S\u00ednodo dos Bispos sobre a fam\u00edlia, j\u00e1 est\u00e1 ativo o portal de informa\u00e7\u00e3o dedicado inteiramente \u00e0 Assembleia sinodal. No endere\u00e7o synod15.vatican.va, haver\u00e1 informa\u00e7\u00f5es dispon\u00edveis em seis l\u00ednguas, entre as quais o portugu\u00eas.<\/p>\n","protected":false},"excerpt":{"rendered":"<p>Papa Francisco abre  o S\u00ednodo da Fam\u00edlia<\/p>\n","protected":false},"author":1,"featured_media":207043,"comment_status":"open","ping_status":"open","sticky":false,"template":"","format":"standard","meta":[],"categories":[1428],"tags":[472],"acf":[],"yoast_head":"<!-- This site is optimized with the Yoast SEO plugin v19.2 - https:\/\/yoast.com\/wordpress\/plugins\/seo\/ -->\n<title>&quot;A Igreja seja ponte, n\u00e3o barreira&quot;. Come\u00e7a o S\u00ednodo. - Not\u00edcias - Franciscanos<\/title>\n<meta name=\"robots\" content=\"index, follow, max-snippet:-1, max-image-preview:large, max-video-preview:-1\" \/>\n<link rel=\"canonical\" href=\"https:\/\/franciscanos.org.br\/noticias\/a-igreja-seja-ponte-nao-barreira-comeca-o-sinodo.html\" \/>\n<meta property=\"og:locale\" content=\"pt_BR\" \/>\n<meta property=\"og:type\" content=\"article\" \/>\n<meta property=\"og:title\" content=\"&quot;A Igreja seja ponte, n\u00e3o barreira&quot;. Come\u00e7a o S\u00ednodo. - Not\u00edcias - Franciscanos\" \/>\n<meta property=\"og:description\" content=\"Papa Francisco abre o S\u00ednodo da Fam\u00edlia\" \/>\n<meta property=\"og:url\" content=\"https:\/\/franciscanos.org.br\/noticias\/a-igreja-seja-ponte-nao-barreira-comeca-o-sinodo.html\" \/>\n<meta property=\"og:site_name\" content=\"Not\u00edcias - Franciscanos\" \/>\n<meta property=\"article:published_time\" content=\"2015-10-04T11:17:19+00:00\" \/>\n<meta property=\"article:modified_time\" content=\"2019-07-02T11:03:03+00:00\" \/>\n<meta property=\"og:image\" content=\"https:\/\/franciscanos.org.br\/noticias\/wp-content\/uploads\/2015\/10\/sinodo-1.jpg\" \/>\n\t<meta property=\"og:image:width\" content=\"273\" \/>\n\t<meta property=\"og:image:height\" content=\"181\" \/>\n\t<meta property=\"og:image:type\" content=\"image\/jpeg\" \/>\n<meta name=\"author\" content=\"admin\" \/>\n<meta name=\"twitter:card\" content=\"summary_large_image\" \/>\n<meta name=\"twitter:label1\" content=\"Escrito por\" \/>\n\t<meta name=\"twitter:data1\" content=\"admin\" \/>\n\t<meta name=\"twitter:label2\" content=\"Est. tempo de leitura\" \/>\n\t<meta name=\"twitter:data2\" content=\"4 minutos\" \/>\n<script type=\"application\/ld+json\" class=\"yoast-schema-graph\">{\"@context\":\"https:\/\/schema.org\",\"@graph\":[{\"@type\":\"WebSite\",\"@id\":\"https:\/\/franciscanos.org.br\/noticias\/#website\",\"url\":\"https:\/\/franciscanos.org.br\/noticias\/\",\"name\":\"Not\u00edcias - Franciscanos\",\"description\":\"Prov\u00edncia Franciscana da Imaculada Concei\u00e7\u00e3o do Brasil - Ordem dos Frades Menores - OFM\",\"potentialAction\":[{\"@type\":\"SearchAction\",\"target\":{\"@type\":\"EntryPoint\",\"urlTemplate\":\"https:\/\/franciscanos.org.br\/noticias\/?s={search_term_string}\"},\"query-input\":\"required name=search_term_string\"}],\"inLanguage\":\"pt-BR\"},{\"@type\":\"ImageObject\",\"inLanguage\":\"pt-BR\",\"@id\":\"https:\/\/franciscanos.org.br\/noticias\/a-igreja-seja-ponte-nao-barreira-comeca-o-sinodo.html#primaryimage\",\"url\":\"https:\/\/franciscanos.org.br\/noticias\/wp-content\/uploads\/2015\/10\/sinodo-1.jpg\",\"contentUrl\":\"https:\/\/franciscanos.org.br\/noticias\/wp-content\/uploads\/2015\/10\/sinodo-1.jpg\",\"width\":273,\"height\":181},{\"@type\":\"WebPage\",\"@id\":\"https:\/\/franciscanos.org.br\/noticias\/a-igreja-seja-ponte-nao-barreira-comeca-o-sinodo.html#webpage\",\"url\":\"https:\/\/franciscanos.org.br\/noticias\/a-igreja-seja-ponte-nao-barreira-comeca-o-sinodo.html\",\"name\":\"\\\"A Igreja seja ponte, n\u00e3o barreira\\\". Come\u00e7a o S\u00ednodo. - Not\u00edcias - Franciscanos\",\"isPartOf\":{\"@id\":\"https:\/\/franciscanos.org.br\/noticias\/#website\"},\"primaryImageOfPage\":{\"@id\":\"https:\/\/franciscanos.org.br\/noticias\/a-igreja-seja-ponte-nao-barreira-comeca-o-sinodo.html#primaryimage\"},\"datePublished\":\"2015-10-04T11:17:19+00:00\",\"dateModified\":\"2019-07-02T11:03:03+00:00\",\"author\":{\"@id\":\"https:\/\/franciscanos.org.br\/noticias\/#\/schema\/person\/b38fbf43118f02820bd932f2e4b14ad3\"},\"breadcrumb\":{\"@id\":\"https:\/\/franciscanos.org.br\/noticias\/a-igreja-seja-ponte-nao-barreira-comeca-o-sinodo.html#breadcrumb\"},\"inLanguage\":\"pt-BR\",\"potentialAction\":[{\"@type\":\"ReadAction\",\"target\":[\"https:\/\/franciscanos.org.br\/noticias\/a-igreja-seja-ponte-nao-barreira-comeca-o-sinodo.html\"]}]},{\"@type\":\"BreadcrumbList\",\"@id\":\"https:\/\/franciscanos.org.br\/noticias\/a-igreja-seja-ponte-nao-barreira-comeca-o-sinodo.html#breadcrumb\",\"itemListElement\":[{\"@type\":\"ListItem\",\"position\":1,\"name\":\"Home\",\"item\":\"https:\/\/franciscanos.org.br\/noticias\"},{\"@type\":\"ListItem\",\"position\":2,\"name\":\"&#8220;A Igreja seja ponte, n\u00e3o barreira&#8221;. Come\u00e7a o S\u00ednodo.\"}]},{\"@type\":\"Person\",\"@id\":\"https:\/\/franciscanos.org.br\/noticias\/#\/schema\/person\/b38fbf43118f02820bd932f2e4b14ad3\",\"name\":\"admin\",\"image\":{\"@type\":\"ImageObject\",\"inLanguage\":\"pt-BR\",\"@id\":\"https:\/\/franciscanos.org.br\/noticias\/#\/schema\/person\/image\/\",\"url\":\"https:\/\/secure.gravatar.com\/avatar\/e8495742d34d0ba6448ea1c628263b3e?s=96&d=mm&r=g\",\"contentUrl\":\"https:\/\/secure.gravatar.com\/avatar\/e8495742d34d0ba6448ea1c628263b3e?s=96&d=mm&r=g\",\"caption\":\"admin\"},\"url\":\"https:\/\/franciscanos.org.br\/noticias\/author\/admin\"}]}<\/script>\n<!-- \/ Yoast SEO plugin. -->","yoast_head_json":{"title":"\"A Igreja seja ponte, n\u00e3o barreira\". Come\u00e7a o S\u00ednodo. - Not\u00edcias - Franciscanos","robots":{"index":"index","follow":"follow","max-snippet":"max-snippet:-1","max-image-preview":"max-image-preview:large","max-video-preview":"max-video-preview:-1"},"canonical":"https:\/\/franciscanos.org.br\/noticias\/a-igreja-seja-ponte-nao-barreira-comeca-o-sinodo.html","og_locale":"pt_BR","og_type":"article","og_title":"\"A Igreja seja ponte, n\u00e3o barreira\". Come\u00e7a o S\u00ednodo. - Not\u00edcias - Franciscanos","og_description":"Papa Francisco abre o S\u00ednodo da Fam\u00edlia","og_url":"https:\/\/franciscanos.org.br\/noticias\/a-igreja-seja-ponte-nao-barreira-comeca-o-sinodo.html","og_site_name":"Not\u00edcias - Franciscanos","article_published_time":"2015-10-04T11:17:19+00:00","article_modified_time":"2019-07-02T11:03:03+00:00","og_image":[{"width":273,"height":181,"url":"https:\/\/franciscanos.org.br\/noticias\/wp-content\/uploads\/2015\/10\/sinodo-1.jpg","type":"image\/jpeg"}],"author":"admin","twitter_card":"summary_large_image","twitter_misc":{"Escrito por":"admin","Est. tempo de leitura":"4 minutos"},"schema":{"@context":"https:\/\/schema.org","@graph":[{"@type":"WebSite","@id":"https:\/\/franciscanos.org.br\/noticias\/#website","url":"https:\/\/franciscanos.org.br\/noticias\/","name":"Not\u00edcias - Franciscanos","description":"Prov\u00edncia Franciscana da Imaculada Concei\u00e7\u00e3o do Brasil - Ordem dos Frades Menores - OFM","potentialAction":[{"@type":"SearchAction","target":{"@type":"EntryPoint","urlTemplate":"https:\/\/franciscanos.org.br\/noticias\/?s={search_term_string}"},"query-input":"required name=search_term_string"}],"inLanguage":"pt-BR"},{"@type":"ImageObject","inLanguage":"pt-BR","@id":"https:\/\/franciscanos.org.br\/noticias\/a-igreja-seja-ponte-nao-barreira-comeca-o-sinodo.html#primaryimage","url":"https:\/\/franciscanos.org.br\/noticias\/wp-content\/uploads\/2015\/10\/sinodo-1.jpg","contentUrl":"https:\/\/franciscanos.org.br\/noticias\/wp-content\/uploads\/2015\/10\/sinodo-1.jpg","width":273,"height":181},{"@type":"WebPage","@id":"https:\/\/franciscanos.org.br\/noticias\/a-igreja-seja-ponte-nao-barreira-comeca-o-sinodo.html#webpage","url":"https:\/\/franciscanos.org.br\/noticias\/a-igreja-seja-ponte-nao-barreira-comeca-o-sinodo.html","name":"\"A Igreja seja ponte, n\u00e3o barreira\". Come\u00e7a o S\u00ednodo. - Not\u00edcias - Franciscanos","isPartOf":{"@id":"https:\/\/franciscanos.org.br\/noticias\/#website"},"primaryImageOfPage":{"@id":"https:\/\/franciscanos.org.br\/noticias\/a-igreja-seja-ponte-nao-barreira-comeca-o-sinodo.html#primaryimage"},"datePublished":"2015-10-04T11:17:19+00:00","dateModified":"2019-07-02T11:03:03+00:00","author":{"@id":"https:\/\/franciscanos.org.br\/noticias\/#\/schema\/person\/b38fbf43118f02820bd932f2e4b14ad3"},"breadcrumb":{"@id":"https:\/\/franciscanos.org.br\/noticias\/a-igreja-seja-ponte-nao-barreira-comeca-o-sinodo.html#breadcrumb"},"inLanguage":"pt-BR","potentialAction":[{"@type":"ReadAction","target":["https:\/\/franciscanos.org.br\/noticias\/a-igreja-seja-ponte-nao-barreira-comeca-o-sinodo.html"]}]},{"@type":"BreadcrumbList","@id":"https:\/\/franciscanos.org.br\/noticias\/a-igreja-seja-ponte-nao-barreira-comeca-o-sinodo.html#breadcrumb","itemListElement":[{"@type":"ListItem","position":1,"name":"Home","item":"https:\/\/franciscanos.org.br\/noticias"},{"@type":"ListItem","position":2,"name":"&#8220;A Igreja seja ponte, n\u00e3o barreira&#8221;. Come\u00e7a o S\u00ednodo."}]},{"@type":"Person","@id":"https:\/\/franciscanos.org.br\/noticias\/#\/schema\/person\/b38fbf43118f02820bd932f2e4b14ad3","name":"admin","image":{"@type":"ImageObject","inLanguage":"pt-BR","@id":"https:\/\/franciscanos.org.br\/noticias\/#\/schema\/person\/image\/","url":"https:\/\/secure.gravatar.com\/avatar\/e8495742d34d0ba6448ea1c628263b3e?s=96&d=mm&r=g","contentUrl":"https:\/\/secure.gravatar.com\/avatar\/e8495742d34d0ba6448ea1c628263b3e?s=96&d=mm&r=g","caption":"admin"},"url":"https:\/\/franciscanos.org.br\/noticias\/author\/admin"}]}},"_links":{"self":[{"href":"https:\/\/franciscanos.org.br\/noticias\/wp-json\/wp\/v2\/posts\/95720"}],"collection":[{"href":"https:\/\/franciscanos.org.br\/noticias\/wp-json\/wp\/v2\/posts"}],"about":[{"href":"https:\/\/franciscanos.org.br\/noticias\/wp-json\/wp\/v2\/types\/post"}],"author":[{"embeddable":true,"href":"https:\/\/franciscanos.org.br\/noticias\/wp-json\/wp\/v2\/users\/1"}],"replies":[{"embeddable":true,"href":"https:\/\/franciscanos.org.br\/noticias\/wp-json\/wp\/v2\/comments?post=95720"}],"version-history":[{"count":0,"href":"https:\/\/franciscanos.org.br\/noticias\/wp-json\/wp\/v2\/posts\/95720\/revisions"}],"wp:featuredmedia":[{"embeddable":true,"href":"https:\/\/franciscanos.org.br\/noticias\/wp-json\/wp\/v2\/media\/207043"}],"wp:attachment":[{"href":"https:\/\/franciscanos.org.br\/noticias\/wp-json\/wp\/v2\/media?parent=95720"}],"wp:term":[{"taxonomy":"category","embeddable":true,"href":"https:\/\/franciscanos.org.br\/noticias\/wp-json\/wp\/v2\/categories?post=95720"},{"taxonomy":"post_tag","embeddable":true,"href":"https:\/\/franciscanos.org.br\/noticias\/wp-json\/wp\/v2\/tags?post=95720"}],"curies":[{"name":"wp","href":"https:\/\/api.w.org\/{rel}","templated":true}]}}