{"id":95686,"date":"2015-10-03T17:48:07","date_gmt":"2015-10-03T20:48:07","guid":{"rendered":"http:\/\/franciscanos.org.br\/?p=95686"},"modified":"2019-03-14T08:02:24","modified_gmt":"2019-03-14T11:02:24","slug":"leigos-franciscanos-animam-o-encerramento-do-triduo","status":"publish","type":"post","link":"https:\/\/franciscanos.org.br\/noticias\/leigos-franciscanos-animam-o-encerramento-do-triduo.html","title":{"rendered":"Tr\u00edduo termina com anima\u00e7\u00e3o dos leigos franciscanos"},"content":{"rendered":"<p><img loading=\"lazy\" src=\"http:\/\/franciscanos.org.br\/wp-content\/uploads\/2015\/10\/DSC_0572.jpg\" alt=\"DSC_0572\" width=\"800\" height=\"532\" \/><\/p>\n<p><strong>\u00c9rika Augusto<\/strong><\/p>\n<p>S\u00e3o Paulo (SP) &#8211; Neste s\u00e1bado, 3 de outubro, os leigos franciscanos se uniram para celebrar o encerramento do Tr\u00edduo em honra a S\u00e3o Francisco. A OFS \u2013 Ordem Franciscana Secular e a JUFRA \u2013 Juventude Franciscana, animaram o 3\u00ba dia do Tr\u00edduo no Largo S\u00e3o Francisco, no centro de S\u00e3o Paulo.<\/p>\n<p>A celebra\u00e7\u00e3o foi presidida por outro Francisco \u2013 Pe. Francisco das Chagas, da Par\u00f3quia S\u00e3o Jos\u00e9 Oper\u00e1rio, no Graja\u00fa, na Diocese de Santo Amaro. No in\u00edcio da celebra\u00e7\u00e3o, Pe. Francisco agradeceu o convite e disse de sua proximidade com os franciscanos e tamb\u00e9m com S\u00e3o Francisco de Assis, e brincou: \u201ceu me chamo Francisco das Chagas. \u00c9 ou n\u00e3o \u00e9 uma feliz coincid\u00eancia?\u201d<\/p>\n<p>A igreja estava repleta de fi\u00e9is, muitos deles participaram dos 3 dias do tr\u00edduo, prestando sua homenagem ao santo, agradecendo ou pedindo sua intercess\u00e3o. A missa foi concelebrada por Frei Alvaci Mendes da Luz, Frei Miguel da Cruz, Frei Ermelindo e Frei Jo\u00e3o Bunga.<\/p>\n<p>Como a anima\u00e7\u00e3o do dia estava por conta dos leigos franciscanos, nada mais justo que a homilia ser feita por um leigo. A responsabilidade foi assumida por Vin\u00edcius Fabreau. O tema deste 3\u00ba dia do Tr\u00edduo era: \u201cFrancisco e a natureza\u201d. E o jovem lembrou os presentes da miss\u00e3o de S\u00e3o Francisco de Assis e do nosso compromisso hoje com esta miss\u00e3o.<\/p>\n<p><img loading=\"lazy\" class=\"alignleft size-medium wp-image-95688\" src=\"http:\/\/franciscanos.org.br\/wp-content\/uploads\/2015\/10\/DSC_0556-199x300.jpg\" alt=\"DSC_0556\" width=\"199\" height=\"300\" \/><\/p>\n<p>\u201cS\u00e3o Francisco procurou fazer de sua vida um grande testamento de Paz e de Bem. Entretanto nossa gera\u00e7\u00e3o n\u00e3o conheceu S\u00e3o Francisco de Assis. Somos aqueles que ouviram falar de um homem que, com tanta simplicidade, soube revolucionar. S\u00e3o Francisco foi um homem do Evangelho, esta foi a sua revolu\u00e7\u00e3o\u201d, afirmou.<\/p>\n<p>O jovem disse ainda que os leigos franciscanos s\u00e3o parte deste projeto, que busca o resgate dos valores perdidos, assim como S\u00e3o Francisco em sua \u00e9poca.<\/p>\n<p>Para concluir e motivar os presentes, Vin\u00edcius apresentou a simbologia da m\u00e3o, em 3 aspectos, para que os presentes pudessem se comprometer naquilo que ele chamou como \u201crevolu\u00e7\u00e3o franciscana\u201d.<\/p>\n<p>S\u00e3o elas: m\u00e3os abertas, simbolizando o cultivo da terra, a reciclagem dos res\u00edduos, o cuidado com o meio ambiente, e agradecimento a Deus por todo o dom da cria\u00e7\u00e3o; m\u00e3os fechadas, simbolizando a negativa para as atitudes de indiferen\u00e7a, a polui\u00e7\u00e3o de ruas, rios e mares, a destrui\u00e7\u00e3o de \u00e1reas verdes, o desperdi\u00e7o dos recursos naturais. E as m\u00e3os entrela\u00e7adas, que simbolizam a uni\u00e3o para a defesa da Casa Comum, celebrando a fraternidade, a partilha do p\u00e3o e do conhecimento, a comunidade, e acompanhar as pol\u00edticas p\u00fablicas a favor do meio ambiente.<br \/>\nPara encerrar, Vin\u00edcius lembrou um dito popular que diz: \u201cCristo est\u00e1 sem m\u00e3os\u201d. E convocou os presentes a serem hoje as m\u00e3os de Cristo, realizando assim a Sua obra no mundo e na sociedade.<\/p>\n<p>Ao final da missa Frei Alvaci Mendes da Luz agradeceu os presentes pela presen\u00e7a e participa\u00e7\u00e3o no Tr\u00edduo, e agradeceu a presen\u00e7a do Pe. Francisco das Chagas e dos leigos franciscanos.<\/p>\n<p>&nbsp;<\/p>\n","protected":false},"excerpt":{"rendered":"<p>Festa de S\u00e3o Francisco<\/p>\n","protected":false},"author":1,"featured_media":201461,"comment_status":"open","ping_status":"open","sticky":false,"template":"","format":"standard","meta":[],"categories":[1],"tags":[312],"acf":[],"yoast_head":"<!-- This site is optimized with the Yoast SEO plugin v19.2 - https:\/\/yoast.com\/wordpress\/plugins\/seo\/ -->\n<title>Tr\u00edduo termina com anima\u00e7\u00e3o dos leigos franciscanos - Not\u00edcias - Franciscanos<\/title>\n<meta name=\"robots\" content=\"index, follow, max-snippet:-1, max-image-preview:large, max-video-preview:-1\" \/>\n<link rel=\"canonical\" href=\"https:\/\/franciscanos.org.br\/noticias\/leigos-franciscanos-animam-o-encerramento-do-triduo.html\" \/>\n<meta property=\"og:locale\" content=\"pt_BR\" \/>\n<meta property=\"og:type\" content=\"article\" \/>\n<meta property=\"og:title\" content=\"Tr\u00edduo termina com anima\u00e7\u00e3o dos leigos franciscanos - Not\u00edcias - Franciscanos\" \/>\n<meta property=\"og:description\" content=\"Festa de S\u00e3o Francisco\" \/>\n<meta property=\"og:url\" content=\"https:\/\/franciscanos.org.br\/noticias\/leigos-franciscanos-animam-o-encerramento-do-triduo.html\" \/>\n<meta property=\"og:site_name\" content=\"Not\u00edcias - Franciscanos\" \/>\n<meta property=\"article:published_time\" content=\"2015-10-03T20:48:07+00:00\" \/>\n<meta property=\"article:modified_time\" content=\"2019-03-14T11:02:24+00:00\" \/>\n<meta property=\"og:image\" content=\"https:\/\/franciscanos.org.br\/noticias\/wp-content\/uploads\/2015\/10\/jufra_convento.jpg\" \/>\n\t<meta property=\"og:image:width\" content=\"273\" \/>\n\t<meta property=\"og:image:height\" content=\"181\" \/>\n\t<meta property=\"og:image:type\" content=\"image\/jpeg\" \/>\n<meta name=\"author\" content=\"admin\" \/>\n<meta name=\"twitter:card\" content=\"summary_large_image\" \/>\n<meta name=\"twitter:label1\" content=\"Escrito por\" \/>\n\t<meta name=\"twitter:data1\" content=\"admin\" \/>\n\t<meta name=\"twitter:label2\" content=\"Est. tempo de leitura\" \/>\n\t<meta name=\"twitter:data2\" content=\"3 minutos\" \/>\n<script type=\"application\/ld+json\" class=\"yoast-schema-graph\">{\"@context\":\"https:\/\/schema.org\",\"@graph\":[{\"@type\":\"WebSite\",\"@id\":\"https:\/\/franciscanos.org.br\/noticias\/#website\",\"url\":\"https:\/\/franciscanos.org.br\/noticias\/\",\"name\":\"Not\u00edcias - Franciscanos\",\"description\":\"Prov\u00edncia Franciscana da Imaculada Concei\u00e7\u00e3o do Brasil - Ordem dos Frades Menores - OFM\",\"potentialAction\":[{\"@type\":\"SearchAction\",\"target\":{\"@type\":\"EntryPoint\",\"urlTemplate\":\"https:\/\/franciscanos.org.br\/noticias\/?s={search_term_string}\"},\"query-input\":\"required name=search_term_string\"}],\"inLanguage\":\"pt-BR\"},{\"@type\":\"ImageObject\",\"inLanguage\":\"pt-BR\",\"@id\":\"https:\/\/franciscanos.org.br\/noticias\/leigos-franciscanos-animam-o-encerramento-do-triduo.html#primaryimage\",\"url\":\"https:\/\/franciscanos.org.br\/noticias\/wp-content\/uploads\/2015\/10\/jufra_convento.jpg\",\"contentUrl\":\"https:\/\/franciscanos.org.br\/noticias\/wp-content\/uploads\/2015\/10\/jufra_convento.jpg\",\"width\":273,\"height\":181,\"caption\":\"????????????????????????????????????\"},{\"@type\":\"WebPage\",\"@id\":\"https:\/\/franciscanos.org.br\/noticias\/leigos-franciscanos-animam-o-encerramento-do-triduo.html#webpage\",\"url\":\"https:\/\/franciscanos.org.br\/noticias\/leigos-franciscanos-animam-o-encerramento-do-triduo.html\",\"name\":\"Tr\u00edduo termina com anima\u00e7\u00e3o dos leigos franciscanos - Not\u00edcias - Franciscanos\",\"isPartOf\":{\"@id\":\"https:\/\/franciscanos.org.br\/noticias\/#website\"},\"primaryImageOfPage\":{\"@id\":\"https:\/\/franciscanos.org.br\/noticias\/leigos-franciscanos-animam-o-encerramento-do-triduo.html#primaryimage\"},\"datePublished\":\"2015-10-03T20:48:07+00:00\",\"dateModified\":\"2019-03-14T11:02:24+00:00\",\"author\":{\"@id\":\"https:\/\/franciscanos.org.br\/noticias\/#\/schema\/person\/b38fbf43118f02820bd932f2e4b14ad3\"},\"breadcrumb\":{\"@id\":\"https:\/\/franciscanos.org.br\/noticias\/leigos-franciscanos-animam-o-encerramento-do-triduo.html#breadcrumb\"},\"inLanguage\":\"pt-BR\",\"potentialAction\":[{\"@type\":\"ReadAction\",\"target\":[\"https:\/\/franciscanos.org.br\/noticias\/leigos-franciscanos-animam-o-encerramento-do-triduo.html\"]}]},{\"@type\":\"BreadcrumbList\",\"@id\":\"https:\/\/franciscanos.org.br\/noticias\/leigos-franciscanos-animam-o-encerramento-do-triduo.html#breadcrumb\",\"itemListElement\":[{\"@type\":\"ListItem\",\"position\":1,\"name\":\"Home\",\"item\":\"https:\/\/franciscanos.org.br\/noticias\"},{\"@type\":\"ListItem\",\"position\":2,\"name\":\"Tr\u00edduo termina com anima\u00e7\u00e3o dos leigos franciscanos\"}]},{\"@type\":\"Person\",\"@id\":\"https:\/\/franciscanos.org.br\/noticias\/#\/schema\/person\/b38fbf43118f02820bd932f2e4b14ad3\",\"name\":\"admin\",\"image\":{\"@type\":\"ImageObject\",\"inLanguage\":\"pt-BR\",\"@id\":\"https:\/\/franciscanos.org.br\/noticias\/#\/schema\/person\/image\/\",\"url\":\"https:\/\/secure.gravatar.com\/avatar\/e8495742d34d0ba6448ea1c628263b3e?s=96&d=mm&r=g\",\"contentUrl\":\"https:\/\/secure.gravatar.com\/avatar\/e8495742d34d0ba6448ea1c628263b3e?s=96&d=mm&r=g\",\"caption\":\"admin\"},\"url\":\"https:\/\/franciscanos.org.br\/noticias\/author\/admin\"}]}<\/script>\n<!-- \/ Yoast SEO plugin. -->","yoast_head_json":{"title":"Tr\u00edduo termina com anima\u00e7\u00e3o dos leigos franciscanos - Not\u00edcias - Franciscanos","robots":{"index":"index","follow":"follow","max-snippet":"max-snippet:-1","max-image-preview":"max-image-preview:large","max-video-preview":"max-video-preview:-1"},"canonical":"https:\/\/franciscanos.org.br\/noticias\/leigos-franciscanos-animam-o-encerramento-do-triduo.html","og_locale":"pt_BR","og_type":"article","og_title":"Tr\u00edduo termina com anima\u00e7\u00e3o dos leigos franciscanos - Not\u00edcias - Franciscanos","og_description":"Festa de S\u00e3o Francisco","og_url":"https:\/\/franciscanos.org.br\/noticias\/leigos-franciscanos-animam-o-encerramento-do-triduo.html","og_site_name":"Not\u00edcias - Franciscanos","article_published_time":"2015-10-03T20:48:07+00:00","article_modified_time":"2019-03-14T11:02:24+00:00","og_image":[{"width":273,"height":181,"url":"https:\/\/franciscanos.org.br\/noticias\/wp-content\/uploads\/2015\/10\/jufra_convento.jpg","type":"image\/jpeg"}],"author":"admin","twitter_card":"summary_large_image","twitter_misc":{"Escrito por":"admin","Est. tempo de leitura":"3 minutos"},"schema":{"@context":"https:\/\/schema.org","@graph":[{"@type":"WebSite","@id":"https:\/\/franciscanos.org.br\/noticias\/#website","url":"https:\/\/franciscanos.org.br\/noticias\/","name":"Not\u00edcias - Franciscanos","description":"Prov\u00edncia Franciscana da Imaculada Concei\u00e7\u00e3o do Brasil - Ordem dos Frades Menores - OFM","potentialAction":[{"@type":"SearchAction","target":{"@type":"EntryPoint","urlTemplate":"https:\/\/franciscanos.org.br\/noticias\/?s={search_term_string}"},"query-input":"required name=search_term_string"}],"inLanguage":"pt-BR"},{"@type":"ImageObject","inLanguage":"pt-BR","@id":"https:\/\/franciscanos.org.br\/noticias\/leigos-franciscanos-animam-o-encerramento-do-triduo.html#primaryimage","url":"https:\/\/franciscanos.org.br\/noticias\/wp-content\/uploads\/2015\/10\/jufra_convento.jpg","contentUrl":"https:\/\/franciscanos.org.br\/noticias\/wp-content\/uploads\/2015\/10\/jufra_convento.jpg","width":273,"height":181,"caption":"????????????????????????????????????"},{"@type":"WebPage","@id":"https:\/\/franciscanos.org.br\/noticias\/leigos-franciscanos-animam-o-encerramento-do-triduo.html#webpage","url":"https:\/\/franciscanos.org.br\/noticias\/leigos-franciscanos-animam-o-encerramento-do-triduo.html","name":"Tr\u00edduo termina com anima\u00e7\u00e3o dos leigos franciscanos - Not\u00edcias - Franciscanos","isPartOf":{"@id":"https:\/\/franciscanos.org.br\/noticias\/#website"},"primaryImageOfPage":{"@id":"https:\/\/franciscanos.org.br\/noticias\/leigos-franciscanos-animam-o-encerramento-do-triduo.html#primaryimage"},"datePublished":"2015-10-03T20:48:07+00:00","dateModified":"2019-03-14T11:02:24+00:00","author":{"@id":"https:\/\/franciscanos.org.br\/noticias\/#\/schema\/person\/b38fbf43118f02820bd932f2e4b14ad3"},"breadcrumb":{"@id":"https:\/\/franciscanos.org.br\/noticias\/leigos-franciscanos-animam-o-encerramento-do-triduo.html#breadcrumb"},"inLanguage":"pt-BR","potentialAction":[{"@type":"ReadAction","target":["https:\/\/franciscanos.org.br\/noticias\/leigos-franciscanos-animam-o-encerramento-do-triduo.html"]}]},{"@type":"BreadcrumbList","@id":"https:\/\/franciscanos.org.br\/noticias\/leigos-franciscanos-animam-o-encerramento-do-triduo.html#breadcrumb","itemListElement":[{"@type":"ListItem","position":1,"name":"Home","item":"https:\/\/franciscanos.org.br\/noticias"},{"@type":"ListItem","position":2,"name":"Tr\u00edduo termina com anima\u00e7\u00e3o dos leigos franciscanos"}]},{"@type":"Person","@id":"https:\/\/franciscanos.org.br\/noticias\/#\/schema\/person\/b38fbf43118f02820bd932f2e4b14ad3","name":"admin","image":{"@type":"ImageObject","inLanguage":"pt-BR","@id":"https:\/\/franciscanos.org.br\/noticias\/#\/schema\/person\/image\/","url":"https:\/\/secure.gravatar.com\/avatar\/e8495742d34d0ba6448ea1c628263b3e?s=96&d=mm&r=g","contentUrl":"https:\/\/secure.gravatar.com\/avatar\/e8495742d34d0ba6448ea1c628263b3e?s=96&d=mm&r=g","caption":"admin"},"url":"https:\/\/franciscanos.org.br\/noticias\/author\/admin"}]}},"_links":{"self":[{"href":"https:\/\/franciscanos.org.br\/noticias\/wp-json\/wp\/v2\/posts\/95686"}],"collection":[{"href":"https:\/\/franciscanos.org.br\/noticias\/wp-json\/wp\/v2\/posts"}],"about":[{"href":"https:\/\/franciscanos.org.br\/noticias\/wp-json\/wp\/v2\/types\/post"}],"author":[{"embeddable":true,"href":"https:\/\/franciscanos.org.br\/noticias\/wp-json\/wp\/v2\/users\/1"}],"replies":[{"embeddable":true,"href":"https:\/\/franciscanos.org.br\/noticias\/wp-json\/wp\/v2\/comments?post=95686"}],"version-history":[{"count":0,"href":"https:\/\/franciscanos.org.br\/noticias\/wp-json\/wp\/v2\/posts\/95686\/revisions"}],"wp:featuredmedia":[{"embeddable":true,"href":"https:\/\/franciscanos.org.br\/noticias\/wp-json\/wp\/v2\/media\/201461"}],"wp:attachment":[{"href":"https:\/\/franciscanos.org.br\/noticias\/wp-json\/wp\/v2\/media?parent=95686"}],"wp:term":[{"taxonomy":"category","embeddable":true,"href":"https:\/\/franciscanos.org.br\/noticias\/wp-json\/wp\/v2\/categories?post=95686"},{"taxonomy":"post_tag","embeddable":true,"href":"https:\/\/franciscanos.org.br\/noticias\/wp-json\/wp\/v2\/tags?post=95686"}],"curies":[{"name":"wp","href":"https:\/\/api.w.org\/{rel}","templated":true}]}}