{"id":9547,"date":"2011-12-18T10:43:44","date_gmt":"2011-12-18T12:43:44","guid":{"rendered":"http:\/\/new.franciscanos.org.br\/?p=9547"},"modified":"2019-09-13T12:28:13","modified_gmt":"2019-09-13T15:28:13","slug":"dom-pedro-cipolini-abre-as-festividades-pelos-100-anos-da-presenca-franciscana-em-amparo","status":"publish","type":"post","link":"https:\/\/franciscanos.org.br\/noticias\/dom-pedro-cipolini-abre-as-festividades-pelos-100-anos-da-presenca-franciscana-em-amparo.html","title":{"rendered":"Dom Pedro Cipolini abre as festividades pelos 100 anos da presen\u00e7a franciscana em Amparo"},"content":{"rendered":"<p><img loading=\"lazy\" class=\"alignnone size-full wp-image-199156\" src=\"https:\/\/franciscanos.org.br\/noticias\/wp-content\/uploads\/2011\/12\/missaamparo_g1812111-1.jpg\" alt=\"\" width=\"830\" height=\"478\" srcset=\"https:\/\/franciscanos.org.br\/noticias\/wp-content\/uploads\/2011\/12\/missaamparo_g1812111-1.jpg 830w, https:\/\/franciscanos.org.br\/noticias\/wp-content\/uploads\/2011\/12\/missaamparo_g1812111-1-450x259.jpg 450w, https:\/\/franciscanos.org.br\/noticias\/wp-content\/uploads\/2011\/12\/missaamparo_g1812111-1-768x442.jpg 768w, https:\/\/franciscanos.org.br\/noticias\/wp-content\/uploads\/2011\/12\/missaamparo_g1812111-1-150x86.jpg 150w\" sizes=\"(max-width: 830px) 100vw, 830px\" \/><\/p>\n<p><strong>Moacir Beggo<\/strong><\/p>\n<p><strong>Amparo (SP) &#8211;<\/strong> H\u00e1 cem anos, o bispo da Circunscri\u00e7\u00e3o Eclesi\u00e1stica de Campinas, D. Jo\u00e3o Nery, pedia ao Ministro Provincial dos Franciscanos a vinda dos frades para Amparo, uma cidade serrana no interior paulista que crescia no ritmo acelerado da produ\u00e7\u00e3o do caf\u00e9. No dia 17 de dezembro de 1911, estavam na cidade os primeiros franciscanos: Frei Eg\u00eddio de Assis Schweckhorst e Frei Dimas Wolff, que celebraram a primeira missa no dia 18, \u00e0s 15 horas. Cem anos depois, o Ministro Provincial da Prov\u00edncia da Imaculada Concei\u00e7\u00e3o, Frei Fid\u00eancio Vanboemmel, encontrou-se com outro bispo, Dom Pedro Carlos Cipolini, agora da Diocese de Amparo, para louvar e bendizer a Deus por esta data simb\u00f3lica e paradigm\u00e1tica.<\/p>\n<p><img loading=\"lazy\" class=\"alignleft size-full wp-image-199157\" src=\"https:\/\/franciscanos.org.br\/noticias\/wp-content\/uploads\/2011\/12\/amparo_missa.jpg\" alt=\"\" width=\"338\" height=\"600\" srcset=\"https:\/\/franciscanos.org.br\/noticias\/wp-content\/uploads\/2011\/12\/amparo_missa.jpg 338w, https:\/\/franciscanos.org.br\/noticias\/wp-content\/uploads\/2011\/12\/amparo_missa-254x450.jpg 254w, https:\/\/franciscanos.org.br\/noticias\/wp-content\/uploads\/2011\/12\/amparo_missa-150x266.jpg 150w\" sizes=\"(max-width: 338px) 100vw, 338px\" \/>Neste s\u00e1bado, 17 de dezembro de 2011, o lindo c\u00e9u azul ajudou a revestir de beleza a Igreja de S\u00e3o Benedito para esta celebra\u00e7\u00e3o de A\u00e7\u00e3o de Gra\u00e7as no final do dia, \u00e0s 18 horas. Uma grande equipe de frades estudantes de Teologia da Prov\u00edncia da Imaculada veio de Petr\u00f3polis (RJ) para ajudar a preparar este momento celebrativo, que teve in\u00edcio com a Semana Mission\u00e1ria ainda no dia 11 de dezembro, na Missa do envio. Frei S\u00e9rgio Pagan, natural de Amparo, deixou a sua Fraternidade de Niter\u00f3i (RJ) para concelebrar com seus confrades este momento, como o guardi\u00e3o e p\u00e1roco Frei Jo\u00e3o Pereira da Silva, Frei Celso Francisco de Faria, Frei Adriano Dias do Nascimento e Frei Antenor Camilo Milit\u00e3o . Presentes na celebra\u00e7\u00e3o um bom n\u00famero de religiosas das Congrega\u00e7\u00f5es no territ\u00f3rio da Par\u00f3quia, como as Irm\u00e3s Franciscanas Mission\u00e1rias do Cora\u00e7\u00e3o Imaculado de Maria, as Irm\u00e3s Dominicanas de Santa Catarina de Sena e as Irm\u00e3s Franciscanas do Cora\u00e7\u00e3o de Maria.<\/p>\n<p>O carisma franciscano, nesses cem anos, deu seus frutos na comunidade, como a Ordem Franciscana Secular, que no ano que vem completa tamb\u00e9m 100 anos de presen\u00e7a em Amparo. Outra presen\u00e7a marcante na Par\u00f3quia \u00e9 a Irmandade de S\u00e3o Benedito, que zela por este templo material e espiritual desde antes da chegada dos franciscanos. A bela celebra\u00e7\u00e3o deste s\u00e1bado mostrou que por tr\u00e1s dela h\u00e1 uma estrutura bem organizada e muito ativa das pastorais, principalmente a partir da cria\u00e7\u00e3o da Par\u00f3quia em 3 de outubro de 1965. Neste domingo, as festividades terminar\u00e3o com a celebra\u00e7\u00e3o eucar\u00edstica \u00e0s 18 horas e, em seguida, o descerramento de uma placa comemorativa dos cem anos ao lado da igreja e em frente \u00e0 resid\u00eancia dos frades.<\/p>\n<p>Na verdade, a Par\u00f3quia de S\u00e3o Benedito come\u00e7ou h\u00e1 um ano, fazendo uma prepara\u00e7\u00e3o para este momento do celebrativo do centen\u00e1rio.<\/p>\n<p><img loading=\"lazy\" class=\"alignright size-full wp-image-199158\" src=\"https:\/\/franciscanos.org.br\/noticias\/wp-content\/uploads\/2011\/12\/missaamparo_g1812111-2.jpg\" alt=\"\" width=\"338\" height=\"600\" srcset=\"https:\/\/franciscanos.org.br\/noticias\/wp-content\/uploads\/2011\/12\/missaamparo_g1812111-2.jpg 338w, https:\/\/franciscanos.org.br\/noticias\/wp-content\/uploads\/2011\/12\/missaamparo_g1812111-2-254x450.jpg 254w, https:\/\/franciscanos.org.br\/noticias\/wp-content\/uploads\/2011\/12\/missaamparo_g1812111-2-150x266.jpg 150w\" sizes=\"(max-width: 338px) 100vw, 338px\" \/>Neste 4\u00ba domingo do Advento, Dom Pedro abriu sua homilia falando de Maria, como exemplo de f\u00e9 e de fidelidade. &#8220;Muitas vezes podemos ter f\u00e9, mas n\u00e3o somos fi\u00e9is. Acreditamos em Jesus, no que ele falou, mas n\u00e3o vivemos&#8221;, observou. Ele tamb\u00e9m lembrou de S\u00e3o Francisco como exemplo de humanidade e de santidade. &#8220;Geralmente admiramos muito nos santos sua santidade, que aparece em primeiro lugar. Mas em S\u00e3o Francisco n\u00e3o s\u00f3 a sua santidade aparece em primeiro lugar, mas a sua humanidade. Humanidade quer dizer um homem muito comum, muito fr\u00e1gil, simples, verdadeiro, mas profundamente voltado para Deus&#8221;, explicou.<\/p>\n<p>Ao falar sobre a presen\u00e7a franciscana em 100 anos em Amparo, D. Pedro ressaltou o momento de alegria e a\u00e7\u00e3o de gra\u00e7as. &#8220;Aqui se instalaram os freis franciscanos e est\u00e3o comemorando esta data simb\u00f3lica e paradigm\u00e1tica, repleta n\u00e3o s\u00f3 de significados hist\u00f3ricos, mas tamb\u00e9m de m\u00e9ritos diante de Deus pelo testemunho de f\u00e9 pela perseveran\u00e7a na miss\u00e3o&#8221;, disse.<\/p>\n<p>O bispo de Amparo destacou que a Ordem Franciscana nasceu mission\u00e1ria com S\u00e3o Francisco. &#8220;Aqui, os franciscanos fizeram deste local um polo mission\u00e1rio. Na realidade, a Par\u00f3quia de S\u00e3o Benedito \u00e9 t\u00e3o querida porque sempre foi e cumpre a esta tarefa mission\u00e1ria, onde em primeiro lugar as pessoas encontram acolhida, a prega\u00e7\u00e3o da Palavra de Deus, encontram fraternidade e comunidade de f\u00e9&#8221;, ressaltou.<\/p>\n<p>D. Pedro concluiu sua homilia fazendo um agradecimento: &#8220;N\u00f3s s\u00f3 podemos agradecer, em nome da comunidade de Amparo, a Ordem Franciscana, aqui representada pelo Ministro Provincial, Frei Fid\u00eancio Vanboemmel, por todo o trabalho em nome do povo. \u00c9 claro que os frades n\u00e3o fizeram tudo sozinhos, encontraram milhares de pessoas que, ao longo de cem anos, colaboraram com as obras e com o minist\u00e9rio desta fraternidade franciscana. Louvado seja Deus por isso tamb\u00e9m! E isso s\u00f3 enaltece e faz florescer muitas e muitas voca\u00e7\u00f5es crist\u00e3s apegadas ao essencial do Evangelho: o amor e a miseric\u00f3rdia, que geram a paz, vencendo o mal e fazendo o bem. Deus aben\u00e7oe e recompense os freis franciscanos e todos os que trabalharam aqui. Seria imposs\u00edvel citar os nomes de todos, mas est\u00e3o escritos nos livros da vida, sem d\u00favida&#8221;.<\/p>\n<p>Ap\u00f3s a missa, os franciscanos receberam representantes da Igreja de Amparo para uma confraterniza\u00e7\u00e3o no Sal\u00e3o Paroquial. Neste domingo, depois do descerramento da placa comemorativa, os frades receber\u00e3o a comunidade para a confraterniza\u00e7\u00e3o.<\/p>\n<p>&nbsp;<\/p>\n","protected":false},"excerpt":{"rendered":"<p>Centen\u00e1rio da presen\u00e7a franciscana em Amparo<\/p>\n","protected":false},"author":1,"featured_media":210830,"comment_status":"closed","ping_status":"open","sticky":false,"template":"","format":"standard","meta":[],"categories":[1],"tags":[100,107,101],"acf":[],"yoast_head":"<!-- This site is optimized with the Yoast SEO plugin v19.2 - https:\/\/yoast.com\/wordpress\/plugins\/seo\/ -->\n<title>Dom Pedro Cipolini abre as festividades pelos 100 anos da presen\u00e7a franciscana em Amparo - Not\u00edcias - Franciscanos<\/title>\n<meta name=\"robots\" content=\"index, follow, max-snippet:-1, max-image-preview:large, max-video-preview:-1\" \/>\n<link rel=\"canonical\" href=\"https:\/\/franciscanos.org.br\/noticias\/dom-pedro-cipolini-abre-as-festividades-pelos-100-anos-da-presenca-franciscana-em-amparo.html\" \/>\n<meta property=\"og:locale\" content=\"pt_BR\" \/>\n<meta property=\"og:type\" content=\"article\" \/>\n<meta property=\"og:title\" content=\"Dom Pedro Cipolini abre as festividades pelos 100 anos da presen\u00e7a franciscana em Amparo - Not\u00edcias - Franciscanos\" \/>\n<meta property=\"og:description\" content=\"Centen\u00e1rio da presen\u00e7a franciscana em Amparo\" \/>\n<meta property=\"og:url\" content=\"https:\/\/franciscanos.org.br\/noticias\/dom-pedro-cipolini-abre-as-festividades-pelos-100-anos-da-presenca-franciscana-em-amparo.html\" \/>\n<meta property=\"og:site_name\" content=\"Not\u00edcias - Franciscanos\" \/>\n<meta property=\"article:published_time\" content=\"2011-12-18T12:43:44+00:00\" \/>\n<meta property=\"article:modified_time\" content=\"2019-09-13T15:28:13+00:00\" \/>\n<meta property=\"og:image\" content=\"https:\/\/franciscanos.org.br\/noticias\/wp-content\/uploads\/2011\/12\/missaamparo_g1812111-1-1.jpg\" \/>\n\t<meta property=\"og:image:width\" content=\"273\" \/>\n\t<meta property=\"og:image:height\" content=\"181\" \/>\n\t<meta property=\"og:image:type\" content=\"image\/jpeg\" \/>\n<meta name=\"author\" content=\"admin\" \/>\n<meta name=\"twitter:card\" content=\"summary_large_image\" \/>\n<meta name=\"twitter:label1\" content=\"Escrito por\" \/>\n\t<meta name=\"twitter:data1\" content=\"admin\" \/>\n\t<meta name=\"twitter:label2\" content=\"Est. tempo de leitura\" \/>\n\t<meta name=\"twitter:data2\" content=\"4 minutos\" \/>\n<script type=\"application\/ld+json\" class=\"yoast-schema-graph\">{\"@context\":\"https:\/\/schema.org\",\"@graph\":[{\"@type\":\"WebSite\",\"@id\":\"https:\/\/franciscanos.org.br\/noticias\/#website\",\"url\":\"https:\/\/franciscanos.org.br\/noticias\/\",\"name\":\"Not\u00edcias - Franciscanos\",\"description\":\"Prov\u00edncia Franciscana da Imaculada Concei\u00e7\u00e3o do Brasil - Ordem dos Frades Menores - OFM\",\"potentialAction\":[{\"@type\":\"SearchAction\",\"target\":{\"@type\":\"EntryPoint\",\"urlTemplate\":\"https:\/\/franciscanos.org.br\/noticias\/?s={search_term_string}\"},\"query-input\":\"required name=search_term_string\"}],\"inLanguage\":\"pt-BR\"},{\"@type\":\"ImageObject\",\"inLanguage\":\"pt-BR\",\"@id\":\"https:\/\/franciscanos.org.br\/noticias\/dom-pedro-cipolini-abre-as-festividades-pelos-100-anos-da-presenca-franciscana-em-amparo.html#primaryimage\",\"url\":\"https:\/\/franciscanos.org.br\/noticias\/wp-content\/uploads\/2011\/12\/missaamparo_g1812111-1-1.jpg\",\"contentUrl\":\"https:\/\/franciscanos.org.br\/noticias\/wp-content\/uploads\/2011\/12\/missaamparo_g1812111-1-1.jpg\",\"width\":273,\"height\":181},{\"@type\":\"WebPage\",\"@id\":\"https:\/\/franciscanos.org.br\/noticias\/dom-pedro-cipolini-abre-as-festividades-pelos-100-anos-da-presenca-franciscana-em-amparo.html#webpage\",\"url\":\"https:\/\/franciscanos.org.br\/noticias\/dom-pedro-cipolini-abre-as-festividades-pelos-100-anos-da-presenca-franciscana-em-amparo.html\",\"name\":\"Dom Pedro Cipolini abre as festividades pelos 100 anos da presen\u00e7a franciscana em Amparo - Not\u00edcias - Franciscanos\",\"isPartOf\":{\"@id\":\"https:\/\/franciscanos.org.br\/noticias\/#website\"},\"primaryImageOfPage\":{\"@id\":\"https:\/\/franciscanos.org.br\/noticias\/dom-pedro-cipolini-abre-as-festividades-pelos-100-anos-da-presenca-franciscana-em-amparo.html#primaryimage\"},\"datePublished\":\"2011-12-18T12:43:44+00:00\",\"dateModified\":\"2019-09-13T15:28:13+00:00\",\"author\":{\"@id\":\"https:\/\/franciscanos.org.br\/noticias\/#\/schema\/person\/b38fbf43118f02820bd932f2e4b14ad3\"},\"breadcrumb\":{\"@id\":\"https:\/\/franciscanos.org.br\/noticias\/dom-pedro-cipolini-abre-as-festividades-pelos-100-anos-da-presenca-franciscana-em-amparo.html#breadcrumb\"},\"inLanguage\":\"pt-BR\",\"potentialAction\":[{\"@type\":\"ReadAction\",\"target\":[\"https:\/\/franciscanos.org.br\/noticias\/dom-pedro-cipolini-abre-as-festividades-pelos-100-anos-da-presenca-franciscana-em-amparo.html\"]}]},{\"@type\":\"BreadcrumbList\",\"@id\":\"https:\/\/franciscanos.org.br\/noticias\/dom-pedro-cipolini-abre-as-festividades-pelos-100-anos-da-presenca-franciscana-em-amparo.html#breadcrumb\",\"itemListElement\":[{\"@type\":\"ListItem\",\"position\":1,\"name\":\"Home\",\"item\":\"https:\/\/franciscanos.org.br\/noticias\"},{\"@type\":\"ListItem\",\"position\":2,\"name\":\"Dom Pedro Cipolini abre as festividades pelos 100 anos da presen\u00e7a franciscana em Amparo\"}]},{\"@type\":\"Person\",\"@id\":\"https:\/\/franciscanos.org.br\/noticias\/#\/schema\/person\/b38fbf43118f02820bd932f2e4b14ad3\",\"name\":\"admin\",\"image\":{\"@type\":\"ImageObject\",\"inLanguage\":\"pt-BR\",\"@id\":\"https:\/\/franciscanos.org.br\/noticias\/#\/schema\/person\/image\/\",\"url\":\"https:\/\/secure.gravatar.com\/avatar\/e8495742d34d0ba6448ea1c628263b3e?s=96&d=mm&r=g\",\"contentUrl\":\"https:\/\/secure.gravatar.com\/avatar\/e8495742d34d0ba6448ea1c628263b3e?s=96&d=mm&r=g\",\"caption\":\"admin\"},\"url\":\"https:\/\/franciscanos.org.br\/noticias\/author\/admin\"}]}<\/script>\n<!-- \/ Yoast SEO plugin. -->","yoast_head_json":{"title":"Dom Pedro Cipolini abre as festividades pelos 100 anos da presen\u00e7a franciscana em Amparo - Not\u00edcias - Franciscanos","robots":{"index":"index","follow":"follow","max-snippet":"max-snippet:-1","max-image-preview":"max-image-preview:large","max-video-preview":"max-video-preview:-1"},"canonical":"https:\/\/franciscanos.org.br\/noticias\/dom-pedro-cipolini-abre-as-festividades-pelos-100-anos-da-presenca-franciscana-em-amparo.html","og_locale":"pt_BR","og_type":"article","og_title":"Dom Pedro Cipolini abre as festividades pelos 100 anos da presen\u00e7a franciscana em Amparo - Not\u00edcias - Franciscanos","og_description":"Centen\u00e1rio da presen\u00e7a franciscana em Amparo","og_url":"https:\/\/franciscanos.org.br\/noticias\/dom-pedro-cipolini-abre-as-festividades-pelos-100-anos-da-presenca-franciscana-em-amparo.html","og_site_name":"Not\u00edcias - Franciscanos","article_published_time":"2011-12-18T12:43:44+00:00","article_modified_time":"2019-09-13T15:28:13+00:00","og_image":[{"width":273,"height":181,"url":"https:\/\/franciscanos.org.br\/noticias\/wp-content\/uploads\/2011\/12\/missaamparo_g1812111-1-1.jpg","type":"image\/jpeg"}],"author":"admin","twitter_card":"summary_large_image","twitter_misc":{"Escrito por":"admin","Est. tempo de leitura":"4 minutos"},"schema":{"@context":"https:\/\/schema.org","@graph":[{"@type":"WebSite","@id":"https:\/\/franciscanos.org.br\/noticias\/#website","url":"https:\/\/franciscanos.org.br\/noticias\/","name":"Not\u00edcias - Franciscanos","description":"Prov\u00edncia Franciscana da Imaculada Concei\u00e7\u00e3o do Brasil - Ordem dos Frades Menores - OFM","potentialAction":[{"@type":"SearchAction","target":{"@type":"EntryPoint","urlTemplate":"https:\/\/franciscanos.org.br\/noticias\/?s={search_term_string}"},"query-input":"required name=search_term_string"}],"inLanguage":"pt-BR"},{"@type":"ImageObject","inLanguage":"pt-BR","@id":"https:\/\/franciscanos.org.br\/noticias\/dom-pedro-cipolini-abre-as-festividades-pelos-100-anos-da-presenca-franciscana-em-amparo.html#primaryimage","url":"https:\/\/franciscanos.org.br\/noticias\/wp-content\/uploads\/2011\/12\/missaamparo_g1812111-1-1.jpg","contentUrl":"https:\/\/franciscanos.org.br\/noticias\/wp-content\/uploads\/2011\/12\/missaamparo_g1812111-1-1.jpg","width":273,"height":181},{"@type":"WebPage","@id":"https:\/\/franciscanos.org.br\/noticias\/dom-pedro-cipolini-abre-as-festividades-pelos-100-anos-da-presenca-franciscana-em-amparo.html#webpage","url":"https:\/\/franciscanos.org.br\/noticias\/dom-pedro-cipolini-abre-as-festividades-pelos-100-anos-da-presenca-franciscana-em-amparo.html","name":"Dom Pedro Cipolini abre as festividades pelos 100 anos da presen\u00e7a franciscana em Amparo - Not\u00edcias - Franciscanos","isPartOf":{"@id":"https:\/\/franciscanos.org.br\/noticias\/#website"},"primaryImageOfPage":{"@id":"https:\/\/franciscanos.org.br\/noticias\/dom-pedro-cipolini-abre-as-festividades-pelos-100-anos-da-presenca-franciscana-em-amparo.html#primaryimage"},"datePublished":"2011-12-18T12:43:44+00:00","dateModified":"2019-09-13T15:28:13+00:00","author":{"@id":"https:\/\/franciscanos.org.br\/noticias\/#\/schema\/person\/b38fbf43118f02820bd932f2e4b14ad3"},"breadcrumb":{"@id":"https:\/\/franciscanos.org.br\/noticias\/dom-pedro-cipolini-abre-as-festividades-pelos-100-anos-da-presenca-franciscana-em-amparo.html#breadcrumb"},"inLanguage":"pt-BR","potentialAction":[{"@type":"ReadAction","target":["https:\/\/franciscanos.org.br\/noticias\/dom-pedro-cipolini-abre-as-festividades-pelos-100-anos-da-presenca-franciscana-em-amparo.html"]}]},{"@type":"BreadcrumbList","@id":"https:\/\/franciscanos.org.br\/noticias\/dom-pedro-cipolini-abre-as-festividades-pelos-100-anos-da-presenca-franciscana-em-amparo.html#breadcrumb","itemListElement":[{"@type":"ListItem","position":1,"name":"Home","item":"https:\/\/franciscanos.org.br\/noticias"},{"@type":"ListItem","position":2,"name":"Dom Pedro Cipolini abre as festividades pelos 100 anos da presen\u00e7a franciscana em Amparo"}]},{"@type":"Person","@id":"https:\/\/franciscanos.org.br\/noticias\/#\/schema\/person\/b38fbf43118f02820bd932f2e4b14ad3","name":"admin","image":{"@type":"ImageObject","inLanguage":"pt-BR","@id":"https:\/\/franciscanos.org.br\/noticias\/#\/schema\/person\/image\/","url":"https:\/\/secure.gravatar.com\/avatar\/e8495742d34d0ba6448ea1c628263b3e?s=96&d=mm&r=g","contentUrl":"https:\/\/secure.gravatar.com\/avatar\/e8495742d34d0ba6448ea1c628263b3e?s=96&d=mm&r=g","caption":"admin"},"url":"https:\/\/franciscanos.org.br\/noticias\/author\/admin"}]}},"_links":{"self":[{"href":"https:\/\/franciscanos.org.br\/noticias\/wp-json\/wp\/v2\/posts\/9547"}],"collection":[{"href":"https:\/\/franciscanos.org.br\/noticias\/wp-json\/wp\/v2\/posts"}],"about":[{"href":"https:\/\/franciscanos.org.br\/noticias\/wp-json\/wp\/v2\/types\/post"}],"author":[{"embeddable":true,"href":"https:\/\/franciscanos.org.br\/noticias\/wp-json\/wp\/v2\/users\/1"}],"replies":[{"embeddable":true,"href":"https:\/\/franciscanos.org.br\/noticias\/wp-json\/wp\/v2\/comments?post=9547"}],"version-history":[{"count":0,"href":"https:\/\/franciscanos.org.br\/noticias\/wp-json\/wp\/v2\/posts\/9547\/revisions"}],"wp:featuredmedia":[{"embeddable":true,"href":"https:\/\/franciscanos.org.br\/noticias\/wp-json\/wp\/v2\/media\/210830"}],"wp:attachment":[{"href":"https:\/\/franciscanos.org.br\/noticias\/wp-json\/wp\/v2\/media?parent=9547"}],"wp:term":[{"taxonomy":"category","embeddable":true,"href":"https:\/\/franciscanos.org.br\/noticias\/wp-json\/wp\/v2\/categories?post=9547"},{"taxonomy":"post_tag","embeddable":true,"href":"https:\/\/franciscanos.org.br\/noticias\/wp-json\/wp\/v2\/tags?post=9547"}],"curies":[{"name":"wp","href":"https:\/\/api.w.org\/{rel}","templated":true}]}}