{"id":95310,"date":"2015-10-01T20:31:29","date_gmt":"2015-10-01T23:31:29","guid":{"rendered":"http:\/\/franciscanos.org.br\/?p=95310"},"modified":"2019-03-29T12:40:10","modified_gmt":"2019-03-29T15:40:10","slug":"e-preciso-redescobrir-a-fraternidade-universal","status":"publish","type":"post","link":"https:\/\/franciscanos.org.br\/noticias\/e-preciso-redescobrir-a-fraternidade-universal.html","title":{"rendered":"\u00c9 preciso redescobrir a fraternidade universal"},"content":{"rendered":"<p><img loading=\"lazy\" src=\"http:\/\/franciscanos.org.br\/wp-content\/uploads\/2015\/10\/alto.jpg\" alt=\"alto\" width=\"820\" height=\"432\" \/><\/p>\n<p><strong>Moacir Beggo<\/strong><\/p>\n<p><strong>S\u00e3o Paulo (SP)<\/strong> &#8211; A nossa sociedade est\u00e1 em ru\u00ednas, exatamente como estava na \u00e9poca de S\u00e3o Francisco de Assis. A constata\u00e7\u00e3o partiu do Ministro Provincial Frei G\u00edlson Nunes, da Prov\u00edncia S\u00e3o Francisco de Assis dos Frades Menores Conventuais (OFMConv), durante a homilia na celebra\u00e7\u00e3o eucar\u00edstica do primeiro dia do Tr\u00edduo de S\u00e3o Francisco de Assis, que reuniu, pelo segundo ano consecutivo, os tr\u00eas ramos da Ordem Franciscana &#8211; os Frades Menores, os Frades Menores Capuchinhos, os Frades Menores Conventuais &#8211; no hist\u00f3rico convento do Largo S\u00e3o Francisco, no centro de S\u00e3o Paulo. Para o pregador, \u00e9 preciso redescobrir a fraternidade universal. &#8220;\u00c9 preciso voltar a esse amor que invadiu o cora\u00e7\u00e3o de Francisco e o fez entender que, se Deus \u00e9 o nosso Pai, se Deus \u00e9 o nosso criador, que nos entrega o seu Filho, que nos comunica o seu Esp\u00edrito, n\u00f3s somos a fam\u00edlia de Deus&#8221;.<\/p>\n<div id=\"attachment_95336\" style=\"width: 460px\" class=\"wp-caption alignleft\"><a href=\"http:\/\/franciscanos.org.br\/wp-content\/uploads\/2015\/10\/gilson.jpg\"><img aria-describedby=\"caption-attachment-95336\" loading=\"lazy\" class=\"wp-image-95336 size-full\" src=\"http:\/\/franciscanos.org.br\/wp-content\/uploads\/2015\/10\/gilson.jpg\" alt=\"gilson\" width=\"450\" height=\"338\" \/><\/a><p id=\"caption-attachment-95336\" class=\"wp-caption-text\">Frei G\u00edlson Nunes, o pregador do primeiro dia<\/p><\/div>\n<p>Al\u00e9m de Frei G\u00edlson, a celebra\u00e7\u00e3o foi presidida pelo Ministro Provincial dos Capuchinhos (OFMCap), Frei Carlos Silva, da Prov\u00edncia Imaculada Concei\u00e7\u00e3o de S\u00e3o Paulo, e concelebrada pelo Visitador Geral da Ordem dos Frades Menores (OFM), Frei Nestor In\u00e1cio Schwerz, que est\u00e1 em visita can\u00f4nica na Prov\u00edncia da Imaculada, e o Ministro Provincial da Imaculada, Frei Fid\u00eancio Vanboemmel.<\/p>\n<p>O guardi\u00e3o do tricenten\u00e1rio convento do Largo S\u00e3o Francisco, Frei Luiz Aquino, deu as boas vindas \u00e0 fam\u00edlia franciscana e aos fi\u00e9is. No 1\u00ba dia de outubro, m\u00eas dedicado \u00e0s miss\u00f5es, teve in\u00edcio o Tr\u00edduo da Festa de S\u00e3o Francisco. Neste ano, como explicou o comentarista Frei Alvaci Mendes da Luz, um dos frades que est\u00e1 \u00e0 frente das festividades, o tema geral \u00e9: &#8220;Vai Francisco e reconstr\u00f3i a minha igreja&#8221; e o tema do dia foi &#8220;Francisco e a sociedade&#8221;.<\/p>\n<p>Partindo da leitura da &#8220;Carta aos Fi\u00e9is&#8221; de S\u00e3o Francisco e do Evangelho, Frei G\u00edlson foi claro ao abordar o tema geral e o do dia. &#8220;Francisco come\u00e7a a reconstruir a ermida do seu pr\u00f3prio cora\u00e7\u00e3o e, a partir da reconstru\u00e7\u00e3o da sua interioridade, dos seus valores, da sua vis\u00e3o, da sua rela\u00e7\u00e3o com Deus, ele tamb\u00e9m, como perfume de bom odor que se espalha, vai reconstruindo na ternura, no vigor, na for\u00e7a do Evangelho, a Igreja do Senhor&#8221;, explicou o pregador.<\/p>\n<p>O caminho \u00e9 um s\u00f3, segundo o pregador: &#8220;Para o seu mundo e para o mundo de hoje, essa reconstru\u00e7\u00e3o significa voltar \u00e0 origem de tudo. Reconhecermo-nos criaturas e submetermo-nos \u00e0 vontade de Deus, n\u00e3o como senhores e opressores do mundo, mas como parte integrante de uma imensa vida que nos foi dada por Deus&#8221;.<\/p>\n<p><a href=\"http:\/\/franciscanos.org.br\/wp-content\/uploads\/2015\/10\/meio.jpg\"><img loading=\"lazy\" class=\"alignright size-full wp-image-95337\" src=\"http:\/\/franciscanos.org.br\/wp-content\/uploads\/2015\/10\/meio.jpg\" alt=\"meio\" width=\"338\" height=\"450\" \/><\/a>&#8220;Colocar Deus em primeiro lugar e voltar o olhar do cora\u00e7\u00e3o para o cora\u00e7\u00e3o da Trindade&#8221;, ensinou Frei G\u00edlson. Depois, colocar o ser humano no seu lugar como nos tem insistido o Papa Francisco e j\u00e1 o Papa em\u00e9rito Bento XVI ao falar da &#8220;ecologia humana&#8221;. &#8220;O ser humano est\u00e1 no cora\u00e7\u00e3o da cria\u00e7\u00e3o de Deus. \u00c9 a imagem e semelhan\u00e7a de Deus e n\u00f3s somos todos irm\u00e3os e irm\u00e3s e \u00a0n\u00e3o podemos assistir a esse espet\u00e1culo horrendo de guerras infindas, de gente sendo arrancada de sua terra, de sua p\u00e1tria, de centenas de milhares de mulheres, crian\u00e7as e idosos morrendo, de refugiados fazendo travessias em condi\u00e7\u00f5es sub-humanas porque nos esquecemos de Deus, porque o nosso tempo se esqueceu de Deus&#8221;, lamentou.<\/p>\n<p>&#8220;N\u00f3s perdemos a capacidade de reconhecer no olhar e no rosto de nossos semelhantes a imagem de Deus. As pessoas se tornaram n\u00fameros. Importam enquanto contribuem para um sistema pol\u00edtico e econ\u00f4mico, enquanto d\u00e3o lucro, enquanto servem ao deus do capital, \u00e0 idolatria do dinheiro. Esqueceu-se da dignidade da pessoa humana, da sacralidade da vida&#8221;, lamentou.<\/p>\n<p>Frei G\u00edlson insistiu: &#8220;N\u00f3s somos irm\u00e3os. Basta de indiferen\u00e7a! Chega de morte, chega de explora\u00e7\u00e3o, chega de tratar a vida humana com descaso! Chega desta cultura de morte, de exterm\u00ednio, de desvaloriza\u00e7\u00e3o da vida&#8221;, pediu.<\/p>\n<p>&#8220;Precisamos, como irm\u00e3os, reconstruir\u00a0 em n\u00f3s a confian\u00e7a e o abandono \u00e0 vontade em Deus. Reconstruir a nossa f\u00e9 e, a partir dela, da alegria de viver, reconstruir nossas rela\u00e7\u00f5es, com esta nossa casa, com este planeta. Desarmarmo-nos nossos cora\u00e7\u00f5es, tornarmo-nos tamb\u00e9m, homens e mulheres de paz&#8221;, conclamou.<\/p>\n<p>No meio de tantas ru\u00ednas, de tanta indiferen\u00e7a, existe um olhar de esperan\u00e7a, um olhar de amor, um olhar de ternura, segundo Frei G\u00edlson. &#8220;Somos chamados a reconstruir a vida, somos chamados a reconstruir, no amor e na piedade, a Igreja do Senhor. Somos chamados a cuidar&#8221;, disse o pregador, lembrando o protagonismo dos franciscanos.<\/p>\n<p>Segundo o Provincial dos Conventuais, o mundo de hoje precisa do Evangelho vivido, repaginado, reconfigurado, anunciado, em atitudes de miseric\u00f3rdia e perd\u00e3o. &#8220;Sejamos homens e mulheres que aprendem a cuidar da vida em todas as suas manifesta\u00e7\u00f5es. Sejamos homens s\u00f3brios, capazes de viver com o necess\u00e1rio. Sejamos homens e mulheres capazes da cortesia&#8221;, convocou, dizendo que precisamos reaprender com Francisco a cortesia.<\/p>\n<div id=\"attachment_95338\" style=\"width: 460px\" class=\"wp-caption alignleft\"><a href=\"http:\/\/franciscanos.org.br\/wp-content\/uploads\/2015\/10\/expo2.jpg\"><img aria-describedby=\"caption-attachment-95338\" loading=\"lazy\" class=\"wp-image-95338 size-full\" src=\"http:\/\/franciscanos.org.br\/wp-content\/uploads\/2015\/10\/expo2.jpg\" alt=\"expo2\" width=\"450\" height=\"338\" \/><\/a><p id=\"caption-attachment-95338\" class=\"wp-caption-text\">Frei Jo\u00e3o, em primeiro plano, Frei Ermelindo, e Frei Fid\u00eancio<\/p><\/div>\n<p>&#8220;O que \u00e9 um olhar cort\u00eas?&#8221;, perguntou. &#8220;\u00c9 um olhar que v\u00ea no outro a epifania, a manifesta\u00e7\u00e3o de Deus. \u00c9 um olhar que n\u00e3o v\u00ea s\u00f3 os recursos a serem explorados na cria\u00e7\u00e3o, mas a obra estupenda e misericordiosa do Deus, que \u00e9 onipotente, onipresente, onisciente e se faz servo. Nenhum atributo \u00e9 maior do que o amor, sobretudo a miseric\u00f3rdia de Deus. Um olhar cort\u00eas que, tamb\u00e9m no mist\u00e9rio da Sant\u00edssima Eucaristia, no mist\u00e9rio do Cristo Pobre na Cruz, do Cristo Pobre no Pres\u00e9pio, aprende a ter um cora\u00e7\u00e3o pobre. Vamos come\u00e7ar, vamos reconstruir em n\u00f3s uma morada para o Senhor. Vamos proclamar a esse mundo que a \u00faltima palavra n\u00e3o pode ser a guerra, o \u00f3dio, a indiferen\u00e7a, o massacre de vidas inocentes. Vamos reconstruir, vamos permitir que Deus reconstrua em n\u00f3s sua morada e n\u00f3s sejamos reconstrutores Nele e por Ele&#8221;, concluiu.<\/p>\n<p>A b\u00ean\u00e7\u00e3o final da celebra\u00e7\u00e3o foi dada no corredor do Convento, onde o Ministro Provincial, Frei Fid\u00eancio Vanboemmel, abriu a Exposi\u00e7\u00e3o dos 25 anos da presen\u00e7a franciscana em Angola. Na presen\u00e7a dos frades angolanos, Frei Jo\u00e3o Alberto Bunga e Frei Ermelindo Bambi, o Ministro Provincial fez uma pequena s\u00edntese do in\u00edcio da Miss\u00e3o, quando os primeiros frades mission\u00e1rios encontraram um pa\u00eds em guerra, e falou com alegria da celebra\u00e7\u00e3o deste domingo em Luanda, onde o povo angolano deu uma grande demonstra\u00e7\u00e3o de f\u00e9 e esperan\u00e7a. Os frades angolanos, com Frei Odorico Decker tocando a gaita, cantaram &#8220;Mamma Muxima&#8221; no final da b\u00ean\u00e7\u00e3o.<\/p>\n<p>&nbsp;<\/p>\n","protected":false},"excerpt":{"rendered":"<p>Festa de S\u00e3o Francisco<\/p>\n","protected":false},"author":1,"featured_media":201922,"comment_status":"open","ping_status":"open","sticky":false,"template":"","format":"standard","meta":[],"categories":[1],"tags":[312],"acf":[],"yoast_head":"<!-- This site is optimized with the Yoast SEO plugin v19.2 - https:\/\/yoast.com\/wordpress\/plugins\/seo\/ -->\n<title>\u00c9 preciso redescobrir a fraternidade universal - Not\u00edcias - Franciscanos<\/title>\n<meta name=\"robots\" content=\"index, follow, max-snippet:-1, max-image-preview:large, max-video-preview:-1\" \/>\n<link rel=\"canonical\" href=\"https:\/\/franciscanos.org.br\/noticias\/e-preciso-redescobrir-a-fraternidade-universal.html\" \/>\n<meta property=\"og:locale\" content=\"pt_BR\" \/>\n<meta property=\"og:type\" content=\"article\" \/>\n<meta property=\"og:title\" content=\"\u00c9 preciso redescobrir a fraternidade universal - Not\u00edcias - Franciscanos\" \/>\n<meta property=\"og:description\" content=\"Festa de S\u00e3o Francisco\" \/>\n<meta property=\"og:url\" content=\"https:\/\/franciscanos.org.br\/noticias\/e-preciso-redescobrir-a-fraternidade-universal.html\" \/>\n<meta property=\"og:site_name\" content=\"Not\u00edcias - Franciscanos\" \/>\n<meta property=\"article:published_time\" content=\"2015-10-01T23:31:29+00:00\" \/>\n<meta property=\"article:modified_time\" content=\"2019-03-29T15:40:10+00:00\" \/>\n<meta property=\"og:image\" content=\"https:\/\/franciscanos.org.br\/noticias\/wp-content\/uploads\/2015\/10\/alto.jpg\" \/>\n\t<meta property=\"og:image:width\" content=\"273\" \/>\n\t<meta property=\"og:image:height\" content=\"181\" \/>\n\t<meta property=\"og:image:type\" content=\"image\/jpeg\" \/>\n<meta name=\"author\" content=\"admin\" \/>\n<meta name=\"twitter:card\" content=\"summary_large_image\" \/>\n<meta name=\"twitter:label1\" content=\"Escrito por\" \/>\n\t<meta name=\"twitter:data1\" content=\"admin\" \/>\n\t<meta name=\"twitter:label2\" content=\"Est. tempo de leitura\" \/>\n\t<meta name=\"twitter:data2\" content=\"6 minutos\" \/>\n<script type=\"application\/ld+json\" class=\"yoast-schema-graph\">{\"@context\":\"https:\/\/schema.org\",\"@graph\":[{\"@type\":\"WebSite\",\"@id\":\"https:\/\/franciscanos.org.br\/noticias\/#website\",\"url\":\"https:\/\/franciscanos.org.br\/noticias\/\",\"name\":\"Not\u00edcias - Franciscanos\",\"description\":\"Prov\u00edncia Franciscana da Imaculada Concei\u00e7\u00e3o do Brasil - Ordem dos Frades Menores - OFM\",\"potentialAction\":[{\"@type\":\"SearchAction\",\"target\":{\"@type\":\"EntryPoint\",\"urlTemplate\":\"https:\/\/franciscanos.org.br\/noticias\/?s={search_term_string}\"},\"query-input\":\"required name=search_term_string\"}],\"inLanguage\":\"pt-BR\"},{\"@type\":\"ImageObject\",\"inLanguage\":\"pt-BR\",\"@id\":\"https:\/\/franciscanos.org.br\/noticias\/e-preciso-redescobrir-a-fraternidade-universal.html#primaryimage\",\"url\":\"https:\/\/franciscanos.org.br\/noticias\/wp-content\/uploads\/2015\/10\/alto.jpg\",\"contentUrl\":\"https:\/\/franciscanos.org.br\/noticias\/wp-content\/uploads\/2015\/10\/alto.jpg\",\"width\":273,\"height\":181},{\"@type\":\"WebPage\",\"@id\":\"https:\/\/franciscanos.org.br\/noticias\/e-preciso-redescobrir-a-fraternidade-universal.html#webpage\",\"url\":\"https:\/\/franciscanos.org.br\/noticias\/e-preciso-redescobrir-a-fraternidade-universal.html\",\"name\":\"\u00c9 preciso redescobrir a fraternidade universal - Not\u00edcias - Franciscanos\",\"isPartOf\":{\"@id\":\"https:\/\/franciscanos.org.br\/noticias\/#website\"},\"primaryImageOfPage\":{\"@id\":\"https:\/\/franciscanos.org.br\/noticias\/e-preciso-redescobrir-a-fraternidade-universal.html#primaryimage\"},\"datePublished\":\"2015-10-01T23:31:29+00:00\",\"dateModified\":\"2019-03-29T15:40:10+00:00\",\"author\":{\"@id\":\"https:\/\/franciscanos.org.br\/noticias\/#\/schema\/person\/b38fbf43118f02820bd932f2e4b14ad3\"},\"breadcrumb\":{\"@id\":\"https:\/\/franciscanos.org.br\/noticias\/e-preciso-redescobrir-a-fraternidade-universal.html#breadcrumb\"},\"inLanguage\":\"pt-BR\",\"potentialAction\":[{\"@type\":\"ReadAction\",\"target\":[\"https:\/\/franciscanos.org.br\/noticias\/e-preciso-redescobrir-a-fraternidade-universal.html\"]}]},{\"@type\":\"BreadcrumbList\",\"@id\":\"https:\/\/franciscanos.org.br\/noticias\/e-preciso-redescobrir-a-fraternidade-universal.html#breadcrumb\",\"itemListElement\":[{\"@type\":\"ListItem\",\"position\":1,\"name\":\"Home\",\"item\":\"https:\/\/franciscanos.org.br\/noticias\"},{\"@type\":\"ListItem\",\"position\":2,\"name\":\"\u00c9 preciso redescobrir a fraternidade universal\"}]},{\"@type\":\"Person\",\"@id\":\"https:\/\/franciscanos.org.br\/noticias\/#\/schema\/person\/b38fbf43118f02820bd932f2e4b14ad3\",\"name\":\"admin\",\"image\":{\"@type\":\"ImageObject\",\"inLanguage\":\"pt-BR\",\"@id\":\"https:\/\/franciscanos.org.br\/noticias\/#\/schema\/person\/image\/\",\"url\":\"https:\/\/secure.gravatar.com\/avatar\/e8495742d34d0ba6448ea1c628263b3e?s=96&d=mm&r=g\",\"contentUrl\":\"https:\/\/secure.gravatar.com\/avatar\/e8495742d34d0ba6448ea1c628263b3e?s=96&d=mm&r=g\",\"caption\":\"admin\"},\"url\":\"https:\/\/franciscanos.org.br\/noticias\/author\/admin\"}]}<\/script>\n<!-- \/ Yoast SEO plugin. -->","yoast_head_json":{"title":"\u00c9 preciso redescobrir a fraternidade universal - Not\u00edcias - Franciscanos","robots":{"index":"index","follow":"follow","max-snippet":"max-snippet:-1","max-image-preview":"max-image-preview:large","max-video-preview":"max-video-preview:-1"},"canonical":"https:\/\/franciscanos.org.br\/noticias\/e-preciso-redescobrir-a-fraternidade-universal.html","og_locale":"pt_BR","og_type":"article","og_title":"\u00c9 preciso redescobrir a fraternidade universal - Not\u00edcias - Franciscanos","og_description":"Festa de S\u00e3o Francisco","og_url":"https:\/\/franciscanos.org.br\/noticias\/e-preciso-redescobrir-a-fraternidade-universal.html","og_site_name":"Not\u00edcias - Franciscanos","article_published_time":"2015-10-01T23:31:29+00:00","article_modified_time":"2019-03-29T15:40:10+00:00","og_image":[{"width":273,"height":181,"url":"https:\/\/franciscanos.org.br\/noticias\/wp-content\/uploads\/2015\/10\/alto.jpg","type":"image\/jpeg"}],"author":"admin","twitter_card":"summary_large_image","twitter_misc":{"Escrito por":"admin","Est. tempo de leitura":"6 minutos"},"schema":{"@context":"https:\/\/schema.org","@graph":[{"@type":"WebSite","@id":"https:\/\/franciscanos.org.br\/noticias\/#website","url":"https:\/\/franciscanos.org.br\/noticias\/","name":"Not\u00edcias - Franciscanos","description":"Prov\u00edncia Franciscana da Imaculada Concei\u00e7\u00e3o do Brasil - Ordem dos Frades Menores - OFM","potentialAction":[{"@type":"SearchAction","target":{"@type":"EntryPoint","urlTemplate":"https:\/\/franciscanos.org.br\/noticias\/?s={search_term_string}"},"query-input":"required name=search_term_string"}],"inLanguage":"pt-BR"},{"@type":"ImageObject","inLanguage":"pt-BR","@id":"https:\/\/franciscanos.org.br\/noticias\/e-preciso-redescobrir-a-fraternidade-universal.html#primaryimage","url":"https:\/\/franciscanos.org.br\/noticias\/wp-content\/uploads\/2015\/10\/alto.jpg","contentUrl":"https:\/\/franciscanos.org.br\/noticias\/wp-content\/uploads\/2015\/10\/alto.jpg","width":273,"height":181},{"@type":"WebPage","@id":"https:\/\/franciscanos.org.br\/noticias\/e-preciso-redescobrir-a-fraternidade-universal.html#webpage","url":"https:\/\/franciscanos.org.br\/noticias\/e-preciso-redescobrir-a-fraternidade-universal.html","name":"\u00c9 preciso redescobrir a fraternidade universal - Not\u00edcias - Franciscanos","isPartOf":{"@id":"https:\/\/franciscanos.org.br\/noticias\/#website"},"primaryImageOfPage":{"@id":"https:\/\/franciscanos.org.br\/noticias\/e-preciso-redescobrir-a-fraternidade-universal.html#primaryimage"},"datePublished":"2015-10-01T23:31:29+00:00","dateModified":"2019-03-29T15:40:10+00:00","author":{"@id":"https:\/\/franciscanos.org.br\/noticias\/#\/schema\/person\/b38fbf43118f02820bd932f2e4b14ad3"},"breadcrumb":{"@id":"https:\/\/franciscanos.org.br\/noticias\/e-preciso-redescobrir-a-fraternidade-universal.html#breadcrumb"},"inLanguage":"pt-BR","potentialAction":[{"@type":"ReadAction","target":["https:\/\/franciscanos.org.br\/noticias\/e-preciso-redescobrir-a-fraternidade-universal.html"]}]},{"@type":"BreadcrumbList","@id":"https:\/\/franciscanos.org.br\/noticias\/e-preciso-redescobrir-a-fraternidade-universal.html#breadcrumb","itemListElement":[{"@type":"ListItem","position":1,"name":"Home","item":"https:\/\/franciscanos.org.br\/noticias"},{"@type":"ListItem","position":2,"name":"\u00c9 preciso redescobrir a fraternidade universal"}]},{"@type":"Person","@id":"https:\/\/franciscanos.org.br\/noticias\/#\/schema\/person\/b38fbf43118f02820bd932f2e4b14ad3","name":"admin","image":{"@type":"ImageObject","inLanguage":"pt-BR","@id":"https:\/\/franciscanos.org.br\/noticias\/#\/schema\/person\/image\/","url":"https:\/\/secure.gravatar.com\/avatar\/e8495742d34d0ba6448ea1c628263b3e?s=96&d=mm&r=g","contentUrl":"https:\/\/secure.gravatar.com\/avatar\/e8495742d34d0ba6448ea1c628263b3e?s=96&d=mm&r=g","caption":"admin"},"url":"https:\/\/franciscanos.org.br\/noticias\/author\/admin"}]}},"_links":{"self":[{"href":"https:\/\/franciscanos.org.br\/noticias\/wp-json\/wp\/v2\/posts\/95310"}],"collection":[{"href":"https:\/\/franciscanos.org.br\/noticias\/wp-json\/wp\/v2\/posts"}],"about":[{"href":"https:\/\/franciscanos.org.br\/noticias\/wp-json\/wp\/v2\/types\/post"}],"author":[{"embeddable":true,"href":"https:\/\/franciscanos.org.br\/noticias\/wp-json\/wp\/v2\/users\/1"}],"replies":[{"embeddable":true,"href":"https:\/\/franciscanos.org.br\/noticias\/wp-json\/wp\/v2\/comments?post=95310"}],"version-history":[{"count":0,"href":"https:\/\/franciscanos.org.br\/noticias\/wp-json\/wp\/v2\/posts\/95310\/revisions"}],"wp:featuredmedia":[{"embeddable":true,"href":"https:\/\/franciscanos.org.br\/noticias\/wp-json\/wp\/v2\/media\/201922"}],"wp:attachment":[{"href":"https:\/\/franciscanos.org.br\/noticias\/wp-json\/wp\/v2\/media?parent=95310"}],"wp:term":[{"taxonomy":"category","embeddable":true,"href":"https:\/\/franciscanos.org.br\/noticias\/wp-json\/wp\/v2\/categories?post=95310"},{"taxonomy":"post_tag","embeddable":true,"href":"https:\/\/franciscanos.org.br\/noticias\/wp-json\/wp\/v2\/tags?post=95310"}],"curies":[{"name":"wp","href":"https:\/\/api.w.org\/{rel}","templated":true}]}}