{"id":95184,"date":"2015-10-01T15:06:20","date_gmt":"2015-10-01T18:06:20","guid":{"rendered":"http:\/\/franciscanos.org.br\/?p=95184"},"modified":"2019-07-02T13:04:53","modified_gmt":"2019-07-02T16:04:53","slug":"o-cuidado-com-as-criaturas-foi-o-tema-da-bencao-franciscana-ao-zoologico-de-sao-paulo","status":"publish","type":"post","link":"https:\/\/franciscanos.org.br\/noticias\/o-cuidado-com-as-criaturas-foi-o-tema-da-bencao-franciscana-ao-zoologico-de-sao-paulo.html","title":{"rendered":"Frades aben\u00e7oam os animais do Zool\u00f3gico de S\u00e3o Paulo"},"content":{"rendered":"<p><img loading=\"lazy\" src=\"http:\/\/franciscanos.org.br\/wp-content\/uploads\/2015\/10\/281.jpg\" alt=\"28\" width=\"820\" height=\"433\" \/><\/p>\n<p><strong>\u00c9rika Augusto<\/strong><\/p>\n<p><b>S\u00e3o Paulo (SP) &#8211;\u00a0<\/b> A manh\u00e3 estava agrad\u00e1vel na capital paulista nesta quinta-feira, 1\u00ba de outubro. Um tempo prop\u00edcio para a atividade programada na Funda\u00e7\u00e3o Zool\u00f3gico de S\u00e3o Paulo: a b\u00ean\u00e7\u00e3o ao espa\u00e7o, equipe e animais. Frei Gustavo Medella conduziu a celebra\u00e7\u00e3o, que foi acompanhada por dezenas de funcion\u00e1rios do Zool\u00f3gico, entre eles o diretor-presidente, Paulo Magalh\u00e3es Bressan e F\u00e1tima Valente Roberti, diretora administrativa.<\/p>\n<p>Al\u00e9m de Frei Gustavo, estiveram presentes Frei Alvaci Mendes da Luz,\u00a0Frei Alexandre Rohling, Freio Odorico Decker, Frei Jo\u00e3o Bunga e Frei Ermelindo Francisco, al\u00e9m de um grupo de jovens vocacionados. O tema central da celebra\u00e7\u00e3o realizada foi a Enc\u00edclica &#8220;Laudato S\u00ed&#8221;, do Papa Francisco, que trata do cuidado com a cria\u00e7\u00e3o.<\/p>\n<p>A b\u00ean\u00e7\u00e3o aconteceu no chamado Lago dos Cisnes, onde existe uma imagem de S\u00e3o Francisco de Assis, doada pela Prov\u00edncia Franciscana em 1975. Frei Gustavo acolheu os presentes com muita alegria, afirmando que S\u00e3o Francisco de Assis se sentiria bem em estar ali no Zool\u00f3gico. Ele acrescentou que aquele \u00e9 um lugar de cuidado com as criaturas e tamb\u00e9m de estudo. O frade afirmou ainda o importante papel social que o Zool\u00f3gico exerce: \u201cAs causas sociais e ambientais caminham de maneira integrada. O trabalho que voc\u00eas realizam \u00e9 t\u00e9cnico, mas \u00e9 tamb\u00e9m social\u201d, disse.<\/p>\n<p>Frei Gustavo chamou a aten\u00e7\u00e3o dos presentes para o que o Papa Francisco pede na Enc\u00edclica Laudato S\u00ed: uma vida em equil\u00edbrio. \u201cN\u00e3o podemos deixar que a gan\u00e2ncia e os interesses econ\u00f4micos tomem o lugar do cuidado com o meio ambiente\u201d. O frade lembrou ainda do drama que vivem milhares de pessoas refugiadas, no Brasil e no mundo, e destacou a urg\u00eancia da situa\u00e7\u00e3o.<\/p>\n<div id=\"attachment_95343\" style=\"width: 410px\" class=\"wp-caption alignright\"><a href=\"http:\/\/franciscanos.org.br\/wp-content\/uploads\/2015\/10\/legenda.jpg\"><img aria-describedby=\"caption-attachment-95343\" loading=\"lazy\" class=\"wp-image-95343 size-full\" src=\"http:\/\/franciscanos.org.br\/wp-content\/uploads\/2015\/10\/legenda.jpg\" alt=\"legenda\" width=\"400\" height=\"293\" \/><\/a><p id=\"caption-attachment-95343\" class=\"wp-caption-text\">Frei Alvaci e Paulo Bressan<\/p><\/div>\n<p>Para Paulo Bressan, a b\u00ean\u00e7\u00e3o ao Zool\u00f3gico \u00e9 um momento muito esperado por toda a equipe. Ele afirmou que os quase 400 funcion\u00e1rios da funda\u00e7\u00e3o ficam ansiosos para a data. \u201cA figura de S\u00e3o Francisco est\u00e1 sempre presente, n\u00e3o importa a denomina\u00e7\u00e3o religiosa. Isso sentimos aqui, entre os funcion\u00e1rios. Mesmo os que n\u00e3o s\u00e3o cat\u00f3licos esperam por esta data&#8221;. O diretor-presidente destacou ainda que a visita dos frades traz um sentido de uni\u00e3o para todos, por ser um momento celebrativo, valorizando o trabalho dos funcion\u00e1rios no cuidado e preserva\u00e7\u00e3o das esp\u00e9cies.<\/p>\n<p>A diretora administrativa F\u00e1tima Valente Roberti destaca o trabalho educativo realizado pela Funda\u00e7\u00e3o. \u201cO Zool\u00f3gico tem um papel social importante porque recebe todas as pessoas, de todas as classes sociais, de todas as ra\u00e7as e cren\u00e7as.\u201d F\u00e1tima destacou ainda a rela\u00e7\u00e3o criada com os franciscanos, pois ultrapassa a viv\u00eancia religiosa.<\/p>\n<p>Al\u00e9m da b\u00ean\u00e7\u00e3o realizada no dia de hoje, os funcion\u00e1rios do Zool\u00f3gico de S\u00e3o Paulo estar\u00e3o no Largo S\u00e3o Francisco no dia 4 de outubro. Ser\u00e1 montado um stand para que o p\u00fablico conhe\u00e7a mais sobre o trabalho realizado, e dois animais estar\u00e3o com os bi\u00f3logos na missa do meio-dia.<\/p>\n","protected":false},"excerpt":{"rendered":"<p>Festa de S\u00e3o Francisco<\/p>\n","protected":false},"author":1,"featured_media":207097,"comment_status":"open","ping_status":"open","sticky":false,"template":"","format":"standard","meta":[],"categories":[1],"tags":[312,1470],"acf":[],"yoast_head":"<!-- This site is optimized with the Yoast SEO plugin v19.2 - https:\/\/yoast.com\/wordpress\/plugins\/seo\/ -->\n<title>Frades aben\u00e7oam os animais do Zool\u00f3gico de S\u00e3o Paulo - Not\u00edcias - Franciscanos<\/title>\n<meta name=\"robots\" content=\"index, follow, max-snippet:-1, max-image-preview:large, max-video-preview:-1\" \/>\n<link rel=\"canonical\" href=\"https:\/\/franciscanos.org.br\/noticias\/o-cuidado-com-as-criaturas-foi-o-tema-da-bencao-franciscana-ao-zoologico-de-sao-paulo.html\" \/>\n<meta property=\"og:locale\" content=\"pt_BR\" \/>\n<meta property=\"og:type\" content=\"article\" \/>\n<meta property=\"og:title\" content=\"Frades aben\u00e7oam os animais do Zool\u00f3gico de S\u00e3o Paulo - Not\u00edcias - Franciscanos\" \/>\n<meta property=\"og:description\" content=\"Festa de S\u00e3o Francisco\" \/>\n<meta property=\"og:url\" content=\"https:\/\/franciscanos.org.br\/noticias\/o-cuidado-com-as-criaturas-foi-o-tema-da-bencao-franciscana-ao-zoologico-de-sao-paulo.html\" \/>\n<meta property=\"og:site_name\" content=\"Not\u00edcias - Franciscanos\" \/>\n<meta property=\"article:published_time\" content=\"2015-10-01T18:06:20+00:00\" \/>\n<meta property=\"article:modified_time\" content=\"2019-07-02T16:04:53+00:00\" \/>\n<meta property=\"og:image\" content=\"https:\/\/franciscanos.org.br\/noticias\/wp-content\/uploads\/2015\/10\/281.jpg\" \/>\n\t<meta property=\"og:image:width\" content=\"273\" \/>\n\t<meta property=\"og:image:height\" content=\"181\" \/>\n\t<meta property=\"og:image:type\" content=\"image\/jpeg\" \/>\n<meta name=\"author\" content=\"admin\" \/>\n<meta name=\"twitter:card\" content=\"summary_large_image\" \/>\n<meta name=\"twitter:label1\" content=\"Escrito por\" \/>\n\t<meta name=\"twitter:data1\" content=\"admin\" \/>\n\t<meta name=\"twitter:label2\" content=\"Est. tempo de leitura\" \/>\n\t<meta name=\"twitter:data2\" content=\"3 minutos\" \/>\n<script type=\"application\/ld+json\" class=\"yoast-schema-graph\">{\"@context\":\"https:\/\/schema.org\",\"@graph\":[{\"@type\":\"WebSite\",\"@id\":\"https:\/\/franciscanos.org.br\/noticias\/#website\",\"url\":\"https:\/\/franciscanos.org.br\/noticias\/\",\"name\":\"Not\u00edcias - Franciscanos\",\"description\":\"Prov\u00edncia Franciscana da Imaculada Concei\u00e7\u00e3o do Brasil - Ordem dos Frades Menores - OFM\",\"potentialAction\":[{\"@type\":\"SearchAction\",\"target\":{\"@type\":\"EntryPoint\",\"urlTemplate\":\"https:\/\/franciscanos.org.br\/noticias\/?s={search_term_string}\"},\"query-input\":\"required name=search_term_string\"}],\"inLanguage\":\"pt-BR\"},{\"@type\":\"ImageObject\",\"inLanguage\":\"pt-BR\",\"@id\":\"https:\/\/franciscanos.org.br\/noticias\/o-cuidado-com-as-criaturas-foi-o-tema-da-bencao-franciscana-ao-zoologico-de-sao-paulo.html#primaryimage\",\"url\":\"https:\/\/franciscanos.org.br\/noticias\/wp-content\/uploads\/2015\/10\/281.jpg\",\"contentUrl\":\"https:\/\/franciscanos.org.br\/noticias\/wp-content\/uploads\/2015\/10\/281.jpg\",\"width\":273,\"height\":181},{\"@type\":\"WebPage\",\"@id\":\"https:\/\/franciscanos.org.br\/noticias\/o-cuidado-com-as-criaturas-foi-o-tema-da-bencao-franciscana-ao-zoologico-de-sao-paulo.html#webpage\",\"url\":\"https:\/\/franciscanos.org.br\/noticias\/o-cuidado-com-as-criaturas-foi-o-tema-da-bencao-franciscana-ao-zoologico-de-sao-paulo.html\",\"name\":\"Frades aben\u00e7oam os animais do Zool\u00f3gico de S\u00e3o Paulo - Not\u00edcias - Franciscanos\",\"isPartOf\":{\"@id\":\"https:\/\/franciscanos.org.br\/noticias\/#website\"},\"primaryImageOfPage\":{\"@id\":\"https:\/\/franciscanos.org.br\/noticias\/o-cuidado-com-as-criaturas-foi-o-tema-da-bencao-franciscana-ao-zoologico-de-sao-paulo.html#primaryimage\"},\"datePublished\":\"2015-10-01T18:06:20+00:00\",\"dateModified\":\"2019-07-02T16:04:53+00:00\",\"author\":{\"@id\":\"https:\/\/franciscanos.org.br\/noticias\/#\/schema\/person\/b38fbf43118f02820bd932f2e4b14ad3\"},\"breadcrumb\":{\"@id\":\"https:\/\/franciscanos.org.br\/noticias\/o-cuidado-com-as-criaturas-foi-o-tema-da-bencao-franciscana-ao-zoologico-de-sao-paulo.html#breadcrumb\"},\"inLanguage\":\"pt-BR\",\"potentialAction\":[{\"@type\":\"ReadAction\",\"target\":[\"https:\/\/franciscanos.org.br\/noticias\/o-cuidado-com-as-criaturas-foi-o-tema-da-bencao-franciscana-ao-zoologico-de-sao-paulo.html\"]}]},{\"@type\":\"BreadcrumbList\",\"@id\":\"https:\/\/franciscanos.org.br\/noticias\/o-cuidado-com-as-criaturas-foi-o-tema-da-bencao-franciscana-ao-zoologico-de-sao-paulo.html#breadcrumb\",\"itemListElement\":[{\"@type\":\"ListItem\",\"position\":1,\"name\":\"Home\",\"item\":\"https:\/\/franciscanos.org.br\/noticias\"},{\"@type\":\"ListItem\",\"position\":2,\"name\":\"Frades aben\u00e7oam os animais do Zool\u00f3gico de S\u00e3o Paulo\"}]},{\"@type\":\"Person\",\"@id\":\"https:\/\/franciscanos.org.br\/noticias\/#\/schema\/person\/b38fbf43118f02820bd932f2e4b14ad3\",\"name\":\"admin\",\"image\":{\"@type\":\"ImageObject\",\"inLanguage\":\"pt-BR\",\"@id\":\"https:\/\/franciscanos.org.br\/noticias\/#\/schema\/person\/image\/\",\"url\":\"https:\/\/secure.gravatar.com\/avatar\/e8495742d34d0ba6448ea1c628263b3e?s=96&d=mm&r=g\",\"contentUrl\":\"https:\/\/secure.gravatar.com\/avatar\/e8495742d34d0ba6448ea1c628263b3e?s=96&d=mm&r=g\",\"caption\":\"admin\"},\"url\":\"https:\/\/franciscanos.org.br\/noticias\/author\/admin\"}]}<\/script>\n<!-- \/ Yoast SEO plugin. -->","yoast_head_json":{"title":"Frades aben\u00e7oam os animais do Zool\u00f3gico de S\u00e3o Paulo - Not\u00edcias - Franciscanos","robots":{"index":"index","follow":"follow","max-snippet":"max-snippet:-1","max-image-preview":"max-image-preview:large","max-video-preview":"max-video-preview:-1"},"canonical":"https:\/\/franciscanos.org.br\/noticias\/o-cuidado-com-as-criaturas-foi-o-tema-da-bencao-franciscana-ao-zoologico-de-sao-paulo.html","og_locale":"pt_BR","og_type":"article","og_title":"Frades aben\u00e7oam os animais do Zool\u00f3gico de S\u00e3o Paulo - Not\u00edcias - Franciscanos","og_description":"Festa de S\u00e3o Francisco","og_url":"https:\/\/franciscanos.org.br\/noticias\/o-cuidado-com-as-criaturas-foi-o-tema-da-bencao-franciscana-ao-zoologico-de-sao-paulo.html","og_site_name":"Not\u00edcias - Franciscanos","article_published_time":"2015-10-01T18:06:20+00:00","article_modified_time":"2019-07-02T16:04:53+00:00","og_image":[{"width":273,"height":181,"url":"https:\/\/franciscanos.org.br\/noticias\/wp-content\/uploads\/2015\/10\/281.jpg","type":"image\/jpeg"}],"author":"admin","twitter_card":"summary_large_image","twitter_misc":{"Escrito por":"admin","Est. tempo de leitura":"3 minutos"},"schema":{"@context":"https:\/\/schema.org","@graph":[{"@type":"WebSite","@id":"https:\/\/franciscanos.org.br\/noticias\/#website","url":"https:\/\/franciscanos.org.br\/noticias\/","name":"Not\u00edcias - Franciscanos","description":"Prov\u00edncia Franciscana da Imaculada Concei\u00e7\u00e3o do Brasil - Ordem dos Frades Menores - OFM","potentialAction":[{"@type":"SearchAction","target":{"@type":"EntryPoint","urlTemplate":"https:\/\/franciscanos.org.br\/noticias\/?s={search_term_string}"},"query-input":"required name=search_term_string"}],"inLanguage":"pt-BR"},{"@type":"ImageObject","inLanguage":"pt-BR","@id":"https:\/\/franciscanos.org.br\/noticias\/o-cuidado-com-as-criaturas-foi-o-tema-da-bencao-franciscana-ao-zoologico-de-sao-paulo.html#primaryimage","url":"https:\/\/franciscanos.org.br\/noticias\/wp-content\/uploads\/2015\/10\/281.jpg","contentUrl":"https:\/\/franciscanos.org.br\/noticias\/wp-content\/uploads\/2015\/10\/281.jpg","width":273,"height":181},{"@type":"WebPage","@id":"https:\/\/franciscanos.org.br\/noticias\/o-cuidado-com-as-criaturas-foi-o-tema-da-bencao-franciscana-ao-zoologico-de-sao-paulo.html#webpage","url":"https:\/\/franciscanos.org.br\/noticias\/o-cuidado-com-as-criaturas-foi-o-tema-da-bencao-franciscana-ao-zoologico-de-sao-paulo.html","name":"Frades aben\u00e7oam os animais do Zool\u00f3gico de S\u00e3o Paulo - Not\u00edcias - Franciscanos","isPartOf":{"@id":"https:\/\/franciscanos.org.br\/noticias\/#website"},"primaryImageOfPage":{"@id":"https:\/\/franciscanos.org.br\/noticias\/o-cuidado-com-as-criaturas-foi-o-tema-da-bencao-franciscana-ao-zoologico-de-sao-paulo.html#primaryimage"},"datePublished":"2015-10-01T18:06:20+00:00","dateModified":"2019-07-02T16:04:53+00:00","author":{"@id":"https:\/\/franciscanos.org.br\/noticias\/#\/schema\/person\/b38fbf43118f02820bd932f2e4b14ad3"},"breadcrumb":{"@id":"https:\/\/franciscanos.org.br\/noticias\/o-cuidado-com-as-criaturas-foi-o-tema-da-bencao-franciscana-ao-zoologico-de-sao-paulo.html#breadcrumb"},"inLanguage":"pt-BR","potentialAction":[{"@type":"ReadAction","target":["https:\/\/franciscanos.org.br\/noticias\/o-cuidado-com-as-criaturas-foi-o-tema-da-bencao-franciscana-ao-zoologico-de-sao-paulo.html"]}]},{"@type":"BreadcrumbList","@id":"https:\/\/franciscanos.org.br\/noticias\/o-cuidado-com-as-criaturas-foi-o-tema-da-bencao-franciscana-ao-zoologico-de-sao-paulo.html#breadcrumb","itemListElement":[{"@type":"ListItem","position":1,"name":"Home","item":"https:\/\/franciscanos.org.br\/noticias"},{"@type":"ListItem","position":2,"name":"Frades aben\u00e7oam os animais do Zool\u00f3gico de S\u00e3o Paulo"}]},{"@type":"Person","@id":"https:\/\/franciscanos.org.br\/noticias\/#\/schema\/person\/b38fbf43118f02820bd932f2e4b14ad3","name":"admin","image":{"@type":"ImageObject","inLanguage":"pt-BR","@id":"https:\/\/franciscanos.org.br\/noticias\/#\/schema\/person\/image\/","url":"https:\/\/secure.gravatar.com\/avatar\/e8495742d34d0ba6448ea1c628263b3e?s=96&d=mm&r=g","contentUrl":"https:\/\/secure.gravatar.com\/avatar\/e8495742d34d0ba6448ea1c628263b3e?s=96&d=mm&r=g","caption":"admin"},"url":"https:\/\/franciscanos.org.br\/noticias\/author\/admin"}]}},"_links":{"self":[{"href":"https:\/\/franciscanos.org.br\/noticias\/wp-json\/wp\/v2\/posts\/95184"}],"collection":[{"href":"https:\/\/franciscanos.org.br\/noticias\/wp-json\/wp\/v2\/posts"}],"about":[{"href":"https:\/\/franciscanos.org.br\/noticias\/wp-json\/wp\/v2\/types\/post"}],"author":[{"embeddable":true,"href":"https:\/\/franciscanos.org.br\/noticias\/wp-json\/wp\/v2\/users\/1"}],"replies":[{"embeddable":true,"href":"https:\/\/franciscanos.org.br\/noticias\/wp-json\/wp\/v2\/comments?post=95184"}],"version-history":[{"count":0,"href":"https:\/\/franciscanos.org.br\/noticias\/wp-json\/wp\/v2\/posts\/95184\/revisions"}],"wp:featuredmedia":[{"embeddable":true,"href":"https:\/\/franciscanos.org.br\/noticias\/wp-json\/wp\/v2\/media\/207097"}],"wp:attachment":[{"href":"https:\/\/franciscanos.org.br\/noticias\/wp-json\/wp\/v2\/media?parent=95184"}],"wp:term":[{"taxonomy":"category","embeddable":true,"href":"https:\/\/franciscanos.org.br\/noticias\/wp-json\/wp\/v2\/categories?post=95184"},{"taxonomy":"post_tag","embeddable":true,"href":"https:\/\/franciscanos.org.br\/noticias\/wp-json\/wp\/v2\/tags?post=95184"}],"curies":[{"name":"wp","href":"https:\/\/api.w.org\/{rel}","templated":true}]}}