{"id":95010,"date":"2015-09-28T15:23:49","date_gmt":"2015-09-28T18:23:49","guid":{"rendered":"http:\/\/franciscanos.org.br\/?p=95010"},"modified":"2020-02-14T12:04:03","modified_gmt":"2020-02-14T15:04:03","slug":"largo-sao-francisco-se-transformou-no-santuario-de-caninde","status":"publish","type":"post","link":"https:\/\/franciscanos.org.br\/noticias\/largo-sao-francisco-se-transformou-no-santuario-de-caninde.html","title":{"rendered":"Missa Nordestina abre festividades do Padroeiro"},"content":{"rendered":"<p><img loading=\"lazy\" src=\"http:\/\/franciscanos.org.br\/wp-content\/uploads\/2015\/09\/nordestina.jpg\" alt=\"nordestina\" width=\"820\" height=\"352\" \/><\/p>\n<p><strong>POR \u00c9RIKA AUGUSTO<\/strong><\/p>\n<p><strong>S\u00e3o Paulo (SP)<\/strong> &#8211; Pelo segundo ano consecutivo o Santu\u00e1rio e Convento S\u00e3o Francisco, no centro de S\u00e3o Paulo, fez a abertura dos festejos do padroeiro em grande estilo. As cores e sons do Nordeste do Brasil saudaram S\u00e3o Francisco das Chagas. A missa nordestina aconteceu ao meio dia, neste s\u00e1bado, dia 26 de setembro.<\/p>\n<p><a href=\"http:\/\/franciscanos.org.br\/wp-content\/uploads\/2015\/09\/nordestina_3.jpg\"><img loading=\"lazy\" class=\"alignleft wp-image-95013 \" src=\"http:\/\/franciscanos.org.br\/wp-content\/uploads\/2015\/09\/nordestina_3.jpg\" alt=\"nordestina_3\" width=\"413\" height=\"329\" \/><\/a>Animada pela Pastoral do Migrante, a missa foi presidida por Frei Gustavo Medella, e concelebrada por Frei Alvaci Mendes da Luz e por Pe. Valdiran Ferreira dos Santos e contou ainda com a presen\u00e7a de Frei Valter Carvalho.<\/p>\n<p>Frei Gustavo destacou que era a \u201cfesta da saudade\u201d, momento onde os nordestinos podiam celebrar S\u00e3o Francisco das Chagas, mesmo \u00e0 dist\u00e2ncia. A chuva que caiu durante a manh\u00e3 e in\u00edcio da tarde em S\u00e3o Paulo foi lembrada como um bom sinal. \u201cA chuva quando cai no Nordeste \u00e9 sinal de b\u00ean\u00e7\u00e3o!\u201d<\/p>\n<p>Em sua homilia, o frade destacou a proximidade dos nordestinos com Jesus Cristo, e consequentemente com S\u00e3o Francisco das Chagas. \u201cNas chagas de Cristo e de S\u00e3o Francisco, o nordestino enxerga as pr\u00f3prias chagas\u201d, afirmou.<\/p>\n<p>E n\u00e3o s\u00e3o poucas as chagas deste povo. A seca, o descaso, a explora\u00e7\u00e3o, sair de sua terra para tentar a vida em outro lugar, come\u00e7ar a vida do zero. Por isso, para o nordestino, as feridas n\u00e3o s\u00e3o o ponto final, mas um obst\u00e1culo a ser vencido.<\/p>\n<p>\u201cO povo nordestino olha al\u00e9m, para eles \u00e9 muito claro que a hist\u00f3ria de Jesus n\u00e3o termina na cruz. Jesus caminha com eles, muito pr\u00f3ximo\u201d, acrescentou o frade.<\/p>\n<p>Frei Gustavo, neto de uma paraibana, tamb\u00e9m destacou a imensa alegria do nordestino. As cores, os cantos e a luta s\u00e3o marcas registradas do Nordeste. Ele encerrou sua homilia lendo o poema de Di\u00f3genes da Cunha Lima, poeta potiguar.<\/p>\n<p><strong>\u00a0<\/strong><\/p>\n<table border=\"0\" width=\"450\" cellspacing=\"3\" cellpadding=\"3\" align=\"right\">\n<tbody>\n<tr>\n<td bgcolor=\"#E6E6E6\">\n<p style=\"padding-left: 10px;\">JESUS, UM NORDESTINO<\/p>\n<p style=\"padding-left: 10px;\">Eu penso que Jesus devia nascer em Bel\u00e9m,<br \/>\nNa Para\u00edba, perto de Guarabira<br \/>\nE vizinho a Pirpirituba.<br \/>\nE se n\u00e3o bastasse a vizinhan\u00e7a<br \/>\nA indicar rima e caminho, Nova Cruz.<\/p>\n<p>Era filho ca\u00e7ula de Dona Maria<br \/>\nUma mulher dona da beleza<br \/>\nE que germinava bondade nas pessoas.<br \/>\nEra um menino moreno muito esperto,<br \/>\nEmbalado em rede de algod\u00e3o cru.<\/p>\n<p>Tinha sand\u00e1lia com currulepo entre os dedos<br \/>\nE cajus, em dezembro, a lhe matar a sede.<\/p>\n<p>O seu pastor fora um vaqueiro nordestino<br \/>\nDe gib\u00e3o e perneira e guarda-peito<br \/>\nPra livrar as suas carnes da Jurema.<\/p>\n<p>E vieram adorar o Deus-menino<br \/>\nOs Santos Reis, entrela\u00e7ados de bom jeito<br \/>\nUm negro, um \u00edndio e um branco portugu\u00eas.<\/p>\n<p>Seria f\u00e1cil encontrar espinhos para a Fronte<\/p>\n<p>Divina coroar, e um caminh\u00e3o<br \/>\nQue ia por S\u00e3o Jos\u00e9 do Egito<br \/>\nPra levar Jesus, o retirante,<br \/>\nAt\u00e9 S\u00e3o Paulo,<br \/>\nUm santo feito para as grandes secas.<\/p>\n<p>Meu Deus, meu Deus, por que<br \/>\nNos abandonaste, exclamaria<br \/>\nEnquanto repartia com o povo<br \/>\nNu as suas vestes<\/p>\n<p>Multiplicadas como p\u00e3es ou peixes.<\/p>\n<p>Crian\u00e7a, era carpinteiro como seu pai<br \/>\nFazendo caix\u00f5es azuis para os anjos do lugar.<br \/>\nBrincaria de castanha, um castelo,<br \/>\nComo conv\u00e9m \u00e0 sua alta nobreza.<\/p>\n<p>Academia, pulava num p\u00e9 s\u00f3<br \/>\nE proezas faria num cavalo de pau.<br \/>\nO seu jumento era mais magro, certamente.<\/p>\n<p>E nem serviria pra carne de jab\u00e1.<br \/>\nEra um menino desnutrido como os outros<\/p>\n<p>Da regi\u00e3o, a fazer o bem, mudar<br \/>\nAqui as coisas s\u00f3 v\u00e3o na base do milagre<\/p>\n<p>Ou da for\u00e7a parida da vontade.<br \/>\nEu penso que Jesus<br \/>\nDevia nascer em Bel\u00e9m<br \/>\nNa Para\u00edba.<\/td>\n<\/tr>\n<\/tbody>\n<\/table>\n<p><strong>Nossa Senhora, M\u00e3e do Nordeste<\/strong><\/p>\n<p>A missa contou com a presen\u00e7a do Padre Valdiran Ferreira dos Santos, alagoano. Ele brindou os presentes com uma pequena recorda\u00e7\u00e3o. Uma ora\u00e7\u00e3o com imagem de Nossa Senhora M\u00e3e do Nordeste, que leva um jarro na cabe\u00e7a. Todos foram convidados a rezar juntos a ora\u00e7\u00e3o de sua autoria:<\/p>\n<p>Nossa Senhora M\u00e3e do Nordeste, torr\u00e3o seco e sofrido, de gente honesta e trabalhadora que enfrenta a caatinga, os espinhos, a seca e o sol, as dores e o suor para viver com dignidade.<\/p>\n<p>Debaixo desse c\u00e9u azul, o sol queima nossa pele e nossas planta\u00e7\u00f5es. A \u00e1gua \u00e9 escassa, a seca domina tudo, \u00e9 um cen\u00e1rio sem gra\u00e7a, n\u00e3o fica quase ningu\u00e9m , \u00e0s vezes parece um fim de mundo! A terra nas m\u00e3os de poucos, a mis\u00e9ria nos consome, muitos s\u00e3o obrigados a deixar tudo e ir embora para n\u00e3o morrer de fome.<\/p>\n<p>Confiamos no Senhor, porque Santo \u00e9 o seu nome!<\/p>\n<p>Nossa Senhora M\u00e3e do Nordeste, olha para esse povo de artistas e poetas, cantadores e tocadores, mulheres fortes e profetas.<\/p>\n<p>Olha essa terra de verdes mandacarus, sinal de resist\u00eancia de um povo que quer viver com justi\u00e7a e dignidade!<\/p>\n<p>Olha para as mulheres sofridas como tu, fortes e decisivas na defesa da vida, na unidade da fam\u00edlia e na luta por p\u00e3o. Am\u00e9m!<\/p>\n<p><strong>Muita alegria e confraterniza\u00e7\u00e3o na Tarde de pr\u00eamios<\/strong><\/p>\n<p>A tarde continuou animada no Largo S\u00e3o Francisco. \u00c0s 14h teve in\u00edcio a Tarde de pr\u00eamios, um momento para reencontro e muita alegria.<\/p>\n<p>Frei Alexandre Rohling, o Frei Xand\u00e3o, foi o animador do bingo, com muita descontra\u00e7\u00e3o. Foram 9 rodadas, com 3 pr\u00eamios em cada. Foram vendidos quase 300 ingressos. Muitas fam\u00edlias aproveitaram o s\u00e1bado para brincar e tentar a sorte. Entre os pr\u00eamios havia uma TV, um forno micro-ondas, uma bicicleta, e muitos outros.<\/p>\n<p>A Tarde de pr\u00eamios tem como objetivo, al\u00e9m da reuni\u00e3o com os amigos e benfeitores do Pr\u00f3-Voca\u00e7\u00f5es, arrecadar fundos para a Festa de S\u00e3o Francisco, que come\u00e7a nessa semana e se encerra no domingo, dia 4.<\/p>\n<p><strong>Servi\u00e7o:<\/strong><br \/>\nSantu\u00e1rio e Convento S\u00e3o Francisco de Assis<br \/>\nLargo S\u00e3o Francisco, 133, Centro, S\u00e3o Paulo\/ SP<br \/>\n(11) 3291-2416 \/ (11) 987- 939- 406 (Lucas) \/ (11) 979- 983- 955 (\u00c9rika)<br \/>\nwww.festadesaofrancisco.com.br<br \/>\npvf@franciscanos.org.br<\/p>\n<p><img class=\"ngg_displayed_gallery mceItem\" src=\"http:\/\/franciscanos.org.br\/index.php\/nextgen-attach_to_post\/preview\/id--95038\" alt=\"\" \/><\/p>\n","protected":false},"excerpt":{"rendered":"<p>Festa de S\u00e3o Francisco<\/p>\n","protected":false},"author":1,"featured_media":220604,"comment_status":"open","ping_status":"open","sticky":false,"template":"","format":"standard","meta":[],"categories":[1],"tags":[],"acf":[],"yoast_head":"<!-- This site is optimized with the Yoast SEO plugin v19.2 - https:\/\/yoast.com\/wordpress\/plugins\/seo\/ -->\n<title>Missa Nordestina abre festividades do Padroeiro - Not\u00edcias - Franciscanos<\/title>\n<meta name=\"robots\" content=\"index, follow, max-snippet:-1, max-image-preview:large, max-video-preview:-1\" \/>\n<link rel=\"canonical\" href=\"https:\/\/franciscanos.org.br\/noticias\/largo-sao-francisco-se-transformou-no-santuario-de-caninde.html\" \/>\n<meta property=\"og:locale\" content=\"pt_BR\" \/>\n<meta property=\"og:type\" content=\"article\" \/>\n<meta property=\"og:title\" content=\"Missa Nordestina abre festividades do Padroeiro - Not\u00edcias - Franciscanos\" \/>\n<meta property=\"og:description\" content=\"Festa de S\u00e3o Francisco\" \/>\n<meta property=\"og:url\" content=\"https:\/\/franciscanos.org.br\/noticias\/largo-sao-francisco-se-transformou-no-santuario-de-caninde.html\" \/>\n<meta property=\"og:site_name\" content=\"Not\u00edcias - Franciscanos\" \/>\n<meta property=\"article:published_time\" content=\"2015-09-28T18:23:49+00:00\" \/>\n<meta property=\"article:modified_time\" content=\"2020-02-14T15:04:03+00:00\" \/>\n<meta property=\"og:image\" content=\"https:\/\/franciscanos.org.br\/noticias\/wp-content\/uploads\/2015\/09\/nordestina_3.jpg\" \/>\n\t<meta property=\"og:image:width\" content=\"273\" \/>\n\t<meta property=\"og:image:height\" content=\"181\" \/>\n\t<meta property=\"og:image:type\" content=\"image\/jpeg\" \/>\n<meta name=\"author\" content=\"admin\" \/>\n<meta name=\"twitter:card\" content=\"summary_large_image\" \/>\n<meta name=\"twitter:label1\" content=\"Escrito por\" \/>\n\t<meta name=\"twitter:data1\" content=\"admin\" \/>\n\t<meta name=\"twitter:label2\" content=\"Est. tempo de leitura\" \/>\n\t<meta name=\"twitter:data2\" content=\"5 minutos\" \/>\n<script type=\"application\/ld+json\" class=\"yoast-schema-graph\">{\"@context\":\"https:\/\/schema.org\",\"@graph\":[{\"@type\":\"WebSite\",\"@id\":\"https:\/\/franciscanos.org.br\/noticias\/#website\",\"url\":\"https:\/\/franciscanos.org.br\/noticias\/\",\"name\":\"Not\u00edcias - Franciscanos\",\"description\":\"Prov\u00edncia Franciscana da Imaculada Concei\u00e7\u00e3o do Brasil - Ordem dos Frades Menores - OFM\",\"potentialAction\":[{\"@type\":\"SearchAction\",\"target\":{\"@type\":\"EntryPoint\",\"urlTemplate\":\"https:\/\/franciscanos.org.br\/noticias\/?s={search_term_string}\"},\"query-input\":\"required name=search_term_string\"}],\"inLanguage\":\"pt-BR\"},{\"@type\":\"ImageObject\",\"inLanguage\":\"pt-BR\",\"@id\":\"https:\/\/franciscanos.org.br\/noticias\/largo-sao-francisco-se-transformou-no-santuario-de-caninde.html#primaryimage\",\"url\":\"https:\/\/franciscanos.org.br\/noticias\/wp-content\/uploads\/2015\/09\/nordestina_3.jpg\",\"contentUrl\":\"https:\/\/franciscanos.org.br\/noticias\/wp-content\/uploads\/2015\/09\/nordestina_3.jpg\",\"width\":273,\"height\":181},{\"@type\":\"WebPage\",\"@id\":\"https:\/\/franciscanos.org.br\/noticias\/largo-sao-francisco-se-transformou-no-santuario-de-caninde.html#webpage\",\"url\":\"https:\/\/franciscanos.org.br\/noticias\/largo-sao-francisco-se-transformou-no-santuario-de-caninde.html\",\"name\":\"Missa Nordestina abre festividades do Padroeiro - Not\u00edcias - Franciscanos\",\"isPartOf\":{\"@id\":\"https:\/\/franciscanos.org.br\/noticias\/#website\"},\"primaryImageOfPage\":{\"@id\":\"https:\/\/franciscanos.org.br\/noticias\/largo-sao-francisco-se-transformou-no-santuario-de-caninde.html#primaryimage\"},\"datePublished\":\"2015-09-28T18:23:49+00:00\",\"dateModified\":\"2020-02-14T15:04:03+00:00\",\"author\":{\"@id\":\"https:\/\/franciscanos.org.br\/noticias\/#\/schema\/person\/b38fbf43118f02820bd932f2e4b14ad3\"},\"breadcrumb\":{\"@id\":\"https:\/\/franciscanos.org.br\/noticias\/largo-sao-francisco-se-transformou-no-santuario-de-caninde.html#breadcrumb\"},\"inLanguage\":\"pt-BR\",\"potentialAction\":[{\"@type\":\"ReadAction\",\"target\":[\"https:\/\/franciscanos.org.br\/noticias\/largo-sao-francisco-se-transformou-no-santuario-de-caninde.html\"]}]},{\"@type\":\"BreadcrumbList\",\"@id\":\"https:\/\/franciscanos.org.br\/noticias\/largo-sao-francisco-se-transformou-no-santuario-de-caninde.html#breadcrumb\",\"itemListElement\":[{\"@type\":\"ListItem\",\"position\":1,\"name\":\"Home\",\"item\":\"https:\/\/franciscanos.org.br\/noticias\"},{\"@type\":\"ListItem\",\"position\":2,\"name\":\"Missa Nordestina abre festividades do Padroeiro\"}]},{\"@type\":\"Person\",\"@id\":\"https:\/\/franciscanos.org.br\/noticias\/#\/schema\/person\/b38fbf43118f02820bd932f2e4b14ad3\",\"name\":\"admin\",\"image\":{\"@type\":\"ImageObject\",\"inLanguage\":\"pt-BR\",\"@id\":\"https:\/\/franciscanos.org.br\/noticias\/#\/schema\/person\/image\/\",\"url\":\"https:\/\/secure.gravatar.com\/avatar\/e8495742d34d0ba6448ea1c628263b3e?s=96&d=mm&r=g\",\"contentUrl\":\"https:\/\/secure.gravatar.com\/avatar\/e8495742d34d0ba6448ea1c628263b3e?s=96&d=mm&r=g\",\"caption\":\"admin\"},\"url\":\"https:\/\/franciscanos.org.br\/noticias\/author\/admin\"}]}<\/script>\n<!-- \/ Yoast SEO plugin. -->","yoast_head_json":{"title":"Missa Nordestina abre festividades do Padroeiro - Not\u00edcias - Franciscanos","robots":{"index":"index","follow":"follow","max-snippet":"max-snippet:-1","max-image-preview":"max-image-preview:large","max-video-preview":"max-video-preview:-1"},"canonical":"https:\/\/franciscanos.org.br\/noticias\/largo-sao-francisco-se-transformou-no-santuario-de-caninde.html","og_locale":"pt_BR","og_type":"article","og_title":"Missa Nordestina abre festividades do Padroeiro - Not\u00edcias - Franciscanos","og_description":"Festa de S\u00e3o Francisco","og_url":"https:\/\/franciscanos.org.br\/noticias\/largo-sao-francisco-se-transformou-no-santuario-de-caninde.html","og_site_name":"Not\u00edcias - Franciscanos","article_published_time":"2015-09-28T18:23:49+00:00","article_modified_time":"2020-02-14T15:04:03+00:00","og_image":[{"width":273,"height":181,"url":"https:\/\/franciscanos.org.br\/noticias\/wp-content\/uploads\/2015\/09\/nordestina_3.jpg","type":"image\/jpeg"}],"author":"admin","twitter_card":"summary_large_image","twitter_misc":{"Escrito por":"admin","Est. tempo de leitura":"5 minutos"},"schema":{"@context":"https:\/\/schema.org","@graph":[{"@type":"WebSite","@id":"https:\/\/franciscanos.org.br\/noticias\/#website","url":"https:\/\/franciscanos.org.br\/noticias\/","name":"Not\u00edcias - Franciscanos","description":"Prov\u00edncia Franciscana da Imaculada Concei\u00e7\u00e3o do Brasil - Ordem dos Frades Menores - OFM","potentialAction":[{"@type":"SearchAction","target":{"@type":"EntryPoint","urlTemplate":"https:\/\/franciscanos.org.br\/noticias\/?s={search_term_string}"},"query-input":"required name=search_term_string"}],"inLanguage":"pt-BR"},{"@type":"ImageObject","inLanguage":"pt-BR","@id":"https:\/\/franciscanos.org.br\/noticias\/largo-sao-francisco-se-transformou-no-santuario-de-caninde.html#primaryimage","url":"https:\/\/franciscanos.org.br\/noticias\/wp-content\/uploads\/2015\/09\/nordestina_3.jpg","contentUrl":"https:\/\/franciscanos.org.br\/noticias\/wp-content\/uploads\/2015\/09\/nordestina_3.jpg","width":273,"height":181},{"@type":"WebPage","@id":"https:\/\/franciscanos.org.br\/noticias\/largo-sao-francisco-se-transformou-no-santuario-de-caninde.html#webpage","url":"https:\/\/franciscanos.org.br\/noticias\/largo-sao-francisco-se-transformou-no-santuario-de-caninde.html","name":"Missa Nordestina abre festividades do Padroeiro - Not\u00edcias - Franciscanos","isPartOf":{"@id":"https:\/\/franciscanos.org.br\/noticias\/#website"},"primaryImageOfPage":{"@id":"https:\/\/franciscanos.org.br\/noticias\/largo-sao-francisco-se-transformou-no-santuario-de-caninde.html#primaryimage"},"datePublished":"2015-09-28T18:23:49+00:00","dateModified":"2020-02-14T15:04:03+00:00","author":{"@id":"https:\/\/franciscanos.org.br\/noticias\/#\/schema\/person\/b38fbf43118f02820bd932f2e4b14ad3"},"breadcrumb":{"@id":"https:\/\/franciscanos.org.br\/noticias\/largo-sao-francisco-se-transformou-no-santuario-de-caninde.html#breadcrumb"},"inLanguage":"pt-BR","potentialAction":[{"@type":"ReadAction","target":["https:\/\/franciscanos.org.br\/noticias\/largo-sao-francisco-se-transformou-no-santuario-de-caninde.html"]}]},{"@type":"BreadcrumbList","@id":"https:\/\/franciscanos.org.br\/noticias\/largo-sao-francisco-se-transformou-no-santuario-de-caninde.html#breadcrumb","itemListElement":[{"@type":"ListItem","position":1,"name":"Home","item":"https:\/\/franciscanos.org.br\/noticias"},{"@type":"ListItem","position":2,"name":"Missa Nordestina abre festividades do Padroeiro"}]},{"@type":"Person","@id":"https:\/\/franciscanos.org.br\/noticias\/#\/schema\/person\/b38fbf43118f02820bd932f2e4b14ad3","name":"admin","image":{"@type":"ImageObject","inLanguage":"pt-BR","@id":"https:\/\/franciscanos.org.br\/noticias\/#\/schema\/person\/image\/","url":"https:\/\/secure.gravatar.com\/avatar\/e8495742d34d0ba6448ea1c628263b3e?s=96&d=mm&r=g","contentUrl":"https:\/\/secure.gravatar.com\/avatar\/e8495742d34d0ba6448ea1c628263b3e?s=96&d=mm&r=g","caption":"admin"},"url":"https:\/\/franciscanos.org.br\/noticias\/author\/admin"}]}},"_links":{"self":[{"href":"https:\/\/franciscanos.org.br\/noticias\/wp-json\/wp\/v2\/posts\/95010"}],"collection":[{"href":"https:\/\/franciscanos.org.br\/noticias\/wp-json\/wp\/v2\/posts"}],"about":[{"href":"https:\/\/franciscanos.org.br\/noticias\/wp-json\/wp\/v2\/types\/post"}],"author":[{"embeddable":true,"href":"https:\/\/franciscanos.org.br\/noticias\/wp-json\/wp\/v2\/users\/1"}],"replies":[{"embeddable":true,"href":"https:\/\/franciscanos.org.br\/noticias\/wp-json\/wp\/v2\/comments?post=95010"}],"version-history":[{"count":0,"href":"https:\/\/franciscanos.org.br\/noticias\/wp-json\/wp\/v2\/posts\/95010\/revisions"}],"wp:featuredmedia":[{"embeddable":true,"href":"https:\/\/franciscanos.org.br\/noticias\/wp-json\/wp\/v2\/media\/220604"}],"wp:attachment":[{"href":"https:\/\/franciscanos.org.br\/noticias\/wp-json\/wp\/v2\/media?parent=95010"}],"wp:term":[{"taxonomy":"category","embeddable":true,"href":"https:\/\/franciscanos.org.br\/noticias\/wp-json\/wp\/v2\/categories?post=95010"},{"taxonomy":"post_tag","embeddable":true,"href":"https:\/\/franciscanos.org.br\/noticias\/wp-json\/wp\/v2\/tags?post=95010"}],"curies":[{"name":"wp","href":"https:\/\/api.w.org\/{rel}","templated":true}]}}