{"id":94966,"date":"2015-09-27T15:23:47","date_gmt":"2015-09-27T18:23:47","guid":{"rendered":"http:\/\/franciscanos.org.br\/?p=94966"},"modified":"2019-08-06T12:49:31","modified_gmt":"2019-08-06T15:49:31","slug":"santos-arcanjos-com-frei-douglas-nas-primicias","status":"publish","type":"post","link":"https:\/\/franciscanos.org.br\/noticias\/santos-arcanjos-com-frei-douglas-nas-primicias.html","title":{"rendered":"Ordena\u00e7\u00e3o presbiteral e prim\u00edcias de Frei Douglas Machado"},"content":{"rendered":"<p><strong>Frei Augusto Luiz Gabriel e Moacir Beggo<\/strong><\/p>\n<p><strong>S\u00e3o Jos\u00e9 (SC)<\/strong> &#8211; A Primeira Missa do neopresb\u00edtero Frei Douglas Paulo Machado foi celebrada neste domingo, 27 de setembro, com muita solenidade na Capela S\u00e3o Miguel e Santa Rita, em S\u00e3o Jos\u00e9 (SC), onde reside sua fam\u00edlia. A data coincidiu com a festa do Padroeiro S\u00e3o Miguel, que liturgicamente \u00e9 celebrado com os Santos Arcanjos no dia 29 de setembro, mas foi transferida para este domingo.<\/p>\n<p><a href=\"http:\/\/franciscanos.org.br\/wp-content\/uploads\/2015\/09\/meio4.jpg\"><img loading=\"lazy\" class=\"alignleft size-full wp-image-94975\" src=\"http:\/\/franciscanos.org.br\/wp-content\/uploads\/2015\/09\/meio4.jpg\" alt=\"meio\" width=\"364\" height=\"450\" \/><\/a>A chuva, que cancelou a prociss\u00e3o pelas ruas com a imagem do Padroeiro, caiu por toda a manh\u00e3, mas o povo da Comunidade e os fi\u00e9is de Conc\u00f3rdia lotaram a igreja na bairro Areias, em S\u00e3o Jos\u00e9. O p\u00e1roco Frei Kelvin Konz acolheu os paroquianos, visitantes e frades que participaram da celebra\u00e7\u00e3o.<\/p>\n<p>Frei Douglas escolheu para pregador desta sua Primeira Missa como presb\u00edtero o orientador do Semin\u00e1rio e Aspirantado de Ituporanga, Frei Alberto Eckel, que, em uma homilia curta, foi did\u00e1tico ao falar sobre os arcanjos e deixou a sua mensagem com clareza e sentimento ao neopresb\u00edtero. &#8220;Celebrar a festa dos Arcanjos n\u00e3o \u00e9 simplesmente uma devo\u00e7\u00e3o, nem mesmo uma cren\u00e7a em seres espirituais e de luz, como outras denomina\u00e7\u00f5es religiosas os entendem. A prop\u00f3sito, S\u00e3o Greg\u00f3rio Magno nos lembra que a palavra anjo n\u00e3o indica a natureza, mas a fun\u00e7\u00e3o, o of\u00edcio, o servi\u00e7o de anunciar. Assim, anjos s\u00e3o aqueles que anunciam fatos menores e arcanjos s\u00e3o os portadores das grandes not\u00edcias da hist\u00f3ria da Salva\u00e7\u00e3o. Os nomes que os arcanjos recebem &#8211; Miguel, Gabriel e Rafael &#8211; expressam, pois, uma dimens\u00e3o da a\u00e7\u00e3o poderosa e salvadora de Deus ao longo da hist\u00f3ria&#8221;, explicou Frei Eckel.<\/p>\n<p>&nbsp;<\/p>\n<p>&#8220;Assim, celebrar os arcanjos \u00e9 reconhecer a bondade, o cuidado e o carinho que Deus tem para com seu povo. Miguel (Quem como Deus?) \u00e9 o defensor dos amigos de Deus. \u00c9 aquele que acompanha os justos e os defende em todas as adversidades e momentos de tenta\u00e7\u00e3o. Gabriel (For\u00e7a de Deus) \u00e9 aquele que, dentre outras miss\u00f5es, foi o encarregado de anunciar a vinda do Messias e seu nascimento. Rafael (Deus cura), por sua vez, acompanhou e protegeu o jovem Tobias ao longo de sua viagem, trazendo tamb\u00e9m a cura ao seu pai&#8221;, acrescentou o pregador.<\/p>\n<p>Ao neopresb\u00edtero, Frei Eckel lembrou que o lema escolhido por ele &#8211; &#8220;&#8230;como Cristo amou sua Igreja e se entregou por ela&#8221; (Ef 5,25) &#8211; orientar\u00e1 o seu minist\u00e9rio presbiteral. &#8220;Frei Douglas abra\u00e7a toda a Igreja num ato de amor, assim como o Cristo o fez. \u00c9 um amor que aniquila-se a si mesmo, numa entrega incondicional e gratuita. \u00c9 o amor e o servi\u00e7o realizados no mist\u00e9rio da Cruz, testemunhado e anunciado por tantos homens e mulheres ao longo da hist\u00f3ria, verdadeiros anjos e profetas destemidos que tamb\u00e9m foram capazes de amar e morrer por sua Igreja, pelo povo de Deus, assim como o Cristo o fez&#8221;, emendou.<\/p>\n<p><img loading=\"lazy\" src=\"http:\/\/franciscanos.org.br\/wp-content\/uploads\/2015\/09\/meio23.jpg\" alt=\"meio2\" width=\"820\" height=\"370\" \/><\/p>\n<p>&#8220;Esta \u00e9 a voca\u00e7\u00e3o e a miss\u00e3o de Frei Douglas: anunciar com a vida e a palavra o amor de Deus, em Jesus Cristo, pela Igreja, pelo seu povo, pela humanidade inteira. \u00c9 tamb\u00e9m a voca\u00e7\u00e3o e a miss\u00e3o de todos n\u00f3s: testemunhar com a vida e a palavra o encontro com Jesus Morto-Ressuscitado, em quem Deus manifesta toda a sua for\u00e7a e seu amor. \u00c9 a voca\u00e7\u00e3o e a miss\u00e3o de toda a Igreja: ser anunciadora &#8211; ser anjo &#8211; da entrega e do amor de Jesus, que n\u00f3s fazemos mem\u00f3ria, celebramos e contemplamos, juntos com todos os anjos e arcanjos, nesta Eucaristia&#8221;.<\/p>\n<p>Adirleia de Moraes Alves Jeremias falou em nome da comunidade, agradecendo a Frei Douglas pela escolha do local para celebrar a Primeira Missa e ao p\u00e1roco pelo empenho e dedica\u00e7\u00e3o. &#8220;\u00c9 uma grande d\u00e1diva para a Par\u00f3quia a ordena\u00e7\u00e3o de um padre entre n\u00f3s&#8221;, disse, acolhendo os peregrinos de Conc\u00f3rdia. Por \u00faltimo, leu os nomes dos festeiros deste ano e os festeiros que v\u00e3o cuidar da festa no ano que vem.<\/p>\n<p>Frei Evandro Balestrin, p\u00e1roco em Conc\u00f3rdia, agradeceu pela acolhida e pediu a prote\u00e7\u00e3o dos Arcanjos para esta caminhada que se inicia na vida sacerdotal.\u00a0 A manh\u00e3 festiva terminou no Sal\u00e3o Paroquial com o almo\u00e7o. Neste domingo, Frei Douglas ainda presidir\u00e1 a Santa Missa \u00e0s 19 horas na Par\u00f3quia Santa Cruz, onde foi ordenado ontem.<\/p>\n<p><img class=\"ngg_displayed_gallery mceItem\" src=\"http:\/\/franciscanos.org.br\/index.php\/nextgen-attach_to_post\/preview\/id--94971\" alt=\"\" \/><\/p>\n","protected":false},"excerpt":{"rendered":"<p>Ordena\u00e7\u00e3o Presbiteral<\/p>\n","protected":false},"author":1,"featured_media":208915,"comment_status":"open","ping_status":"open","sticky":false,"template":"","format":"standard","meta":[],"categories":[1],"tags":[],"acf":[],"yoast_head":"<!-- This site is optimized with the Yoast SEO plugin v19.2 - https:\/\/yoast.com\/wordpress\/plugins\/seo\/ -->\n<title>Ordena\u00e7\u00e3o presbiteral e prim\u00edcias de Frei Douglas Machado - Not\u00edcias - Franciscanos<\/title>\n<meta name=\"robots\" content=\"index, follow, max-snippet:-1, max-image-preview:large, max-video-preview:-1\" \/>\n<link rel=\"canonical\" href=\"https:\/\/franciscanos.org.br\/noticias\/santos-arcanjos-com-frei-douglas-nas-primicias.html\" \/>\n<meta property=\"og:locale\" content=\"pt_BR\" \/>\n<meta property=\"og:type\" content=\"article\" \/>\n<meta property=\"og:title\" content=\"Ordena\u00e7\u00e3o presbiteral e prim\u00edcias de Frei Douglas Machado - Not\u00edcias - Franciscanos\" \/>\n<meta property=\"og:description\" content=\"Ordena\u00e7\u00e3o Presbiteral\" \/>\n<meta property=\"og:url\" content=\"https:\/\/franciscanos.org.br\/noticias\/santos-arcanjos-com-frei-douglas-nas-primicias.html\" \/>\n<meta property=\"og:site_name\" content=\"Not\u00edcias - Franciscanos\" \/>\n<meta property=\"article:published_time\" content=\"2015-09-27T18:23:47+00:00\" \/>\n<meta property=\"article:modified_time\" content=\"2019-08-06T15:49:31+00:00\" \/>\n<meta property=\"og:image\" content=\"https:\/\/franciscanos.org.br\/noticias\/wp-content\/uploads\/2015\/09\/meio4.jpg\" \/>\n\t<meta property=\"og:image:width\" content=\"273\" \/>\n\t<meta property=\"og:image:height\" content=\"182\" \/>\n\t<meta property=\"og:image:type\" content=\"image\/jpeg\" \/>\n<meta name=\"author\" content=\"admin\" \/>\n<meta name=\"twitter:card\" content=\"summary_large_image\" \/>\n<meta name=\"twitter:label1\" content=\"Escrito por\" \/>\n\t<meta name=\"twitter:data1\" content=\"admin\" \/>\n\t<meta name=\"twitter:label2\" content=\"Est. tempo de leitura\" \/>\n\t<meta name=\"twitter:data2\" content=\"4 minutos\" \/>\n<script type=\"application\/ld+json\" class=\"yoast-schema-graph\">{\"@context\":\"https:\/\/schema.org\",\"@graph\":[{\"@type\":\"WebSite\",\"@id\":\"https:\/\/franciscanos.org.br\/noticias\/#website\",\"url\":\"https:\/\/franciscanos.org.br\/noticias\/\",\"name\":\"Not\u00edcias - Franciscanos\",\"description\":\"Prov\u00edncia Franciscana da Imaculada Concei\u00e7\u00e3o do Brasil - Ordem dos Frades Menores - OFM\",\"potentialAction\":[{\"@type\":\"SearchAction\",\"target\":{\"@type\":\"EntryPoint\",\"urlTemplate\":\"https:\/\/franciscanos.org.br\/noticias\/?s={search_term_string}\"},\"query-input\":\"required name=search_term_string\"}],\"inLanguage\":\"pt-BR\"},{\"@type\":\"ImageObject\",\"inLanguage\":\"pt-BR\",\"@id\":\"https:\/\/franciscanos.org.br\/noticias\/santos-arcanjos-com-frei-douglas-nas-primicias.html#primaryimage\",\"url\":\"https:\/\/franciscanos.org.br\/noticias\/wp-content\/uploads\/2015\/09\/meio4.jpg\",\"contentUrl\":\"https:\/\/franciscanos.org.br\/noticias\/wp-content\/uploads\/2015\/09\/meio4.jpg\",\"width\":273,\"height\":182},{\"@type\":\"WebPage\",\"@id\":\"https:\/\/franciscanos.org.br\/noticias\/santos-arcanjos-com-frei-douglas-nas-primicias.html#webpage\",\"url\":\"https:\/\/franciscanos.org.br\/noticias\/santos-arcanjos-com-frei-douglas-nas-primicias.html\",\"name\":\"Ordena\u00e7\u00e3o presbiteral e prim\u00edcias de Frei Douglas Machado - Not\u00edcias - Franciscanos\",\"isPartOf\":{\"@id\":\"https:\/\/franciscanos.org.br\/noticias\/#website\"},\"primaryImageOfPage\":{\"@id\":\"https:\/\/franciscanos.org.br\/noticias\/santos-arcanjos-com-frei-douglas-nas-primicias.html#primaryimage\"},\"datePublished\":\"2015-09-27T18:23:47+00:00\",\"dateModified\":\"2019-08-06T15:49:31+00:00\",\"author\":{\"@id\":\"https:\/\/franciscanos.org.br\/noticias\/#\/schema\/person\/b38fbf43118f02820bd932f2e4b14ad3\"},\"breadcrumb\":{\"@id\":\"https:\/\/franciscanos.org.br\/noticias\/santos-arcanjos-com-frei-douglas-nas-primicias.html#breadcrumb\"},\"inLanguage\":\"pt-BR\",\"potentialAction\":[{\"@type\":\"ReadAction\",\"target\":[\"https:\/\/franciscanos.org.br\/noticias\/santos-arcanjos-com-frei-douglas-nas-primicias.html\"]}]},{\"@type\":\"BreadcrumbList\",\"@id\":\"https:\/\/franciscanos.org.br\/noticias\/santos-arcanjos-com-frei-douglas-nas-primicias.html#breadcrumb\",\"itemListElement\":[{\"@type\":\"ListItem\",\"position\":1,\"name\":\"Home\",\"item\":\"https:\/\/franciscanos.org.br\/noticias\"},{\"@type\":\"ListItem\",\"position\":2,\"name\":\"Ordena\u00e7\u00e3o presbiteral e prim\u00edcias de Frei Douglas Machado\"}]},{\"@type\":\"Person\",\"@id\":\"https:\/\/franciscanos.org.br\/noticias\/#\/schema\/person\/b38fbf43118f02820bd932f2e4b14ad3\",\"name\":\"admin\",\"image\":{\"@type\":\"ImageObject\",\"inLanguage\":\"pt-BR\",\"@id\":\"https:\/\/franciscanos.org.br\/noticias\/#\/schema\/person\/image\/\",\"url\":\"https:\/\/secure.gravatar.com\/avatar\/e8495742d34d0ba6448ea1c628263b3e?s=96&d=mm&r=g\",\"contentUrl\":\"https:\/\/secure.gravatar.com\/avatar\/e8495742d34d0ba6448ea1c628263b3e?s=96&d=mm&r=g\",\"caption\":\"admin\"},\"url\":\"https:\/\/franciscanos.org.br\/noticias\/author\/admin\"}]}<\/script>\n<!-- \/ Yoast SEO plugin. -->","yoast_head_json":{"title":"Ordena\u00e7\u00e3o presbiteral e prim\u00edcias de Frei Douglas Machado - Not\u00edcias - Franciscanos","robots":{"index":"index","follow":"follow","max-snippet":"max-snippet:-1","max-image-preview":"max-image-preview:large","max-video-preview":"max-video-preview:-1"},"canonical":"https:\/\/franciscanos.org.br\/noticias\/santos-arcanjos-com-frei-douglas-nas-primicias.html","og_locale":"pt_BR","og_type":"article","og_title":"Ordena\u00e7\u00e3o presbiteral e prim\u00edcias de Frei Douglas Machado - Not\u00edcias - Franciscanos","og_description":"Ordena\u00e7\u00e3o Presbiteral","og_url":"https:\/\/franciscanos.org.br\/noticias\/santos-arcanjos-com-frei-douglas-nas-primicias.html","og_site_name":"Not\u00edcias - Franciscanos","article_published_time":"2015-09-27T18:23:47+00:00","article_modified_time":"2019-08-06T15:49:31+00:00","og_image":[{"width":273,"height":182,"url":"https:\/\/franciscanos.org.br\/noticias\/wp-content\/uploads\/2015\/09\/meio4.jpg","type":"image\/jpeg"}],"author":"admin","twitter_card":"summary_large_image","twitter_misc":{"Escrito por":"admin","Est. tempo de leitura":"4 minutos"},"schema":{"@context":"https:\/\/schema.org","@graph":[{"@type":"WebSite","@id":"https:\/\/franciscanos.org.br\/noticias\/#website","url":"https:\/\/franciscanos.org.br\/noticias\/","name":"Not\u00edcias - Franciscanos","description":"Prov\u00edncia Franciscana da Imaculada Concei\u00e7\u00e3o do Brasil - Ordem dos Frades Menores - OFM","potentialAction":[{"@type":"SearchAction","target":{"@type":"EntryPoint","urlTemplate":"https:\/\/franciscanos.org.br\/noticias\/?s={search_term_string}"},"query-input":"required name=search_term_string"}],"inLanguage":"pt-BR"},{"@type":"ImageObject","inLanguage":"pt-BR","@id":"https:\/\/franciscanos.org.br\/noticias\/santos-arcanjos-com-frei-douglas-nas-primicias.html#primaryimage","url":"https:\/\/franciscanos.org.br\/noticias\/wp-content\/uploads\/2015\/09\/meio4.jpg","contentUrl":"https:\/\/franciscanos.org.br\/noticias\/wp-content\/uploads\/2015\/09\/meio4.jpg","width":273,"height":182},{"@type":"WebPage","@id":"https:\/\/franciscanos.org.br\/noticias\/santos-arcanjos-com-frei-douglas-nas-primicias.html#webpage","url":"https:\/\/franciscanos.org.br\/noticias\/santos-arcanjos-com-frei-douglas-nas-primicias.html","name":"Ordena\u00e7\u00e3o presbiteral e prim\u00edcias de Frei Douglas Machado - Not\u00edcias - Franciscanos","isPartOf":{"@id":"https:\/\/franciscanos.org.br\/noticias\/#website"},"primaryImageOfPage":{"@id":"https:\/\/franciscanos.org.br\/noticias\/santos-arcanjos-com-frei-douglas-nas-primicias.html#primaryimage"},"datePublished":"2015-09-27T18:23:47+00:00","dateModified":"2019-08-06T15:49:31+00:00","author":{"@id":"https:\/\/franciscanos.org.br\/noticias\/#\/schema\/person\/b38fbf43118f02820bd932f2e4b14ad3"},"breadcrumb":{"@id":"https:\/\/franciscanos.org.br\/noticias\/santos-arcanjos-com-frei-douglas-nas-primicias.html#breadcrumb"},"inLanguage":"pt-BR","potentialAction":[{"@type":"ReadAction","target":["https:\/\/franciscanos.org.br\/noticias\/santos-arcanjos-com-frei-douglas-nas-primicias.html"]}]},{"@type":"BreadcrumbList","@id":"https:\/\/franciscanos.org.br\/noticias\/santos-arcanjos-com-frei-douglas-nas-primicias.html#breadcrumb","itemListElement":[{"@type":"ListItem","position":1,"name":"Home","item":"https:\/\/franciscanos.org.br\/noticias"},{"@type":"ListItem","position":2,"name":"Ordena\u00e7\u00e3o presbiteral e prim\u00edcias de Frei Douglas Machado"}]},{"@type":"Person","@id":"https:\/\/franciscanos.org.br\/noticias\/#\/schema\/person\/b38fbf43118f02820bd932f2e4b14ad3","name":"admin","image":{"@type":"ImageObject","inLanguage":"pt-BR","@id":"https:\/\/franciscanos.org.br\/noticias\/#\/schema\/person\/image\/","url":"https:\/\/secure.gravatar.com\/avatar\/e8495742d34d0ba6448ea1c628263b3e?s=96&d=mm&r=g","contentUrl":"https:\/\/secure.gravatar.com\/avatar\/e8495742d34d0ba6448ea1c628263b3e?s=96&d=mm&r=g","caption":"admin"},"url":"https:\/\/franciscanos.org.br\/noticias\/author\/admin"}]}},"_links":{"self":[{"href":"https:\/\/franciscanos.org.br\/noticias\/wp-json\/wp\/v2\/posts\/94966"}],"collection":[{"href":"https:\/\/franciscanos.org.br\/noticias\/wp-json\/wp\/v2\/posts"}],"about":[{"href":"https:\/\/franciscanos.org.br\/noticias\/wp-json\/wp\/v2\/types\/post"}],"author":[{"embeddable":true,"href":"https:\/\/franciscanos.org.br\/noticias\/wp-json\/wp\/v2\/users\/1"}],"replies":[{"embeddable":true,"href":"https:\/\/franciscanos.org.br\/noticias\/wp-json\/wp\/v2\/comments?post=94966"}],"version-history":[{"count":0,"href":"https:\/\/franciscanos.org.br\/noticias\/wp-json\/wp\/v2\/posts\/94966\/revisions"}],"wp:featuredmedia":[{"embeddable":true,"href":"https:\/\/franciscanos.org.br\/noticias\/wp-json\/wp\/v2\/media\/208915"}],"wp:attachment":[{"href":"https:\/\/franciscanos.org.br\/noticias\/wp-json\/wp\/v2\/media?parent=94966"}],"wp:term":[{"taxonomy":"category","embeddable":true,"href":"https:\/\/franciscanos.org.br\/noticias\/wp-json\/wp\/v2\/categories?post=94966"},{"taxonomy":"post_tag","embeddable":true,"href":"https:\/\/franciscanos.org.br\/noticias\/wp-json\/wp\/v2\/tags?post=94966"}],"curies":[{"name":"wp","href":"https:\/\/api.w.org\/{rel}","templated":true}]}}