{"id":94743,"date":"2015-09-25T13:00:42","date_gmt":"2015-09-25T16:00:42","guid":{"rendered":"http:\/\/franciscanos.org.br\/?p=94743"},"modified":"2020-06-10T11:30:13","modified_gmt":"2020-06-10T14:30:13","slug":"a-importancia-de-integrar-o-negativo-da-existencia","status":"publish","type":"post","link":"https:\/\/franciscanos.org.br\/noticias\/a-importancia-de-integrar-o-negativo-da-existencia.html","title":{"rendered":"A import\u00e2ncia de integrar o negativo da exist\u00eancia"},"content":{"rendered":"<p><img loading=\"lazy\" src=\"https:\/\/franciscanos.org.br\/noticias\/wp-content\/uploads\/2015\/09\/expulsar-820.jpg\" alt=\"\" width=\"820\" height=\"401\" \/><\/p>\n<p><strong>Frei Gustavo Medella<\/strong><\/p>\n<p>Desgra\u00e7a, apodrecer, carcomido, enferrujado, matan\u00e7a, dem\u00f4nios, escandalizar, cortar a pr\u00f3pria m\u00e3o, cortar o pr\u00f3prio p\u00e9, arrancar o pr\u00f3prio olho, inferno, verme e fogo que n\u00e3o se apaga. Os termos que aparecem nas leituras da liturgia deste 26\u00ba Domingo do Tempo Comum parecem sa\u00eddos do roteiro de um filme de terror. Abordam o negativo da exist\u00eancia, dizem respeito ao que \u00e9 destrutivo, desagregador, funesto e que \u2013 pasmem \u2013 surge no pr\u00f3prio cora\u00e7\u00e3o humano quando ele se deixa levar pelo ego\u00edsmo, pela prepot\u00eancia, pela arrog\u00e2ncia, pela gan\u00e2ncia. Chega a assustar a possibilidade de imaginarmos que nosso cora\u00e7\u00e3o possa ser t\u00e3o feio quanto os cen\u00e1rios das mais terr\u00edveis produ\u00e7\u00f5es cinematogr\u00e1ficas.<\/p>\n<p>No entanto, esta possibilidade n\u00e3o nos deve apavorar quando temos a reta inten\u00e7\u00e3o e o esfor\u00e7o sincero de caminharmos na companhia de Jesus. \u00c9 ele a Luz que nos deixa ver para al\u00e9m de toda escurid\u00e3o e que nos permite dar passos seguros na dire\u00e7\u00e3o de uma vida realizada. Como colaboradores diretos de Cristo, somos chamados a profetizar (Cf. Nm 11,25-19) e a expulsar dem\u00f4nios (Mc 9,38-43.45.47-48), n\u00e3o por nossos m\u00e9ritos ou for\u00e7as, mas pela a\u00e7\u00e3o de Deus.<\/p>\n<p>O exerc\u00edcio do profeta \u00e9 aquele de anunciar a vontade de Deus e de combater toda pr\u00e1tica que contraria as prioridades do Reino. Profetizar \u00e9 ato de coragem e f\u00e9 que nem sempre agrada aquele a quem a profecia se dirige. Basta pensarmos nos destinat\u00e1rios da mensagem de S\u00e3o Tiago na carta que temos como segunda leitura (Tg 5,1-6). S\u00e3o palavras dur\u00edssimas, que chegam a ferir ou ouvidos de quem as ouve, mas necess\u00e1rias para reconduzir o cora\u00e7\u00e3o daqueles a quem s\u00e3o dirigidas. Mesmo sendo duro reconhecer, \u00e0s vezes cada um de n\u00f3s precisa ouvir alertas como estes, para o nosso pr\u00f3prio bem.<\/p>\n<p>Expulsar dem\u00f4nios, por sua vez, significa ajudar as pessoas a afastarem o mal para longe de si, n\u00e3o combatendo como em uma guerra sanguinolenta, mas trabalhando firme na constru\u00e7\u00e3o do bem. Interessante notar que a a\u00e7\u00e3o inspirada por Deus \u00e9 a de \u201cexpulsar o dem\u00f4nio\u201d, e n\u00e3o de \u201cimplant\u00e1-lo\u201d na vida das pessoas para depois domin\u00e1-las e explor\u00e1-las. Denomina\u00e7\u00f5es religiosas que insistem demais na presen\u00e7a do diabo e ocupam grande parte do seu tempo em fazer exorcismos e rituais de descarrego devem ser encaradas no m\u00ednimo com desconfian\u00e7a.<\/p>\n<p>Deus n\u00e3o chama ningu\u00e9m para fazer espet\u00e1culos nos quais o mal seja o protagonista, mas para, com todo esfor\u00e7o e empenho, trabalhar pela cultura do bem, da paz e da solidariedade. Quem assim age, \u00e9 verdadeiro evangelizador, pois est\u00e1 contribuindo para a constru\u00e7\u00e3o de um mundo melhor.<\/p>\n","protected":false},"excerpt":{"rendered":"<p>Liturgia dominical<\/p>\n","protected":false},"author":1,"featured_media":202557,"comment_status":"open","ping_status":"open","sticky":false,"template":"","format":"standard","meta":[],"categories":[1],"tags":[537],"acf":[],"yoast_head":"<!-- This site is optimized with the Yoast SEO plugin v19.2 - https:\/\/yoast.com\/wordpress\/plugins\/seo\/ -->\n<title>A import\u00e2ncia de integrar o negativo da exist\u00eancia - Not\u00edcias - Franciscanos<\/title>\n<meta name=\"robots\" content=\"index, follow, max-snippet:-1, max-image-preview:large, max-video-preview:-1\" \/>\n<link rel=\"canonical\" href=\"https:\/\/franciscanos.org.br\/noticias\/a-importancia-de-integrar-o-negativo-da-existencia.html\" \/>\n<meta property=\"og:locale\" content=\"pt_BR\" \/>\n<meta property=\"og:type\" content=\"article\" \/>\n<meta property=\"og:title\" content=\"A import\u00e2ncia de integrar o negativo da exist\u00eancia - Not\u00edcias - Franciscanos\" \/>\n<meta property=\"og:description\" content=\"Liturgia dominical\" \/>\n<meta property=\"og:url\" content=\"https:\/\/franciscanos.org.br\/noticias\/a-importancia-de-integrar-o-negativo-da-existencia.html\" \/>\n<meta property=\"og:site_name\" content=\"Not\u00edcias - Franciscanos\" \/>\n<meta property=\"article:published_time\" content=\"2015-09-25T16:00:42+00:00\" \/>\n<meta property=\"article:modified_time\" content=\"2020-06-10T14:30:13+00:00\" \/>\n<meta property=\"og:image\" content=\"https:\/\/franciscanos.org.br\/noticias\/wp-content\/uploads\/2015\/09\/expulsar-820-1.jpg\" \/>\n\t<meta property=\"og:image:width\" content=\"273\" \/>\n\t<meta property=\"og:image:height\" content=\"181\" \/>\n\t<meta property=\"og:image:type\" content=\"image\/jpeg\" \/>\n<meta name=\"author\" content=\"admin\" \/>\n<meta name=\"twitter:card\" content=\"summary_large_image\" \/>\n<meta name=\"twitter:label1\" content=\"Escrito por\" \/>\n\t<meta name=\"twitter:data1\" content=\"admin\" \/>\n\t<meta name=\"twitter:label2\" content=\"Est. tempo de leitura\" \/>\n\t<meta name=\"twitter:data2\" content=\"2 minutos\" \/>\n<script type=\"application\/ld+json\" class=\"yoast-schema-graph\">{\"@context\":\"https:\/\/schema.org\",\"@graph\":[{\"@type\":\"WebSite\",\"@id\":\"https:\/\/franciscanos.org.br\/noticias\/#website\",\"url\":\"https:\/\/franciscanos.org.br\/noticias\/\",\"name\":\"Not\u00edcias - Franciscanos\",\"description\":\"Prov\u00edncia Franciscana da Imaculada Concei\u00e7\u00e3o do Brasil - Ordem dos Frades Menores - OFM\",\"potentialAction\":[{\"@type\":\"SearchAction\",\"target\":{\"@type\":\"EntryPoint\",\"urlTemplate\":\"https:\/\/franciscanos.org.br\/noticias\/?s={search_term_string}\"},\"query-input\":\"required name=search_term_string\"}],\"inLanguage\":\"pt-BR\"},{\"@type\":\"ImageObject\",\"inLanguage\":\"pt-BR\",\"@id\":\"https:\/\/franciscanos.org.br\/noticias\/a-importancia-de-integrar-o-negativo-da-existencia.html#primaryimage\",\"url\":\"https:\/\/franciscanos.org.br\/noticias\/wp-content\/uploads\/2015\/09\/expulsar-820-1.jpg\",\"contentUrl\":\"https:\/\/franciscanos.org.br\/noticias\/wp-content\/uploads\/2015\/09\/expulsar-820-1.jpg\",\"width\":273,\"height\":181},{\"@type\":\"WebPage\",\"@id\":\"https:\/\/franciscanos.org.br\/noticias\/a-importancia-de-integrar-o-negativo-da-existencia.html#webpage\",\"url\":\"https:\/\/franciscanos.org.br\/noticias\/a-importancia-de-integrar-o-negativo-da-existencia.html\",\"name\":\"A import\u00e2ncia de integrar o negativo da exist\u00eancia - Not\u00edcias - Franciscanos\",\"isPartOf\":{\"@id\":\"https:\/\/franciscanos.org.br\/noticias\/#website\"},\"primaryImageOfPage\":{\"@id\":\"https:\/\/franciscanos.org.br\/noticias\/a-importancia-de-integrar-o-negativo-da-existencia.html#primaryimage\"},\"datePublished\":\"2015-09-25T16:00:42+00:00\",\"dateModified\":\"2020-06-10T14:30:13+00:00\",\"author\":{\"@id\":\"https:\/\/franciscanos.org.br\/noticias\/#\/schema\/person\/b38fbf43118f02820bd932f2e4b14ad3\"},\"breadcrumb\":{\"@id\":\"https:\/\/franciscanos.org.br\/noticias\/a-importancia-de-integrar-o-negativo-da-existencia.html#breadcrumb\"},\"inLanguage\":\"pt-BR\",\"potentialAction\":[{\"@type\":\"ReadAction\",\"target\":[\"https:\/\/franciscanos.org.br\/noticias\/a-importancia-de-integrar-o-negativo-da-existencia.html\"]}]},{\"@type\":\"BreadcrumbList\",\"@id\":\"https:\/\/franciscanos.org.br\/noticias\/a-importancia-de-integrar-o-negativo-da-existencia.html#breadcrumb\",\"itemListElement\":[{\"@type\":\"ListItem\",\"position\":1,\"name\":\"Home\",\"item\":\"https:\/\/franciscanos.org.br\/noticias\"},{\"@type\":\"ListItem\",\"position\":2,\"name\":\"A import\u00e2ncia de integrar o negativo da exist\u00eancia\"}]},{\"@type\":\"Person\",\"@id\":\"https:\/\/franciscanos.org.br\/noticias\/#\/schema\/person\/b38fbf43118f02820bd932f2e4b14ad3\",\"name\":\"admin\",\"image\":{\"@type\":\"ImageObject\",\"inLanguage\":\"pt-BR\",\"@id\":\"https:\/\/franciscanos.org.br\/noticias\/#\/schema\/person\/image\/\",\"url\":\"https:\/\/secure.gravatar.com\/avatar\/e8495742d34d0ba6448ea1c628263b3e?s=96&d=mm&r=g\",\"contentUrl\":\"https:\/\/secure.gravatar.com\/avatar\/e8495742d34d0ba6448ea1c628263b3e?s=96&d=mm&r=g\",\"caption\":\"admin\"},\"url\":\"https:\/\/franciscanos.org.br\/noticias\/author\/admin\"}]}<\/script>\n<!-- \/ Yoast SEO plugin. -->","yoast_head_json":{"title":"A import\u00e2ncia de integrar o negativo da exist\u00eancia - Not\u00edcias - Franciscanos","robots":{"index":"index","follow":"follow","max-snippet":"max-snippet:-1","max-image-preview":"max-image-preview:large","max-video-preview":"max-video-preview:-1"},"canonical":"https:\/\/franciscanos.org.br\/noticias\/a-importancia-de-integrar-o-negativo-da-existencia.html","og_locale":"pt_BR","og_type":"article","og_title":"A import\u00e2ncia de integrar o negativo da exist\u00eancia - Not\u00edcias - Franciscanos","og_description":"Liturgia dominical","og_url":"https:\/\/franciscanos.org.br\/noticias\/a-importancia-de-integrar-o-negativo-da-existencia.html","og_site_name":"Not\u00edcias - Franciscanos","article_published_time":"2015-09-25T16:00:42+00:00","article_modified_time":"2020-06-10T14:30:13+00:00","og_image":[{"width":273,"height":181,"url":"https:\/\/franciscanos.org.br\/noticias\/wp-content\/uploads\/2015\/09\/expulsar-820-1.jpg","type":"image\/jpeg"}],"author":"admin","twitter_card":"summary_large_image","twitter_misc":{"Escrito por":"admin","Est. tempo de leitura":"2 minutos"},"schema":{"@context":"https:\/\/schema.org","@graph":[{"@type":"WebSite","@id":"https:\/\/franciscanos.org.br\/noticias\/#website","url":"https:\/\/franciscanos.org.br\/noticias\/","name":"Not\u00edcias - Franciscanos","description":"Prov\u00edncia Franciscana da Imaculada Concei\u00e7\u00e3o do Brasil - Ordem dos Frades Menores - OFM","potentialAction":[{"@type":"SearchAction","target":{"@type":"EntryPoint","urlTemplate":"https:\/\/franciscanos.org.br\/noticias\/?s={search_term_string}"},"query-input":"required name=search_term_string"}],"inLanguage":"pt-BR"},{"@type":"ImageObject","inLanguage":"pt-BR","@id":"https:\/\/franciscanos.org.br\/noticias\/a-importancia-de-integrar-o-negativo-da-existencia.html#primaryimage","url":"https:\/\/franciscanos.org.br\/noticias\/wp-content\/uploads\/2015\/09\/expulsar-820-1.jpg","contentUrl":"https:\/\/franciscanos.org.br\/noticias\/wp-content\/uploads\/2015\/09\/expulsar-820-1.jpg","width":273,"height":181},{"@type":"WebPage","@id":"https:\/\/franciscanos.org.br\/noticias\/a-importancia-de-integrar-o-negativo-da-existencia.html#webpage","url":"https:\/\/franciscanos.org.br\/noticias\/a-importancia-de-integrar-o-negativo-da-existencia.html","name":"A import\u00e2ncia de integrar o negativo da exist\u00eancia - Not\u00edcias - Franciscanos","isPartOf":{"@id":"https:\/\/franciscanos.org.br\/noticias\/#website"},"primaryImageOfPage":{"@id":"https:\/\/franciscanos.org.br\/noticias\/a-importancia-de-integrar-o-negativo-da-existencia.html#primaryimage"},"datePublished":"2015-09-25T16:00:42+00:00","dateModified":"2020-06-10T14:30:13+00:00","author":{"@id":"https:\/\/franciscanos.org.br\/noticias\/#\/schema\/person\/b38fbf43118f02820bd932f2e4b14ad3"},"breadcrumb":{"@id":"https:\/\/franciscanos.org.br\/noticias\/a-importancia-de-integrar-o-negativo-da-existencia.html#breadcrumb"},"inLanguage":"pt-BR","potentialAction":[{"@type":"ReadAction","target":["https:\/\/franciscanos.org.br\/noticias\/a-importancia-de-integrar-o-negativo-da-existencia.html"]}]},{"@type":"BreadcrumbList","@id":"https:\/\/franciscanos.org.br\/noticias\/a-importancia-de-integrar-o-negativo-da-existencia.html#breadcrumb","itemListElement":[{"@type":"ListItem","position":1,"name":"Home","item":"https:\/\/franciscanos.org.br\/noticias"},{"@type":"ListItem","position":2,"name":"A import\u00e2ncia de integrar o negativo da exist\u00eancia"}]},{"@type":"Person","@id":"https:\/\/franciscanos.org.br\/noticias\/#\/schema\/person\/b38fbf43118f02820bd932f2e4b14ad3","name":"admin","image":{"@type":"ImageObject","inLanguage":"pt-BR","@id":"https:\/\/franciscanos.org.br\/noticias\/#\/schema\/person\/image\/","url":"https:\/\/secure.gravatar.com\/avatar\/e8495742d34d0ba6448ea1c628263b3e?s=96&d=mm&r=g","contentUrl":"https:\/\/secure.gravatar.com\/avatar\/e8495742d34d0ba6448ea1c628263b3e?s=96&d=mm&r=g","caption":"admin"},"url":"https:\/\/franciscanos.org.br\/noticias\/author\/admin"}]}},"_links":{"self":[{"href":"https:\/\/franciscanos.org.br\/noticias\/wp-json\/wp\/v2\/posts\/94743"}],"collection":[{"href":"https:\/\/franciscanos.org.br\/noticias\/wp-json\/wp\/v2\/posts"}],"about":[{"href":"https:\/\/franciscanos.org.br\/noticias\/wp-json\/wp\/v2\/types\/post"}],"author":[{"embeddable":true,"href":"https:\/\/franciscanos.org.br\/noticias\/wp-json\/wp\/v2\/users\/1"}],"replies":[{"embeddable":true,"href":"https:\/\/franciscanos.org.br\/noticias\/wp-json\/wp\/v2\/comments?post=94743"}],"version-history":[{"count":1,"href":"https:\/\/franciscanos.org.br\/noticias\/wp-json\/wp\/v2\/posts\/94743\/revisions"}],"predecessor-version":[{"id":225924,"href":"https:\/\/franciscanos.org.br\/noticias\/wp-json\/wp\/v2\/posts\/94743\/revisions\/225924"}],"wp:featuredmedia":[{"embeddable":true,"href":"https:\/\/franciscanos.org.br\/noticias\/wp-json\/wp\/v2\/media\/202557"}],"wp:attachment":[{"href":"https:\/\/franciscanos.org.br\/noticias\/wp-json\/wp\/v2\/media?parent=94743"}],"wp:term":[{"taxonomy":"category","embeddable":true,"href":"https:\/\/franciscanos.org.br\/noticias\/wp-json\/wp\/v2\/categories?post=94743"},{"taxonomy":"post_tag","embeddable":true,"href":"https:\/\/franciscanos.org.br\/noticias\/wp-json\/wp\/v2\/tags?post=94743"}],"curies":[{"name":"wp","href":"https:\/\/api.w.org\/{rel}","templated":true}]}}