{"id":94363,"date":"2015-09-21T08:13:07","date_gmt":"2015-09-21T11:13:07","guid":{"rendered":"http:\/\/franciscanos.org.br\/?p=94363"},"modified":"2019-01-23T17:04:16","modified_gmt":"2019-01-23T19:04:16","slug":"lancamentos-da-semana-6","status":"publish","type":"post","link":"https:\/\/franciscanos.org.br\/noticias\/lancamentos-da-semana-6.html","title":{"rendered":"Lan\u00e7amentos da semana"},"content":{"rendered":"<h3><strong><a href=\"http:\/\/franciscanos.org.br\/wp-content\/uploads\/2015\/09\/pensando-alto.jpg\"><img loading=\"lazy\" class=\"alignleft size-full wp-image-94365\" src=\"http:\/\/franciscanos.org.br\/wp-content\/uploads\/2015\/09\/pensando-alto.jpg\" alt=\"pensando-alto\" width=\"200\" height=\"319\" \/><\/a>Pensando Alto<\/strong><\/h3>\n<p><strong>Reflex\u00f5es subjetivas a partir da B\u00edblia<br \/>\n<\/strong><strong>Frei Vicente<\/strong><\/p>\n<p>Este livro trata de quest\u00f5es existenciais como relacionamento, gratuidade, e imagem de Deus e conduzem discernimento entre Antigo e Novo Testamento.<\/p>\n<p>Em linguagem espont\u00e2nea, Frei Vicente exp\u00f5e sua vis\u00e3o diferenciada de mundo que ultrapassa prejulgamentos e desmistifica a interpreta\u00e7\u00e3o b\u00edblica fundamentalista. Suas homilias abordam o significado de ser crist\u00e3o no mundo moderno e temas relacionados ao cotidiano que inspiram reflex\u00f5es sobre a realidade e induzem ao autoconhecimento.<\/p>\n<p style=\"padding-left: 30px;\"><strong>Frei Vicente<\/strong><em>, batizado com o nome Volker, nasceu a 15 de maio de 1945 em Schwerin, na Alemanha Oriental, e chegou ao Brasil em janeiro de 1965. Ingressou na Ordem dos Frades Menores em dezembro 1965 e foi ordenado sacerdote em 16 de abril de 1972 pela Arquidiocese de Col\u00f4nia em D\u00fcsseldorf, Alemanha. Re\u00fane os t\u00edtulos de Mestre em Supervis\u00e3o e Curr\u00edculo pela Pontif\u00edcia Universidade Cat\u00f3lica de S\u00e3o Paulo (PUC\/SP), de Especialista em Psican\u00e1lise e de Especialista em Espiritualidade, pelo Instituto Teol\u00f3gico de Medell\u00edn, Col\u00f4mbia. Atualmente \u00e9 Secret\u00e1rio de Ensino e Pesquisa da Escola Superior do Minist\u00e9rio P\u00fablico da Uni\u00e3o; Membro da Ordem de Malta; Presidente da Associa\u00e7\u00e3o Cruz de Malta, institui\u00e7\u00e3o que atende a quatrocentas crian\u00e7as de quatro meses a tr\u00eas anos e representante de trinta e duas congrega\u00e7\u00f5es religiosas com atividades filantr\u00f3picas nas \u00e1reas de comunica\u00e7\u00e3o, sa\u00fade e educa\u00e7\u00e3o.<\/em><\/p>\n<p><strong>N\u00ba DE P\u00c1GINAS<\/strong><strong>:\u00a0280<\/strong><\/p>\n<p><em>\u00a0<\/em><\/p>\n<h3><strong><a href=\"http:\/\/franciscanos.org.br\/wp-content\/uploads\/2015\/09\/o-poder-dos-imperfeitos.jpg\"><img loading=\"lazy\" class=\"alignleft size-full wp-image-94366\" src=\"http:\/\/franciscanos.org.br\/wp-content\/uploads\/2015\/09\/o-poder-dos-imperfeitos.jpg\" alt=\"o-poder-dos-imperfeitos\" width=\"200\" height=\"266\" \/><\/a>O poder dos imperfeitos<\/strong><\/h3>\n<p><strong>Elizabeth Gummesson<\/strong><\/p>\n<p>Um perfeccionista \u00e9, por defini\u00e7\u00e3o, uma pessoa que quer ter tudo perfeito em sua vida e \u00e0 sua volta, que n\u00e3o aceita nem insufici\u00eancias nem fracassos e, acima de tudo, n\u00e3o tolera erros em suas pr\u00f3prias a\u00e7\u00f5es. Mas o bom senso nos diz que isso \u00e9 completamente imposs\u00edvel. N\u00e3o existe ser humano no mundo que, o tempo todo, fa\u00e7a tudo perfeito em todas as esferas da vida.<\/p>\n<p><em>O poder dos imperfeitos <\/em>ajudar\u00e1 voc\u00ea a acionar o seu perfeccionismo quando realmente precisar dele, em vez de ficar carregando-o por toda parte como uma corda no pesco\u00e7o.<\/p>\n<p>A autora mostra como voc\u00ea pode lidar com o seu perfeccionismo, e como pode aprender a contentar-se com um \u201c<em>suficientemente bom<\/em>\u201d, levando uma vida mais harmoniosa, com mais sentimento, com uma presen\u00e7a mais intensa no aqui e agora, com mais prazer e menos press\u00e3o por resultados.<\/p>\n<p style=\"padding-left: 30px;\"><strong>Elizabeth Gummesson <\/strong><em>\u00e9 escritora, coch e terapeuta. Entre seus clientes est\u00e3o grandes empresas internacionais, grupos e organiza\u00e7\u00f5es suecas. Ela tamb\u00e9m trabalha com cursos de habilidades de comunica\u00e7\u00e3o e lideran\u00e7a para gestores, focando a medi\u00e7\u00e3o de conflitos no trabalho e a gest\u00e3o de crises pessoais. Elizabeth \u00e9 autora de diversos livros bestseller na Su\u00e9cia e em outros pa\u00edses, como Alemanha, R\u00fassia e \u00cdndia. Tem constante destaque na m\u00eddia, tanto na televis\u00e3o, como em r\u00e1dio e jornais.<\/em><\/p>\n<p><strong>N\u00ba DE P\u00c1GINAS: \u00a0256<\/strong><\/p>\n<p><em>\u00a0<\/em><\/p>\n","protected":false},"excerpt":{"rendered":"<p>Editora Vozes<\/p>\n","protected":false},"author":1,"featured_media":194592,"comment_status":"open","ping_status":"open","sticky":false,"template":"","format":"standard","meta":[],"categories":[1],"tags":[238],"acf":[],"yoast_head":"<!-- This site is optimized with the Yoast SEO plugin v19.2 - https:\/\/yoast.com\/wordpress\/plugins\/seo\/ -->\n<title>Lan\u00e7amentos da semana - Not\u00edcias - Franciscanos<\/title>\n<meta name=\"robots\" content=\"index, follow, max-snippet:-1, max-image-preview:large, max-video-preview:-1\" \/>\n<link rel=\"canonical\" href=\"https:\/\/franciscanos.org.br\/noticias\/lancamentos-da-semana-6.html\" \/>\n<meta property=\"og:locale\" content=\"pt_BR\" \/>\n<meta property=\"og:type\" content=\"article\" \/>\n<meta property=\"og:title\" content=\"Lan\u00e7amentos da semana - Not\u00edcias - Franciscanos\" \/>\n<meta property=\"og:description\" content=\"Editora Vozes\" \/>\n<meta property=\"og:url\" content=\"https:\/\/franciscanos.org.br\/noticias\/lancamentos-da-semana-6.html\" \/>\n<meta property=\"og:site_name\" content=\"Not\u00edcias - Franciscanos\" \/>\n<meta property=\"article:published_time\" content=\"2015-09-21T11:13:07+00:00\" \/>\n<meta property=\"article:modified_time\" content=\"2019-01-23T19:04:16+00:00\" \/>\n<meta property=\"og:image\" content=\"https:\/\/franciscanos.org.br\/noticias\/wp-content\/uploads\/2017\/11\/vozes.png\" \/>\n\t<meta property=\"og:image:width\" content=\"273\" \/>\n\t<meta property=\"og:image:height\" content=\"181\" \/>\n\t<meta property=\"og:image:type\" content=\"image\/png\" \/>\n<meta name=\"author\" content=\"admin\" \/>\n<meta name=\"twitter:card\" content=\"summary_large_image\" \/>\n<meta name=\"twitter:label1\" content=\"Escrito por\" \/>\n\t<meta name=\"twitter:data1\" content=\"admin\" \/>\n\t<meta name=\"twitter:label2\" content=\"Est. tempo de leitura\" \/>\n\t<meta name=\"twitter:data2\" content=\"2 minutos\" \/>\n<script type=\"application\/ld+json\" class=\"yoast-schema-graph\">{\"@context\":\"https:\/\/schema.org\",\"@graph\":[{\"@type\":\"WebSite\",\"@id\":\"https:\/\/franciscanos.org.br\/noticias\/#website\",\"url\":\"https:\/\/franciscanos.org.br\/noticias\/\",\"name\":\"Not\u00edcias - Franciscanos\",\"description\":\"Prov\u00edncia Franciscana da Imaculada Concei\u00e7\u00e3o do Brasil - Ordem dos Frades Menores - OFM\",\"potentialAction\":[{\"@type\":\"SearchAction\",\"target\":{\"@type\":\"EntryPoint\",\"urlTemplate\":\"https:\/\/franciscanos.org.br\/noticias\/?s={search_term_string}\"},\"query-input\":\"required name=search_term_string\"}],\"inLanguage\":\"pt-BR\"},{\"@type\":\"ImageObject\",\"inLanguage\":\"pt-BR\",\"@id\":\"https:\/\/franciscanos.org.br\/noticias\/lancamentos-da-semana-6.html#primaryimage\",\"url\":\"https:\/\/franciscanos.org.br\/noticias\/wp-content\/uploads\/2017\/11\/vozes.png\",\"contentUrl\":\"https:\/\/franciscanos.org.br\/noticias\/wp-content\/uploads\/2017\/11\/vozes.png\",\"width\":273,\"height\":181},{\"@type\":\"WebPage\",\"@id\":\"https:\/\/franciscanos.org.br\/noticias\/lancamentos-da-semana-6.html#webpage\",\"url\":\"https:\/\/franciscanos.org.br\/noticias\/lancamentos-da-semana-6.html\",\"name\":\"Lan\u00e7amentos da semana - Not\u00edcias - Franciscanos\",\"isPartOf\":{\"@id\":\"https:\/\/franciscanos.org.br\/noticias\/#website\"},\"primaryImageOfPage\":{\"@id\":\"https:\/\/franciscanos.org.br\/noticias\/lancamentos-da-semana-6.html#primaryimage\"},\"datePublished\":\"2015-09-21T11:13:07+00:00\",\"dateModified\":\"2019-01-23T19:04:16+00:00\",\"author\":{\"@id\":\"https:\/\/franciscanos.org.br\/noticias\/#\/schema\/person\/b38fbf43118f02820bd932f2e4b14ad3\"},\"breadcrumb\":{\"@id\":\"https:\/\/franciscanos.org.br\/noticias\/lancamentos-da-semana-6.html#breadcrumb\"},\"inLanguage\":\"pt-BR\",\"potentialAction\":[{\"@type\":\"ReadAction\",\"target\":[\"https:\/\/franciscanos.org.br\/noticias\/lancamentos-da-semana-6.html\"]}]},{\"@type\":\"BreadcrumbList\",\"@id\":\"https:\/\/franciscanos.org.br\/noticias\/lancamentos-da-semana-6.html#breadcrumb\",\"itemListElement\":[{\"@type\":\"ListItem\",\"position\":1,\"name\":\"Home\",\"item\":\"https:\/\/franciscanos.org.br\/noticias\"},{\"@type\":\"ListItem\",\"position\":2,\"name\":\"Lan\u00e7amentos da semana\"}]},{\"@type\":\"Person\",\"@id\":\"https:\/\/franciscanos.org.br\/noticias\/#\/schema\/person\/b38fbf43118f02820bd932f2e4b14ad3\",\"name\":\"admin\",\"image\":{\"@type\":\"ImageObject\",\"inLanguage\":\"pt-BR\",\"@id\":\"https:\/\/franciscanos.org.br\/noticias\/#\/schema\/person\/image\/\",\"url\":\"https:\/\/secure.gravatar.com\/avatar\/e8495742d34d0ba6448ea1c628263b3e?s=96&d=mm&r=g\",\"contentUrl\":\"https:\/\/secure.gravatar.com\/avatar\/e8495742d34d0ba6448ea1c628263b3e?s=96&d=mm&r=g\",\"caption\":\"admin\"},\"url\":\"https:\/\/franciscanos.org.br\/noticias\/author\/admin\"}]}<\/script>\n<!-- \/ Yoast SEO plugin. -->","yoast_head_json":{"title":"Lan\u00e7amentos da semana - Not\u00edcias - Franciscanos","robots":{"index":"index","follow":"follow","max-snippet":"max-snippet:-1","max-image-preview":"max-image-preview:large","max-video-preview":"max-video-preview:-1"},"canonical":"https:\/\/franciscanos.org.br\/noticias\/lancamentos-da-semana-6.html","og_locale":"pt_BR","og_type":"article","og_title":"Lan\u00e7amentos da semana - Not\u00edcias - Franciscanos","og_description":"Editora Vozes","og_url":"https:\/\/franciscanos.org.br\/noticias\/lancamentos-da-semana-6.html","og_site_name":"Not\u00edcias - Franciscanos","article_published_time":"2015-09-21T11:13:07+00:00","article_modified_time":"2019-01-23T19:04:16+00:00","og_image":[{"width":273,"height":181,"url":"https:\/\/franciscanos.org.br\/noticias\/wp-content\/uploads\/2017\/11\/vozes.png","type":"image\/png"}],"author":"admin","twitter_card":"summary_large_image","twitter_misc":{"Escrito por":"admin","Est. tempo de leitura":"2 minutos"},"schema":{"@context":"https:\/\/schema.org","@graph":[{"@type":"WebSite","@id":"https:\/\/franciscanos.org.br\/noticias\/#website","url":"https:\/\/franciscanos.org.br\/noticias\/","name":"Not\u00edcias - Franciscanos","description":"Prov\u00edncia Franciscana da Imaculada Concei\u00e7\u00e3o do Brasil - Ordem dos Frades Menores - OFM","potentialAction":[{"@type":"SearchAction","target":{"@type":"EntryPoint","urlTemplate":"https:\/\/franciscanos.org.br\/noticias\/?s={search_term_string}"},"query-input":"required name=search_term_string"}],"inLanguage":"pt-BR"},{"@type":"ImageObject","inLanguage":"pt-BR","@id":"https:\/\/franciscanos.org.br\/noticias\/lancamentos-da-semana-6.html#primaryimage","url":"https:\/\/franciscanos.org.br\/noticias\/wp-content\/uploads\/2017\/11\/vozes.png","contentUrl":"https:\/\/franciscanos.org.br\/noticias\/wp-content\/uploads\/2017\/11\/vozes.png","width":273,"height":181},{"@type":"WebPage","@id":"https:\/\/franciscanos.org.br\/noticias\/lancamentos-da-semana-6.html#webpage","url":"https:\/\/franciscanos.org.br\/noticias\/lancamentos-da-semana-6.html","name":"Lan\u00e7amentos da semana - Not\u00edcias - Franciscanos","isPartOf":{"@id":"https:\/\/franciscanos.org.br\/noticias\/#website"},"primaryImageOfPage":{"@id":"https:\/\/franciscanos.org.br\/noticias\/lancamentos-da-semana-6.html#primaryimage"},"datePublished":"2015-09-21T11:13:07+00:00","dateModified":"2019-01-23T19:04:16+00:00","author":{"@id":"https:\/\/franciscanos.org.br\/noticias\/#\/schema\/person\/b38fbf43118f02820bd932f2e4b14ad3"},"breadcrumb":{"@id":"https:\/\/franciscanos.org.br\/noticias\/lancamentos-da-semana-6.html#breadcrumb"},"inLanguage":"pt-BR","potentialAction":[{"@type":"ReadAction","target":["https:\/\/franciscanos.org.br\/noticias\/lancamentos-da-semana-6.html"]}]},{"@type":"BreadcrumbList","@id":"https:\/\/franciscanos.org.br\/noticias\/lancamentos-da-semana-6.html#breadcrumb","itemListElement":[{"@type":"ListItem","position":1,"name":"Home","item":"https:\/\/franciscanos.org.br\/noticias"},{"@type":"ListItem","position":2,"name":"Lan\u00e7amentos da semana"}]},{"@type":"Person","@id":"https:\/\/franciscanos.org.br\/noticias\/#\/schema\/person\/b38fbf43118f02820bd932f2e4b14ad3","name":"admin","image":{"@type":"ImageObject","inLanguage":"pt-BR","@id":"https:\/\/franciscanos.org.br\/noticias\/#\/schema\/person\/image\/","url":"https:\/\/secure.gravatar.com\/avatar\/e8495742d34d0ba6448ea1c628263b3e?s=96&d=mm&r=g","contentUrl":"https:\/\/secure.gravatar.com\/avatar\/e8495742d34d0ba6448ea1c628263b3e?s=96&d=mm&r=g","caption":"admin"},"url":"https:\/\/franciscanos.org.br\/noticias\/author\/admin"}]}},"_links":{"self":[{"href":"https:\/\/franciscanos.org.br\/noticias\/wp-json\/wp\/v2\/posts\/94363"}],"collection":[{"href":"https:\/\/franciscanos.org.br\/noticias\/wp-json\/wp\/v2\/posts"}],"about":[{"href":"https:\/\/franciscanos.org.br\/noticias\/wp-json\/wp\/v2\/types\/post"}],"author":[{"embeddable":true,"href":"https:\/\/franciscanos.org.br\/noticias\/wp-json\/wp\/v2\/users\/1"}],"replies":[{"embeddable":true,"href":"https:\/\/franciscanos.org.br\/noticias\/wp-json\/wp\/v2\/comments?post=94363"}],"version-history":[{"count":0,"href":"https:\/\/franciscanos.org.br\/noticias\/wp-json\/wp\/v2\/posts\/94363\/revisions"}],"wp:featuredmedia":[{"embeddable":true,"href":"https:\/\/franciscanos.org.br\/noticias\/wp-json\/wp\/v2\/media\/194592"}],"wp:attachment":[{"href":"https:\/\/franciscanos.org.br\/noticias\/wp-json\/wp\/v2\/media?parent=94363"}],"wp:term":[{"taxonomy":"category","embeddable":true,"href":"https:\/\/franciscanos.org.br\/noticias\/wp-json\/wp\/v2\/categories?post=94363"},{"taxonomy":"post_tag","embeddable":true,"href":"https:\/\/franciscanos.org.br\/noticias\/wp-json\/wp\/v2\/tags?post=94363"}],"curies":[{"name":"wp","href":"https:\/\/api.w.org\/{rel}","templated":true}]}}