{"id":94347,"date":"2015-09-19T21:47:04","date_gmt":"2015-09-20T00:47:04","guid":{"rendered":"http:\/\/franciscanos.org.br\/?p=94347"},"modified":"2021-04-19T22:30:12","modified_gmt":"2021-04-20T01:30:12","slug":"tres-jovens-declaram-deus-basta-para-eles","status":"publish","type":"post","link":"https:\/\/franciscanos.org.br\/noticias\/tres-jovens-declaram-deus-basta-para-eles.html","title":{"rendered":"Em Petr\u00f3polis, tr\u00eas jovens declaram: Deus basta para eles"},"content":{"rendered":"<p><img loading=\"lazy\" src=\"http:\/\/franciscanos.org.br\/wp-content\/uploads\/2015\/09\/professo_1.jpg\" alt=\"professo_1\" width=\"820\" height=\"615\" \/><\/p>\n<p><strong>Moacir Beggo<\/strong><\/p>\n<p><strong>Petr\u00f3polis (RJ)<\/strong> &#8211; O Vig\u00e1rio Provincial, Frei Est\u00eav\u00e3o Ottenbreit, traduziu com simplicidade e profundidade a profiss\u00e3o solene de Frei Gabriel Vargas Dias Alves, Frei Leandro Costa Santos e Frei Marx Rodrigues dos Reis: &#8220;O que voc\u00eas hoje prometem ser\u00e1 uma solene declara\u00e7\u00e3o que Deus \u00e9 capaz de preencher o seu cora\u00e7\u00e3o e faz\u00ea-los felizes&#8221;. Esse momento celebrativo foi realizado neste s\u00e1bado (19 de setembro), \u00e0s 16h15, na Igreja \u00a0do Sagrado Cora\u00e7\u00e3o de Jesus de Petr\u00f3polis (RJ), que lotou para ver os neoprofessos da Prov\u00edncia Franciscana da Imaculada Concei\u00e7\u00e3o.<\/p>\n<p>Al\u00e9m dos concelebrantes, Frei C\u00e9sar K\u00fclkamp, guardi\u00e3o da Fraternidade do Sagrado; de Frei Jorge Schiavini, guardi\u00e3o da Fraternidade de Duque de Caxias, Frei Jos\u00e9 Ariovaldo e o Pe. \u00a0M\u00e1rcio Jos\u00e9 Hor\u00e1cio, da Par\u00f3quia Sant\u00edssima Trindade de Nil\u00f3polis, o presbit\u00e9rio ficou lotado de frades que vieram de toda a Prov\u00edncia, dos Frades Capuchinhos e Agostianianos.<\/p>\n<p>O rito da profiss\u00e3o solene come\u00e7ou depois da leitura do Evangelho. O mestre Frei Marcos Andrade chamou cada um dos professandos pelo nome. Em p\u00e9, diante do Vig\u00e1rio Provincial, eles responderam: \u201cAqui estou!\u201d. O mestre, ent\u00e3o, fez um breve resumo da vida de cada professando. Depois, juntos, eles fizeram o pedido para serem admitidos definitivamente na Ordem dos Frades Menores.<\/p>\n<p><a href=\"http:\/\/franciscanos.org.br\/wp-content\/uploads\/2015\/09\/professo_2.jpg\"><img loading=\"lazy\" class=\"alignright size-full wp-image-94349\" src=\"http:\/\/franciscanos.org.br\/wp-content\/uploads\/2015\/09\/professo_2.jpg\" alt=\"professo_2\" width=\"500\" height=\"667\" \/><\/a>&#8220;Creio, realmente, que Francisco de Assis continua a entusiasmar e a atrair jovens para esta causa. A presen\u00e7a de voc\u00eas tr\u00eas nesta tarde nos d\u00e1 prova disso&#8221;, disse o Vig\u00e1rio Provincial na sua homilia. &#8220;A eles queremos dizer tamb\u00e9m uma palavra de agradecimento por acolher esta voca\u00e7\u00e3o a ponto de querer hoje assumi-la por toda a vida&#8221;, disse.<\/p>\n<p>Segundo Frei Est\u00eav\u00e3o, por uma feliz coincid\u00eancia, Frei Leandro, Frei Marx e Frei Gabriel fazem a profiss\u00e3o solene no ano que o Papa Francisco dedicou \u00e0 vida consagrada. &#8220;Em primeiro lugar, ele certamente nos quer dizer que conta com os consagrados na tarefa de evangelizar. O Papa alimenta algumas expectativas bem concretas. Expectativas que se tornam muito significativas para o momento que estamos celebrando&#8221;, explicou.<\/p>\n<p>Segundo ele, a primeira expectativa \u00e9 que os consagrados sejam profetas. &#8220;At\u00e9 diz que o &#8216;ser profeta&#8217; dever\u00e1 ser a nota caracter\u00edstica de quem se consagra. Em outras palavras: os consagrados seguem o Senhor de uma maneira especial, de modo prof\u00e9tico: como pessoas que testemunham Jesus nesta terra. E esta maneira de viver, de ser e agir dever\u00e1 &#8216;despertar&#8217; o mundo, despertar as pessoas para a mensagem de Deus e para a constru\u00e7\u00e3o do mundo e da sociedade conforme o Plano de Deus. Na escuta de Deus, o profeta recebe a capacidade de perscrutar o mundo e a sociedade em que vive. Identificar\u00e1 os grandes desafios e ser\u00e1 capaz de ajudar a discernir e, se necess\u00e1rio for, a denunciar os problemas e apontar alternativas&#8221;, acrescentou.<\/p>\n<p>Outra expectativa do Papa \u00e9 que os consagrados sejam &#8220;peritos em comunh\u00e3o&#8221;. &#8220;O Papa Francisco pede que os consagrados sejam de vanguarda, sejam peritos, especialistas, desta comunh\u00e3o, e que a Igreja na qual consagramos a Deus seja &#8216;casa e escola de comunh\u00e3o&#8217;. Queremos come\u00e7ar na pr\u00f3pria casa: viver em fraternidade&#8221;, observou o celebrante.<\/p>\n<p>Por \u00faltimo, Frei Est\u00eav\u00e3o lembrou que o Papa pede alegria aos religiosos e n\u00e3o um seguimento triste. &#8220;\u00c9 verdade. Quem se consagra a Deus, como voc\u00eas, faz ren\u00fancias. Voc\u00eas prometer\u00e3o colocar a vontade pr\u00f3pria em segundo lugar para poder abra\u00e7ar prioritariamente a vontade de Deus. Voc\u00eas prometer\u00e3o viver sem nada de pr\u00f3prio para estarem livres de qualquer amarra que os impe\u00e7a de dar-se de corpo e alma na constru\u00e7\u00e3o do Reino de Deus. Voc\u00eas prometer\u00e3o viver em castidade, de n\u00e3o unir-se a uma s\u00f3 pessoa e eventualmente constituir fam\u00edlia, para viver em Fraternidade que se abre e se coloca a servi\u00e7o de todos os irm\u00e3os e irm\u00e3s&#8221;, detalhou, referindo-se aos votos.<\/p>\n<p><a href=\"http:\/\/franciscanos.org.br\/wp-content\/uploads\/2015\/09\/professo_3.jpg\"><img loading=\"lazy\" class=\"alignleft size-full wp-image-94350\" src=\"http:\/\/franciscanos.org.br\/wp-content\/uploads\/2015\/09\/professo_3.jpg\" alt=\"professo_3\" width=\"500\" height=\"375\" \/><\/a>Para Frei Est\u00eav\u00e3o, \u00e9 uma ren\u00fancia bem-aventurada: &#8220;Uma ren\u00fancia que imita a Jesus a quem queremos seguir: obediente ao Pai, colocando-se em \u00faltimo lugar e dando a sua vida para todos&#8221;.<\/p>\n<p>Segundo o celebrante, mais do que felizes, pela profiss\u00e3o, Deus os convida agora a partilhar de modo especial da sua alegria: a alegria de criar amando, de serem semeadores do amor, de serem irm\u00e3os e menores.<\/p>\n<p>Terminada a homilia, o rito recome\u00e7ou. Os pais dos professandos acenderam uma vela no C\u00edrio Pascal e entregaram a eles para recordar a voca\u00e7\u00e3o batismal que neles est\u00e1 se desabrochando como voca\u00e7\u00e3o religiosa franciscana. Depois, Frei Est\u00eav\u00e3o perguntou aos professandos pelas motiva\u00e7\u00f5es que eles trouxeram ao pedir a admiss\u00e3o definitiva na Ordem dos Frades Menores. Em seguida, ele pediu a intercess\u00e3o de todos os Santos da Ordem para os novos irm\u00e3os.<\/p>\n<p>Terminada a Ladainha de todos os Santos, os professandos se prostraram de joelhos diante do Vig\u00e1rio Provincial, colocaram as suas m\u00e3os nas \u00a0m\u00e3os do Vig\u00e1rio, num gesto de entrega, de obedi\u00eancia, e leram a f\u00f3rmula de profiss\u00e3o definitiva na Ordem dos Frades Menores<\/p>\n<p>Como professos eles assinam \u00a0dois documentos: um de confirma\u00e7\u00e3o dos votos emitidos e o outro de ren\u00fancia a todos os bens, para se tornarem mais livres no seguimento com gratuidade de Jesus. Cada neoprofesso recebeu do Vig\u00e1rio a Regra de Vida e o rito terminou com o abra\u00e7o caloroso dos confrades.<\/p>\n<p>A liturgia continuou solenemente at\u00e9 o final da comunh\u00e3o. No momento de agradecimento falou em nome do grupo Frei Leandro, ou melhor, ele cantou para falar da caminhada vocacional e agradeceu \u00e0 Prov\u00edncia, aos formadores, \u00e0s fam\u00edlias e a Deus pelo dom da voca\u00e7\u00e3o.<\/p>\n","protected":false},"excerpt":{"rendered":"<p>Profiss\u00e3o solene<\/p>\n","protected":false},"author":1,"featured_media":220208,"comment_status":"open","ping_status":"open","sticky":false,"template":"","format":"standard","meta":[],"categories":[1],"tags":[190,418],"acf":[],"yoast_head":"<!-- This site is optimized with the Yoast SEO plugin v19.2 - https:\/\/yoast.com\/wordpress\/plugins\/seo\/ -->\n<title>Em Petr\u00f3polis, tr\u00eas jovens declaram: Deus basta para eles - Not\u00edcias - Franciscanos<\/title>\n<meta name=\"robots\" content=\"index, follow, max-snippet:-1, max-image-preview:large, max-video-preview:-1\" \/>\n<link rel=\"canonical\" href=\"https:\/\/franciscanos.org.br\/noticias\/tres-jovens-declaram-deus-basta-para-eles.html\" \/>\n<meta property=\"og:locale\" content=\"pt_BR\" \/>\n<meta property=\"og:type\" content=\"article\" \/>\n<meta property=\"og:title\" content=\"Em Petr\u00f3polis, tr\u00eas jovens declaram: Deus basta para eles - Not\u00edcias - Franciscanos\" \/>\n<meta property=\"og:description\" content=\"Profiss\u00e3o solene\" \/>\n<meta property=\"og:url\" content=\"https:\/\/franciscanos.org.br\/noticias\/tres-jovens-declaram-deus-basta-para-eles.html\" \/>\n<meta property=\"og:site_name\" content=\"Not\u00edcias - Franciscanos\" \/>\n<meta property=\"article:published_time\" content=\"2015-09-20T00:47:04+00:00\" \/>\n<meta property=\"article:modified_time\" content=\"2021-04-20T01:30:12+00:00\" \/>\n<meta property=\"og:image\" content=\"https:\/\/franciscanos.org.br\/noticias\/wp-content\/uploads\/2015\/09\/professo_1.jpg\" \/>\n\t<meta property=\"og:image:width\" content=\"273\" \/>\n\t<meta property=\"og:image:height\" content=\"181\" \/>\n\t<meta property=\"og:image:type\" content=\"image\/jpeg\" \/>\n<meta name=\"author\" content=\"admin\" \/>\n<meta name=\"twitter:card\" content=\"summary_large_image\" \/>\n<meta name=\"twitter:label1\" content=\"Escrito por\" \/>\n\t<meta name=\"twitter:data1\" content=\"admin\" \/>\n\t<meta name=\"twitter:label2\" content=\"Est. tempo de leitura\" \/>\n\t<meta name=\"twitter:data2\" content=\"5 minutos\" \/>\n<script type=\"application\/ld+json\" class=\"yoast-schema-graph\">{\"@context\":\"https:\/\/schema.org\",\"@graph\":[{\"@type\":\"WebSite\",\"@id\":\"https:\/\/franciscanos.org.br\/noticias\/#website\",\"url\":\"https:\/\/franciscanos.org.br\/noticias\/\",\"name\":\"Not\u00edcias - Franciscanos\",\"description\":\"Prov\u00edncia Franciscana da Imaculada Concei\u00e7\u00e3o do Brasil - Ordem dos Frades Menores - OFM\",\"potentialAction\":[{\"@type\":\"SearchAction\",\"target\":{\"@type\":\"EntryPoint\",\"urlTemplate\":\"https:\/\/franciscanos.org.br\/noticias\/?s={search_term_string}\"},\"query-input\":\"required name=search_term_string\"}],\"inLanguage\":\"pt-BR\"},{\"@type\":\"ImageObject\",\"inLanguage\":\"pt-BR\",\"@id\":\"https:\/\/franciscanos.org.br\/noticias\/tres-jovens-declaram-deus-basta-para-eles.html#primaryimage\",\"url\":\"https:\/\/franciscanos.org.br\/noticias\/wp-content\/uploads\/2015\/09\/professo_1.jpg\",\"contentUrl\":\"https:\/\/franciscanos.org.br\/noticias\/wp-content\/uploads\/2015\/09\/professo_1.jpg\",\"width\":273,\"height\":181},{\"@type\":\"WebPage\",\"@id\":\"https:\/\/franciscanos.org.br\/noticias\/tres-jovens-declaram-deus-basta-para-eles.html#webpage\",\"url\":\"https:\/\/franciscanos.org.br\/noticias\/tres-jovens-declaram-deus-basta-para-eles.html\",\"name\":\"Em Petr\u00f3polis, tr\u00eas jovens declaram: Deus basta para eles - Not\u00edcias - Franciscanos\",\"isPartOf\":{\"@id\":\"https:\/\/franciscanos.org.br\/noticias\/#website\"},\"primaryImageOfPage\":{\"@id\":\"https:\/\/franciscanos.org.br\/noticias\/tres-jovens-declaram-deus-basta-para-eles.html#primaryimage\"},\"datePublished\":\"2015-09-20T00:47:04+00:00\",\"dateModified\":\"2021-04-20T01:30:12+00:00\",\"author\":{\"@id\":\"https:\/\/franciscanos.org.br\/noticias\/#\/schema\/person\/b38fbf43118f02820bd932f2e4b14ad3\"},\"breadcrumb\":{\"@id\":\"https:\/\/franciscanos.org.br\/noticias\/tres-jovens-declaram-deus-basta-para-eles.html#breadcrumb\"},\"inLanguage\":\"pt-BR\",\"potentialAction\":[{\"@type\":\"ReadAction\",\"target\":[\"https:\/\/franciscanos.org.br\/noticias\/tres-jovens-declaram-deus-basta-para-eles.html\"]}]},{\"@type\":\"BreadcrumbList\",\"@id\":\"https:\/\/franciscanos.org.br\/noticias\/tres-jovens-declaram-deus-basta-para-eles.html#breadcrumb\",\"itemListElement\":[{\"@type\":\"ListItem\",\"position\":1,\"name\":\"Home\",\"item\":\"https:\/\/franciscanos.org.br\/noticias\"},{\"@type\":\"ListItem\",\"position\":2,\"name\":\"Em Petr\u00f3polis, tr\u00eas jovens declaram: Deus basta para eles\"}]},{\"@type\":\"Person\",\"@id\":\"https:\/\/franciscanos.org.br\/noticias\/#\/schema\/person\/b38fbf43118f02820bd932f2e4b14ad3\",\"name\":\"admin\",\"image\":{\"@type\":\"ImageObject\",\"inLanguage\":\"pt-BR\",\"@id\":\"https:\/\/franciscanos.org.br\/noticias\/#\/schema\/person\/image\/\",\"url\":\"https:\/\/secure.gravatar.com\/avatar\/e8495742d34d0ba6448ea1c628263b3e?s=96&d=mm&r=g\",\"contentUrl\":\"https:\/\/secure.gravatar.com\/avatar\/e8495742d34d0ba6448ea1c628263b3e?s=96&d=mm&r=g\",\"caption\":\"admin\"},\"url\":\"https:\/\/franciscanos.org.br\/noticias\/author\/admin\"}]}<\/script>\n<!-- \/ Yoast SEO plugin. -->","yoast_head_json":{"title":"Em Petr\u00f3polis, tr\u00eas jovens declaram: Deus basta para eles - Not\u00edcias - Franciscanos","robots":{"index":"index","follow":"follow","max-snippet":"max-snippet:-1","max-image-preview":"max-image-preview:large","max-video-preview":"max-video-preview:-1"},"canonical":"https:\/\/franciscanos.org.br\/noticias\/tres-jovens-declaram-deus-basta-para-eles.html","og_locale":"pt_BR","og_type":"article","og_title":"Em Petr\u00f3polis, tr\u00eas jovens declaram: Deus basta para eles - Not\u00edcias - Franciscanos","og_description":"Profiss\u00e3o solene","og_url":"https:\/\/franciscanos.org.br\/noticias\/tres-jovens-declaram-deus-basta-para-eles.html","og_site_name":"Not\u00edcias - Franciscanos","article_published_time":"2015-09-20T00:47:04+00:00","article_modified_time":"2021-04-20T01:30:12+00:00","og_image":[{"width":273,"height":181,"url":"https:\/\/franciscanos.org.br\/noticias\/wp-content\/uploads\/2015\/09\/professo_1.jpg","type":"image\/jpeg"}],"author":"admin","twitter_card":"summary_large_image","twitter_misc":{"Escrito por":"admin","Est. tempo de leitura":"5 minutos"},"schema":{"@context":"https:\/\/schema.org","@graph":[{"@type":"WebSite","@id":"https:\/\/franciscanos.org.br\/noticias\/#website","url":"https:\/\/franciscanos.org.br\/noticias\/","name":"Not\u00edcias - Franciscanos","description":"Prov\u00edncia Franciscana da Imaculada Concei\u00e7\u00e3o do Brasil - Ordem dos Frades Menores - OFM","potentialAction":[{"@type":"SearchAction","target":{"@type":"EntryPoint","urlTemplate":"https:\/\/franciscanos.org.br\/noticias\/?s={search_term_string}"},"query-input":"required name=search_term_string"}],"inLanguage":"pt-BR"},{"@type":"ImageObject","inLanguage":"pt-BR","@id":"https:\/\/franciscanos.org.br\/noticias\/tres-jovens-declaram-deus-basta-para-eles.html#primaryimage","url":"https:\/\/franciscanos.org.br\/noticias\/wp-content\/uploads\/2015\/09\/professo_1.jpg","contentUrl":"https:\/\/franciscanos.org.br\/noticias\/wp-content\/uploads\/2015\/09\/professo_1.jpg","width":273,"height":181},{"@type":"WebPage","@id":"https:\/\/franciscanos.org.br\/noticias\/tres-jovens-declaram-deus-basta-para-eles.html#webpage","url":"https:\/\/franciscanos.org.br\/noticias\/tres-jovens-declaram-deus-basta-para-eles.html","name":"Em Petr\u00f3polis, tr\u00eas jovens declaram: Deus basta para eles - Not\u00edcias - Franciscanos","isPartOf":{"@id":"https:\/\/franciscanos.org.br\/noticias\/#website"},"primaryImageOfPage":{"@id":"https:\/\/franciscanos.org.br\/noticias\/tres-jovens-declaram-deus-basta-para-eles.html#primaryimage"},"datePublished":"2015-09-20T00:47:04+00:00","dateModified":"2021-04-20T01:30:12+00:00","author":{"@id":"https:\/\/franciscanos.org.br\/noticias\/#\/schema\/person\/b38fbf43118f02820bd932f2e4b14ad3"},"breadcrumb":{"@id":"https:\/\/franciscanos.org.br\/noticias\/tres-jovens-declaram-deus-basta-para-eles.html#breadcrumb"},"inLanguage":"pt-BR","potentialAction":[{"@type":"ReadAction","target":["https:\/\/franciscanos.org.br\/noticias\/tres-jovens-declaram-deus-basta-para-eles.html"]}]},{"@type":"BreadcrumbList","@id":"https:\/\/franciscanos.org.br\/noticias\/tres-jovens-declaram-deus-basta-para-eles.html#breadcrumb","itemListElement":[{"@type":"ListItem","position":1,"name":"Home","item":"https:\/\/franciscanos.org.br\/noticias"},{"@type":"ListItem","position":2,"name":"Em Petr\u00f3polis, tr\u00eas jovens declaram: Deus basta para eles"}]},{"@type":"Person","@id":"https:\/\/franciscanos.org.br\/noticias\/#\/schema\/person\/b38fbf43118f02820bd932f2e4b14ad3","name":"admin","image":{"@type":"ImageObject","inLanguage":"pt-BR","@id":"https:\/\/franciscanos.org.br\/noticias\/#\/schema\/person\/image\/","url":"https:\/\/secure.gravatar.com\/avatar\/e8495742d34d0ba6448ea1c628263b3e?s=96&d=mm&r=g","contentUrl":"https:\/\/secure.gravatar.com\/avatar\/e8495742d34d0ba6448ea1c628263b3e?s=96&d=mm&r=g","caption":"admin"},"url":"https:\/\/franciscanos.org.br\/noticias\/author\/admin"}]}},"_links":{"self":[{"href":"https:\/\/franciscanos.org.br\/noticias\/wp-json\/wp\/v2\/posts\/94347"}],"collection":[{"href":"https:\/\/franciscanos.org.br\/noticias\/wp-json\/wp\/v2\/posts"}],"about":[{"href":"https:\/\/franciscanos.org.br\/noticias\/wp-json\/wp\/v2\/types\/post"}],"author":[{"embeddable":true,"href":"https:\/\/franciscanos.org.br\/noticias\/wp-json\/wp\/v2\/users\/1"}],"replies":[{"embeddable":true,"href":"https:\/\/franciscanos.org.br\/noticias\/wp-json\/wp\/v2\/comments?post=94347"}],"version-history":[{"count":1,"href":"https:\/\/franciscanos.org.br\/noticias\/wp-json\/wp\/v2\/posts\/94347\/revisions"}],"predecessor-version":[{"id":229634,"href":"https:\/\/franciscanos.org.br\/noticias\/wp-json\/wp\/v2\/posts\/94347\/revisions\/229634"}],"wp:featuredmedia":[{"embeddable":true,"href":"https:\/\/franciscanos.org.br\/noticias\/wp-json\/wp\/v2\/media\/220208"}],"wp:attachment":[{"href":"https:\/\/franciscanos.org.br\/noticias\/wp-json\/wp\/v2\/media?parent=94347"}],"wp:term":[{"taxonomy":"category","embeddable":true,"href":"https:\/\/franciscanos.org.br\/noticias\/wp-json\/wp\/v2\/categories?post=94347"},{"taxonomy":"post_tag","embeddable":true,"href":"https:\/\/franciscanos.org.br\/noticias\/wp-json\/wp\/v2\/tags?post=94347"}],"curies":[{"name":"wp","href":"https:\/\/api.w.org\/{rel}","templated":true}]}}