{"id":94163,"date":"2015-09-18T07:30:40","date_gmt":"2015-09-18T10:30:40","guid":{"rendered":"http:\/\/franciscanos.org.br\/?p=94163"},"modified":"2020-06-10T13:11:52","modified_gmt":"2020-06-10T16:11:52","slug":"jesus-deseja-ser-acolhido-na-figura-dos-pequenos","status":"publish","type":"post","link":"https:\/\/franciscanos.org.br\/noticias\/jesus-deseja-ser-acolhido-na-figura-dos-pequenos.html","title":{"rendered":"Jesus deseja ser acolhido na figura dos pequenos"},"content":{"rendered":"<p><img loading=\"lazy\" class=\"alignnone size-full wp-image-196395\" src=\"https:\/\/franciscanos.org.br\/noticias\/wp-content\/uploads\/2015\/09\/jesus_criancas.jpg\" alt=\"\" width=\"820\" height=\"378\" srcset=\"https:\/\/franciscanos.org.br\/noticias\/wp-content\/uploads\/2015\/09\/jesus_criancas.jpg 820w, https:\/\/franciscanos.org.br\/noticias\/wp-content\/uploads\/2015\/09\/jesus_criancas-450x207.jpg 450w, https:\/\/franciscanos.org.br\/noticias\/wp-content\/uploads\/2015\/09\/jesus_criancas-768x354.jpg 768w, https:\/\/franciscanos.org.br\/noticias\/wp-content\/uploads\/2015\/09\/jesus_criancas-150x69.jpg 150w\" sizes=\"(max-width: 820px) 100vw, 820px\" \/><\/p>\n<p><strong>Frei Gustavo Medella<\/strong><\/p>\n<p>Era anivers\u00e1rio da crian\u00e7a&#8230; Estava completando quatro anos e o padrinho, meio apertado de dinheiro naquele fim do m\u00eas, parcelou a perder de vista uma superboneca, car\u00edssima, toda automatizada que chorava, mamava, bebia \u00e1gua, dava arrotinhos, mexia as m\u00e3os e as pernas, chamava \u201cmam\u00e3e\u201d.\u00a0 Estava ansioso para ver a rea\u00e7\u00e3o da afilhada quando recebesse aquele dispendioso regalo. Chegou o grande dia! O padrinho teve que ir de t\u00e1xi para a festa, pois seria muito inc\u00f4modo carregar aquela enorme caixa envolta em papel e fitas coloridas no \u00f4nibus. Ao se encontrar com a menina, entregou-lhe, ansioso, o embrulho. A menina at\u00e9 agiu com entusiasmo, rasgou o papel, tirou a boneca da caixa e ficou com ela ao colo por uns cinco minutos. No entanto, logo deixou o sofisticado brinquedo de lado e voltou a brincar com a mola maluca de R$1,99, que ela nem sabia de quem tinha ganho, mas que sem d\u00favida foi o brinquedo do qual ela mais tinha gostado.<\/p>\n<p>A inoc\u00eancia da crian\u00e7a permite a ela viver seus valores e suas escolhas de forma mais livre, de acordo com que lhe indica o cora\u00e7\u00e3o. Tendem a ser mais espont\u00e2neas e transparentes.\u00a0 N\u00e3o se prendem muito ao valor material, ao status, \u00e0 fama ou ao n\u00famero de s\u00faditos que t\u00eam ou deixam de ter sob seu comando. N\u00e3o desejam ser mais do que ningu\u00e9m. Querem \u00e9 ser felizes. S\u00e3o livres.<\/p>\n<p>Tamb\u00e9m os adultos desejam a felicidade, mas com frequ\u00eancia cometem equ\u00edvocos ao busc\u00e1-la. Tudo isso, porque, conforme explicita S\u00e3o Tiago em sua carta, pedem mal, buscando apenas satisfazer os pr\u00f3prios prazeres (Cf. Tg 4,3). Vivem se medindo para se saber se podem mais ou menos do que seus pares, se s\u00e3o muito ou pouco poderosos, tal qual os disc\u00edpulos de Jesus discutiam no caminho no qual atravessavam a Galileia at\u00e9 Cafarnaum (Cf. Mc\u00a0 9,34). Estavam iludidos e ainda n\u00e3o tinham compreendido os ensinamentos do Mestre. Com paci\u00eancia, mais uma vez Jesus derruba aquela arraigada expectativa de sucesso e poder que tomava o cora\u00e7\u00e3o dos seus seguidores: \u201cSe algu\u00e9m quiser ser o primeiro, que seja o \u00faltimo de todos e aquele que serve a todos\u201d (Mc\u00a0 9,35).<\/p>\n<p>Em vez de se colocar como o \u201cmaioral\u201d aquele que tem solu\u00e7\u00e3o para tudo (e de fato \u00e9 e tem), Jesus assume a fragilidade da crian\u00e7a &#8211; em sua inoc\u00eancia, depend\u00eancia e transpar\u00eancia \u2013 e manifesta o desejo de ser acolhido nos pequenos da humanidade:\u00a0 \u201cQuem acolher em meu nome uma destas crian\u00e7as, \u00e9 a mim que estar\u00e1 acolhendo\u201d (Mc 9,37). Mais um ensinamento precioso que recolhemos na Palavra de Deus.<\/p>\n<p>&nbsp;<\/p>\n","protected":false},"excerpt":{"rendered":"<p>Liturgia dominical<\/p>\n","protected":false},"author":1,"featured_media":0,"comment_status":"open","ping_status":"open","sticky":false,"template":"","format":"standard","meta":[],"categories":[1],"tags":[537],"acf":[],"yoast_head":"<!-- This site is optimized with the Yoast SEO plugin v19.2 - https:\/\/yoast.com\/wordpress\/plugins\/seo\/ -->\n<title>Jesus deseja ser acolhido na figura dos pequenos - Not\u00edcias - Franciscanos<\/title>\n<meta name=\"robots\" content=\"index, follow, max-snippet:-1, max-image-preview:large, max-video-preview:-1\" \/>\n<link rel=\"canonical\" href=\"https:\/\/franciscanos.org.br\/noticias\/jesus-deseja-ser-acolhido-na-figura-dos-pequenos.html\" \/>\n<meta property=\"og:locale\" content=\"pt_BR\" \/>\n<meta property=\"og:type\" content=\"article\" \/>\n<meta property=\"og:title\" content=\"Jesus deseja ser acolhido na figura dos pequenos - Not\u00edcias - Franciscanos\" \/>\n<meta property=\"og:description\" content=\"Liturgia dominical\" \/>\n<meta property=\"og:url\" content=\"https:\/\/franciscanos.org.br\/noticias\/jesus-deseja-ser-acolhido-na-figura-dos-pequenos.html\" \/>\n<meta property=\"og:site_name\" content=\"Not\u00edcias - Franciscanos\" \/>\n<meta property=\"article:published_time\" content=\"2015-09-18T10:30:40+00:00\" \/>\n<meta property=\"article:modified_time\" content=\"2020-06-10T16:11:52+00:00\" \/>\n<meta property=\"og:image\" content=\"https:\/\/franciscanos.org.br\/noticias\/wp-content\/uploads\/2015\/09\/jesus_criancas.jpg\" \/>\n<meta name=\"author\" content=\"admin\" \/>\n<meta name=\"twitter:card\" content=\"summary_large_image\" \/>\n<meta name=\"twitter:label1\" content=\"Escrito por\" \/>\n\t<meta name=\"twitter:data1\" content=\"admin\" \/>\n\t<meta name=\"twitter:label2\" content=\"Est. tempo de leitura\" \/>\n\t<meta name=\"twitter:data2\" content=\"2 minutos\" \/>\n<script type=\"application\/ld+json\" class=\"yoast-schema-graph\">{\"@context\":\"https:\/\/schema.org\",\"@graph\":[{\"@type\":\"WebSite\",\"@id\":\"https:\/\/franciscanos.org.br\/noticias\/#website\",\"url\":\"https:\/\/franciscanos.org.br\/noticias\/\",\"name\":\"Not\u00edcias - Franciscanos\",\"description\":\"Prov\u00edncia Franciscana da Imaculada Concei\u00e7\u00e3o do Brasil - Ordem dos Frades Menores - OFM\",\"potentialAction\":[{\"@type\":\"SearchAction\",\"target\":{\"@type\":\"EntryPoint\",\"urlTemplate\":\"https:\/\/franciscanos.org.br\/noticias\/?s={search_term_string}\"},\"query-input\":\"required name=search_term_string\"}],\"inLanguage\":\"pt-BR\"},{\"@type\":\"ImageObject\",\"inLanguage\":\"pt-BR\",\"@id\":\"https:\/\/franciscanos.org.br\/noticias\/jesus-deseja-ser-acolhido-na-figura-dos-pequenos.html#primaryimage\",\"url\":\"https:\/\/franciscanos.org.br\/noticias\/wp-content\/uploads\/2015\/09\/jesus_criancas.jpg\",\"contentUrl\":\"https:\/\/franciscanos.org.br\/noticias\/wp-content\/uploads\/2015\/09\/jesus_criancas.jpg\",\"width\":820,\"height\":378},{\"@type\":\"WebPage\",\"@id\":\"https:\/\/franciscanos.org.br\/noticias\/jesus-deseja-ser-acolhido-na-figura-dos-pequenos.html#webpage\",\"url\":\"https:\/\/franciscanos.org.br\/noticias\/jesus-deseja-ser-acolhido-na-figura-dos-pequenos.html\",\"name\":\"Jesus deseja ser acolhido na figura dos pequenos - Not\u00edcias - Franciscanos\",\"isPartOf\":{\"@id\":\"https:\/\/franciscanos.org.br\/noticias\/#website\"},\"primaryImageOfPage\":{\"@id\":\"https:\/\/franciscanos.org.br\/noticias\/jesus-deseja-ser-acolhido-na-figura-dos-pequenos.html#primaryimage\"},\"datePublished\":\"2015-09-18T10:30:40+00:00\",\"dateModified\":\"2020-06-10T16:11:52+00:00\",\"author\":{\"@id\":\"https:\/\/franciscanos.org.br\/noticias\/#\/schema\/person\/b38fbf43118f02820bd932f2e4b14ad3\"},\"breadcrumb\":{\"@id\":\"https:\/\/franciscanos.org.br\/noticias\/jesus-deseja-ser-acolhido-na-figura-dos-pequenos.html#breadcrumb\"},\"inLanguage\":\"pt-BR\",\"potentialAction\":[{\"@type\":\"ReadAction\",\"target\":[\"https:\/\/franciscanos.org.br\/noticias\/jesus-deseja-ser-acolhido-na-figura-dos-pequenos.html\"]}]},{\"@type\":\"BreadcrumbList\",\"@id\":\"https:\/\/franciscanos.org.br\/noticias\/jesus-deseja-ser-acolhido-na-figura-dos-pequenos.html#breadcrumb\",\"itemListElement\":[{\"@type\":\"ListItem\",\"position\":1,\"name\":\"Home\",\"item\":\"https:\/\/franciscanos.org.br\/noticias\"},{\"@type\":\"ListItem\",\"position\":2,\"name\":\"Jesus deseja ser acolhido na figura dos pequenos\"}]},{\"@type\":\"Person\",\"@id\":\"https:\/\/franciscanos.org.br\/noticias\/#\/schema\/person\/b38fbf43118f02820bd932f2e4b14ad3\",\"name\":\"admin\",\"image\":{\"@type\":\"ImageObject\",\"inLanguage\":\"pt-BR\",\"@id\":\"https:\/\/franciscanos.org.br\/noticias\/#\/schema\/person\/image\/\",\"url\":\"https:\/\/secure.gravatar.com\/avatar\/e8495742d34d0ba6448ea1c628263b3e?s=96&d=mm&r=g\",\"contentUrl\":\"https:\/\/secure.gravatar.com\/avatar\/e8495742d34d0ba6448ea1c628263b3e?s=96&d=mm&r=g\",\"caption\":\"admin\"},\"url\":\"https:\/\/franciscanos.org.br\/noticias\/author\/admin\"}]}<\/script>\n<!-- \/ Yoast SEO plugin. -->","yoast_head_json":{"title":"Jesus deseja ser acolhido na figura dos pequenos - Not\u00edcias - Franciscanos","robots":{"index":"index","follow":"follow","max-snippet":"max-snippet:-1","max-image-preview":"max-image-preview:large","max-video-preview":"max-video-preview:-1"},"canonical":"https:\/\/franciscanos.org.br\/noticias\/jesus-deseja-ser-acolhido-na-figura-dos-pequenos.html","og_locale":"pt_BR","og_type":"article","og_title":"Jesus deseja ser acolhido na figura dos pequenos - Not\u00edcias - Franciscanos","og_description":"Liturgia dominical","og_url":"https:\/\/franciscanos.org.br\/noticias\/jesus-deseja-ser-acolhido-na-figura-dos-pequenos.html","og_site_name":"Not\u00edcias - Franciscanos","article_published_time":"2015-09-18T10:30:40+00:00","article_modified_time":"2020-06-10T16:11:52+00:00","og_image":[{"url":"https:\/\/franciscanos.org.br\/noticias\/wp-content\/uploads\/2015\/09\/jesus_criancas.jpg"}],"author":"admin","twitter_card":"summary_large_image","twitter_misc":{"Escrito por":"admin","Est. tempo de leitura":"2 minutos"},"schema":{"@context":"https:\/\/schema.org","@graph":[{"@type":"WebSite","@id":"https:\/\/franciscanos.org.br\/noticias\/#website","url":"https:\/\/franciscanos.org.br\/noticias\/","name":"Not\u00edcias - Franciscanos","description":"Prov\u00edncia Franciscana da Imaculada Concei\u00e7\u00e3o do Brasil - Ordem dos Frades Menores - OFM","potentialAction":[{"@type":"SearchAction","target":{"@type":"EntryPoint","urlTemplate":"https:\/\/franciscanos.org.br\/noticias\/?s={search_term_string}"},"query-input":"required name=search_term_string"}],"inLanguage":"pt-BR"},{"@type":"ImageObject","inLanguage":"pt-BR","@id":"https:\/\/franciscanos.org.br\/noticias\/jesus-deseja-ser-acolhido-na-figura-dos-pequenos.html#primaryimage","url":"https:\/\/franciscanos.org.br\/noticias\/wp-content\/uploads\/2015\/09\/jesus_criancas.jpg","contentUrl":"https:\/\/franciscanos.org.br\/noticias\/wp-content\/uploads\/2015\/09\/jesus_criancas.jpg","width":820,"height":378},{"@type":"WebPage","@id":"https:\/\/franciscanos.org.br\/noticias\/jesus-deseja-ser-acolhido-na-figura-dos-pequenos.html#webpage","url":"https:\/\/franciscanos.org.br\/noticias\/jesus-deseja-ser-acolhido-na-figura-dos-pequenos.html","name":"Jesus deseja ser acolhido na figura dos pequenos - Not\u00edcias - Franciscanos","isPartOf":{"@id":"https:\/\/franciscanos.org.br\/noticias\/#website"},"primaryImageOfPage":{"@id":"https:\/\/franciscanos.org.br\/noticias\/jesus-deseja-ser-acolhido-na-figura-dos-pequenos.html#primaryimage"},"datePublished":"2015-09-18T10:30:40+00:00","dateModified":"2020-06-10T16:11:52+00:00","author":{"@id":"https:\/\/franciscanos.org.br\/noticias\/#\/schema\/person\/b38fbf43118f02820bd932f2e4b14ad3"},"breadcrumb":{"@id":"https:\/\/franciscanos.org.br\/noticias\/jesus-deseja-ser-acolhido-na-figura-dos-pequenos.html#breadcrumb"},"inLanguage":"pt-BR","potentialAction":[{"@type":"ReadAction","target":["https:\/\/franciscanos.org.br\/noticias\/jesus-deseja-ser-acolhido-na-figura-dos-pequenos.html"]}]},{"@type":"BreadcrumbList","@id":"https:\/\/franciscanos.org.br\/noticias\/jesus-deseja-ser-acolhido-na-figura-dos-pequenos.html#breadcrumb","itemListElement":[{"@type":"ListItem","position":1,"name":"Home","item":"https:\/\/franciscanos.org.br\/noticias"},{"@type":"ListItem","position":2,"name":"Jesus deseja ser acolhido na figura dos pequenos"}]},{"@type":"Person","@id":"https:\/\/franciscanos.org.br\/noticias\/#\/schema\/person\/b38fbf43118f02820bd932f2e4b14ad3","name":"admin","image":{"@type":"ImageObject","inLanguage":"pt-BR","@id":"https:\/\/franciscanos.org.br\/noticias\/#\/schema\/person\/image\/","url":"https:\/\/secure.gravatar.com\/avatar\/e8495742d34d0ba6448ea1c628263b3e?s=96&d=mm&r=g","contentUrl":"https:\/\/secure.gravatar.com\/avatar\/e8495742d34d0ba6448ea1c628263b3e?s=96&d=mm&r=g","caption":"admin"},"url":"https:\/\/franciscanos.org.br\/noticias\/author\/admin"}]}},"_links":{"self":[{"href":"https:\/\/franciscanos.org.br\/noticias\/wp-json\/wp\/v2\/posts\/94163"}],"collection":[{"href":"https:\/\/franciscanos.org.br\/noticias\/wp-json\/wp\/v2\/posts"}],"about":[{"href":"https:\/\/franciscanos.org.br\/noticias\/wp-json\/wp\/v2\/types\/post"}],"author":[{"embeddable":true,"href":"https:\/\/franciscanos.org.br\/noticias\/wp-json\/wp\/v2\/users\/1"}],"replies":[{"embeddable":true,"href":"https:\/\/franciscanos.org.br\/noticias\/wp-json\/wp\/v2\/comments?post=94163"}],"version-history":[{"count":1,"href":"https:\/\/franciscanos.org.br\/noticias\/wp-json\/wp\/v2\/posts\/94163\/revisions"}],"predecessor-version":[{"id":225941,"href":"https:\/\/franciscanos.org.br\/noticias\/wp-json\/wp\/v2\/posts\/94163\/revisions\/225941"}],"wp:attachment":[{"href":"https:\/\/franciscanos.org.br\/noticias\/wp-json\/wp\/v2\/media?parent=94163"}],"wp:term":[{"taxonomy":"category","embeddable":true,"href":"https:\/\/franciscanos.org.br\/noticias\/wp-json\/wp\/v2\/categories?post=94163"},{"taxonomy":"post_tag","embeddable":true,"href":"https:\/\/franciscanos.org.br\/noticias\/wp-json\/wp\/v2\/tags?post=94163"}],"curies":[{"name":"wp","href":"https:\/\/api.w.org\/{rel}","templated":true}]}}