{"id":94063,"date":"2015-09-30T00:20:01","date_gmt":"2015-09-30T03:20:01","guid":{"rendered":"http:\/\/franciscanos.org.br\/?p=94063"},"modified":"2020-02-14T12:10:33","modified_gmt":"2020-02-14T15:10:33","slug":"frei-antonio-moser-e-nomeado-para-o-sinodo","status":"publish","type":"post","link":"https:\/\/franciscanos.org.br\/noticias\/frei-antonio-moser-e-nomeado-para-o-sinodo.html","title":{"rendered":"Frei Ant\u00f4nio Moser \u00e9 nomeado para o S\u00ednodo"},"content":{"rendered":"<p><img loading=\"lazy\" class=\"alignleft size-full wp-image-179121\" src=\"http:\/\/franciscanos.org.br\/2018\/wp-content\/uploads\/2015\/09\/moser_840.jpg\" alt=\"\" width=\"840\" height=\"500\" srcset=\"https:\/\/franciscanos.org.br\/noticias\/wp-content\/uploads\/2015\/09\/moser_840.jpg 840w, https:\/\/franciscanos.org.br\/noticias\/wp-content\/uploads\/2015\/09\/moser_840-450x268.jpg 450w, https:\/\/franciscanos.org.br\/noticias\/wp-content\/uploads\/2015\/09\/moser_840-768x457.jpg 768w, https:\/\/franciscanos.org.br\/noticias\/wp-content\/uploads\/2015\/09\/moser_840-150x89.jpg 150w\" sizes=\"(max-width: 840px) 100vw, 840px\" \/><\/p>\n<p><strong>Moacir Beggo<\/strong><\/p>\n<p><strong>\u00a0<\/strong><em>A Santa S\u00e9 divulgou nesta ter\u00e7a-feira (15\/09), a lista dos participantes da XIV Assembleia Geral Ordin\u00e1ria do S\u00ednodo dos Bispos, que se realizar\u00e1 no Vaticano de 4 a 25 de outubro, sobre o tema &#8220;A voca\u00e7\u00e3o e a miss\u00e3o da fam\u00edlia na Igreja e no mundo contempor\u00e2neo&#8221;.<\/em><\/p>\n<p><em>No total, os participantes brasileiros ser\u00e3o onze(2 cardeais, 4 bispos, 1 te\u00f3logo e 4 leigos), entre eles Frei Ant\u00f4nio Moser, frade desta Prov\u00edncia da Imaculada Concei\u00e7\u00e3o do Brasil e professor de Teologia Moral e \u00c9tica no Instituto Teol\u00f3gico Franciscano de Petr\u00f3polis, nomeado pelo Papa Francisco para fazer parte da Secretaria Especial.<\/em><\/p>\n<p><em>Frei Moser, que se doutorou em Teologia, com especializa\u00e7\u00e3o em Moral, na Academia Alfonsianum \u2013 Roma, al\u00e9m de diretor da Vozes, \u00e9 professor de Teologia Moral e Bio\u00e9tica no Instituto Teol\u00f3gico Franciscano (ITF), em Petr\u00f3polis (RJ); p\u00e1roco da Igreja de Santa Clara de Petr\u00f3polis; diretor do Centro Educacional Terra Santa, al\u00e9m de conferencista no Brasil e no exterior. Tem livros traduzidos para outras l\u00ednguas (Teologia Moral impasses e alternativas; O enigma da esfinge, a sexualidade; Biotecnologia e Bio\u00e9tica: para onde vamos?; Ecologia: desafios \u00e9ticos). \u00a0<\/em><em>Durante nove anos participou do programa semanal \u201cEm pauta\u201d na Can\u00e7\u00e3o Nova.<\/em><\/p>\n<p><em>\u00a0<\/em><strong>Nesta entrevista, Frei Moser fala um pouco de temas que estar\u00e3o em pauta durante o S\u00ednodo. Acompanhe!<\/strong><\/p>\n<p><strong>\u00a0<a href=\"http:\/\/franciscanos.org.br\/wp-content\/uploads\/2015\/09\/moser_convoca.jpg\"><img loading=\"lazy\" class=\"alignright wp-image-94065\" src=\"http:\/\/franciscanos.org.br\/wp-content\/uploads\/2015\/09\/moser_convoca.jpg\" alt=\"moser_convoca\" width=\"340\" height=\"467\" \/><\/a><\/strong><strong>Site Franciscanos &#8211; O sr. esperava esta convoca\u00e7\u00e3o para o S\u00ednodo?<\/strong><\/p>\n<p><strong>Frei Moser<\/strong> &#8211; Todos sabemos que os S\u00ednodos n\u00e3o acontecem todos os dias e que se trata de um grande evento eclesial, para o qual comparecem numerosos bispos vindos de todo o mundo. No S\u00ednodo extraordin\u00e1rio do ano passado estiveram presentes nada menos do que 250 pessoas entre bispos e assessores. Neste haver\u00e1 um n\u00famero parecido de participantes. Ora, sabendo que o S\u00ednodo \u00e9 algo de t\u00e3o importante para a Igreja e sabendo que do Brasil s\u00f3 v\u00e3o 2 Cardeais e 4 bispos (al\u00e9m dos leigos), claro que\u00a0 o telefonema da Nunciatura inicialmente me assustou. Logo pensei tratar-se de algo ligado \u00e0 Editora Vozes&#8230; Na realidade era a pergunta para saber se eu aceitava. Duas semanas depois veio oficialmente a convoca\u00e7\u00e3o para ser \u201cexpert\u201d. Imagino que esta convoca\u00e7\u00e3o se deu devido aos meus escritos sobre sexualidade e fam\u00edlia.\u00a0 Mas de qualquer forma, de h\u00e1bito franciscano nas sess\u00f5es oficiais, em meio a tantas mitras, a gente s\u00f3 pode sentir-se pequeno.<\/p>\n<p><strong>Site Franciscanos &#8211; Pode o S\u00ednodo dos bispos alterar a doutrina da Igreja em pontos doutrin\u00e1rios de teologia moral?<\/strong><\/p>\n<p><strong>Frei Moser<\/strong> &#8211; Quando o ent\u00e3o Papa Jo\u00e3o XXIII convocou o Conc\u00edlio Vaticano II foi logo esclarecendo que n\u00e3o queria um Conc\u00edlio de cunho doutrin\u00e1rio, mas pastoral. Ora, quando se tem presente a figura do Papa Francisco, ningu\u00e9m iria esperar por algo que fosse diferente: trata-se de encontrar uma maneira mais adequada para animar a caminhada da Igreja e sobretudo, como diz o atual <strong>Instrumento de Trabalho<\/strong>, dar especial aten\u00e7\u00e3o \u00e0s pessoas e fam\u00edlias que se encontram em estado de fragilidade. A grande carta que este Papa traz na manga \u00e9 a mesma de Jesus Cristo: abrir as cortinas para que as pessoas vislumbrem a beleza e se sintam fascinadas pelo Reino de Deus e sua causa.<\/p>\n<p><strong>Site Franciscanos &#8211; Espera-se alguma mudan\u00e7a em termos da moral sexual?<\/strong><\/p>\n<p><strong>Frei Moser <\/strong>&#8211; Claro que quando se fala em fam\u00edlia, de uma maneira ou de outra nos defrontamos com quest\u00f5es morais. Todos est\u00e3o antenados para ver o que o S\u00ednodo vai dizer sobre os separados, recasados, e em uni\u00e3o homoafetiva. A rigor, embora estas sejam quest\u00f5es que est\u00e3o na ordem do dia, as preocupa\u00e7\u00f5es pastorais v\u00e3o muito al\u00e9m. O quadro de fundo \u00e9 o do \u201cmundo contempor\u00e2neo\u201d, cheio de interroga\u00e7\u00f5es e contradi\u00e7\u00f5es. Em outras palavras, o S\u00ednodo certamente trar\u00e1 uma luz muito mais diretamente teol\u00f3gica do que estritamente moral, no sentido casu\u00edstico. Iluminar os caminhos para animar as fam\u00edlias na diversidade de situa\u00e7\u00f5es ser\u00e1 a preocupa\u00e7\u00e3o central. Com certeza se falar\u00e1 mais de gra\u00e7a do que de pecado; mais de luzes do que de sombras. \u00c9 a Igreja do \u201csim\u201d de Maria que abre suas janelas mais do que nunca.<\/p>\n<p><strong>Site Franciscanos &#8211; Como conceituar, concretamente, a fam\u00edlia face \u00e0s v\u00e1rias formas como ela est\u00e1 se estruturando?<\/strong><\/p>\n<p><strong>Frei Moser<\/strong> &#8211; Boa pergunta. Houve tempos em que n\u00f3s n\u00e3o nos d\u00e1vamos conta da grande diversidade de situa\u00e7\u00f5es, resultantes de coordenadas culturais e hist\u00f3ricas. No S\u00ednodo extraordin\u00e1rio do ano passado esta diversidade veio com frequ\u00eancia \u00e0 tona. Haja vista culturas que convivem com a poligamia, outras que se defrontam com fam\u00edlias resultantes de diversas separa\u00e7\u00f5es e diversas uni\u00f5es&#8230;. Hoje, em certos setores da sociedade se tende a considerar como fam\u00edlia tamb\u00e9m uni\u00f5es homoafetivas, que por vezes reivindicam a condi\u00e7\u00e3o de \u201cmatrim\u00f4nio\u201d. Trata-se de acolher estas pessoas e uni\u00f5es como elas s\u00e3o, como ponto de partida, e n\u00e3o como ponto de chegada. Em todas as situa\u00e7\u00f5es o que importa \u00e9 que as pessoas possam conhecer o amor de Deus atrav\u00e9s da compreens\u00e3o e do amor concreto dos irm\u00e3os e irm\u00e3s. H\u00e1 muitos anos j\u00e1 usei esta express\u00e3o: \u201cpessoas homoafetivas s\u00e3o irm\u00e3os e irm\u00e3s que Deus nos deu\u201d. Nem condenar, nem justificar, mas ajuizar cada situa\u00e7\u00e3o oferecendo a m\u00e3o para ajudar estas pessoas a se encontrarem, serem respeitadas, e encontrar o Criador de todos e de todas. Claro que ado\u00e7\u00e3o de crian\u00e7as vai ser uma quest\u00e3o mais pol\u00eamica do que o eventual batismo destas crian\u00e7as.<\/p>\n<p><strong>Site Franciscanos &#8211; H\u00e1 expectativa em rela\u00e7\u00e3o \u00e0 quest\u00e3o do lugar dos casais de segunda uni\u00e3o na vida da Igreja?<\/strong><\/p>\n<p><strong>Frei Moser<\/strong> &#8211; No tocante \u00e0 segunda uni\u00e3o, h\u00e1 par\u00f3quias e dioceses que j\u00e1 fizeram uma longa caminhada. Tudo come\u00e7a com o empenho por conhecer a realidade concreta que precedeu e que se faz agora presente em cada caso. Em seguida proceder para que esta diversidade de segundas uni\u00f5es n\u00e3o crie mais muros, e sim, abra novos caminhos para que todos se ponham a caminhar. De alguma forma, o Papa Francisco j\u00e1 avan\u00e7ou o sinal, quando urge para que os processos de declara\u00e7\u00e3o de nulidade sejam acelerados e quando insiste em afirmar que os que se encontram em segunda uni\u00e3o tamb\u00e9m podem fazer parte da Igreja. Imagino que entre os debates mais acalorados se encontre aquele que se refere a uma multiplicidade de uni\u00f5es sucessivas e que h\u00e1 uma distin\u00e7\u00e3o a ser feita entre os que se encontraram h\u00e1 pouco tempo e os que j\u00e1 trilharam um longo caminho de uni\u00e3o solidificada sob todos os aspectos. Neste contexto conv\u00e9m n\u00e3o esquecer a <em>\u201cFamiliaris Consortio\u201d<\/em> de Jo\u00e3o Paulo II, n. 84, onde urge o esp\u00edrito de acolhida e de participa\u00e7\u00e3o na vida da Igreja. Naquele documento s\u00f3 ficou uma quest\u00e3o em aberto e que hoje vem \u00e0 tona com for\u00e7a: a eventual participa\u00e7\u00e3o de alguns destes casais nos sacramentos da Penit\u00eancia e da Eucaristia.<\/p>\n<p><strong>Site Franciscanos &#8211; O individualismo da p\u00f3s-modernidade dificultou a viv\u00eancia familiar. O que se pode esperar, do hiperindividualismo, onde se proclama que ningu\u00e9m \u00e9 mais de ningu\u00e9m, \u201ccada um na sua\u201d?<\/strong><\/p>\n<p><strong>Frei Moser<\/strong> &#8211; De fato vivemos hoje uma situa\u00e7\u00e3o onde reina o \u201ccada um por si e Deus por todos\u201d. Isto n\u00e3o dificulta apenas a vida do casal e das fam\u00edlias, mas tamb\u00e9m da sociedade e at\u00e9 mesmo das comunidades de f\u00e9 e comunidades religiosas. \u00c9 um fen\u00f4meno que deve ser enfrentado com coragem. Mas tamb\u00e9m n\u00e3o podemos deixar de perceber que a \u201ccar\u00eancia\u201d desta dimens\u00e3o de comunh\u00e3o e participa\u00e7\u00e3o de alguma forma j\u00e1 \u00e9 um passo na dire\u00e7\u00e3o contr\u00e1ria. Em outros termos: o vazio existencial n\u00e3o dever\u00e1 durar muito tempo. O que urge \u00e9 cultivar as sementes que ainda se encontram de baixo da terra. No fundo a proclama\u00e7\u00e3o de autonomia foi uma resposta a certa massifica\u00e7\u00e3o. Ora, uma vez conquistada a autonomia, n\u00e3o s\u00f3 a busca da vida em comum se torna mais imperiosa, como de alguma forma ser\u00e1 uma decorr\u00eancia l\u00f3gica da percep\u00e7\u00e3o de que sozinhos n\u00e3o iremos longe.<\/p>\n<p><strong>Site Franciscanos &#8211; Como superarmos certo moralismo que n\u00e3o ajuda a ningu\u00e9m, prejulga as v\u00e1rias formas de fam\u00edlia ou de coabita\u00e7\u00e3o e que nos faz perder os valores que podem estar a\u00ed presentes, vividos com sinceridade pelas pessoas?<\/strong><\/p>\n<p><strong>Frei Moser<\/strong> &#8211; H\u00e1 ao menos duas maneiras de ver a realidade: uma com \u00f3culos escuros e outra com \u00f3culos claros, de quem percebe as cores, em sua diversidade, mas tamb\u00e9m na conjuga\u00e7\u00e3o, como se d\u00e1 num belo mosaico. A padroniza\u00e7\u00e3o n\u00e3o faz parte dos planos de Deus. Ele criou todos os seres como originais, e nunca como c\u00f3pias. Hoje, por uma s\u00e9rie de raz\u00f5es, passamos a compreender melhor que os projetos de Deus passam sempre pela comunh\u00e3o na diversidade. Com isso mesmo onde eventualmente vemos sombras, n\u00e3o deixaremos de perceber luzes. Vale para pessoas, uni\u00f5es, fam\u00edlias, sociedades, culturas&#8230;. O mosaico mais rico \u00e9 o que comporta a maior diversidade harmonicamente conjugada.<\/p>\n<p><strong>Site Franciscanos &#8211; Podemos dizer que os valores e inspira\u00e7\u00f5es que deram vida \u00e0 fam\u00edlia de Nazar\u00e9 continuam a sustentar as rela\u00e7\u00f5es conjugais, as parcerias humanas e todos os que celebram o sentido da vida na rela\u00e7\u00e3o de amor e de intimidade?<\/strong><\/p>\n<p><strong>Frei Moser<\/strong> &#8211; A fam\u00edlia de Nazar\u00e9 foi uma fam\u00edlia muito original. Mas ao mesmo tempo, justamente por isso continuar\u00e1 sempre sendo fonte de inspira\u00e7\u00e3o. Maria e Jos\u00e9 certamente se \u201cestranharam\u201d, mas souberam perscrutar a vontade de Deus. Por isso mesmo, se aceitaram e constru\u00edram uma vida em profunda comunh\u00e3o entre eles atrav\u00e9s da comunh\u00e3o com Deus. Tamb\u00e9m tiveram n\u00e3o poucos problemas com o menino, desde a concep\u00e7\u00e3o, o nascimento, a adolesc\u00eancia, at\u00e9 a vida adulta. Jesus, mesmo sendo divino, n\u00e3o deixou de ser plenamente humano. E com isto, assumia atitudes que Maria e Jos\u00e9 nem sempre compreendiam. Basta lembrar a cena do Templo de Jerusal\u00e9m e as Bodas de Can\u00e1 da Galil\u00e9ia.<\/p>\n<p><strong>Site Franciscanos &#8211; E o que se pode esperar no que diz respeito \u00e0s novas &#8220;modalidades&#8221; de fam\u00edlia?<\/strong><\/p>\n<p><strong>Frei Moser<\/strong> &#8211; A express\u00e3o \u201cnovas modalidades de fam\u00edlia\u201d n\u00e3o \u00e9 t\u00e3o nova assim&#8230; Basta olharmos como se constitu\u00edram as fam\u00edlias no Brasil logo ap\u00f3s a descoberta. Penso at\u00e9 que se deveria fazer um estudo mais detalhado sobre a realidade familiar daquele per\u00edodo, e de alguma forma de toda a hist\u00f3ria do Brasil. O que hoje aparece como novidade sempre existiu por debaixo dos panos. A novidade consiste mais em que as pessoas \u201csa\u00edram do arm\u00e1rio\u201d e se apresentam agora como s\u00e3o. Enquanto no passado diziam \u201cam\u00e9m\u201d aos mandamentos de Deus e da Igreja, e na realidade viviam bem de outra maneira&#8230;. \u201cSei que estou errado, mas Deus me compreende\u201d, era um pouco o lema de tantas pessoas e fam\u00edlias. Nada de muito diferente do que acontece frequentemente em nossos dias. \u00c0 Igreja n\u00e3o cabe proferir condena\u00e7\u00f5es, mas convites, para que as pessoas ou\u00e7am a Palavra de Deus e a coloquem o mais poss\u00edvel em pr\u00e1tica. A Igreja tem a miss\u00e3o de desvelar a cortina de um cen\u00e1rio encantador, mas ela sabe que nem todos os que se encontram na plateia ir\u00e3o chegar l\u00e1. S\u00f3 Deus sabe.<\/p>\n<p><strong>Site Franciscanos &#8211; Alguns setores conservadores da Igreja gostariam de definir como pecadoras as pessoas que fracassam na hora de constituir uma fam\u00edlia. O Papa aposta em uma vis\u00e3o mais compreensiva, mais misericordiosa. O <em>Motu Proprio<\/em> sobre a nulidade do casamento est\u00e1 nesta linha do Papa?<\/strong><\/p>\n<p><strong>Frei Moser<\/strong> &#8211; O Papa Francisco age como o jogador argentino Messi: quando voc\u00ea menos espera ele marca um gol. Ele \u00e9 profundamente intuitivo e sobretudo profundamente identificado com a pedagogia de Cristo, que \u00e9 a pedagogia do encantamento. N\u00e3o adianta atirar pedras, gritar contra os pecadores. \u00c9 preciso proceder como Jesus, que abre sua vida p\u00fablica proclamando que veio para os pecadores e n\u00e3o para os justos. E mais: Jesus vivia cercado de pessoas que carregavam nas costas uma etiqueta: \u201cpecador\u201d. \u00c9 que Jesus sabia olhar as pessoas com os olhos de Deus, vendo santos em potencial onde outros s\u00f3 viam pecadores. E o contr\u00e1rio tamb\u00e9m \u00e9 verdadeiro: descobria pecadores atr\u00e1s de m\u00e1scaras de pessoas consideradas santas.<\/p>\n<p><strong>Site Franciscanos &#8211; Qual a sua expectativa pelo S\u00ednodo? O que vai mudar? Em\u00a0 que pode ajudar?<\/strong><\/p>\n<p><strong>Frei Moser<\/strong> &#8211; Penso que tanto na sociedade quanto na Igreja, h\u00e1 certos setores que esperam demais. Um S\u00ednodo nunca \u00e9 um ponto de chegada: \u00e9 um sinal de partida. Partida para que o m\u00e1ximo de pessoas chegam \u00e0 meta. A meta \u00e9 aquela que o Cristo formulou: \u201csede perfeitos como o Pai celeste \u00e9 perfeito\u201d. Mas o pr\u00f3prio Papa Francisco repete frequentemente que tamb\u00e9m ele \u00e9 pecador&#8230; Eu vou procurar descobrir alguns pecadinhos do Papa&#8230;. Com isto me sentirei um pouco mais tranquilo em rela\u00e7\u00e3o aos meus pr\u00f3prios pecados. S\u00f3 h\u00e1 uma maneira de ser salvo: sentir-se perdido, como Pedro afundando nas \u00e1guas do Lago de Genesar\u00e9. Penso que o que vai mudar, ao menos na cabe\u00e7a de muitas pessoas, \u00e9 esta consci\u00eancia de que ningu\u00e9m \u00e9 santo, ningu\u00e9m \u00e9 perfeito, mas todos s\u00e3o convidados a caminhar.<\/p>\n<p>Quem tem pernas longas d\u00e1 passos maiores, quem tem pernas pequenas d\u00e1 passos menores. O que importa \u00e9 caminhar. \u201cLevanta-te e anda\u201d \u00e9 um imperativo evang\u00e9lico que nunca pode ser esquecido. Pessoalmente acho que para mim ser\u00e1 uma experi\u00eancia muito rica, poder ouvir tantas vozes diferentes, vindas de tantas partes do mundo, com mentalidades t\u00e3o diferentes, mas sempre buscando a mesma coisa: a vontade de Deus. De alguma forma me sinto como Abra\u00e3o, gerando um filho na velhice&#8230; E, para quem conhece meu percurso ( a maioria dos confrades da Prov\u00edncia), vai entrever que este convite me assegura de que, apesar de haver encontrado algumas pedras no caminho, minha maneira de pensar apontava na dire\u00e7\u00e3o para a qual estamos caminhando.<\/p>\n<p><strong>Site Franciscanos &#8211; Como o sr. v\u00ea o Pontificado do Papa Francisco?<\/strong><\/p>\n<p><strong>Frei Moser<\/strong> &#8211; Nas v\u00e9speras da elei\u00e7\u00e3o de Francisco eu me encontrava na Pra\u00e7a de S\u00e3o Pedro em Roma. Mas como queria ir a Assis, com um casal amigo, segui para l\u00e1 na expectativa do que iria acontecer. L\u00e1 em S\u00e3o Dami\u00e3o, diante daquele hist\u00f3rico crucifixo, falei para o\u00a0 casal amigo: \u201cacho que\u00a0 quem for eleito deveria chamar-se Francisco. Pois a Igreja precisa ser reconstru\u00edda&#8230;. depois de tantos esc\u00e2ndalos de todo tipo\u201d. Bingo. N\u00e3o s\u00f3 escolheu o nome, como na \u201cLaudato Si\u201d e em tantas outras ocasi\u00f5es mostra ter consci\u00eancia de que foi vocacionado por Deus para ser outro Francisco de Assis. Aquele mesmo Francisco que n\u00e3o s\u00f3 reconstruiu uma capelinha, como, no sonho de Inoc\u00eancio III, impediu a queda da bas\u00edlica de S\u00e3o Jo\u00e3o do Latr\u00e3o. N\u00e3o h\u00e1 d\u00favidas de que o papado teve personagens marcantes tanto no sentido positivo como negativo. Mas tamb\u00e9m \u00e9 verdade que sobretudo a partir do Vaticano II, veio uma gera\u00e7\u00e3o de grandes homens, que souberam responder aos sinais do seu tempo. Quero deixar claro que o atual Francisco s\u00f3 foi poss\u00edvel gra\u00e7as ao gesto prof\u00e9tico de Bento XVI. Foi ele que abriu caminho para a desmistifica\u00e7\u00e3o de certas fun\u00e7\u00f5es, que no fundo n\u00e3o passam de servi\u00e7os prestados \u00e0 causa do Reino. Nosso Francisco, que n\u00e3o quis ser denominado nem de \u201cprimeiro\u201d, nem \u201cXavier\u201d, veio para criar um clima novo para a Igreja e para a sociedade. N\u00e3o \u00e9 bem ele: \u00e9 o Esp\u00edrito Santo que age atrav\u00e9s dele, confirmando o que sempre acreditamos: quem guia\u00a0 a Igreja n\u00e3o s\u00e3o os Papas, mas o pr\u00f3prio Esp\u00edrito Santo, que quase sempre age de maneira surpreendente. Francisco veio para tornar os sonhos do Vaticano II uma realidade.<\/p>\n","protected":false},"excerpt":{"rendered":"<p>Entrevista<\/p>\n","protected":false},"author":1,"featured_media":220614,"comment_status":"open","ping_status":"open","sticky":false,"template":"","format":"standard","meta":[],"categories":[758,1],"tags":[871,872,21],"acf":[],"yoast_head":"<!-- This site is optimized with the Yoast SEO plugin v19.2 - https:\/\/yoast.com\/wordpress\/plugins\/seo\/ -->\n<title>Frei Ant\u00f4nio Moser \u00e9 nomeado para o S\u00ednodo - Not\u00edcias - Franciscanos<\/title>\n<meta name=\"robots\" content=\"index, follow, max-snippet:-1, max-image-preview:large, max-video-preview:-1\" \/>\n<link rel=\"canonical\" href=\"https:\/\/franciscanos.org.br\/noticias\/frei-antonio-moser-e-nomeado-para-o-sinodo.html\" \/>\n<meta property=\"og:locale\" content=\"pt_BR\" \/>\n<meta property=\"og:type\" content=\"article\" \/>\n<meta property=\"og:title\" content=\"Frei Ant\u00f4nio Moser \u00e9 nomeado para o S\u00ednodo - Not\u00edcias - Franciscanos\" \/>\n<meta property=\"og:description\" content=\"Entrevista\" \/>\n<meta property=\"og:url\" content=\"https:\/\/franciscanos.org.br\/noticias\/frei-antonio-moser-e-nomeado-para-o-sinodo.html\" \/>\n<meta property=\"og:site_name\" content=\"Not\u00edcias - Franciscanos\" \/>\n<meta property=\"article:published_time\" content=\"2015-09-30T03:20:01+00:00\" \/>\n<meta property=\"article:modified_time\" content=\"2020-02-14T15:10:33+00:00\" \/>\n<meta property=\"og:image\" content=\"https:\/\/franciscanos.org.br\/noticias\/wp-content\/uploads\/2015\/09\/moser_2-150x105-1.jpg\" \/>\n\t<meta property=\"og:image:width\" content=\"273\" \/>\n\t<meta property=\"og:image:height\" content=\"180\" \/>\n\t<meta property=\"og:image:type\" content=\"image\/jpeg\" \/>\n<meta name=\"author\" content=\"admin\" \/>\n<meta name=\"twitter:card\" content=\"summary_large_image\" \/>\n<meta name=\"twitter:label1\" content=\"Escrito por\" \/>\n\t<meta name=\"twitter:data1\" content=\"admin\" \/>\n\t<meta name=\"twitter:label2\" content=\"Est. tempo de leitura\" \/>\n\t<meta name=\"twitter:data2\" content=\"14 minutos\" \/>\n<script type=\"application\/ld+json\" class=\"yoast-schema-graph\">{\"@context\":\"https:\/\/schema.org\",\"@graph\":[{\"@type\":\"WebSite\",\"@id\":\"https:\/\/franciscanos.org.br\/noticias\/#website\",\"url\":\"https:\/\/franciscanos.org.br\/noticias\/\",\"name\":\"Not\u00edcias - Franciscanos\",\"description\":\"Prov\u00edncia Franciscana da Imaculada Concei\u00e7\u00e3o do Brasil - Ordem dos Frades Menores - OFM\",\"potentialAction\":[{\"@type\":\"SearchAction\",\"target\":{\"@type\":\"EntryPoint\",\"urlTemplate\":\"https:\/\/franciscanos.org.br\/noticias\/?s={search_term_string}\"},\"query-input\":\"required name=search_term_string\"}],\"inLanguage\":\"pt-BR\"},{\"@type\":\"ImageObject\",\"inLanguage\":\"pt-BR\",\"@id\":\"https:\/\/franciscanos.org.br\/noticias\/frei-antonio-moser-e-nomeado-para-o-sinodo.html#primaryimage\",\"url\":\"https:\/\/franciscanos.org.br\/noticias\/wp-content\/uploads\/2015\/09\/moser_2-150x105-1.jpg\",\"contentUrl\":\"https:\/\/franciscanos.org.br\/noticias\/wp-content\/uploads\/2015\/09\/moser_2-150x105-1.jpg\",\"width\":273,\"height\":180},{\"@type\":\"WebPage\",\"@id\":\"https:\/\/franciscanos.org.br\/noticias\/frei-antonio-moser-e-nomeado-para-o-sinodo.html#webpage\",\"url\":\"https:\/\/franciscanos.org.br\/noticias\/frei-antonio-moser-e-nomeado-para-o-sinodo.html\",\"name\":\"Frei Ant\u00f4nio Moser \u00e9 nomeado para o S\u00ednodo - Not\u00edcias - Franciscanos\",\"isPartOf\":{\"@id\":\"https:\/\/franciscanos.org.br\/noticias\/#website\"},\"primaryImageOfPage\":{\"@id\":\"https:\/\/franciscanos.org.br\/noticias\/frei-antonio-moser-e-nomeado-para-o-sinodo.html#primaryimage\"},\"datePublished\":\"2015-09-30T03:20:01+00:00\",\"dateModified\":\"2020-02-14T15:10:33+00:00\",\"author\":{\"@id\":\"https:\/\/franciscanos.org.br\/noticias\/#\/schema\/person\/b38fbf43118f02820bd932f2e4b14ad3\"},\"breadcrumb\":{\"@id\":\"https:\/\/franciscanos.org.br\/noticias\/frei-antonio-moser-e-nomeado-para-o-sinodo.html#breadcrumb\"},\"inLanguage\":\"pt-BR\",\"potentialAction\":[{\"@type\":\"ReadAction\",\"target\":[\"https:\/\/franciscanos.org.br\/noticias\/frei-antonio-moser-e-nomeado-para-o-sinodo.html\"]}]},{\"@type\":\"BreadcrumbList\",\"@id\":\"https:\/\/franciscanos.org.br\/noticias\/frei-antonio-moser-e-nomeado-para-o-sinodo.html#breadcrumb\",\"itemListElement\":[{\"@type\":\"ListItem\",\"position\":1,\"name\":\"Home\",\"item\":\"https:\/\/franciscanos.org.br\/noticias\"},{\"@type\":\"ListItem\",\"position\":2,\"name\":\"Frei Ant\u00f4nio Moser \u00e9 nomeado para o S\u00ednodo\"}]},{\"@type\":\"Person\",\"@id\":\"https:\/\/franciscanos.org.br\/noticias\/#\/schema\/person\/b38fbf43118f02820bd932f2e4b14ad3\",\"name\":\"admin\",\"image\":{\"@type\":\"ImageObject\",\"inLanguage\":\"pt-BR\",\"@id\":\"https:\/\/franciscanos.org.br\/noticias\/#\/schema\/person\/image\/\",\"url\":\"https:\/\/secure.gravatar.com\/avatar\/e8495742d34d0ba6448ea1c628263b3e?s=96&d=mm&r=g\",\"contentUrl\":\"https:\/\/secure.gravatar.com\/avatar\/e8495742d34d0ba6448ea1c628263b3e?s=96&d=mm&r=g\",\"caption\":\"admin\"},\"url\":\"https:\/\/franciscanos.org.br\/noticias\/author\/admin\"}]}<\/script>\n<!-- \/ Yoast SEO plugin. -->","yoast_head_json":{"title":"Frei Ant\u00f4nio Moser \u00e9 nomeado para o S\u00ednodo - Not\u00edcias - Franciscanos","robots":{"index":"index","follow":"follow","max-snippet":"max-snippet:-1","max-image-preview":"max-image-preview:large","max-video-preview":"max-video-preview:-1"},"canonical":"https:\/\/franciscanos.org.br\/noticias\/frei-antonio-moser-e-nomeado-para-o-sinodo.html","og_locale":"pt_BR","og_type":"article","og_title":"Frei Ant\u00f4nio Moser \u00e9 nomeado para o S\u00ednodo - Not\u00edcias - Franciscanos","og_description":"Entrevista","og_url":"https:\/\/franciscanos.org.br\/noticias\/frei-antonio-moser-e-nomeado-para-o-sinodo.html","og_site_name":"Not\u00edcias - Franciscanos","article_published_time":"2015-09-30T03:20:01+00:00","article_modified_time":"2020-02-14T15:10:33+00:00","og_image":[{"width":273,"height":180,"url":"https:\/\/franciscanos.org.br\/noticias\/wp-content\/uploads\/2015\/09\/moser_2-150x105-1.jpg","type":"image\/jpeg"}],"author":"admin","twitter_card":"summary_large_image","twitter_misc":{"Escrito por":"admin","Est. tempo de leitura":"14 minutos"},"schema":{"@context":"https:\/\/schema.org","@graph":[{"@type":"WebSite","@id":"https:\/\/franciscanos.org.br\/noticias\/#website","url":"https:\/\/franciscanos.org.br\/noticias\/","name":"Not\u00edcias - Franciscanos","description":"Prov\u00edncia Franciscana da Imaculada Concei\u00e7\u00e3o do Brasil - Ordem dos Frades Menores - OFM","potentialAction":[{"@type":"SearchAction","target":{"@type":"EntryPoint","urlTemplate":"https:\/\/franciscanos.org.br\/noticias\/?s={search_term_string}"},"query-input":"required name=search_term_string"}],"inLanguage":"pt-BR"},{"@type":"ImageObject","inLanguage":"pt-BR","@id":"https:\/\/franciscanos.org.br\/noticias\/frei-antonio-moser-e-nomeado-para-o-sinodo.html#primaryimage","url":"https:\/\/franciscanos.org.br\/noticias\/wp-content\/uploads\/2015\/09\/moser_2-150x105-1.jpg","contentUrl":"https:\/\/franciscanos.org.br\/noticias\/wp-content\/uploads\/2015\/09\/moser_2-150x105-1.jpg","width":273,"height":180},{"@type":"WebPage","@id":"https:\/\/franciscanos.org.br\/noticias\/frei-antonio-moser-e-nomeado-para-o-sinodo.html#webpage","url":"https:\/\/franciscanos.org.br\/noticias\/frei-antonio-moser-e-nomeado-para-o-sinodo.html","name":"Frei Ant\u00f4nio Moser \u00e9 nomeado para o S\u00ednodo - Not\u00edcias - Franciscanos","isPartOf":{"@id":"https:\/\/franciscanos.org.br\/noticias\/#website"},"primaryImageOfPage":{"@id":"https:\/\/franciscanos.org.br\/noticias\/frei-antonio-moser-e-nomeado-para-o-sinodo.html#primaryimage"},"datePublished":"2015-09-30T03:20:01+00:00","dateModified":"2020-02-14T15:10:33+00:00","author":{"@id":"https:\/\/franciscanos.org.br\/noticias\/#\/schema\/person\/b38fbf43118f02820bd932f2e4b14ad3"},"breadcrumb":{"@id":"https:\/\/franciscanos.org.br\/noticias\/frei-antonio-moser-e-nomeado-para-o-sinodo.html#breadcrumb"},"inLanguage":"pt-BR","potentialAction":[{"@type":"ReadAction","target":["https:\/\/franciscanos.org.br\/noticias\/frei-antonio-moser-e-nomeado-para-o-sinodo.html"]}]},{"@type":"BreadcrumbList","@id":"https:\/\/franciscanos.org.br\/noticias\/frei-antonio-moser-e-nomeado-para-o-sinodo.html#breadcrumb","itemListElement":[{"@type":"ListItem","position":1,"name":"Home","item":"https:\/\/franciscanos.org.br\/noticias"},{"@type":"ListItem","position":2,"name":"Frei Ant\u00f4nio Moser \u00e9 nomeado para o S\u00ednodo"}]},{"@type":"Person","@id":"https:\/\/franciscanos.org.br\/noticias\/#\/schema\/person\/b38fbf43118f02820bd932f2e4b14ad3","name":"admin","image":{"@type":"ImageObject","inLanguage":"pt-BR","@id":"https:\/\/franciscanos.org.br\/noticias\/#\/schema\/person\/image\/","url":"https:\/\/secure.gravatar.com\/avatar\/e8495742d34d0ba6448ea1c628263b3e?s=96&d=mm&r=g","contentUrl":"https:\/\/secure.gravatar.com\/avatar\/e8495742d34d0ba6448ea1c628263b3e?s=96&d=mm&r=g","caption":"admin"},"url":"https:\/\/franciscanos.org.br\/noticias\/author\/admin"}]}},"_links":{"self":[{"href":"https:\/\/franciscanos.org.br\/noticias\/wp-json\/wp\/v2\/posts\/94063"}],"collection":[{"href":"https:\/\/franciscanos.org.br\/noticias\/wp-json\/wp\/v2\/posts"}],"about":[{"href":"https:\/\/franciscanos.org.br\/noticias\/wp-json\/wp\/v2\/types\/post"}],"author":[{"embeddable":true,"href":"https:\/\/franciscanos.org.br\/noticias\/wp-json\/wp\/v2\/users\/1"}],"replies":[{"embeddable":true,"href":"https:\/\/franciscanos.org.br\/noticias\/wp-json\/wp\/v2\/comments?post=94063"}],"version-history":[{"count":0,"href":"https:\/\/franciscanos.org.br\/noticias\/wp-json\/wp\/v2\/posts\/94063\/revisions"}],"wp:featuredmedia":[{"embeddable":true,"href":"https:\/\/franciscanos.org.br\/noticias\/wp-json\/wp\/v2\/media\/220614"}],"wp:attachment":[{"href":"https:\/\/franciscanos.org.br\/noticias\/wp-json\/wp\/v2\/media?parent=94063"}],"wp:term":[{"taxonomy":"category","embeddable":true,"href":"https:\/\/franciscanos.org.br\/noticias\/wp-json\/wp\/v2\/categories?post=94063"},{"taxonomy":"post_tag","embeddable":true,"href":"https:\/\/franciscanos.org.br\/noticias\/wp-json\/wp\/v2\/tags?post=94063"}],"curies":[{"name":"wp","href":"https:\/\/api.w.org\/{rel}","templated":true}]}}