{"id":93776,"date":"2015-09-09T07:02:22","date_gmt":"2015-09-09T10:02:22","guid":{"rendered":"http:\/\/franciscanos.org.br\/?p=93776"},"modified":"2021-07-05T20:21:29","modified_gmt":"2021-07-05T23:21:29","slug":"coral-contou-historias-do-imperio-no-museu-imperial","status":"publish","type":"post","link":"https:\/\/franciscanos.org.br\/noticias\/coral-contou-historias-do-imperio-no-museu-imperial.html","title":{"rendered":"Coral contou hist\u00f3rias do Imp\u00e9rio no Museu Imperial"},"content":{"rendered":"<p><img loading=\"lazy\" src=\"http:\/\/franciscanos.org.br\/wp-content\/uploads\/2015\/09\/coral.jpg\" alt=\"coral\" width=\"820\" height=\"418\" \/><\/p>\n<p>Um espet\u00e1culo encantador. Assim foi considerada a apresenta\u00e7\u00e3o do concerto \u201cO Imp\u00e9rio Brasileiro e sua M\u00fasica\u201d, realizada pelo Coral dos Canarinhos de Petr\u00f3polis neste domingo (6), no Museu Imperial. \u00c0s v\u00e9speras da comemora\u00e7\u00e3o da Independ\u00eancia do Brasil, os espectadores puderam conhecer um pouco da hist\u00f3ria do pa\u00eds de uma maneira diferente, atrav\u00e9s da m\u00fasica.<\/p>\n<p>Durante a apresenta\u00e7\u00e3o, hist\u00f3rias da \u00e9poca do Imp\u00e9rio foram contadas pelo coralista Lucas Mathias, que interpretou o mordomo Paulo Barbosa. Al\u00e9m disso, ao final do concerto, o maestro Marco Aur\u00e9lio Lischt explicou como funciona um coral. O p\u00fablico ainda teve a oportunidade de subir ao palco para perceber a diferen\u00e7a entre sopranos, contraltos, tenores e baixos.<\/p>\n<p><a href=\"http:\/\/franciscanos.org.br\/wp-content\/uploads\/2015\/09\/coral_2.jpg\"><img loading=\"lazy\" class=\"alignright wp-image-93779 size-full\" src=\"http:\/\/franciscanos.org.br\/wp-content\/uploads\/2015\/09\/coral_2.jpg\" alt=\"coral_2\" width=\"450\" height=\"300\" \/><\/a>\u201cGostei muito! Foi muito interessante essa mistura, unindo a cultura \u00e0 hist\u00f3ria do nosso pa\u00eds\u201d, afirmou a jornalista Mar\u00edlia Rodrigues. \u201cA apresenta\u00e7\u00e3o foi sensacional. Devemos sempre prestigiar essa garotada, que faz um belo trabalho. Tamb\u00e9m foi muito bacana estar no palco. \u00c9 uma vis\u00e3o diferente, e tudo se torna ainda mais emocionante\u201d, destacou o corretor de im\u00f3veis Vanderlei Oliveira.<\/p>\n<p>O maestro Marco Aur\u00e9lio Lischt destacou o fato da apresenta\u00e7\u00e3o ocorrer na v\u00e9spera da Independ\u00eancia do Brasil. \u201cO p\u00fablico foi bastante receptivo, e ter esta data pr\u00f3xima deu um sabor especial ao nosso concerto. Espero que, no futuro, possamos ter um pa\u00eds mais justo, onde os governantes se espelhem no exemplo de Dom Pedro II e se preocupem com o bem-estar de todos. Creio que, quanto mais levarmos este projeto para a comunidade, mais estaremos fazendo a nossa parte\u201d, disse.<\/p>\n<p>Idealizado pelo Instituto e roteirizado pelo professor Nilson Macedo, o concerto \u201cO Imp\u00e9rio Brasileiro e sua M\u00fasica\u201d integra o Tour da Experi\u00eancia, projeto desenvolvido pelo Minist\u00e9rio do Turismo, em parceria com o Sebrae e o Instituto Marca Brasil, que tem o objetivo de aumentar o fluxo tur\u00edstico e a perman\u00eancia dos visitantes nas cidades participantes, permitindo que os mesmo vivenciem experi\u00eancias nos destinos escolhidos.<\/p>\n","protected":false},"excerpt":{"rendered":"<p>Canarinhos<\/p>\n","protected":false},"author":1,"featured_media":220538,"comment_status":"open","ping_status":"open","sticky":false,"template":"","format":"standard","meta":[],"categories":[1],"tags":[1378],"acf":[],"yoast_head":"<!-- This site is optimized with the Yoast SEO plugin v19.2 - https:\/\/yoast.com\/wordpress\/plugins\/seo\/ -->\n<title>Coral contou hist\u00f3rias do Imp\u00e9rio no Museu Imperial - Not\u00edcias - Franciscanos<\/title>\n<meta name=\"robots\" content=\"index, follow, max-snippet:-1, max-image-preview:large, max-video-preview:-1\" \/>\n<link rel=\"canonical\" href=\"https:\/\/franciscanos.org.br\/noticias\/coral-contou-historias-do-imperio-no-museu-imperial.html\" \/>\n<meta property=\"og:locale\" content=\"pt_BR\" \/>\n<meta property=\"og:type\" content=\"article\" \/>\n<meta property=\"og:title\" content=\"Coral contou hist\u00f3rias do Imp\u00e9rio no Museu Imperial - Not\u00edcias - Franciscanos\" \/>\n<meta property=\"og:description\" content=\"Canarinhos\" \/>\n<meta property=\"og:url\" content=\"https:\/\/franciscanos.org.br\/noticias\/coral-contou-historias-do-imperio-no-museu-imperial.html\" \/>\n<meta property=\"og:site_name\" content=\"Not\u00edcias - Franciscanos\" \/>\n<meta property=\"article:published_time\" content=\"2015-09-09T10:02:22+00:00\" \/>\n<meta property=\"article:modified_time\" content=\"2021-07-05T23:21:29+00:00\" \/>\n<meta property=\"og:image\" content=\"https:\/\/franciscanos.org.br\/noticias\/wp-content\/uploads\/2015\/09\/coral_2.jpg\" \/>\n\t<meta property=\"og:image:width\" content=\"273\" \/>\n\t<meta property=\"og:image:height\" content=\"181\" \/>\n\t<meta property=\"og:image:type\" content=\"image\/jpeg\" \/>\n<meta name=\"author\" content=\"admin\" \/>\n<meta name=\"twitter:card\" content=\"summary_large_image\" \/>\n<meta name=\"twitter:label1\" content=\"Escrito por\" \/>\n\t<meta name=\"twitter:data1\" content=\"admin\" \/>\n\t<meta name=\"twitter:label2\" content=\"Est. tempo de leitura\" \/>\n\t<meta name=\"twitter:data2\" content=\"2 minutos\" \/>\n<script type=\"application\/ld+json\" class=\"yoast-schema-graph\">{\"@context\":\"https:\/\/schema.org\",\"@graph\":[{\"@type\":\"WebSite\",\"@id\":\"https:\/\/franciscanos.org.br\/noticias\/#website\",\"url\":\"https:\/\/franciscanos.org.br\/noticias\/\",\"name\":\"Not\u00edcias - Franciscanos\",\"description\":\"Prov\u00edncia Franciscana da Imaculada Concei\u00e7\u00e3o do Brasil - Ordem dos Frades Menores - OFM\",\"potentialAction\":[{\"@type\":\"SearchAction\",\"target\":{\"@type\":\"EntryPoint\",\"urlTemplate\":\"https:\/\/franciscanos.org.br\/noticias\/?s={search_term_string}\"},\"query-input\":\"required name=search_term_string\"}],\"inLanguage\":\"pt-BR\"},{\"@type\":\"ImageObject\",\"inLanguage\":\"pt-BR\",\"@id\":\"https:\/\/franciscanos.org.br\/noticias\/coral-contou-historias-do-imperio-no-museu-imperial.html#primaryimage\",\"url\":\"https:\/\/franciscanos.org.br\/noticias\/wp-content\/uploads\/2015\/09\/coral_2.jpg\",\"contentUrl\":\"https:\/\/franciscanos.org.br\/noticias\/wp-content\/uploads\/2015\/09\/coral_2.jpg\",\"width\":273,\"height\":181},{\"@type\":\"WebPage\",\"@id\":\"https:\/\/franciscanos.org.br\/noticias\/coral-contou-historias-do-imperio-no-museu-imperial.html#webpage\",\"url\":\"https:\/\/franciscanos.org.br\/noticias\/coral-contou-historias-do-imperio-no-museu-imperial.html\",\"name\":\"Coral contou hist\u00f3rias do Imp\u00e9rio no Museu Imperial - Not\u00edcias - Franciscanos\",\"isPartOf\":{\"@id\":\"https:\/\/franciscanos.org.br\/noticias\/#website\"},\"primaryImageOfPage\":{\"@id\":\"https:\/\/franciscanos.org.br\/noticias\/coral-contou-historias-do-imperio-no-museu-imperial.html#primaryimage\"},\"datePublished\":\"2015-09-09T10:02:22+00:00\",\"dateModified\":\"2021-07-05T23:21:29+00:00\",\"author\":{\"@id\":\"https:\/\/franciscanos.org.br\/noticias\/#\/schema\/person\/b38fbf43118f02820bd932f2e4b14ad3\"},\"breadcrumb\":{\"@id\":\"https:\/\/franciscanos.org.br\/noticias\/coral-contou-historias-do-imperio-no-museu-imperial.html#breadcrumb\"},\"inLanguage\":\"pt-BR\",\"potentialAction\":[{\"@type\":\"ReadAction\",\"target\":[\"https:\/\/franciscanos.org.br\/noticias\/coral-contou-historias-do-imperio-no-museu-imperial.html\"]}]},{\"@type\":\"BreadcrumbList\",\"@id\":\"https:\/\/franciscanos.org.br\/noticias\/coral-contou-historias-do-imperio-no-museu-imperial.html#breadcrumb\",\"itemListElement\":[{\"@type\":\"ListItem\",\"position\":1,\"name\":\"Home\",\"item\":\"https:\/\/franciscanos.org.br\/noticias\"},{\"@type\":\"ListItem\",\"position\":2,\"name\":\"Coral contou hist\u00f3rias do Imp\u00e9rio no Museu Imperial\"}]},{\"@type\":\"Person\",\"@id\":\"https:\/\/franciscanos.org.br\/noticias\/#\/schema\/person\/b38fbf43118f02820bd932f2e4b14ad3\",\"name\":\"admin\",\"image\":{\"@type\":\"ImageObject\",\"inLanguage\":\"pt-BR\",\"@id\":\"https:\/\/franciscanos.org.br\/noticias\/#\/schema\/person\/image\/\",\"url\":\"https:\/\/secure.gravatar.com\/avatar\/e8495742d34d0ba6448ea1c628263b3e?s=96&d=mm&r=g\",\"contentUrl\":\"https:\/\/secure.gravatar.com\/avatar\/e8495742d34d0ba6448ea1c628263b3e?s=96&d=mm&r=g\",\"caption\":\"admin\"},\"url\":\"https:\/\/franciscanos.org.br\/noticias\/author\/admin\"}]}<\/script>\n<!-- \/ Yoast SEO plugin. -->","yoast_head_json":{"title":"Coral contou hist\u00f3rias do Imp\u00e9rio no Museu Imperial - Not\u00edcias - Franciscanos","robots":{"index":"index","follow":"follow","max-snippet":"max-snippet:-1","max-image-preview":"max-image-preview:large","max-video-preview":"max-video-preview:-1"},"canonical":"https:\/\/franciscanos.org.br\/noticias\/coral-contou-historias-do-imperio-no-museu-imperial.html","og_locale":"pt_BR","og_type":"article","og_title":"Coral contou hist\u00f3rias do Imp\u00e9rio no Museu Imperial - Not\u00edcias - Franciscanos","og_description":"Canarinhos","og_url":"https:\/\/franciscanos.org.br\/noticias\/coral-contou-historias-do-imperio-no-museu-imperial.html","og_site_name":"Not\u00edcias - Franciscanos","article_published_time":"2015-09-09T10:02:22+00:00","article_modified_time":"2021-07-05T23:21:29+00:00","og_image":[{"width":273,"height":181,"url":"https:\/\/franciscanos.org.br\/noticias\/wp-content\/uploads\/2015\/09\/coral_2.jpg","type":"image\/jpeg"}],"author":"admin","twitter_card":"summary_large_image","twitter_misc":{"Escrito por":"admin","Est. tempo de leitura":"2 minutos"},"schema":{"@context":"https:\/\/schema.org","@graph":[{"@type":"WebSite","@id":"https:\/\/franciscanos.org.br\/noticias\/#website","url":"https:\/\/franciscanos.org.br\/noticias\/","name":"Not\u00edcias - Franciscanos","description":"Prov\u00edncia Franciscana da Imaculada Concei\u00e7\u00e3o do Brasil - Ordem dos Frades Menores - OFM","potentialAction":[{"@type":"SearchAction","target":{"@type":"EntryPoint","urlTemplate":"https:\/\/franciscanos.org.br\/noticias\/?s={search_term_string}"},"query-input":"required name=search_term_string"}],"inLanguage":"pt-BR"},{"@type":"ImageObject","inLanguage":"pt-BR","@id":"https:\/\/franciscanos.org.br\/noticias\/coral-contou-historias-do-imperio-no-museu-imperial.html#primaryimage","url":"https:\/\/franciscanos.org.br\/noticias\/wp-content\/uploads\/2015\/09\/coral_2.jpg","contentUrl":"https:\/\/franciscanos.org.br\/noticias\/wp-content\/uploads\/2015\/09\/coral_2.jpg","width":273,"height":181},{"@type":"WebPage","@id":"https:\/\/franciscanos.org.br\/noticias\/coral-contou-historias-do-imperio-no-museu-imperial.html#webpage","url":"https:\/\/franciscanos.org.br\/noticias\/coral-contou-historias-do-imperio-no-museu-imperial.html","name":"Coral contou hist\u00f3rias do Imp\u00e9rio no Museu Imperial - Not\u00edcias - Franciscanos","isPartOf":{"@id":"https:\/\/franciscanos.org.br\/noticias\/#website"},"primaryImageOfPage":{"@id":"https:\/\/franciscanos.org.br\/noticias\/coral-contou-historias-do-imperio-no-museu-imperial.html#primaryimage"},"datePublished":"2015-09-09T10:02:22+00:00","dateModified":"2021-07-05T23:21:29+00:00","author":{"@id":"https:\/\/franciscanos.org.br\/noticias\/#\/schema\/person\/b38fbf43118f02820bd932f2e4b14ad3"},"breadcrumb":{"@id":"https:\/\/franciscanos.org.br\/noticias\/coral-contou-historias-do-imperio-no-museu-imperial.html#breadcrumb"},"inLanguage":"pt-BR","potentialAction":[{"@type":"ReadAction","target":["https:\/\/franciscanos.org.br\/noticias\/coral-contou-historias-do-imperio-no-museu-imperial.html"]}]},{"@type":"BreadcrumbList","@id":"https:\/\/franciscanos.org.br\/noticias\/coral-contou-historias-do-imperio-no-museu-imperial.html#breadcrumb","itemListElement":[{"@type":"ListItem","position":1,"name":"Home","item":"https:\/\/franciscanos.org.br\/noticias"},{"@type":"ListItem","position":2,"name":"Coral contou hist\u00f3rias do Imp\u00e9rio no Museu Imperial"}]},{"@type":"Person","@id":"https:\/\/franciscanos.org.br\/noticias\/#\/schema\/person\/b38fbf43118f02820bd932f2e4b14ad3","name":"admin","image":{"@type":"ImageObject","inLanguage":"pt-BR","@id":"https:\/\/franciscanos.org.br\/noticias\/#\/schema\/person\/image\/","url":"https:\/\/secure.gravatar.com\/avatar\/e8495742d34d0ba6448ea1c628263b3e?s=96&d=mm&r=g","contentUrl":"https:\/\/secure.gravatar.com\/avatar\/e8495742d34d0ba6448ea1c628263b3e?s=96&d=mm&r=g","caption":"admin"},"url":"https:\/\/franciscanos.org.br\/noticias\/author\/admin"}]}},"_links":{"self":[{"href":"https:\/\/franciscanos.org.br\/noticias\/wp-json\/wp\/v2\/posts\/93776"}],"collection":[{"href":"https:\/\/franciscanos.org.br\/noticias\/wp-json\/wp\/v2\/posts"}],"about":[{"href":"https:\/\/franciscanos.org.br\/noticias\/wp-json\/wp\/v2\/types\/post"}],"author":[{"embeddable":true,"href":"https:\/\/franciscanos.org.br\/noticias\/wp-json\/wp\/v2\/users\/1"}],"replies":[{"embeddable":true,"href":"https:\/\/franciscanos.org.br\/noticias\/wp-json\/wp\/v2\/comments?post=93776"}],"version-history":[{"count":1,"href":"https:\/\/franciscanos.org.br\/noticias\/wp-json\/wp\/v2\/posts\/93776\/revisions"}],"predecessor-version":[{"id":232921,"href":"https:\/\/franciscanos.org.br\/noticias\/wp-json\/wp\/v2\/posts\/93776\/revisions\/232921"}],"wp:featuredmedia":[{"embeddable":true,"href":"https:\/\/franciscanos.org.br\/noticias\/wp-json\/wp\/v2\/media\/220538"}],"wp:attachment":[{"href":"https:\/\/franciscanos.org.br\/noticias\/wp-json\/wp\/v2\/media?parent=93776"}],"wp:term":[{"taxonomy":"category","embeddable":true,"href":"https:\/\/franciscanos.org.br\/noticias\/wp-json\/wp\/v2\/categories?post=93776"},{"taxonomy":"post_tag","embeddable":true,"href":"https:\/\/franciscanos.org.br\/noticias\/wp-json\/wp\/v2\/tags?post=93776"}],"curies":[{"name":"wp","href":"https:\/\/api.w.org\/{rel}","templated":true}]}}