{"id":93672,"date":"2015-09-08T10:16:23","date_gmt":"2015-09-08T13:16:23","guid":{"rendered":"http:\/\/franciscanos.org.br\/?p=93672"},"modified":"2019-08-06T09:49:46","modified_gmt":"2019-08-06T12:49:46","slug":"termina-o-historico-encontro-de-irmaos-leigos","status":"publish","type":"post","link":"https:\/\/franciscanos.org.br\/noticias\/termina-o-historico-encontro-de-irmaos-leigos.html","title":{"rendered":"Termina o hist\u00f3rico Encontro de Irm\u00e3os Leigos em Agudos"},"content":{"rendered":"<p><img loading=\"lazy\" src=\"https:\/\/franciscanos.org.br\/noticias\/wp-content\/uploads\/2015\/09\/encontro-840.jpg\" alt=\"\" width=\"840\" height=\"394\" \/><\/p>\n<p><strong>Moacir Beggo<\/strong><\/p>\n<p>Terminou nesta segunda-feira, feriado nacional, o 1\u00ba Encontro Nacional de Irm\u00e3os Leigos das v\u00e1rias obedi\u00eancias franciscanas \u2013 Ordem dos Frades Menores (OFM), Ordem dos Frades Menores Capuchinhos (OFMCap), Ordem dos Frades Menores Conventuais (OFMConv) e Terceira Ordem Regular (TOR) \u2013 no Semin\u00e1rio Santo Ant\u00f4nio de Agudos (SP). Essa primeira experi\u00eancia em n\u00edvel nacional durou quatro dias, de 4 a 7 de setembro, e foi aprovada por unanimidade pelos frades presentes no encontro e pelos Ministros Provinciais que estiveram em Agudos. Desse encontro, ficou definido que os irm\u00e3os leigos voltar\u00e3o a se encontrar em dois anos e, o mais importante, aprovaram uma carta que ser\u00e1 enviada aos Ministros Gerais e Provinciais das tr\u00eas obedi\u00eancias e da TOR.<\/p>\n<p>Segundo os frades, nesta mensagem, deram juntos um passo significativo na obra de perfazerem em fraternidade a identidade comum.<\/p>\n<p>A clericaliza\u00e7\u00e3o da Ordem Franciscana \u00e9 um dos pontos abordados pela carta. &#8220;Trata-se de um processo hist\u00f3rico que, desde o in\u00edcio, gerou incompreens\u00e3o da identidade, papel e testemunho do irm\u00e3o leigo, bem como ainda hoje \u00e9 respons\u00e1vel por ferir a igualdade efetiva e jur\u00eddica entre os frades (&#8230;) contudo a cleriza\u00e7\u00e3o n\u00e3o fere apenas a condi\u00e7\u00e3o dos irm\u00e3os leigos e prejudica as rela\u00e7\u00f5es fraternas mas, sobretudo, e de modo extremamente perigoso desfigura a inspira\u00e7\u00e3o origin\u00e1ria e com isso a identidade franciscana&#8221;.<\/p>\n<p>Para eles, a clericaliza\u00e7\u00e3o \u00e9 um mal a ser superado tanto pelos irm\u00e3os leigos quanto pelos irm\u00e3os cl\u00e9rigos num esfor\u00e7o conjunto. &#8220;Ela coloca em perigo nosso futuro de irm\u00e3os menores e arruina a base de nossa fraternidade minor\u00edtica&#8221;.<\/p>\n<p>O \u00faltimo dia do Encontro dos Irm\u00e3os Leigos fez uma avalia\u00e7\u00e3o do evento, muito positiva para todos, juntou propostas para o pr\u00f3ximo e apresentou a nova equipe que vai preparar o encontro em 2017. Depois do almo\u00e7o, os frades de 16 estados puderam retornar \u00e0s suas casas.<\/p>\n<p>No v\u00eddeo a seguir, uma pequena mostra do Encontro.<\/p>\n<p><iframe loading=\"lazy\" width=\"500\" height=\"281\" src=\"https:\/\/www.youtube.com\/embed\/XzyjJue8Ej4?feature=oembed\" frameborder=\"0\" allow=\"accelerometer; autoplay; encrypted-media; gyroscope; picture-in-picture\" allowfullscreen><\/iframe><\/p>\n","protected":false},"excerpt":{"rendered":"<p>Ordem Franciscana<\/p>\n","protected":false},"author":1,"featured_media":208788,"comment_status":"open","ping_status":"open","sticky":false,"template":"","format":"standard","meta":[],"categories":[1],"tags":[203,532,533],"acf":[],"yoast_head":"<!-- This site is optimized with the Yoast SEO plugin v19.2 - https:\/\/yoast.com\/wordpress\/plugins\/seo\/ -->\n<title>Termina o hist\u00f3rico Encontro de Irm\u00e3os Leigos em Agudos - Not\u00edcias - Franciscanos<\/title>\n<meta name=\"robots\" content=\"index, follow, max-snippet:-1, max-image-preview:large, max-video-preview:-1\" \/>\n<link rel=\"canonical\" href=\"https:\/\/franciscanos.org.br\/noticias\/termina-o-historico-encontro-de-irmaos-leigos.html\" \/>\n<meta property=\"og:locale\" content=\"pt_BR\" \/>\n<meta property=\"og:type\" content=\"article\" \/>\n<meta property=\"og:title\" content=\"Termina o hist\u00f3rico Encontro de Irm\u00e3os Leigos em Agudos - Not\u00edcias - Franciscanos\" \/>\n<meta property=\"og:description\" content=\"Ordem Franciscana\" \/>\n<meta property=\"og:url\" content=\"https:\/\/franciscanos.org.br\/noticias\/termina-o-historico-encontro-de-irmaos-leigos.html\" \/>\n<meta property=\"og:site_name\" content=\"Not\u00edcias - Franciscanos\" \/>\n<meta property=\"article:published_time\" content=\"2015-09-08T13:16:23+00:00\" \/>\n<meta property=\"article:modified_time\" content=\"2019-08-06T12:49:46+00:00\" \/>\n<meta property=\"og:image\" content=\"https:\/\/franciscanos.org.br\/noticias\/wp-content\/uploads\/2015\/09\/encontro-273.jpg\" \/>\n\t<meta property=\"og:image:width\" content=\"273\" \/>\n\t<meta property=\"og:image:height\" content=\"181\" \/>\n\t<meta property=\"og:image:type\" content=\"image\/jpeg\" \/>\n<meta name=\"author\" content=\"admin\" \/>\n<meta name=\"twitter:card\" content=\"summary_large_image\" \/>\n<meta name=\"twitter:label1\" content=\"Escrito por\" \/>\n\t<meta name=\"twitter:data1\" content=\"admin\" \/>\n\t<meta name=\"twitter:label2\" content=\"Est. tempo de leitura\" \/>\n\t<meta name=\"twitter:data2\" content=\"2 minutos\" \/>\n<script type=\"application\/ld+json\" class=\"yoast-schema-graph\">{\"@context\":\"https:\/\/schema.org\",\"@graph\":[{\"@type\":\"WebSite\",\"@id\":\"https:\/\/franciscanos.org.br\/noticias\/#website\",\"url\":\"https:\/\/franciscanos.org.br\/noticias\/\",\"name\":\"Not\u00edcias - Franciscanos\",\"description\":\"Prov\u00edncia Franciscana da Imaculada Concei\u00e7\u00e3o do Brasil - Ordem dos Frades Menores - OFM\",\"potentialAction\":[{\"@type\":\"SearchAction\",\"target\":{\"@type\":\"EntryPoint\",\"urlTemplate\":\"https:\/\/franciscanos.org.br\/noticias\/?s={search_term_string}\"},\"query-input\":\"required name=search_term_string\"}],\"inLanguage\":\"pt-BR\"},{\"@type\":\"ImageObject\",\"inLanguage\":\"pt-BR\",\"@id\":\"https:\/\/franciscanos.org.br\/noticias\/termina-o-historico-encontro-de-irmaos-leigos.html#primaryimage\",\"url\":\"https:\/\/franciscanos.org.br\/noticias\/wp-content\/uploads\/2015\/09\/encontro-273.jpg\",\"contentUrl\":\"https:\/\/franciscanos.org.br\/noticias\/wp-content\/uploads\/2015\/09\/encontro-273.jpg\",\"width\":273,\"height\":181},{\"@type\":\"WebPage\",\"@id\":\"https:\/\/franciscanos.org.br\/noticias\/termina-o-historico-encontro-de-irmaos-leigos.html#webpage\",\"url\":\"https:\/\/franciscanos.org.br\/noticias\/termina-o-historico-encontro-de-irmaos-leigos.html\",\"name\":\"Termina o hist\u00f3rico Encontro de Irm\u00e3os Leigos em Agudos - Not\u00edcias - Franciscanos\",\"isPartOf\":{\"@id\":\"https:\/\/franciscanos.org.br\/noticias\/#website\"},\"primaryImageOfPage\":{\"@id\":\"https:\/\/franciscanos.org.br\/noticias\/termina-o-historico-encontro-de-irmaos-leigos.html#primaryimage\"},\"datePublished\":\"2015-09-08T13:16:23+00:00\",\"dateModified\":\"2019-08-06T12:49:46+00:00\",\"author\":{\"@id\":\"https:\/\/franciscanos.org.br\/noticias\/#\/schema\/person\/b38fbf43118f02820bd932f2e4b14ad3\"},\"breadcrumb\":{\"@id\":\"https:\/\/franciscanos.org.br\/noticias\/termina-o-historico-encontro-de-irmaos-leigos.html#breadcrumb\"},\"inLanguage\":\"pt-BR\",\"potentialAction\":[{\"@type\":\"ReadAction\",\"target\":[\"https:\/\/franciscanos.org.br\/noticias\/termina-o-historico-encontro-de-irmaos-leigos.html\"]}]},{\"@type\":\"BreadcrumbList\",\"@id\":\"https:\/\/franciscanos.org.br\/noticias\/termina-o-historico-encontro-de-irmaos-leigos.html#breadcrumb\",\"itemListElement\":[{\"@type\":\"ListItem\",\"position\":1,\"name\":\"Home\",\"item\":\"https:\/\/franciscanos.org.br\/noticias\"},{\"@type\":\"ListItem\",\"position\":2,\"name\":\"Termina o hist\u00f3rico Encontro de Irm\u00e3os Leigos em Agudos\"}]},{\"@type\":\"Person\",\"@id\":\"https:\/\/franciscanos.org.br\/noticias\/#\/schema\/person\/b38fbf43118f02820bd932f2e4b14ad3\",\"name\":\"admin\",\"image\":{\"@type\":\"ImageObject\",\"inLanguage\":\"pt-BR\",\"@id\":\"https:\/\/franciscanos.org.br\/noticias\/#\/schema\/person\/image\/\",\"url\":\"https:\/\/secure.gravatar.com\/avatar\/e8495742d34d0ba6448ea1c628263b3e?s=96&d=mm&r=g\",\"contentUrl\":\"https:\/\/secure.gravatar.com\/avatar\/e8495742d34d0ba6448ea1c628263b3e?s=96&d=mm&r=g\",\"caption\":\"admin\"},\"url\":\"https:\/\/franciscanos.org.br\/noticias\/author\/admin\"}]}<\/script>\n<!-- \/ Yoast SEO plugin. -->","yoast_head_json":{"title":"Termina o hist\u00f3rico Encontro de Irm\u00e3os Leigos em Agudos - Not\u00edcias - Franciscanos","robots":{"index":"index","follow":"follow","max-snippet":"max-snippet:-1","max-image-preview":"max-image-preview:large","max-video-preview":"max-video-preview:-1"},"canonical":"https:\/\/franciscanos.org.br\/noticias\/termina-o-historico-encontro-de-irmaos-leigos.html","og_locale":"pt_BR","og_type":"article","og_title":"Termina o hist\u00f3rico Encontro de Irm\u00e3os Leigos em Agudos - Not\u00edcias - Franciscanos","og_description":"Ordem Franciscana","og_url":"https:\/\/franciscanos.org.br\/noticias\/termina-o-historico-encontro-de-irmaos-leigos.html","og_site_name":"Not\u00edcias - Franciscanos","article_published_time":"2015-09-08T13:16:23+00:00","article_modified_time":"2019-08-06T12:49:46+00:00","og_image":[{"width":273,"height":181,"url":"https:\/\/franciscanos.org.br\/noticias\/wp-content\/uploads\/2015\/09\/encontro-273.jpg","type":"image\/jpeg"}],"author":"admin","twitter_card":"summary_large_image","twitter_misc":{"Escrito por":"admin","Est. tempo de leitura":"2 minutos"},"schema":{"@context":"https:\/\/schema.org","@graph":[{"@type":"WebSite","@id":"https:\/\/franciscanos.org.br\/noticias\/#website","url":"https:\/\/franciscanos.org.br\/noticias\/","name":"Not\u00edcias - Franciscanos","description":"Prov\u00edncia Franciscana da Imaculada Concei\u00e7\u00e3o do Brasil - Ordem dos Frades Menores - OFM","potentialAction":[{"@type":"SearchAction","target":{"@type":"EntryPoint","urlTemplate":"https:\/\/franciscanos.org.br\/noticias\/?s={search_term_string}"},"query-input":"required name=search_term_string"}],"inLanguage":"pt-BR"},{"@type":"ImageObject","inLanguage":"pt-BR","@id":"https:\/\/franciscanos.org.br\/noticias\/termina-o-historico-encontro-de-irmaos-leigos.html#primaryimage","url":"https:\/\/franciscanos.org.br\/noticias\/wp-content\/uploads\/2015\/09\/encontro-273.jpg","contentUrl":"https:\/\/franciscanos.org.br\/noticias\/wp-content\/uploads\/2015\/09\/encontro-273.jpg","width":273,"height":181},{"@type":"WebPage","@id":"https:\/\/franciscanos.org.br\/noticias\/termina-o-historico-encontro-de-irmaos-leigos.html#webpage","url":"https:\/\/franciscanos.org.br\/noticias\/termina-o-historico-encontro-de-irmaos-leigos.html","name":"Termina o hist\u00f3rico Encontro de Irm\u00e3os Leigos em Agudos - Not\u00edcias - Franciscanos","isPartOf":{"@id":"https:\/\/franciscanos.org.br\/noticias\/#website"},"primaryImageOfPage":{"@id":"https:\/\/franciscanos.org.br\/noticias\/termina-o-historico-encontro-de-irmaos-leigos.html#primaryimage"},"datePublished":"2015-09-08T13:16:23+00:00","dateModified":"2019-08-06T12:49:46+00:00","author":{"@id":"https:\/\/franciscanos.org.br\/noticias\/#\/schema\/person\/b38fbf43118f02820bd932f2e4b14ad3"},"breadcrumb":{"@id":"https:\/\/franciscanos.org.br\/noticias\/termina-o-historico-encontro-de-irmaos-leigos.html#breadcrumb"},"inLanguage":"pt-BR","potentialAction":[{"@type":"ReadAction","target":["https:\/\/franciscanos.org.br\/noticias\/termina-o-historico-encontro-de-irmaos-leigos.html"]}]},{"@type":"BreadcrumbList","@id":"https:\/\/franciscanos.org.br\/noticias\/termina-o-historico-encontro-de-irmaos-leigos.html#breadcrumb","itemListElement":[{"@type":"ListItem","position":1,"name":"Home","item":"https:\/\/franciscanos.org.br\/noticias"},{"@type":"ListItem","position":2,"name":"Termina o hist\u00f3rico Encontro de Irm\u00e3os Leigos em Agudos"}]},{"@type":"Person","@id":"https:\/\/franciscanos.org.br\/noticias\/#\/schema\/person\/b38fbf43118f02820bd932f2e4b14ad3","name":"admin","image":{"@type":"ImageObject","inLanguage":"pt-BR","@id":"https:\/\/franciscanos.org.br\/noticias\/#\/schema\/person\/image\/","url":"https:\/\/secure.gravatar.com\/avatar\/e8495742d34d0ba6448ea1c628263b3e?s=96&d=mm&r=g","contentUrl":"https:\/\/secure.gravatar.com\/avatar\/e8495742d34d0ba6448ea1c628263b3e?s=96&d=mm&r=g","caption":"admin"},"url":"https:\/\/franciscanos.org.br\/noticias\/author\/admin"}]}},"_links":{"self":[{"href":"https:\/\/franciscanos.org.br\/noticias\/wp-json\/wp\/v2\/posts\/93672"}],"collection":[{"href":"https:\/\/franciscanos.org.br\/noticias\/wp-json\/wp\/v2\/posts"}],"about":[{"href":"https:\/\/franciscanos.org.br\/noticias\/wp-json\/wp\/v2\/types\/post"}],"author":[{"embeddable":true,"href":"https:\/\/franciscanos.org.br\/noticias\/wp-json\/wp\/v2\/users\/1"}],"replies":[{"embeddable":true,"href":"https:\/\/franciscanos.org.br\/noticias\/wp-json\/wp\/v2\/comments?post=93672"}],"version-history":[{"count":0,"href":"https:\/\/franciscanos.org.br\/noticias\/wp-json\/wp\/v2\/posts\/93672\/revisions"}],"wp:featuredmedia":[{"embeddable":true,"href":"https:\/\/franciscanos.org.br\/noticias\/wp-json\/wp\/v2\/media\/208788"}],"wp:attachment":[{"href":"https:\/\/franciscanos.org.br\/noticias\/wp-json\/wp\/v2\/media?parent=93672"}],"wp:term":[{"taxonomy":"category","embeddable":true,"href":"https:\/\/franciscanos.org.br\/noticias\/wp-json\/wp\/v2\/categories?post=93672"},{"taxonomy":"post_tag","embeddable":true,"href":"https:\/\/franciscanos.org.br\/noticias\/wp-json\/wp\/v2\/tags?post=93672"}],"curies":[{"name":"wp","href":"https:\/\/api.w.org\/{rel}","templated":true}]}}