{"id":9339,"date":"2011-12-15T12:35:12","date_gmt":"2011-12-15T14:35:12","guid":{"rendered":"http:\/\/new.franciscanos.org.br\/?p=9339"},"modified":"2019-02-04T12:53:19","modified_gmt":"2019-02-04T14:53:19","slug":"semana-missionaria-para-ordenacao-de-frei-laurindo","status":"publish","type":"post","link":"https:\/\/franciscanos.org.br\/noticias\/semana-missionaria-para-ordenacao-de-frei-laurindo.html","title":{"rendered":"Semana mission\u00e1ria para ordena\u00e7\u00e3o de Frei Laurindo"},"content":{"rendered":"<p><img loading=\"lazy\" class=\"alignnone size-full wp-image-199164\" src=\"https:\/\/franciscanos.org.br\/noticias\/wp-content\/uploads\/2011\/12\/laurindo_semana.jpg\" alt=\"\" width=\"830\" height=\"410\" srcset=\"https:\/\/franciscanos.org.br\/noticias\/wp-content\/uploads\/2011\/12\/laurindo_semana.jpg 830w, https:\/\/franciscanos.org.br\/noticias\/wp-content\/uploads\/2011\/12\/laurindo_semana-450x222.jpg 450w, https:\/\/franciscanos.org.br\/noticias\/wp-content\/uploads\/2011\/12\/laurindo_semana-768x379.jpg 768w, https:\/\/franciscanos.org.br\/noticias\/wp-content\/uploads\/2011\/12\/laurindo_semana-150x74.jpg 150w\" sizes=\"(max-width: 830px) 100vw, 830px\" \/><\/p>\n<p>Por ocasi\u00e3o da ordena\u00e7\u00e3o presbiteral de Frei Laurindo Lauro da Silva Jr, oito frades, rec\u00e9m-sa\u00eddos da Teologia, acompanham Frei Pedro da Silva na semana Mission\u00e1ria em Itapo\u00e1, em Santa Catarina. De ter\u00e7a a domingo, a cidade receber\u00e1 v\u00e1rios franciscanos que v\u00eam testemunhar a fraternidade, conhecer o povo e, com ele, semear paz e bem.<\/p>\n<p>Itapo\u00e1 \u00e9 uma cidade do litoral norte catarinense. Pertinho do Paran\u00e1. Povo bom, alguns pescadores e gente que busca sossego depois das labutas do dia a dia e encontram a\u00ed um recanto onde a vida corre diferente. A cidade oscila entre a calmaria da baixa temporada e o tempo em que os veranistas enchem as ruas e casas. A padroeira \u00e9 a mesma de nossa Prov\u00edncia, a Imaculada concei\u00e7\u00e3o.<\/p>\n<p>Como um trabalho de visita\u00e7\u00e3o em toda a par\u00f3quia seria invi\u00e1vel, o pr\u00f3prio povo decidiu priorizar duas comunidades: Nossa Senhora dos Navegantes e S\u00e3o Francisco. A primeira \u00e9 onde participam o Sr. Laurindo e Dona Elza, pais de Frei Laurindo, o J\u00fanior. A S\u00e3o Francisco \u00e9 vizinha e nada melhor para os franciscanos se encontrarem com a comunidade que tem por padroeiro o Poverello.<\/p>\n<p>Miss\u00e3o \u00e9 sempre uma mexida na vida da Igreja, os frades e os mission\u00e1rios da comunidade local t\u00eam sempre uma surpresa onde entram. Entre sorrisos, l\u00e1grimas, caf\u00e9s acolhedores e diplom\u00e1ticas dispensas dos irm\u00e3os da Assembleia de Deus ou dos Adventistas, o Reino se constr\u00f3i e a f\u00e9 se edifica. Em cada casa, preces e o convite a participar desse momento t\u00e3o especial na vida do J\u00fanior.<\/p>\n<p><strong>A chegada \u2013 ter\u00e7a-feira, 13 de dezembro<\/strong><\/p>\n<p>Em Curitiba, na rodoferrovi\u00e1ria, um \u00f4nibus esperava pelos frades. O caminho curto foi alongado pelas obras na rodovia. O motorista, Sidnei \u00e9 ativo na comunidade. No caminho contou um pouco mais sobre a cidade que conhec\u00edamos apenas pelas descri\u00e7\u00f5es do Frei Laurindo J\u00fanior. Logo ao desembarcar, a equipe mission\u00e1ria ficou admirada com a recep\u00e7\u00e3o: Na casa dos familiares do ordinando havia peixe, molho de camar\u00e3o, viol\u00e3o, e muita simpatia. O povo cantava: \u201cSeja bem-vindo, bem-vindo seja ole-le\u00e1\u201d.<\/p>\n<p>No primeiro dia, as conversas, o conhecimento das pessoas, a prepara\u00e7\u00e3o. Os frades todos tomados de sincera gratid\u00e3o pelo modo como fomos acolhidos. Uma senhora cedeu sua casa e teve a delicadeza de comprar novas roupas de cama, toalhas, sabonetes, tudo. Deixou um \u00fanico pedido: que escrev\u00eassemos mensagens numa das paredes da casa. Na preocupa\u00e7\u00e3o de que faltassem os meios para tanto, providenciou uma caixa de l\u00e1pis de cor para facilitar o trabalho. A cada visita, mais algu\u00e9m oferecia algum quarto. Sinal de que este povo \u00e9 muito hospitaleiro e o Senhor h\u00e1 de recompens\u00e1-lo por isso (Mt 25).<\/p>\n<p><strong><img loading=\"lazy\" class=\"alignright size-full wp-image-199165\" src=\"https:\/\/franciscanos.org.br\/noticias\/wp-content\/uploads\/2011\/12\/laurindo_semana2.jpg\" alt=\"\" width=\"600\" height=\"450\" srcset=\"https:\/\/franciscanos.org.br\/noticias\/wp-content\/uploads\/2011\/12\/laurindo_semana2.jpg 600w, https:\/\/franciscanos.org.br\/noticias\/wp-content\/uploads\/2011\/12\/laurindo_semana2-450x338.jpg 450w, https:\/\/franciscanos.org.br\/noticias\/wp-content\/uploads\/2011\/12\/laurindo_semana2-150x113.jpg 150w\" sizes=\"(max-width: 600px) 100vw, 600px\" \/>O padre<\/strong><\/p>\n<p>Nas tratativas para organizar a ordena\u00e7\u00e3o de Frei Laurindo, figura importante foi Padre S\u00e9rgio, o atual p\u00e1roco. Filho da terra, fez quest\u00e3o que a ordena\u00e7\u00e3o ocorresse antes de sua iminente transfer\u00eancia para Joinville. Pensou em cada detalhe: desde a ornamenta\u00e7\u00e3o da Igreja at\u00e9 os paramentos do ordinando.<\/p>\n<p>Explicou com muito empenho a toda a comunidade o sentido da ordena\u00e7\u00e3o. Recebeu Frei Pedro da Silva por tr\u00eas vezes. Em todas elas foi realmente muito sol\u00edcito em organizar a ordena\u00e7\u00e3o em plena comunh\u00e3o com a comunidade paroquial. Est\u00e1 ser\u00e1 realmente uma festa da Igreja toda que est\u00e1 em Itapo\u00e1. A ele nosso antecipado agradecimento.<\/p>\n<p><strong>A presen\u00e7a franciscana<\/strong><\/p>\n<p>Coisa que para n\u00f3s tem muito sentido \u00e9 saber que a semente do franciscanismo j\u00e1 foi plantada aqui. Quando ainda era pertencente \u00e0 par\u00f3quia de Garuva, Itapo\u00e1 foi atendida por Frei Jos\u00e9 Bertoldi, o Bepe. Foi ele quem batizou Frei Laurindo.\u00a0 Na cidade est\u00e3o presentes tamb\u00e9m tr\u00eas irm\u00e3s franciscanas de Santa Clara e, para nossa surpresa, um casal de franciscanos seculares, Sr. Clodoaldo e Dona Maria, com sua presen\u00e7a discreta d\u00e3o testemunho de fraternidade na Comunidade de Nossa Senhora dos Navegantes.<\/p>\n<p><strong>Primeiro dia do Tr\u00edduo<\/strong><\/p>\n<p>Depois de um dia intenso de visitas, as atividades apost\u00f3licas culminaram na celebra\u00e7\u00e3o da Eucaristia presidida por Frei Pedro da Silva. A liturgia foi pensada de modo que toda a comunidade refletisse sobre a grande voca\u00e7\u00e3o de todos \u00e0 vida, o grande sonho de Deus: a vida em abund\u00e2ncia a todos.<\/p>\n<p>Preparamos uma surpresa para Frei Laurindo, o J\u00fanior. Para evidenciar que a voca\u00e7\u00e3o nasce na simplicidade do quotidiano, fomos at\u00e9 sua casa procurar alguns elementos que simbolizassem sua caminhada. Contamos com a cumplicidade de sua fam\u00edlia. Gra\u00e7as a Deus, Dona Elza guarda com carinho as fotografias e lembran\u00e7as de v\u00e1rios eventos marcantes. Numa caixinha, encontramos as velas do Batismo e da Primeira Comunh\u00e3o do Frei Laurindo. Tamb\u00e9m algumas fotografias suas dos tempos de escola e do Semin\u00e1rio Santo Ant\u00f4nio completariam o clima nost\u00e1lgico. O problema seria conseguir pegar tudo isso sem que Frei Laurindo percebesse. Com muito custo, desculpas aqui e ali, levamos \u00e0 missa v\u00e1rias fotografias que entraram com o p\u00e3o e o vinho no ofert\u00f3rio. Era a vida do filho de pescador que se oferecia ao Senhor no altar da vida.<\/p>\n<p>Na celebra\u00e7\u00e3o, no momento previsto para que reafirmasse sua ades\u00e3o \u00e0 f\u00e9, Frei Laurindo recitava o Credo segurando uma velinha antiga, j\u00e1 marcada pelo tempo, a vela de seu batismo. Agora, n\u00e3o s\u00e3o mais os pais que seguram essa vela, mas ele mesmo. Quem a trouxe, em passos tr\u00eamulos foi Dona Zilda, uma das catequistas da comunidade. Foram momentos de intensa emo\u00e7\u00e3o. Frei Laurindo, mesmo tentando disfar\u00e7ar a emo\u00e7\u00e3o, ficou com os olhos marejados. \u00a0Depois da celebra\u00e7\u00e3o, uma pequena confraterniza\u00e7\u00e3o com past\u00e9is, salgadinhos e refrigerante&#8230; Louvado seja Deus.<\/p>\n<p><strong>Segundo dia do Tr\u00edduo<\/strong><\/p>\n<p>Este dia foi dedicado \u00e0 fam\u00edlia. Foi o dia de Frei Laurindo declarar solenemente a Frei Pedro da Silva, delegado do Ministro Provincial, que tinha plena consci\u00eancia das obriga\u00e7\u00f5es decorrentes do minist\u00e9rio de presb\u00edtero. Reafirmando assim o valor de sua profiss\u00e3o dos conselhos evang\u00e9licos. A celebra\u00e7\u00e3o, presidida por Padre S\u00e9rgio, p\u00e1roco de Itapo\u00e1, foi bastante envolvente. Dif\u00edcil lembrar quanto tempo durou, mas \u00e9 certo que passou de duas horas.<\/p>\n<p>Tamb\u00e9m neste dia procuramos preparar uma surpresa. Frei Pedro teve a ideia de fazer uma b\u00ean\u00e7\u00e3o das alian\u00e7as aos pais do ordinando. Tudo preparado, s\u00f3 eles n\u00e3o sabiam que al\u00e9m da b\u00ean\u00e7\u00e3o haveria uma renova\u00e7\u00e3o do consentimento. Imposs\u00edvel n\u00e3o se emocionar. V\u00e1rios casais da pastoral familiar da comunidade se reuniram em torno do casal, Laurindo e Elza, e acompanharam devotamente a b\u00ean\u00e7\u00e3o proferida por padre S\u00e9rgio.\u00a0 Ap\u00f3s a missa, um cachorro-quente caprichado e muita conversa sobre o dia de miss\u00e3o.<\/p>\n<p>\u00c0s 23h, o povo ainda reunido no sal\u00e3o tocava gaita (a conhecida sanfona)\u00a0 e viol\u00e3o e cantava parecendo pedir a Deus que o dia durasse mais um pouco. A comunidade de Barra do Sa\u00ed celebrou com muita festa este dia.<\/p>\n","protected":false},"excerpt":{"rendered":"<p>Ordena\u00e7\u00e3o presbiteral de Frei Laurindo Lauro da Silva<\/p>\n","protected":false},"author":1,"featured_media":199386,"comment_status":"open","ping_status":"open","sticky":false,"template":"","format":"standard","meta":[],"categories":[1],"tags":[1332],"acf":[],"yoast_head":"<!-- This site is optimized with the Yoast SEO plugin v19.2 - https:\/\/yoast.com\/wordpress\/plugins\/seo\/ -->\n<title>Semana mission\u00e1ria para ordena\u00e7\u00e3o de Frei Laurindo - Not\u00edcias - Franciscanos<\/title>\n<meta name=\"robots\" content=\"index, follow, max-snippet:-1, max-image-preview:large, max-video-preview:-1\" \/>\n<link rel=\"canonical\" href=\"https:\/\/franciscanos.org.br\/noticias\/semana-missionaria-para-ordenacao-de-frei-laurindo.html\" \/>\n<meta property=\"og:locale\" content=\"pt_BR\" \/>\n<meta property=\"og:type\" content=\"article\" \/>\n<meta property=\"og:title\" content=\"Semana mission\u00e1ria para ordena\u00e7\u00e3o de Frei Laurindo - Not\u00edcias - Franciscanos\" \/>\n<meta property=\"og:description\" content=\"Ordena\u00e7\u00e3o presbiteral de Frei Laurindo Lauro da Silva\" \/>\n<meta property=\"og:url\" content=\"https:\/\/franciscanos.org.br\/noticias\/semana-missionaria-para-ordenacao-de-frei-laurindo.html\" \/>\n<meta property=\"og:site_name\" content=\"Not\u00edcias - Franciscanos\" \/>\n<meta property=\"article:published_time\" content=\"2011-12-15T14:35:12+00:00\" \/>\n<meta property=\"article:modified_time\" content=\"2019-02-04T14:53:19+00:00\" \/>\n<meta property=\"og:image\" content=\"https:\/\/franciscanos.org.br\/noticias\/wp-content\/uploads\/2011\/12\/laurindo_semana2-1.jpg\" \/>\n\t<meta property=\"og:image:width\" content=\"273\" \/>\n\t<meta property=\"og:image:height\" content=\"181\" \/>\n\t<meta property=\"og:image:type\" content=\"image\/jpeg\" \/>\n<meta name=\"author\" content=\"admin\" \/>\n<meta name=\"twitter:card\" content=\"summary_large_image\" \/>\n<meta name=\"twitter:label1\" content=\"Escrito por\" \/>\n\t<meta name=\"twitter:data1\" content=\"admin\" \/>\n\t<meta name=\"twitter:label2\" content=\"Est. tempo de leitura\" \/>\n\t<meta name=\"twitter:data2\" content=\"6 minutos\" \/>\n<script type=\"application\/ld+json\" class=\"yoast-schema-graph\">{\"@context\":\"https:\/\/schema.org\",\"@graph\":[{\"@type\":\"WebSite\",\"@id\":\"https:\/\/franciscanos.org.br\/noticias\/#website\",\"url\":\"https:\/\/franciscanos.org.br\/noticias\/\",\"name\":\"Not\u00edcias - Franciscanos\",\"description\":\"Prov\u00edncia Franciscana da Imaculada Concei\u00e7\u00e3o do Brasil - Ordem dos Frades Menores - OFM\",\"potentialAction\":[{\"@type\":\"SearchAction\",\"target\":{\"@type\":\"EntryPoint\",\"urlTemplate\":\"https:\/\/franciscanos.org.br\/noticias\/?s={search_term_string}\"},\"query-input\":\"required name=search_term_string\"}],\"inLanguage\":\"pt-BR\"},{\"@type\":\"ImageObject\",\"inLanguage\":\"pt-BR\",\"@id\":\"https:\/\/franciscanos.org.br\/noticias\/semana-missionaria-para-ordenacao-de-frei-laurindo.html#primaryimage\",\"url\":\"https:\/\/franciscanos.org.br\/noticias\/wp-content\/uploads\/2011\/12\/laurindo_semana2-1.jpg\",\"contentUrl\":\"https:\/\/franciscanos.org.br\/noticias\/wp-content\/uploads\/2011\/12\/laurindo_semana2-1.jpg\",\"width\":273,\"height\":181},{\"@type\":\"WebPage\",\"@id\":\"https:\/\/franciscanos.org.br\/noticias\/semana-missionaria-para-ordenacao-de-frei-laurindo.html#webpage\",\"url\":\"https:\/\/franciscanos.org.br\/noticias\/semana-missionaria-para-ordenacao-de-frei-laurindo.html\",\"name\":\"Semana mission\u00e1ria para ordena\u00e7\u00e3o de Frei Laurindo - Not\u00edcias - Franciscanos\",\"isPartOf\":{\"@id\":\"https:\/\/franciscanos.org.br\/noticias\/#website\"},\"primaryImageOfPage\":{\"@id\":\"https:\/\/franciscanos.org.br\/noticias\/semana-missionaria-para-ordenacao-de-frei-laurindo.html#primaryimage\"},\"datePublished\":\"2011-12-15T14:35:12+00:00\",\"dateModified\":\"2019-02-04T14:53:19+00:00\",\"author\":{\"@id\":\"https:\/\/franciscanos.org.br\/noticias\/#\/schema\/person\/b38fbf43118f02820bd932f2e4b14ad3\"},\"breadcrumb\":{\"@id\":\"https:\/\/franciscanos.org.br\/noticias\/semana-missionaria-para-ordenacao-de-frei-laurindo.html#breadcrumb\"},\"inLanguage\":\"pt-BR\",\"potentialAction\":[{\"@type\":\"ReadAction\",\"target\":[\"https:\/\/franciscanos.org.br\/noticias\/semana-missionaria-para-ordenacao-de-frei-laurindo.html\"]}]},{\"@type\":\"BreadcrumbList\",\"@id\":\"https:\/\/franciscanos.org.br\/noticias\/semana-missionaria-para-ordenacao-de-frei-laurindo.html#breadcrumb\",\"itemListElement\":[{\"@type\":\"ListItem\",\"position\":1,\"name\":\"Home\",\"item\":\"https:\/\/franciscanos.org.br\/noticias\"},{\"@type\":\"ListItem\",\"position\":2,\"name\":\"Semana mission\u00e1ria para ordena\u00e7\u00e3o de Frei Laurindo\"}]},{\"@type\":\"Person\",\"@id\":\"https:\/\/franciscanos.org.br\/noticias\/#\/schema\/person\/b38fbf43118f02820bd932f2e4b14ad3\",\"name\":\"admin\",\"image\":{\"@type\":\"ImageObject\",\"inLanguage\":\"pt-BR\",\"@id\":\"https:\/\/franciscanos.org.br\/noticias\/#\/schema\/person\/image\/\",\"url\":\"https:\/\/secure.gravatar.com\/avatar\/e8495742d34d0ba6448ea1c628263b3e?s=96&d=mm&r=g\",\"contentUrl\":\"https:\/\/secure.gravatar.com\/avatar\/e8495742d34d0ba6448ea1c628263b3e?s=96&d=mm&r=g\",\"caption\":\"admin\"},\"url\":\"https:\/\/franciscanos.org.br\/noticias\/author\/admin\"}]}<\/script>\n<!-- \/ Yoast SEO plugin. -->","yoast_head_json":{"title":"Semana mission\u00e1ria para ordena\u00e7\u00e3o de Frei Laurindo - Not\u00edcias - Franciscanos","robots":{"index":"index","follow":"follow","max-snippet":"max-snippet:-1","max-image-preview":"max-image-preview:large","max-video-preview":"max-video-preview:-1"},"canonical":"https:\/\/franciscanos.org.br\/noticias\/semana-missionaria-para-ordenacao-de-frei-laurindo.html","og_locale":"pt_BR","og_type":"article","og_title":"Semana mission\u00e1ria para ordena\u00e7\u00e3o de Frei Laurindo - Not\u00edcias - Franciscanos","og_description":"Ordena\u00e7\u00e3o presbiteral de Frei Laurindo Lauro da Silva","og_url":"https:\/\/franciscanos.org.br\/noticias\/semana-missionaria-para-ordenacao-de-frei-laurindo.html","og_site_name":"Not\u00edcias - Franciscanos","article_published_time":"2011-12-15T14:35:12+00:00","article_modified_time":"2019-02-04T14:53:19+00:00","og_image":[{"width":273,"height":181,"url":"https:\/\/franciscanos.org.br\/noticias\/wp-content\/uploads\/2011\/12\/laurindo_semana2-1.jpg","type":"image\/jpeg"}],"author":"admin","twitter_card":"summary_large_image","twitter_misc":{"Escrito por":"admin","Est. tempo de leitura":"6 minutos"},"schema":{"@context":"https:\/\/schema.org","@graph":[{"@type":"WebSite","@id":"https:\/\/franciscanos.org.br\/noticias\/#website","url":"https:\/\/franciscanos.org.br\/noticias\/","name":"Not\u00edcias - Franciscanos","description":"Prov\u00edncia Franciscana da Imaculada Concei\u00e7\u00e3o do Brasil - Ordem dos Frades Menores - OFM","potentialAction":[{"@type":"SearchAction","target":{"@type":"EntryPoint","urlTemplate":"https:\/\/franciscanos.org.br\/noticias\/?s={search_term_string}"},"query-input":"required name=search_term_string"}],"inLanguage":"pt-BR"},{"@type":"ImageObject","inLanguage":"pt-BR","@id":"https:\/\/franciscanos.org.br\/noticias\/semana-missionaria-para-ordenacao-de-frei-laurindo.html#primaryimage","url":"https:\/\/franciscanos.org.br\/noticias\/wp-content\/uploads\/2011\/12\/laurindo_semana2-1.jpg","contentUrl":"https:\/\/franciscanos.org.br\/noticias\/wp-content\/uploads\/2011\/12\/laurindo_semana2-1.jpg","width":273,"height":181},{"@type":"WebPage","@id":"https:\/\/franciscanos.org.br\/noticias\/semana-missionaria-para-ordenacao-de-frei-laurindo.html#webpage","url":"https:\/\/franciscanos.org.br\/noticias\/semana-missionaria-para-ordenacao-de-frei-laurindo.html","name":"Semana mission\u00e1ria para ordena\u00e7\u00e3o de Frei Laurindo - Not\u00edcias - Franciscanos","isPartOf":{"@id":"https:\/\/franciscanos.org.br\/noticias\/#website"},"primaryImageOfPage":{"@id":"https:\/\/franciscanos.org.br\/noticias\/semana-missionaria-para-ordenacao-de-frei-laurindo.html#primaryimage"},"datePublished":"2011-12-15T14:35:12+00:00","dateModified":"2019-02-04T14:53:19+00:00","author":{"@id":"https:\/\/franciscanos.org.br\/noticias\/#\/schema\/person\/b38fbf43118f02820bd932f2e4b14ad3"},"breadcrumb":{"@id":"https:\/\/franciscanos.org.br\/noticias\/semana-missionaria-para-ordenacao-de-frei-laurindo.html#breadcrumb"},"inLanguage":"pt-BR","potentialAction":[{"@type":"ReadAction","target":["https:\/\/franciscanos.org.br\/noticias\/semana-missionaria-para-ordenacao-de-frei-laurindo.html"]}]},{"@type":"BreadcrumbList","@id":"https:\/\/franciscanos.org.br\/noticias\/semana-missionaria-para-ordenacao-de-frei-laurindo.html#breadcrumb","itemListElement":[{"@type":"ListItem","position":1,"name":"Home","item":"https:\/\/franciscanos.org.br\/noticias"},{"@type":"ListItem","position":2,"name":"Semana mission\u00e1ria para ordena\u00e7\u00e3o de Frei Laurindo"}]},{"@type":"Person","@id":"https:\/\/franciscanos.org.br\/noticias\/#\/schema\/person\/b38fbf43118f02820bd932f2e4b14ad3","name":"admin","image":{"@type":"ImageObject","inLanguage":"pt-BR","@id":"https:\/\/franciscanos.org.br\/noticias\/#\/schema\/person\/image\/","url":"https:\/\/secure.gravatar.com\/avatar\/e8495742d34d0ba6448ea1c628263b3e?s=96&d=mm&r=g","contentUrl":"https:\/\/secure.gravatar.com\/avatar\/e8495742d34d0ba6448ea1c628263b3e?s=96&d=mm&r=g","caption":"admin"},"url":"https:\/\/franciscanos.org.br\/noticias\/author\/admin"}]}},"_links":{"self":[{"href":"https:\/\/franciscanos.org.br\/noticias\/wp-json\/wp\/v2\/posts\/9339"}],"collection":[{"href":"https:\/\/franciscanos.org.br\/noticias\/wp-json\/wp\/v2\/posts"}],"about":[{"href":"https:\/\/franciscanos.org.br\/noticias\/wp-json\/wp\/v2\/types\/post"}],"author":[{"embeddable":true,"href":"https:\/\/franciscanos.org.br\/noticias\/wp-json\/wp\/v2\/users\/1"}],"replies":[{"embeddable":true,"href":"https:\/\/franciscanos.org.br\/noticias\/wp-json\/wp\/v2\/comments?post=9339"}],"version-history":[{"count":0,"href":"https:\/\/franciscanos.org.br\/noticias\/wp-json\/wp\/v2\/posts\/9339\/revisions"}],"wp:featuredmedia":[{"embeddable":true,"href":"https:\/\/franciscanos.org.br\/noticias\/wp-json\/wp\/v2\/media\/199386"}],"wp:attachment":[{"href":"https:\/\/franciscanos.org.br\/noticias\/wp-json\/wp\/v2\/media?parent=9339"}],"wp:term":[{"taxonomy":"category","embeddable":true,"href":"https:\/\/franciscanos.org.br\/noticias\/wp-json\/wp\/v2\/categories?post=9339"},{"taxonomy":"post_tag","embeddable":true,"href":"https:\/\/franciscanos.org.br\/noticias\/wp-json\/wp\/v2\/tags?post=9339"}],"curies":[{"name":"wp","href":"https:\/\/api.w.org\/{rel}","templated":true}]}}