{"id":93306,"date":"2015-09-04T09:50:46","date_gmt":"2015-09-04T12:50:46","guid":{"rendered":"http:\/\/franciscanos.org.br\/?p=93306"},"modified":"2020-06-10T13:20:43","modified_gmt":"2020-06-10T16:20:43","slug":"fraternidades-promovem-dia-da-escuta-em-duas-cidades","status":"publish","type":"post","link":"https:\/\/franciscanos.org.br\/noticias\/fraternidades-promovem-dia-da-escuta-em-duas-cidades.html","title":{"rendered":"Fraternidades promovem Dia da Escuta em duas cidades"},"content":{"rendered":"<p><a href=\"http:\/\/franciscanos.org.br\/wp-content\/uploads\/2015\/09\/ofs1-820.jpg\"><img loading=\"lazy\" src=\"http:\/\/franciscanos.org.br\/wp-content\/uploads\/2015\/09\/ofs1-820.jpg\" alt=\"ofs1-820\" width=\"820\" height=\"431\" \/><\/a><\/p>\n<p>O \u00faltimo domingo foi marcado pela demonstra\u00e7\u00e3o de solidariedade aos hansenianos. Diversas fraternidades franciscanas seculares participaram do Dia da Escuta e se dividiram entre duas cidades do Estado do Rio de Janeiro e foram at\u00e9 o Hospital Col\u00f4nia de Curupaiti, no bairro do Tanque (RJ) e ao Hospital Estadual Tavares de Macedo, no bairro de Venda das Pedras, Itabora\u00ed (RJ) para uma visita aos pacientes hansenianos.<\/p>\n<table border=\"0\" width=\"450\" cellspacing=\"3\" cellpadding=\"3\" align=\"right\">\n<tbody>\n<tr>\n<td bgcolor=\"#E6E6E6\">\n<p style=\"padding-left: 10px;\"><strong>Breve hist\u00f3ria da Ordem Franciscana Secular<\/strong><\/p>\n<p style=\"padding-left: 10px;\">A Ordem dos Frades Menores (OFM) nasceu em 1210, e a Ordem de Santa Clara (as Clarissas), em 1212. Foi tamb\u00e9m nessa \u00e9poca que nasceu a Ordem Franciscana Secular (OFS), tendo como ideal viver o Evangelho em todos os lugares onde se encontravam. Homens e mulheres, casados e solteiros, em meio \u00e0s fam\u00edlias, buscando viver o mesmo ideal que tanto atraiu Francisco de Assis. A Ordem foi aprovada pelo Papa Hon\u00f3rio III em 1221. Luqu\u00e9sio e Buonadona s\u00e3o considerados os primeiros franciscanos seculares pois, segundo a tradi\u00e7\u00e3o, esse foi o primeiro casal que S\u00e3o Francisco aceitou na Ordem Secular daquele tempo.<br \/>\nHoje, mais do que nunca, os Franciscanos Seculares sentem-se comprometidos a viver o Evangelho cada dia e em toda circunst\u00e2ncia, segundo a pr\u00f3pria voca\u00e7\u00e3o e os dons recebidos. A OFS apresenta-se como uma experi\u00eancia de vida crist\u00e3, partilhada por mulheres e homens sem discrimina\u00e7\u00e3o, sendo hoje um verdadeiro ex\u00e9rcito franciscano de Deus espalhado por todo o mundo.<br \/>\n\u201cA Ordem Franciscana Secular \u00e9 a mais antiga forma de organiza\u00e7\u00e3o de Leigos que, guiados pela Igreja, unidos em fraternidade e inspirando-se no ideal de S\u00e3o Francisco de Assis, se empenham em testemunhar com a vida o Evangelho de Jesus Cristo e se dedicam ao apostolado no estado laical\u201d. (beato Jo\u00e3o Paulo II)<br \/>\nInforma\u00e7\u00f5es pelo<strong> telefone (21) 3352-9900<\/strong> ou pelo correio eletr\u00f4nico <span style=\"color: #0000ff;\">ofs.santoantonio@gmail.com<\/span><\/p>\n<\/td>\n<\/tr>\n<\/tbody>\n<\/table>\n<p>O encontro \u00e9 promovido anualmente pelo Regional Sudeste 2, da Ordem Franciscana Secular do Brasil (OFS),\u00a0 com o objetivo de proporcionar aos irm\u00e3os e irm\u00e3s franciscanos seculares um ambiente de conv\u00edvio fraterno, e a oportunidade de conhecer hist\u00f3rias de vida de pessoas que ficaram estigmatizadas pela doen\u00e7a e pelo preconceito, mas que d\u00e3o grandes exemplos de como superar as adversidades da vida.<\/p>\n<p>O domingo\u00a0 come\u00e7ou com um farto caf\u00e9 da manh\u00e3 partilhado pelos irm\u00e3os que, com alegria e singeleza de cora\u00e7\u00e3o, colocavam sobre a mesa seu alimento e se abra\u00e7avam revivendo o carisma primitivo da Ordem Franciscana. Ap\u00f3s o caf\u00e9, as capelas de Nossa Senhora da Piedade, no Rio de Janeiro, e a de Nossa Senhora\u00a0 Aparecida, em Itabora\u00ed, ficaram pequenas para receber tantos visitantes que participaram das celebra\u00e7\u00f5es eucar\u00edsticas nas duas cidades.<\/p>\n<p>Ainda durante a manh\u00e3, os irm\u00e3os foram divididos em grupos guiados por moradores das col\u00f4nias para a realiza\u00e7\u00e3o das visitas \u00e0s enfermarias e \u00e0s casas das fam\u00edlias. Esse momento enriquecedor foi marcado pela escuta e tamb\u00e9m pela troca de viv\u00eancias e tocou fundo na alma de cada irm\u00e3o em cada gesto de acolhida e de solidariedade, que permitiram enxergar no rosto do irm\u00e3o sofredor a face de Cristo, de Francisco e de Clara.<\/p>\n<p>Ap\u00f3s a visita fraterna os irm\u00e3os partilharam o almo\u00e7o e as sobremesas com muita alegria e espontaneidade, louvando e glorificando a Deus e dando gra\u00e7as pela voca\u00e7\u00e3o franciscana e a vida em fraternidade. Os presentes ainda puderam partilhar as ricas experi\u00eancias vividas durante as visitas e o conv\u00edvio com os irm\u00e3os de outras fraternidades e com os assistentes espirituais que d\u00e3o frescor e revigoram o do carisma franciscano.<\/p>\n<p>A presen\u00e7a solid\u00e1ria entre os pobres e leprosos est\u00e1 na ess\u00eancia do carisma franciscano. Francisco e Clara de Assis tinham uma predile\u00e7\u00e3o pelos leprosos e deles cuidava com inef\u00e1vel amor. O pr\u00f3prio Pai Ser\u00e1fico superou o preconceito que tinha dos leprosos e assumiu a condi\u00e7\u00e3o vivida por eles em sua \u00e9poca, sentindo o abandono, exclus\u00e3o e sofrimento em que viviam e vendo no rosto daqueles enfermos e marginalizados a presen\u00e7a do Senhor.<\/p>\n<p>A m\u00edstica franciscana nos impulsiona a prosseguir a obra de S\u00e3o Francisco que teve sua convers\u00e3o determinada pelo encontro com o leproso o qual acolheu com um abra\u00e7o e um beijo. Esse gesto de Francisco simboliza o modo crist\u00e3o e franciscano de ver, sentir e estar no mundo de uma nova maneira, pondo-se a servi\u00e7o das pessoas em situa\u00e7\u00e3o de vulnerabilidade e daqueles que ainda padecem com a hansen\u00edase apesar do desenvolvimento da ci\u00eancia e das pr\u00e1ticas terap\u00eauticas.<\/p>\n<p>No final da tarde, os presentes se reuniram e compartilharam suas experi\u00eancias durante as visitas, revelando como os momentos vividos contribu\u00edram para a convers\u00e3o pessoal e para a necessidade de maior presen\u00e7a entre pessoas mais simples e pobres tal qual viveu S\u00e3o Francisco e tantos santos da ordem ser\u00e1fica.<\/p>\n<p>O Ministro Arion Fernandes destacou que, mais do que um evento para as fraternidades, o Dia da Escuta se prop\u00f5e a ser um itiner\u00e1rio vocacional e de convers\u00e3o para todos os irm\u00e3os que desejam abra\u00e7ar a voca\u00e7\u00e3o franciscana secular e conformar suas vidas ao Santo Evangelho. O ministro tamb\u00e9m agradeceu a acolhida fraterna dada pela Congrega\u00e7\u00e3o Mariana de Curupaiti que, h\u00e1 60 anos, presta aux\u00edlio material e espiritual aos pacientes do hospital e seus familiares, e a outras pessoas de comunidades pobres adjacentes \u00e0 col\u00f4nia.<\/p>\n<p>Por fim, o ministro destacou a import\u00e2ncia dessa atividade para as fraternidades locais e tamb\u00e9m para a Juventude Franciscana, uma vez que a viv\u00eancia fraterna se concretiza a partir de pequenos gestos de escuta, partilha e de presen\u00e7a solid\u00e1ria entre os pobres, muito amados por Cristo e tamb\u00e9m por Francisco e Clara de Assis.<\/p>\n<p>\u201cFoi assim que o Senhor me concedeu a mim, Frei Francisco, iniciar uma vida de penit\u00eancia: como estivesse em pecado, parecia-me deveras insuport\u00e1vel olhar para leprosos. E o Senhor mesmo me conduziu entre eles e eu tive miseric\u00f3rdia com eles. E enquanto me retirava deles, justamente o que antes me parecia amargo se me converteu em do\u00e7ura da alma e do corpo. E depois disto demorei s\u00f3 bem pouco e abandonei o mundo\u201d (S\u00e3o Francisco de Assis).<\/p>\n","protected":false},"excerpt":{"rendered":"<p>OFS de Duque de Caxias<\/p>\n","protected":false},"author":1,"featured_media":208905,"comment_status":"open","ping_status":"open","sticky":false,"template":"","format":"standard","meta":[],"categories":[1],"tags":[60],"acf":[],"yoast_head":"<!-- This site is optimized with the Yoast SEO plugin v19.2 - https:\/\/yoast.com\/wordpress\/plugins\/seo\/ -->\n<title>Fraternidades promovem Dia da Escuta em duas cidades - Not\u00edcias - Franciscanos<\/title>\n<meta name=\"robots\" content=\"index, follow, max-snippet:-1, max-image-preview:large, max-video-preview:-1\" \/>\n<link rel=\"canonical\" href=\"https:\/\/franciscanos.org.br\/noticias\/fraternidades-promovem-dia-da-escuta-em-duas-cidades.html\" \/>\n<meta property=\"og:locale\" content=\"pt_BR\" \/>\n<meta property=\"og:type\" content=\"article\" \/>\n<meta property=\"og:title\" content=\"Fraternidades promovem Dia da Escuta em duas cidades - Not\u00edcias - Franciscanos\" \/>\n<meta property=\"og:description\" content=\"OFS de Duque de Caxias\" \/>\n<meta property=\"og:url\" content=\"https:\/\/franciscanos.org.br\/noticias\/fraternidades-promovem-dia-da-escuta-em-duas-cidades.html\" \/>\n<meta property=\"og:site_name\" content=\"Not\u00edcias - Franciscanos\" \/>\n<meta property=\"article:published_time\" content=\"2015-09-04T12:50:46+00:00\" \/>\n<meta property=\"article:modified_time\" content=\"2020-06-10T16:20:43+00:00\" \/>\n<meta property=\"og:image\" content=\"https:\/\/franciscanos.org.br\/noticias\/wp-content\/uploads\/2015\/09\/ofs1-820.jpg\" \/>\n\t<meta property=\"og:image:width\" content=\"273\" \/>\n\t<meta property=\"og:image:height\" content=\"181\" \/>\n\t<meta property=\"og:image:type\" content=\"image\/jpeg\" \/>\n<meta name=\"author\" content=\"admin\" \/>\n<meta name=\"twitter:card\" content=\"summary_large_image\" \/>\n<meta name=\"twitter:label1\" content=\"Escrito por\" \/>\n\t<meta name=\"twitter:data1\" content=\"admin\" \/>\n\t<meta name=\"twitter:label2\" content=\"Est. tempo de leitura\" \/>\n\t<meta name=\"twitter:data2\" content=\"5 minutos\" \/>\n<script type=\"application\/ld+json\" class=\"yoast-schema-graph\">{\"@context\":\"https:\/\/schema.org\",\"@graph\":[{\"@type\":\"WebSite\",\"@id\":\"https:\/\/franciscanos.org.br\/noticias\/#website\",\"url\":\"https:\/\/franciscanos.org.br\/noticias\/\",\"name\":\"Not\u00edcias - Franciscanos\",\"description\":\"Prov\u00edncia Franciscana da Imaculada Concei\u00e7\u00e3o do Brasil - Ordem dos Frades Menores - OFM\",\"potentialAction\":[{\"@type\":\"SearchAction\",\"target\":{\"@type\":\"EntryPoint\",\"urlTemplate\":\"https:\/\/franciscanos.org.br\/noticias\/?s={search_term_string}\"},\"query-input\":\"required name=search_term_string\"}],\"inLanguage\":\"pt-BR\"},{\"@type\":\"ImageObject\",\"inLanguage\":\"pt-BR\",\"@id\":\"https:\/\/franciscanos.org.br\/noticias\/fraternidades-promovem-dia-da-escuta-em-duas-cidades.html#primaryimage\",\"url\":\"https:\/\/franciscanos.org.br\/noticias\/wp-content\/uploads\/2015\/09\/ofs1-820.jpg\",\"contentUrl\":\"https:\/\/franciscanos.org.br\/noticias\/wp-content\/uploads\/2015\/09\/ofs1-820.jpg\",\"width\":273,\"height\":181},{\"@type\":\"WebPage\",\"@id\":\"https:\/\/franciscanos.org.br\/noticias\/fraternidades-promovem-dia-da-escuta-em-duas-cidades.html#webpage\",\"url\":\"https:\/\/franciscanos.org.br\/noticias\/fraternidades-promovem-dia-da-escuta-em-duas-cidades.html\",\"name\":\"Fraternidades promovem Dia da Escuta em duas cidades - Not\u00edcias - Franciscanos\",\"isPartOf\":{\"@id\":\"https:\/\/franciscanos.org.br\/noticias\/#website\"},\"primaryImageOfPage\":{\"@id\":\"https:\/\/franciscanos.org.br\/noticias\/fraternidades-promovem-dia-da-escuta-em-duas-cidades.html#primaryimage\"},\"datePublished\":\"2015-09-04T12:50:46+00:00\",\"dateModified\":\"2020-06-10T16:20:43+00:00\",\"author\":{\"@id\":\"https:\/\/franciscanos.org.br\/noticias\/#\/schema\/person\/b38fbf43118f02820bd932f2e4b14ad3\"},\"breadcrumb\":{\"@id\":\"https:\/\/franciscanos.org.br\/noticias\/fraternidades-promovem-dia-da-escuta-em-duas-cidades.html#breadcrumb\"},\"inLanguage\":\"pt-BR\",\"potentialAction\":[{\"@type\":\"ReadAction\",\"target\":[\"https:\/\/franciscanos.org.br\/noticias\/fraternidades-promovem-dia-da-escuta-em-duas-cidades.html\"]}]},{\"@type\":\"BreadcrumbList\",\"@id\":\"https:\/\/franciscanos.org.br\/noticias\/fraternidades-promovem-dia-da-escuta-em-duas-cidades.html#breadcrumb\",\"itemListElement\":[{\"@type\":\"ListItem\",\"position\":1,\"name\":\"Home\",\"item\":\"https:\/\/franciscanos.org.br\/noticias\"},{\"@type\":\"ListItem\",\"position\":2,\"name\":\"Fraternidades promovem Dia da Escuta em duas cidades\"}]},{\"@type\":\"Person\",\"@id\":\"https:\/\/franciscanos.org.br\/noticias\/#\/schema\/person\/b38fbf43118f02820bd932f2e4b14ad3\",\"name\":\"admin\",\"image\":{\"@type\":\"ImageObject\",\"inLanguage\":\"pt-BR\",\"@id\":\"https:\/\/franciscanos.org.br\/noticias\/#\/schema\/person\/image\/\",\"url\":\"https:\/\/secure.gravatar.com\/avatar\/e8495742d34d0ba6448ea1c628263b3e?s=96&d=mm&r=g\",\"contentUrl\":\"https:\/\/secure.gravatar.com\/avatar\/e8495742d34d0ba6448ea1c628263b3e?s=96&d=mm&r=g\",\"caption\":\"admin\"},\"url\":\"https:\/\/franciscanos.org.br\/noticias\/author\/admin\"}]}<\/script>\n<!-- \/ Yoast SEO plugin. -->","yoast_head_json":{"title":"Fraternidades promovem Dia da Escuta em duas cidades - Not\u00edcias - Franciscanos","robots":{"index":"index","follow":"follow","max-snippet":"max-snippet:-1","max-image-preview":"max-image-preview:large","max-video-preview":"max-video-preview:-1"},"canonical":"https:\/\/franciscanos.org.br\/noticias\/fraternidades-promovem-dia-da-escuta-em-duas-cidades.html","og_locale":"pt_BR","og_type":"article","og_title":"Fraternidades promovem Dia da Escuta em duas cidades - Not\u00edcias - Franciscanos","og_description":"OFS de Duque de Caxias","og_url":"https:\/\/franciscanos.org.br\/noticias\/fraternidades-promovem-dia-da-escuta-em-duas-cidades.html","og_site_name":"Not\u00edcias - Franciscanos","article_published_time":"2015-09-04T12:50:46+00:00","article_modified_time":"2020-06-10T16:20:43+00:00","og_image":[{"width":273,"height":181,"url":"https:\/\/franciscanos.org.br\/noticias\/wp-content\/uploads\/2015\/09\/ofs1-820.jpg","type":"image\/jpeg"}],"author":"admin","twitter_card":"summary_large_image","twitter_misc":{"Escrito por":"admin","Est. tempo de leitura":"5 minutos"},"schema":{"@context":"https:\/\/schema.org","@graph":[{"@type":"WebSite","@id":"https:\/\/franciscanos.org.br\/noticias\/#website","url":"https:\/\/franciscanos.org.br\/noticias\/","name":"Not\u00edcias - Franciscanos","description":"Prov\u00edncia Franciscana da Imaculada Concei\u00e7\u00e3o do Brasil - Ordem dos Frades Menores - OFM","potentialAction":[{"@type":"SearchAction","target":{"@type":"EntryPoint","urlTemplate":"https:\/\/franciscanos.org.br\/noticias\/?s={search_term_string}"},"query-input":"required name=search_term_string"}],"inLanguage":"pt-BR"},{"@type":"ImageObject","inLanguage":"pt-BR","@id":"https:\/\/franciscanos.org.br\/noticias\/fraternidades-promovem-dia-da-escuta-em-duas-cidades.html#primaryimage","url":"https:\/\/franciscanos.org.br\/noticias\/wp-content\/uploads\/2015\/09\/ofs1-820.jpg","contentUrl":"https:\/\/franciscanos.org.br\/noticias\/wp-content\/uploads\/2015\/09\/ofs1-820.jpg","width":273,"height":181},{"@type":"WebPage","@id":"https:\/\/franciscanos.org.br\/noticias\/fraternidades-promovem-dia-da-escuta-em-duas-cidades.html#webpage","url":"https:\/\/franciscanos.org.br\/noticias\/fraternidades-promovem-dia-da-escuta-em-duas-cidades.html","name":"Fraternidades promovem Dia da Escuta em duas cidades - Not\u00edcias - Franciscanos","isPartOf":{"@id":"https:\/\/franciscanos.org.br\/noticias\/#website"},"primaryImageOfPage":{"@id":"https:\/\/franciscanos.org.br\/noticias\/fraternidades-promovem-dia-da-escuta-em-duas-cidades.html#primaryimage"},"datePublished":"2015-09-04T12:50:46+00:00","dateModified":"2020-06-10T16:20:43+00:00","author":{"@id":"https:\/\/franciscanos.org.br\/noticias\/#\/schema\/person\/b38fbf43118f02820bd932f2e4b14ad3"},"breadcrumb":{"@id":"https:\/\/franciscanos.org.br\/noticias\/fraternidades-promovem-dia-da-escuta-em-duas-cidades.html#breadcrumb"},"inLanguage":"pt-BR","potentialAction":[{"@type":"ReadAction","target":["https:\/\/franciscanos.org.br\/noticias\/fraternidades-promovem-dia-da-escuta-em-duas-cidades.html"]}]},{"@type":"BreadcrumbList","@id":"https:\/\/franciscanos.org.br\/noticias\/fraternidades-promovem-dia-da-escuta-em-duas-cidades.html#breadcrumb","itemListElement":[{"@type":"ListItem","position":1,"name":"Home","item":"https:\/\/franciscanos.org.br\/noticias"},{"@type":"ListItem","position":2,"name":"Fraternidades promovem Dia da Escuta em duas cidades"}]},{"@type":"Person","@id":"https:\/\/franciscanos.org.br\/noticias\/#\/schema\/person\/b38fbf43118f02820bd932f2e4b14ad3","name":"admin","image":{"@type":"ImageObject","inLanguage":"pt-BR","@id":"https:\/\/franciscanos.org.br\/noticias\/#\/schema\/person\/image\/","url":"https:\/\/secure.gravatar.com\/avatar\/e8495742d34d0ba6448ea1c628263b3e?s=96&d=mm&r=g","contentUrl":"https:\/\/secure.gravatar.com\/avatar\/e8495742d34d0ba6448ea1c628263b3e?s=96&d=mm&r=g","caption":"admin"},"url":"https:\/\/franciscanos.org.br\/noticias\/author\/admin"}]}},"_links":{"self":[{"href":"https:\/\/franciscanos.org.br\/noticias\/wp-json\/wp\/v2\/posts\/93306"}],"collection":[{"href":"https:\/\/franciscanos.org.br\/noticias\/wp-json\/wp\/v2\/posts"}],"about":[{"href":"https:\/\/franciscanos.org.br\/noticias\/wp-json\/wp\/v2\/types\/post"}],"author":[{"embeddable":true,"href":"https:\/\/franciscanos.org.br\/noticias\/wp-json\/wp\/v2\/users\/1"}],"replies":[{"embeddable":true,"href":"https:\/\/franciscanos.org.br\/noticias\/wp-json\/wp\/v2\/comments?post=93306"}],"version-history":[{"count":2,"href":"https:\/\/franciscanos.org.br\/noticias\/wp-json\/wp\/v2\/posts\/93306\/revisions"}],"predecessor-version":[{"id":225953,"href":"https:\/\/franciscanos.org.br\/noticias\/wp-json\/wp\/v2\/posts\/93306\/revisions\/225953"}],"wp:featuredmedia":[{"embeddable":true,"href":"https:\/\/franciscanos.org.br\/noticias\/wp-json\/wp\/v2\/media\/208905"}],"wp:attachment":[{"href":"https:\/\/franciscanos.org.br\/noticias\/wp-json\/wp\/v2\/media?parent=93306"}],"wp:term":[{"taxonomy":"category","embeddable":true,"href":"https:\/\/franciscanos.org.br\/noticias\/wp-json\/wp\/v2\/categories?post=93306"},{"taxonomy":"post_tag","embeddable":true,"href":"https:\/\/franciscanos.org.br\/noticias\/wp-json\/wp\/v2\/tags?post=93306"}],"curies":[{"name":"wp","href":"https:\/\/api.w.org\/{rel}","templated":true}]}}