{"id":93299,"date":"2015-09-04T09:40:09","date_gmt":"2015-09-04T12:40:09","guid":{"rendered":"http:\/\/franciscanos.org.br\/?p=93299"},"modified":"2020-06-10T13:21:20","modified_gmt":"2020-06-10T16:21:20","slug":"fraternidade-santo-antonio-celebra-dia-de-oracao-pelo-cuidado-da-criacao","status":"publish","type":"post","link":"https:\/\/franciscanos.org.br\/noticias\/fraternidade-santo-antonio-celebra-dia-de-oracao-pelo-cuidado-da-criacao.html","title":{"rendered":"Fraternidade Santo Ant\u00f4nio celebra Dia de Ora\u00e7\u00e3o pelo Cuidado da Cria\u00e7\u00e3o"},"content":{"rendered":"<p><a href=\"http:\/\/franciscanos.org.br\/wp-content\/uploads\/2015\/09\/ofs-820.jpg\"><img loading=\"lazy\" src=\"http:\/\/franciscanos.org.br\/wp-content\/uploads\/2015\/09\/ofs-820.jpg\" alt=\"ofs-820\" width=\"820\" height=\"396\" \/><\/a><\/p>\n<p>A Fraternidade Santo Ant\u00f4nio de Duque de Caxias (RJ), vinculada \u00e0 Ordem Franciscana Secular (OFS) e a Pastoral do Meio Ambiente promoveram na manh\u00e3 do \u00faltimo dia 1\u00ba de setembro, ter\u00e7a-feira, uma manh\u00e3 de ora\u00e7\u00f5es, na Catedral de Santo Ant\u00f4nio, pelo &#8220;Dia Mundial de Ora\u00e7\u00e3o pelo Cuidado da Cria\u00e7\u00e3o&#8221;.\u00a0 A celebra\u00e7\u00e3o reuniu dezenas de fi\u00e9is que, preocupados com as quest\u00f5es ambientais se reuniram para louvar o Senhor pelo dom da Cria\u00e7\u00e3o e reafirmar o compromisso com a defesa da vida, sobretudo aquela que se encontra sob grave amea\u00e7a.<\/p>\n<table border=\"0\" width=\"450\" cellspacing=\"3\" cellpadding=\"3\" align=\"right\">\n<tbody>\n<tr>\n<td bgcolor=\"#E6E6E6\">\n<p style=\"padding-left: 10px;\"><strong>Breve hist\u00f3ria da Ordem Franciscana Secular<\/strong><\/p>\n<p style=\"padding-left: 10px;\">A Ordem dos Frades Menores (OFM) nasceu em 1210, e a Ordem de Santa Clara (as Clarissas), em 1212. Foi tamb\u00e9m nessa \u00e9poca que nasceu a Ordem Franciscana Secular (OFS), tendo como ideal viver o Evangelho em todos os lugares onde se encontravam. Homens e mulheres, casados e solteiros, em meio \u00e0s fam\u00edlias, buscando viver o mesmo ideal que tanto atraiu Francisco de Assis. A Ordem foi aprovada pelo Papa Hon\u00f3rio III em 1221. Luqu\u00e9sio e Buonadona s\u00e3o considerados os primeiros franciscanos seculares pois, segundo a tradi\u00e7\u00e3o, esse foi o primeiro casal que S\u00e3o Francisco aceitou na Ordem Secular daquele tempo.<br \/>\nHoje, mais do que nunca, os Franciscanos Seculares sentem-se comprometidos a viver o Evangelho cada dia e em toda circunst\u00e2ncia, segundo a pr\u00f3pria voca\u00e7\u00e3o e os dons recebidos. A OFS apresenta-se como uma experi\u00eancia de vida crist\u00e3, partilhada por mulheres e homens sem discrimina\u00e7\u00e3o, sendo hoje um verdadeiro ex\u00e9rcito franciscano de Deus espalhado por todo o mundo.<br \/>\n\u201cA Ordem Franciscana Secular \u00e9 a mais antiga forma de organiza\u00e7\u00e3o de Leigos que, guiados pela Igreja, unidos em fraternidade e inspirando-se no ideal de S\u00e3o Francisco de Assis, se empenham em testemunhar com a vida o Evangelho de Jesus Cristo e se dedicam ao apostolado no estado laical\u201d. (beato Jo\u00e3o Paulo II)<br \/>\nInforma\u00e7\u00f5es pelo<strong> telefone (21) 3352-9900<\/strong> ou pelo correio eletr\u00f4nico <span style=\"color: #0000ff;\">ofs.santoantonio@gmail.com<\/span><\/p>\n<\/td>\n<\/tr>\n<\/tbody>\n<\/table>\n<p>A data foi institu\u00edda na Igreja Cat\u00f3lica pelo Papa Francisco, a partir deste ano, para motivar os cat\u00f3licos de todo o mundo a uma &#8220;convers\u00e3o ecol\u00f3gica&#8221; e foi escolhida pelo Papa depois de compartilhar com o Patriarca Ecum\u00eanico Bartolomeu as preocupa\u00e7\u00f5es pelo futuro da cria\u00e7\u00e3o e, acolhendo a sugest\u00e3o de seu representante, o Metropolita Ioannis de P\u00e9rgamo, de unir-se a uma celebra\u00e7\u00e3o que j\u00e1 ocorre h\u00e1 tempos na Igreja Ortodoxa.<\/p>\n<p>Para o Pont\u00edfice, a celebra\u00e7\u00e3o do Dia, na mesma data, ser\u00e1 uma ocasi\u00e3o prof\u00edcua para testemunhar a crescente comunh\u00e3o com os irm\u00e3os ortodoxos, compartilhando com o irm\u00e3o Patriarca as preocupa\u00e7\u00f5es sobre o meio ambiente decidiu instituir tamb\u00e9m na Igreja Cat\u00f3lica esta comemora\u00e7\u00e3o.<\/p>\n<p>A partir da Enc\u00edclica Laudato Si (do latim, Louvado Sejas) o Santo Padre exp\u00f4s a necessidade de um maior empenho e contribui\u00e7\u00e3o dos crist\u00e3os para com essa realidade. &#8220;Como crist\u00e3os, queremos oferecer a nossa contribui\u00e7\u00e3o \u00e0 supera\u00e7\u00e3o da crise ecol\u00f3gica que a humanidade est\u00e1 vivendo. Por isto devemos, antes de tudo, buscar no nosso rico patrim\u00f4nio espiritual as motiva\u00e7\u00f5es que alimentam a paix\u00e3o pelo cuidado da cria\u00e7\u00e3o, recordando sempre que para os que cr\u00eaem em Jesus Cristo, Verbo de Deus que se fez homem por n\u00f3s, &#8216;a espiritualidade n\u00e3o est\u00e1 desligada do pr\u00f3prio corpo nem da natureza ou das realidades deste mundo, mas vive com elas e nelas, em comunh\u00e3o com tudo o que nos rodeia'&#8221;, assinalou.<\/p>\n<p>Para Francisco a crise ecol\u00f3gica convoca todos os crist\u00e3os a uma &#8220;convers\u00e3o ecol\u00f3gica&#8221;, que manifeste-se nas rela\u00e7\u00f5es com o mundo. &#8220;Viver a voca\u00e7\u00e3o de guardi\u00f5es da obra de Deus n\u00e3o \u00e9 algo de opcional nem um aspecto secund\u00e1rio da experi\u00eancia crist\u00e3, mas parte essencial de uma exist\u00eancia virtuosa&#8221;, frisou.<\/p>\n<p>O Santo Padre destacou ainda que o &#8220;Dia Mundial de Ora\u00e7\u00e3o pelo Cuidado da Cria\u00e7\u00e3o&#8221; oferecer\u00e1 aos fi\u00e9is individualmente e \u00e0s comunidades, a preciosa oportunidade de renovar a pessoal ades\u00e3o \u00e0 pr\u00f3pria voca\u00e7\u00e3o de cust\u00f3dios da cria\u00e7\u00e3o, elevando a Deus o agradecimento pela obra maravilhosa que Ele confiou ao nosso cuidado, invocando a sua ajuda para a prote\u00e7\u00e3o da cria\u00e7\u00e3o e a sua miseric\u00f3rdia pelos pecados cometidos contra o mundo em que vivemos.<\/p>\n<p>Por ocasi\u00e3o da institui\u00e7\u00e3o da data, o Papa Francisco invocou a intercess\u00e3o da M\u00e3e de Deus, Maria Sant\u00edssima, e de S\u00e3o Francisco de Assis, recordando seu &#8216;C\u00e2ntico das Criaturas&#8217; para que possa inspirar os homens e mulheres de boa vontade a viver no louvor do Criador e no respeito pela cria\u00e7\u00e3o.<\/p>\n","protected":false},"excerpt":{"rendered":"<p>OFS de Duque de Caxias<\/p>\n","protected":false},"author":1,"featured_media":208903,"comment_status":"open","ping_status":"open","sticky":false,"template":"","format":"standard","meta":[],"categories":[1],"tags":[60],"acf":[],"yoast_head":"<!-- This site is optimized with the Yoast SEO plugin v19.2 - https:\/\/yoast.com\/wordpress\/plugins\/seo\/ -->\n<title>Fraternidade Santo Ant\u00f4nio celebra Dia de Ora\u00e7\u00e3o pelo Cuidado da Cria\u00e7\u00e3o - Not\u00edcias - Franciscanos<\/title>\n<meta name=\"robots\" content=\"index, follow, max-snippet:-1, max-image-preview:large, max-video-preview:-1\" \/>\n<link rel=\"canonical\" href=\"https:\/\/franciscanos.org.br\/noticias\/fraternidade-santo-antonio-celebra-dia-de-oracao-pelo-cuidado-da-criacao.html\" \/>\n<meta property=\"og:locale\" content=\"pt_BR\" \/>\n<meta property=\"og:type\" content=\"article\" \/>\n<meta property=\"og:title\" content=\"Fraternidade Santo Ant\u00f4nio celebra Dia de Ora\u00e7\u00e3o pelo Cuidado da Cria\u00e7\u00e3o - Not\u00edcias - Franciscanos\" \/>\n<meta property=\"og:description\" content=\"OFS de Duque de Caxias\" \/>\n<meta property=\"og:url\" content=\"https:\/\/franciscanos.org.br\/noticias\/fraternidade-santo-antonio-celebra-dia-de-oracao-pelo-cuidado-da-criacao.html\" \/>\n<meta property=\"og:site_name\" content=\"Not\u00edcias - Franciscanos\" \/>\n<meta property=\"article:published_time\" content=\"2015-09-04T12:40:09+00:00\" \/>\n<meta property=\"article:modified_time\" content=\"2020-06-10T16:21:20+00:00\" \/>\n<meta property=\"og:image\" content=\"https:\/\/franciscanos.org.br\/noticias\/wp-content\/uploads\/2015\/09\/ofs-820.jpg\" \/>\n\t<meta property=\"og:image:width\" content=\"273\" \/>\n\t<meta property=\"og:image:height\" content=\"181\" \/>\n\t<meta property=\"og:image:type\" content=\"image\/jpeg\" \/>\n<meta name=\"author\" content=\"admin\" \/>\n<meta name=\"twitter:card\" content=\"summary_large_image\" \/>\n<meta name=\"twitter:label1\" content=\"Escrito por\" \/>\n\t<meta name=\"twitter:data1\" content=\"admin\" \/>\n\t<meta name=\"twitter:label2\" content=\"Est. tempo de leitura\" \/>\n\t<meta name=\"twitter:data2\" content=\"4 minutos\" \/>\n<script type=\"application\/ld+json\" class=\"yoast-schema-graph\">{\"@context\":\"https:\/\/schema.org\",\"@graph\":[{\"@type\":\"WebSite\",\"@id\":\"https:\/\/franciscanos.org.br\/noticias\/#website\",\"url\":\"https:\/\/franciscanos.org.br\/noticias\/\",\"name\":\"Not\u00edcias - Franciscanos\",\"description\":\"Prov\u00edncia Franciscana da Imaculada Concei\u00e7\u00e3o do Brasil - Ordem dos Frades Menores - OFM\",\"potentialAction\":[{\"@type\":\"SearchAction\",\"target\":{\"@type\":\"EntryPoint\",\"urlTemplate\":\"https:\/\/franciscanos.org.br\/noticias\/?s={search_term_string}\"},\"query-input\":\"required name=search_term_string\"}],\"inLanguage\":\"pt-BR\"},{\"@type\":\"ImageObject\",\"inLanguage\":\"pt-BR\",\"@id\":\"https:\/\/franciscanos.org.br\/noticias\/fraternidade-santo-antonio-celebra-dia-de-oracao-pelo-cuidado-da-criacao.html#primaryimage\",\"url\":\"https:\/\/franciscanos.org.br\/noticias\/wp-content\/uploads\/2015\/09\/ofs-820.jpg\",\"contentUrl\":\"https:\/\/franciscanos.org.br\/noticias\/wp-content\/uploads\/2015\/09\/ofs-820.jpg\",\"width\":273,\"height\":181},{\"@type\":\"WebPage\",\"@id\":\"https:\/\/franciscanos.org.br\/noticias\/fraternidade-santo-antonio-celebra-dia-de-oracao-pelo-cuidado-da-criacao.html#webpage\",\"url\":\"https:\/\/franciscanos.org.br\/noticias\/fraternidade-santo-antonio-celebra-dia-de-oracao-pelo-cuidado-da-criacao.html\",\"name\":\"Fraternidade Santo Ant\u00f4nio celebra Dia de Ora\u00e7\u00e3o pelo Cuidado da Cria\u00e7\u00e3o - Not\u00edcias - Franciscanos\",\"isPartOf\":{\"@id\":\"https:\/\/franciscanos.org.br\/noticias\/#website\"},\"primaryImageOfPage\":{\"@id\":\"https:\/\/franciscanos.org.br\/noticias\/fraternidade-santo-antonio-celebra-dia-de-oracao-pelo-cuidado-da-criacao.html#primaryimage\"},\"datePublished\":\"2015-09-04T12:40:09+00:00\",\"dateModified\":\"2020-06-10T16:21:20+00:00\",\"author\":{\"@id\":\"https:\/\/franciscanos.org.br\/noticias\/#\/schema\/person\/b38fbf43118f02820bd932f2e4b14ad3\"},\"breadcrumb\":{\"@id\":\"https:\/\/franciscanos.org.br\/noticias\/fraternidade-santo-antonio-celebra-dia-de-oracao-pelo-cuidado-da-criacao.html#breadcrumb\"},\"inLanguage\":\"pt-BR\",\"potentialAction\":[{\"@type\":\"ReadAction\",\"target\":[\"https:\/\/franciscanos.org.br\/noticias\/fraternidade-santo-antonio-celebra-dia-de-oracao-pelo-cuidado-da-criacao.html\"]}]},{\"@type\":\"BreadcrumbList\",\"@id\":\"https:\/\/franciscanos.org.br\/noticias\/fraternidade-santo-antonio-celebra-dia-de-oracao-pelo-cuidado-da-criacao.html#breadcrumb\",\"itemListElement\":[{\"@type\":\"ListItem\",\"position\":1,\"name\":\"Home\",\"item\":\"https:\/\/franciscanos.org.br\/noticias\"},{\"@type\":\"ListItem\",\"position\":2,\"name\":\"Fraternidade Santo Ant\u00f4nio celebra Dia de Ora\u00e7\u00e3o pelo Cuidado da Cria\u00e7\u00e3o\"}]},{\"@type\":\"Person\",\"@id\":\"https:\/\/franciscanos.org.br\/noticias\/#\/schema\/person\/b38fbf43118f02820bd932f2e4b14ad3\",\"name\":\"admin\",\"image\":{\"@type\":\"ImageObject\",\"inLanguage\":\"pt-BR\",\"@id\":\"https:\/\/franciscanos.org.br\/noticias\/#\/schema\/person\/image\/\",\"url\":\"https:\/\/secure.gravatar.com\/avatar\/e8495742d34d0ba6448ea1c628263b3e?s=96&d=mm&r=g\",\"contentUrl\":\"https:\/\/secure.gravatar.com\/avatar\/e8495742d34d0ba6448ea1c628263b3e?s=96&d=mm&r=g\",\"caption\":\"admin\"},\"url\":\"https:\/\/franciscanos.org.br\/noticias\/author\/admin\"}]}<\/script>\n<!-- \/ Yoast SEO plugin. -->","yoast_head_json":{"title":"Fraternidade Santo Ant\u00f4nio celebra Dia de Ora\u00e7\u00e3o pelo Cuidado da Cria\u00e7\u00e3o - Not\u00edcias - Franciscanos","robots":{"index":"index","follow":"follow","max-snippet":"max-snippet:-1","max-image-preview":"max-image-preview:large","max-video-preview":"max-video-preview:-1"},"canonical":"https:\/\/franciscanos.org.br\/noticias\/fraternidade-santo-antonio-celebra-dia-de-oracao-pelo-cuidado-da-criacao.html","og_locale":"pt_BR","og_type":"article","og_title":"Fraternidade Santo Ant\u00f4nio celebra Dia de Ora\u00e7\u00e3o pelo Cuidado da Cria\u00e7\u00e3o - Not\u00edcias - Franciscanos","og_description":"OFS de Duque de Caxias","og_url":"https:\/\/franciscanos.org.br\/noticias\/fraternidade-santo-antonio-celebra-dia-de-oracao-pelo-cuidado-da-criacao.html","og_site_name":"Not\u00edcias - Franciscanos","article_published_time":"2015-09-04T12:40:09+00:00","article_modified_time":"2020-06-10T16:21:20+00:00","og_image":[{"width":273,"height":181,"url":"https:\/\/franciscanos.org.br\/noticias\/wp-content\/uploads\/2015\/09\/ofs-820.jpg","type":"image\/jpeg"}],"author":"admin","twitter_card":"summary_large_image","twitter_misc":{"Escrito por":"admin","Est. tempo de leitura":"4 minutos"},"schema":{"@context":"https:\/\/schema.org","@graph":[{"@type":"WebSite","@id":"https:\/\/franciscanos.org.br\/noticias\/#website","url":"https:\/\/franciscanos.org.br\/noticias\/","name":"Not\u00edcias - Franciscanos","description":"Prov\u00edncia Franciscana da Imaculada Concei\u00e7\u00e3o do Brasil - Ordem dos Frades Menores - OFM","potentialAction":[{"@type":"SearchAction","target":{"@type":"EntryPoint","urlTemplate":"https:\/\/franciscanos.org.br\/noticias\/?s={search_term_string}"},"query-input":"required name=search_term_string"}],"inLanguage":"pt-BR"},{"@type":"ImageObject","inLanguage":"pt-BR","@id":"https:\/\/franciscanos.org.br\/noticias\/fraternidade-santo-antonio-celebra-dia-de-oracao-pelo-cuidado-da-criacao.html#primaryimage","url":"https:\/\/franciscanos.org.br\/noticias\/wp-content\/uploads\/2015\/09\/ofs-820.jpg","contentUrl":"https:\/\/franciscanos.org.br\/noticias\/wp-content\/uploads\/2015\/09\/ofs-820.jpg","width":273,"height":181},{"@type":"WebPage","@id":"https:\/\/franciscanos.org.br\/noticias\/fraternidade-santo-antonio-celebra-dia-de-oracao-pelo-cuidado-da-criacao.html#webpage","url":"https:\/\/franciscanos.org.br\/noticias\/fraternidade-santo-antonio-celebra-dia-de-oracao-pelo-cuidado-da-criacao.html","name":"Fraternidade Santo Ant\u00f4nio celebra Dia de Ora\u00e7\u00e3o pelo Cuidado da Cria\u00e7\u00e3o - Not\u00edcias - Franciscanos","isPartOf":{"@id":"https:\/\/franciscanos.org.br\/noticias\/#website"},"primaryImageOfPage":{"@id":"https:\/\/franciscanos.org.br\/noticias\/fraternidade-santo-antonio-celebra-dia-de-oracao-pelo-cuidado-da-criacao.html#primaryimage"},"datePublished":"2015-09-04T12:40:09+00:00","dateModified":"2020-06-10T16:21:20+00:00","author":{"@id":"https:\/\/franciscanos.org.br\/noticias\/#\/schema\/person\/b38fbf43118f02820bd932f2e4b14ad3"},"breadcrumb":{"@id":"https:\/\/franciscanos.org.br\/noticias\/fraternidade-santo-antonio-celebra-dia-de-oracao-pelo-cuidado-da-criacao.html#breadcrumb"},"inLanguage":"pt-BR","potentialAction":[{"@type":"ReadAction","target":["https:\/\/franciscanos.org.br\/noticias\/fraternidade-santo-antonio-celebra-dia-de-oracao-pelo-cuidado-da-criacao.html"]}]},{"@type":"BreadcrumbList","@id":"https:\/\/franciscanos.org.br\/noticias\/fraternidade-santo-antonio-celebra-dia-de-oracao-pelo-cuidado-da-criacao.html#breadcrumb","itemListElement":[{"@type":"ListItem","position":1,"name":"Home","item":"https:\/\/franciscanos.org.br\/noticias"},{"@type":"ListItem","position":2,"name":"Fraternidade Santo Ant\u00f4nio celebra Dia de Ora\u00e7\u00e3o pelo Cuidado da Cria\u00e7\u00e3o"}]},{"@type":"Person","@id":"https:\/\/franciscanos.org.br\/noticias\/#\/schema\/person\/b38fbf43118f02820bd932f2e4b14ad3","name":"admin","image":{"@type":"ImageObject","inLanguage":"pt-BR","@id":"https:\/\/franciscanos.org.br\/noticias\/#\/schema\/person\/image\/","url":"https:\/\/secure.gravatar.com\/avatar\/e8495742d34d0ba6448ea1c628263b3e?s=96&d=mm&r=g","contentUrl":"https:\/\/secure.gravatar.com\/avatar\/e8495742d34d0ba6448ea1c628263b3e?s=96&d=mm&r=g","caption":"admin"},"url":"https:\/\/franciscanos.org.br\/noticias\/author\/admin"}]}},"_links":{"self":[{"href":"https:\/\/franciscanos.org.br\/noticias\/wp-json\/wp\/v2\/posts\/93299"}],"collection":[{"href":"https:\/\/franciscanos.org.br\/noticias\/wp-json\/wp\/v2\/posts"}],"about":[{"href":"https:\/\/franciscanos.org.br\/noticias\/wp-json\/wp\/v2\/types\/post"}],"author":[{"embeddable":true,"href":"https:\/\/franciscanos.org.br\/noticias\/wp-json\/wp\/v2\/users\/1"}],"replies":[{"embeddable":true,"href":"https:\/\/franciscanos.org.br\/noticias\/wp-json\/wp\/v2\/comments?post=93299"}],"version-history":[{"count":1,"href":"https:\/\/franciscanos.org.br\/noticias\/wp-json\/wp\/v2\/posts\/93299\/revisions"}],"predecessor-version":[{"id":225954,"href":"https:\/\/franciscanos.org.br\/noticias\/wp-json\/wp\/v2\/posts\/93299\/revisions\/225954"}],"wp:featuredmedia":[{"embeddable":true,"href":"https:\/\/franciscanos.org.br\/noticias\/wp-json\/wp\/v2\/media\/208903"}],"wp:attachment":[{"href":"https:\/\/franciscanos.org.br\/noticias\/wp-json\/wp\/v2\/media?parent=93299"}],"wp:term":[{"taxonomy":"category","embeddable":true,"href":"https:\/\/franciscanos.org.br\/noticias\/wp-json\/wp\/v2\/categories?post=93299"},{"taxonomy":"post_tag","embeddable":true,"href":"https:\/\/franciscanos.org.br\/noticias\/wp-json\/wp\/v2\/tags?post=93299"}],"curies":[{"name":"wp","href":"https:\/\/api.w.org\/{rel}","templated":true}]}}