{"id":93189,"date":"2015-09-02T11:09:31","date_gmt":"2015-09-02T14:09:31","guid":{"rendered":"http:\/\/franciscanos.org.br\/?p=93189"},"modified":"2019-07-02T07:35:43","modified_gmt":"2019-07-02T10:35:43","slug":"canarinhos-apresenta-concerto-o-imperio-brasileiro-e-sua-musica","status":"publish","type":"post","link":"https:\/\/franciscanos.org.br\/noticias\/canarinhos-apresenta-concerto-o-imperio-brasileiro-e-sua-musica.html","title":{"rendered":"Coral apresenta obra \u201cO Imp\u00e9rio Brasileiro e sua m\u00fasica\u201d"},"content":{"rendered":"<p><a href=\"http:\/\/franciscanos.org.br\/wp-content\/uploads\/2015\/09\/canarinhos-820.jpg\"><img loading=\"lazy\" src=\"http:\/\/franciscanos.org.br\/wp-content\/uploads\/2015\/09\/canarinhos-820.jpg\" alt=\"canarinhos-820\" width=\"820\" height=\"432\" \/><\/a><\/p>\n<h3><em>Apresenta\u00e7\u00e3o, que integra Tour da Experi\u00eancia, ser\u00e1 no dia 6, no Museu Imperial<\/em><\/h3>\n<p>O Museu Imperial \u00e9 conhecido por contar, com riqueza de detalhes, a Hist\u00f3ria do Brasil. No pr\u00f3ximo domingo (6), \u00e0s 16h, essa hist\u00f3ria ser\u00e1 narrada de uma maneira especial, com o aux\u00edlio da m\u00fasica. O Coral dos Canarinhos de Petr\u00f3polis far\u00e1 mais uma apresenta\u00e7\u00e3o do projeto Tour da Experi\u00eancia, com o espet\u00e1culo \u201cO Imp\u00e9rio Brasileiro e sua M\u00fasica\u201d. Esta \u00e9 mais uma oportunidade para quem n\u00e3o p\u00f4de comparecer aos outros dois concertos, realizados nos meses de junho e julho.<\/p>\n<p>Durante a apresenta\u00e7\u00e3o, o mordomo-mor do Pal\u00e1cio Imperial, Paulo Barbosa, ganha vida na interpreta\u00e7\u00e3o do canarinho Lucas Mathias. As hist\u00f3rias do Imp\u00e9rio brasileiro s\u00e3o contadas entre as m\u00fasicas. O Hino da Independ\u00eancia, a modinha \u201cVoc\u00ea trata o amor em brinco\u201d (Marcos Portugal) e as can\u00e7\u00f5es \u201cCoro dos Ca\u00e7adores\u201d da \u00f3pera \u201cO Guarani\u201d (Carlos Gomes) e \u201cLacrimosa\u201d (R\u00e9quiem de Mozart) est\u00e3o entre as obras que ser\u00e3o entoadas.<\/p>\n<p>\u201cEstas apresenta\u00e7\u00f5es no Museu s\u00e3o muito gratificantes, pois unem a m\u00fasica, a cultura e a hist\u00f3ria do nosso pa\u00eds, em um enredo envolvente e enriquecedor. As \u00faltimas duas apresenta\u00e7\u00f5es foram muito positivas, e esperamos receber um bom p\u00fablico para mais este concerto\u201d, afirmou o maestro do Coral dos Canarinhos, Marco Aur\u00e9lio Lischt.<\/p>\n<p>O concerto foi idealizado pelo Instituto e roteirizado pelo professor Nilson Macedo. O Tour da Experi\u00eancia \u00e9 desenvolvido pelo Minist\u00e9rio do Turismo, em parceria com o Sebrae e o Instituto Marca Brasil, e tem o objetivo de aumentar o fluxo tur\u00edstico e a perman\u00eancia dos visitantes nas cidades participantes, permitindo que os mesmo vivenciem experi\u00eancias nos destinos escolhidos.<\/p>\n<p><strong>Servi\u00e7o<\/strong><\/p>\n<h3 style=\"padding-left: 30px;\"><strong>Concerto \u201cO imp\u00e9rio brasileiro e sua m\u00fasica\u201d<\/strong><\/h3>\n<p style=\"padding-left: 30px;\"><strong>Local<\/strong> \u2013 Museu Imperial: Rua da Imperatriz, 220 \u2013 Centro Hist\u00f3rico &#8211; Petr\u00f3polis<br \/>\n<strong>Hor\u00e1rio<\/strong> \u2013 16h;<br \/>\n<strong>Ingressos<\/strong> \u2013 R$ 20 (inteira) e R$ 10 (meia entrada para estudantes, maiores de 60 anos professores).<\/p>\n","protected":false},"excerpt":{"rendered":"<p>Instituto Meninos Cantores de Petr\u00f3polis<\/p>\n","protected":false},"author":1,"featured_media":207020,"comment_status":"open","ping_status":"open","sticky":false,"template":"","format":"standard","meta":[],"categories":[1],"tags":[1378],"acf":[],"yoast_head":"<!-- This site is optimized with the Yoast SEO plugin v19.2 - https:\/\/yoast.com\/wordpress\/plugins\/seo\/ -->\n<title>Coral apresenta obra \u201cO Imp\u00e9rio Brasileiro e sua m\u00fasica\u201d - Not\u00edcias - Franciscanos<\/title>\n<meta name=\"robots\" content=\"index, follow, max-snippet:-1, max-image-preview:large, max-video-preview:-1\" \/>\n<link rel=\"canonical\" href=\"https:\/\/franciscanos.org.br\/noticias\/canarinhos-apresenta-concerto-o-imperio-brasileiro-e-sua-musica.html\" \/>\n<meta property=\"og:locale\" content=\"pt_BR\" \/>\n<meta property=\"og:type\" content=\"article\" \/>\n<meta property=\"og:title\" content=\"Coral apresenta obra \u201cO Imp\u00e9rio Brasileiro e sua m\u00fasica\u201d - Not\u00edcias - Franciscanos\" \/>\n<meta property=\"og:description\" content=\"Instituto Meninos Cantores de Petr\u00f3polis\" \/>\n<meta property=\"og:url\" content=\"https:\/\/franciscanos.org.br\/noticias\/canarinhos-apresenta-concerto-o-imperio-brasileiro-e-sua-musica.html\" \/>\n<meta property=\"og:site_name\" content=\"Not\u00edcias - Franciscanos\" \/>\n<meta property=\"article:published_time\" content=\"2015-09-02T14:09:31+00:00\" \/>\n<meta property=\"article:modified_time\" content=\"2019-07-02T10:35:43+00:00\" \/>\n<meta property=\"og:image\" content=\"https:\/\/franciscanos.org.br\/noticias\/wp-content\/uploads\/2015\/09\/canarinhos-820.jpg\" \/>\n\t<meta property=\"og:image:width\" content=\"273\" \/>\n\t<meta property=\"og:image:height\" content=\"181\" \/>\n\t<meta property=\"og:image:type\" content=\"image\/jpeg\" \/>\n<meta name=\"author\" content=\"admin\" \/>\n<meta name=\"twitter:card\" content=\"summary_large_image\" \/>\n<meta name=\"twitter:label1\" content=\"Escrito por\" \/>\n\t<meta name=\"twitter:data1\" content=\"admin\" \/>\n\t<meta name=\"twitter:label2\" content=\"Est. tempo de leitura\" \/>\n\t<meta name=\"twitter:data2\" content=\"2 minutos\" \/>\n<script type=\"application\/ld+json\" class=\"yoast-schema-graph\">{\"@context\":\"https:\/\/schema.org\",\"@graph\":[{\"@type\":\"WebSite\",\"@id\":\"https:\/\/franciscanos.org.br\/noticias\/#website\",\"url\":\"https:\/\/franciscanos.org.br\/noticias\/\",\"name\":\"Not\u00edcias - Franciscanos\",\"description\":\"Prov\u00edncia Franciscana da Imaculada Concei\u00e7\u00e3o do Brasil - Ordem dos Frades Menores - OFM\",\"potentialAction\":[{\"@type\":\"SearchAction\",\"target\":{\"@type\":\"EntryPoint\",\"urlTemplate\":\"https:\/\/franciscanos.org.br\/noticias\/?s={search_term_string}\"},\"query-input\":\"required name=search_term_string\"}],\"inLanguage\":\"pt-BR\"},{\"@type\":\"ImageObject\",\"inLanguage\":\"pt-BR\",\"@id\":\"https:\/\/franciscanos.org.br\/noticias\/canarinhos-apresenta-concerto-o-imperio-brasileiro-e-sua-musica.html#primaryimage\",\"url\":\"https:\/\/franciscanos.org.br\/noticias\/wp-content\/uploads\/2015\/09\/canarinhos-820.jpg\",\"contentUrl\":\"https:\/\/franciscanos.org.br\/noticias\/wp-content\/uploads\/2015\/09\/canarinhos-820.jpg\",\"width\":273,\"height\":181},{\"@type\":\"WebPage\",\"@id\":\"https:\/\/franciscanos.org.br\/noticias\/canarinhos-apresenta-concerto-o-imperio-brasileiro-e-sua-musica.html#webpage\",\"url\":\"https:\/\/franciscanos.org.br\/noticias\/canarinhos-apresenta-concerto-o-imperio-brasileiro-e-sua-musica.html\",\"name\":\"Coral apresenta obra \u201cO Imp\u00e9rio Brasileiro e sua m\u00fasica\u201d - Not\u00edcias - Franciscanos\",\"isPartOf\":{\"@id\":\"https:\/\/franciscanos.org.br\/noticias\/#website\"},\"primaryImageOfPage\":{\"@id\":\"https:\/\/franciscanos.org.br\/noticias\/canarinhos-apresenta-concerto-o-imperio-brasileiro-e-sua-musica.html#primaryimage\"},\"datePublished\":\"2015-09-02T14:09:31+00:00\",\"dateModified\":\"2019-07-02T10:35:43+00:00\",\"author\":{\"@id\":\"https:\/\/franciscanos.org.br\/noticias\/#\/schema\/person\/b38fbf43118f02820bd932f2e4b14ad3\"},\"breadcrumb\":{\"@id\":\"https:\/\/franciscanos.org.br\/noticias\/canarinhos-apresenta-concerto-o-imperio-brasileiro-e-sua-musica.html#breadcrumb\"},\"inLanguage\":\"pt-BR\",\"potentialAction\":[{\"@type\":\"ReadAction\",\"target\":[\"https:\/\/franciscanos.org.br\/noticias\/canarinhos-apresenta-concerto-o-imperio-brasileiro-e-sua-musica.html\"]}]},{\"@type\":\"BreadcrumbList\",\"@id\":\"https:\/\/franciscanos.org.br\/noticias\/canarinhos-apresenta-concerto-o-imperio-brasileiro-e-sua-musica.html#breadcrumb\",\"itemListElement\":[{\"@type\":\"ListItem\",\"position\":1,\"name\":\"Home\",\"item\":\"https:\/\/franciscanos.org.br\/noticias\"},{\"@type\":\"ListItem\",\"position\":2,\"name\":\"Coral apresenta obra \u201cO Imp\u00e9rio Brasileiro e sua m\u00fasica\u201d\"}]},{\"@type\":\"Person\",\"@id\":\"https:\/\/franciscanos.org.br\/noticias\/#\/schema\/person\/b38fbf43118f02820bd932f2e4b14ad3\",\"name\":\"admin\",\"image\":{\"@type\":\"ImageObject\",\"inLanguage\":\"pt-BR\",\"@id\":\"https:\/\/franciscanos.org.br\/noticias\/#\/schema\/person\/image\/\",\"url\":\"https:\/\/secure.gravatar.com\/avatar\/e8495742d34d0ba6448ea1c628263b3e?s=96&d=mm&r=g\",\"contentUrl\":\"https:\/\/secure.gravatar.com\/avatar\/e8495742d34d0ba6448ea1c628263b3e?s=96&d=mm&r=g\",\"caption\":\"admin\"},\"url\":\"https:\/\/franciscanos.org.br\/noticias\/author\/admin\"}]}<\/script>\n<!-- \/ Yoast SEO plugin. -->","yoast_head_json":{"title":"Coral apresenta obra \u201cO Imp\u00e9rio Brasileiro e sua m\u00fasica\u201d - Not\u00edcias - Franciscanos","robots":{"index":"index","follow":"follow","max-snippet":"max-snippet:-1","max-image-preview":"max-image-preview:large","max-video-preview":"max-video-preview:-1"},"canonical":"https:\/\/franciscanos.org.br\/noticias\/canarinhos-apresenta-concerto-o-imperio-brasileiro-e-sua-musica.html","og_locale":"pt_BR","og_type":"article","og_title":"Coral apresenta obra \u201cO Imp\u00e9rio Brasileiro e sua m\u00fasica\u201d - Not\u00edcias - Franciscanos","og_description":"Instituto Meninos Cantores de Petr\u00f3polis","og_url":"https:\/\/franciscanos.org.br\/noticias\/canarinhos-apresenta-concerto-o-imperio-brasileiro-e-sua-musica.html","og_site_name":"Not\u00edcias - Franciscanos","article_published_time":"2015-09-02T14:09:31+00:00","article_modified_time":"2019-07-02T10:35:43+00:00","og_image":[{"width":273,"height":181,"url":"https:\/\/franciscanos.org.br\/noticias\/wp-content\/uploads\/2015\/09\/canarinhos-820.jpg","type":"image\/jpeg"}],"author":"admin","twitter_card":"summary_large_image","twitter_misc":{"Escrito por":"admin","Est. tempo de leitura":"2 minutos"},"schema":{"@context":"https:\/\/schema.org","@graph":[{"@type":"WebSite","@id":"https:\/\/franciscanos.org.br\/noticias\/#website","url":"https:\/\/franciscanos.org.br\/noticias\/","name":"Not\u00edcias - Franciscanos","description":"Prov\u00edncia Franciscana da Imaculada Concei\u00e7\u00e3o do Brasil - Ordem dos Frades Menores - OFM","potentialAction":[{"@type":"SearchAction","target":{"@type":"EntryPoint","urlTemplate":"https:\/\/franciscanos.org.br\/noticias\/?s={search_term_string}"},"query-input":"required name=search_term_string"}],"inLanguage":"pt-BR"},{"@type":"ImageObject","inLanguage":"pt-BR","@id":"https:\/\/franciscanos.org.br\/noticias\/canarinhos-apresenta-concerto-o-imperio-brasileiro-e-sua-musica.html#primaryimage","url":"https:\/\/franciscanos.org.br\/noticias\/wp-content\/uploads\/2015\/09\/canarinhos-820.jpg","contentUrl":"https:\/\/franciscanos.org.br\/noticias\/wp-content\/uploads\/2015\/09\/canarinhos-820.jpg","width":273,"height":181},{"@type":"WebPage","@id":"https:\/\/franciscanos.org.br\/noticias\/canarinhos-apresenta-concerto-o-imperio-brasileiro-e-sua-musica.html#webpage","url":"https:\/\/franciscanos.org.br\/noticias\/canarinhos-apresenta-concerto-o-imperio-brasileiro-e-sua-musica.html","name":"Coral apresenta obra \u201cO Imp\u00e9rio Brasileiro e sua m\u00fasica\u201d - Not\u00edcias - Franciscanos","isPartOf":{"@id":"https:\/\/franciscanos.org.br\/noticias\/#website"},"primaryImageOfPage":{"@id":"https:\/\/franciscanos.org.br\/noticias\/canarinhos-apresenta-concerto-o-imperio-brasileiro-e-sua-musica.html#primaryimage"},"datePublished":"2015-09-02T14:09:31+00:00","dateModified":"2019-07-02T10:35:43+00:00","author":{"@id":"https:\/\/franciscanos.org.br\/noticias\/#\/schema\/person\/b38fbf43118f02820bd932f2e4b14ad3"},"breadcrumb":{"@id":"https:\/\/franciscanos.org.br\/noticias\/canarinhos-apresenta-concerto-o-imperio-brasileiro-e-sua-musica.html#breadcrumb"},"inLanguage":"pt-BR","potentialAction":[{"@type":"ReadAction","target":["https:\/\/franciscanos.org.br\/noticias\/canarinhos-apresenta-concerto-o-imperio-brasileiro-e-sua-musica.html"]}]},{"@type":"BreadcrumbList","@id":"https:\/\/franciscanos.org.br\/noticias\/canarinhos-apresenta-concerto-o-imperio-brasileiro-e-sua-musica.html#breadcrumb","itemListElement":[{"@type":"ListItem","position":1,"name":"Home","item":"https:\/\/franciscanos.org.br\/noticias"},{"@type":"ListItem","position":2,"name":"Coral apresenta obra \u201cO Imp\u00e9rio Brasileiro e sua m\u00fasica\u201d"}]},{"@type":"Person","@id":"https:\/\/franciscanos.org.br\/noticias\/#\/schema\/person\/b38fbf43118f02820bd932f2e4b14ad3","name":"admin","image":{"@type":"ImageObject","inLanguage":"pt-BR","@id":"https:\/\/franciscanos.org.br\/noticias\/#\/schema\/person\/image\/","url":"https:\/\/secure.gravatar.com\/avatar\/e8495742d34d0ba6448ea1c628263b3e?s=96&d=mm&r=g","contentUrl":"https:\/\/secure.gravatar.com\/avatar\/e8495742d34d0ba6448ea1c628263b3e?s=96&d=mm&r=g","caption":"admin"},"url":"https:\/\/franciscanos.org.br\/noticias\/author\/admin"}]}},"_links":{"self":[{"href":"https:\/\/franciscanos.org.br\/noticias\/wp-json\/wp\/v2\/posts\/93189"}],"collection":[{"href":"https:\/\/franciscanos.org.br\/noticias\/wp-json\/wp\/v2\/posts"}],"about":[{"href":"https:\/\/franciscanos.org.br\/noticias\/wp-json\/wp\/v2\/types\/post"}],"author":[{"embeddable":true,"href":"https:\/\/franciscanos.org.br\/noticias\/wp-json\/wp\/v2\/users\/1"}],"replies":[{"embeddable":true,"href":"https:\/\/franciscanos.org.br\/noticias\/wp-json\/wp\/v2\/comments?post=93189"}],"version-history":[{"count":0,"href":"https:\/\/franciscanos.org.br\/noticias\/wp-json\/wp\/v2\/posts\/93189\/revisions"}],"wp:featuredmedia":[{"embeddable":true,"href":"https:\/\/franciscanos.org.br\/noticias\/wp-json\/wp\/v2\/media\/207020"}],"wp:attachment":[{"href":"https:\/\/franciscanos.org.br\/noticias\/wp-json\/wp\/v2\/media?parent=93189"}],"wp:term":[{"taxonomy":"category","embeddable":true,"href":"https:\/\/franciscanos.org.br\/noticias\/wp-json\/wp\/v2\/categories?post=93189"},{"taxonomy":"post_tag","embeddable":true,"href":"https:\/\/franciscanos.org.br\/noticias\/wp-json\/wp\/v2\/tags?post=93189"}],"curies":[{"name":"wp","href":"https:\/\/api.w.org\/{rel}","templated":true}]}}