{"id":93157,"date":"2015-09-01T16:24:14","date_gmt":"2015-09-01T19:24:14","guid":{"rendered":"http:\/\/franciscanos.org.br\/?p=93157"},"modified":"2020-06-10T13:31:34","modified_gmt":"2020-06-10T16:31:34","slug":"a-salvaguarda-da-criacao-comeca-por-ti","status":"publish","type":"post","link":"https:\/\/franciscanos.org.br\/noticias\/a-salvaguarda-da-criacao-comeca-por-ti.html","title":{"rendered":"Dia Mundial de Ora\u00e7\u00e3o pelo Cuidado da Cria\u00e7\u00e3o"},"content":{"rendered":"<p><img loading=\"lazy\" src=\"http:\/\/franciscanos.org.br\/wp-content\/uploads\/2015\/09\/diamundial.jpg\" alt=\"diamundial\" width=\"820\" height=\"402\" \/><\/p>\n<p><strong>Cidade do Vaticano<\/strong> &#8211; \u201cNingu\u00e9m pode seriamente servir \u00e0 causa da salvaguarda da cria\u00e7\u00e3o se n\u00e3o tiver a coragem de ser contr\u00e1rio ao ac\u00famulo de riquezas exageradas nas m\u00e3os de poucos e \u00e0 tirania do dinheiro.\u201d<\/p>\n<p>Foi o que disse o pregador da Casa Pontif\u00edcia, o frade capuchinho Pe. Raniero Cantalamessa, na Liturgia da Palavra presidida pelo Papa Francisco, na Bas\u00edlica Vaticana, na tarde desta ter\u00e7a-feira, 1\u00ba de setembro, <a href=\"http:\/\/franciscanos.org.br\/?p=92968\">Dia Mundial de Ora\u00e7\u00e3o pelo Cuidado da Cria\u00e7\u00e3o.<\/a><\/p>\n<p>Citando uma passagem do G\u00eanesis (1, 28) que traz o relato da cria\u00e7\u00e3o, o religioso franciscano explicou em que sentido se expressa o dom\u00ednio do homem sobre a cria\u00e7\u00e3o, fruto de forte cr\u00edtica em tempos recentes, ressaltando crer que tal cr\u00edtica parta do fato de se interpretar palavras da B\u00edblia \u00e0 luz de categorias seculares alheias \u00e0 Sagrada Escritura.<\/p>\n<p>Frei Catalamessa explicou que o termo \u201cdominai\u201d n\u00e3o tem no texto sagrado o significado que a palavra tem fora da B\u00edblia, ressaltando um paralelismo evidente: \u201ccomo Deus \u00e9 o dominus do homem, assim o homem deve ser o dominus do restante da cria\u00e7\u00e3o, ou seja, respons\u00e1vel por ela e seu cust\u00f3dio\u201d.<\/p>\n<p>A f\u00e9 num Deus criador e no homem feito \u00e0 imagem de Deus n\u00e3o \u00e9, portanto, uma amea\u00e7a, mas, sobretudo, uma garantia para a cria\u00e7\u00e3o, e a mais forte de todas, ressaltou o pregador da Casa Pontif\u00edcia.<\/p>\n<p>Esta f\u00e9 nos diz que \u201co homem n\u00e3o \u00e9 dono absoluto das outras criaturas; deve prestar conta daquilo que recebeu. A par\u00e1bola dos talentos tem a\u00ed sua aplica\u00e7\u00e3o primordial: a terra \u00e9 o talento que todos, juntos, recebemos, e do qual devemos prestar conta\u201d.<\/p>\n<p>Objetando, ainda, \u00e0 referida cr\u00edtica, o frade capuchinho disse que a prova de que n\u00e3o \u00e9 a vis\u00e3o b\u00edblica a favorecer a prevarica\u00e7\u00e3o do homem sobre a cria\u00e7\u00e3o est\u00e1 no fato que \u201co mapa da polui\u00e7\u00e3o n\u00e3o coincide com o da difus\u00e3o da religi\u00e3o b\u00edblica ou de outras religi\u00f5es, mas, sim, com o de uma industrializa\u00e7\u00e3o selvagem, voltada unicamente para o lucro, e com o da corrup\u00e7\u00e3o que cala a boca de todos os protestos e resiste a todos os poderes\u201d.<\/p>\n<p>O pregador da Casa Pontif\u00edcia evidenciou que junto \u00e0 afirma\u00e7\u00e3o de que homens e coisas proveem de um \u00fanico princ\u00edpio, a narra\u00e7\u00e3o b\u00edblica apresenta uma hierarquia de import\u00e2ncia.<\/p>\n<p>Essa hierarquia \u00e9 violada, por exemplo, \u201cquando se faz gastos exorbitantes com animais (n\u00e3o animais em perigo de extin\u00e7\u00e3o!), enquanto diante dos pr\u00f3prios olhos, se deixa morrer de fome e de doen\u00e7as milh\u00f5es de crian\u00e7as\u201d, frisou.<\/p>\n<p>Referindo-se ao trecho evang\u00e9lico proposto na liturgia, Frei Cantalamessa afirmou que devemos nos preocupar n\u00e3o com o nosso amanh\u00e3, mas daqueles que vir\u00e3o depois de n\u00f3s. N\u00e3o devemos nos perguntar: \u201cO que comeremos? O que beberemos? O que iremos vestir?\u201d Mas: \u201cO que comer\u00e3o? O que beber\u00e3o? O que ir\u00e3o vestir nossos filhos, os futuros habitantes deste planeta?\u201d<\/p>\n<p>Referindo-se ao epis\u00f3dio da multiplica\u00e7\u00e3o dos p\u00e3es \u2013 no qual depois se recolhe o que sobrou para que nada se perca (Jo 6, 12) \u2013, ressaltou a necessidade de se evitar o desperd\u00edcio, sobretudo no campo alimentar. Evocando a enc\u00edclica \u201cLaudato si\u201d do Papa Francisco, citou a passagem \u201cN\u00e3o podeis servir a Deus e \u00e0 riqueza\u201d, para em seguida afirmar: \u201cNingu\u00e9m pode seriamente servir \u00e0 causa da salvaguarda da cria\u00e7\u00e3o se n\u00e3o tiver a coragem de ser contr\u00e1rio ao ac\u00famulo de riquezas exageradas nas m\u00e3os de poucos e \u00e0 tirania do dinheiro.\u201d<\/p>\n<p>Esclarecendo que Jesus jamais condenou a riqueza em si, ressaltou: \u201cO que Jesus condena \u00e9 a riqueza desonesta (Lc 16, 9), a riqueza acumulada em detrimento do pr\u00f3ximo, fruto de corrup\u00e7\u00e3o e especula\u00e7\u00e3o, a riqueza surda \u00e0s necessidades do pobre: por exemplo, a riqueza do rico epul\u00e3o da par\u00e1bola, que hoje n\u00e3o se refere a um indiv\u00edduo, mas A um inteiro hemisf\u00e9rio.\u201d<\/p>\n<p>Em seguida, o pregador da Casa Pontif\u00edcia tomou o exemplo de S\u00e3o Francisco de Assis, com o seu c\u00e2ntico das criaturas, que o Papa Francisco, com feliz intui\u00e7\u00e3o, escolheu como moldura espiritual para sua enc\u00edclica.<\/p>\n<p>\u201cS\u00e3o Francisco \u00e9 a prova viva da contribui\u00e7\u00e3o que a f\u00e9 em Deus pode dar para o esfor\u00e7o comum pela salvaguarda da cria\u00e7\u00e3o. O seu amor pelas criaturas \u00e9 uma consequ\u00eancia direta de sua f\u00e9 na paternidade universal de Deus\u201d, afirmou.<\/p>\n<p>Por fim, citou um slogan dos nossos dias, \u201cPense globalmente, mas aja localmente\u201d. A salvaguarda da cria\u00e7\u00e3o, como a paz, se faz, diria nosso Santo Padre Francisco, \u201cartesanalmente\u201d, come\u00e7ando por n\u00f3s mesmos. \u201cA paz come\u00e7a por ti, repete-se comumente nas mensagens para o Dia Mundial da Paz; tamb\u00e9m a salvaguarda da cria\u00e7\u00e3o come\u00e7a por ti\u201d, destacou Frei Cantalamessa.<\/p>\n<hr \/>\n<p><em>Fonte: R\u00e1dio Vaticano<\/em><\/p>\n","protected":false},"excerpt":{"rendered":"<p>Dia Mundial de Ora\u00e7\u00e3o pelo Cuidado da Cria\u00e7\u00e3o<\/p>\n","protected":false},"author":1,"featured_media":220510,"comment_status":"open","ping_status":"open","sticky":false,"template":"","format":"standard","meta":[],"categories":[1428],"tags":[1229],"acf":[],"yoast_head":"<!-- This site is optimized with the Yoast SEO plugin v19.2 - https:\/\/yoast.com\/wordpress\/plugins\/seo\/ -->\n<title>Dia Mundial de Ora\u00e7\u00e3o pelo Cuidado da Cria\u00e7\u00e3o - Not\u00edcias - Franciscanos<\/title>\n<meta name=\"robots\" content=\"index, follow, max-snippet:-1, max-image-preview:large, max-video-preview:-1\" \/>\n<link rel=\"canonical\" href=\"https:\/\/franciscanos.org.br\/noticias\/a-salvaguarda-da-criacao-comeca-por-ti.html\" \/>\n<meta property=\"og:locale\" content=\"pt_BR\" \/>\n<meta property=\"og:type\" content=\"article\" \/>\n<meta property=\"og:title\" content=\"Dia Mundial de Ora\u00e7\u00e3o pelo Cuidado da Cria\u00e7\u00e3o - Not\u00edcias - Franciscanos\" \/>\n<meta property=\"og:description\" content=\"Dia Mundial de Ora\u00e7\u00e3o pelo Cuidado da Cria\u00e7\u00e3o\" \/>\n<meta property=\"og:url\" content=\"https:\/\/franciscanos.org.br\/noticias\/a-salvaguarda-da-criacao-comeca-por-ti.html\" \/>\n<meta property=\"og:site_name\" content=\"Not\u00edcias - Franciscanos\" \/>\n<meta property=\"article:published_time\" content=\"2015-09-01T19:24:14+00:00\" \/>\n<meta property=\"article:modified_time\" content=\"2020-06-10T16:31:34+00:00\" \/>\n<meta property=\"og:image\" content=\"https:\/\/franciscanos.org.br\/noticias\/wp-content\/uploads\/2015\/09\/diamundial.jpg\" \/>\n\t<meta property=\"og:image:width\" content=\"273\" \/>\n\t<meta property=\"og:image:height\" content=\"181\" \/>\n\t<meta property=\"og:image:type\" content=\"image\/jpeg\" \/>\n<meta name=\"author\" content=\"admin\" \/>\n<meta name=\"twitter:card\" content=\"summary_large_image\" \/>\n<meta name=\"twitter:label1\" content=\"Escrito por\" \/>\n\t<meta name=\"twitter:data1\" content=\"admin\" \/>\n\t<meta name=\"twitter:label2\" content=\"Est. tempo de leitura\" \/>\n\t<meta name=\"twitter:data2\" content=\"4 minutos\" \/>\n<script type=\"application\/ld+json\" class=\"yoast-schema-graph\">{\"@context\":\"https:\/\/schema.org\",\"@graph\":[{\"@type\":\"WebSite\",\"@id\":\"https:\/\/franciscanos.org.br\/noticias\/#website\",\"url\":\"https:\/\/franciscanos.org.br\/noticias\/\",\"name\":\"Not\u00edcias - Franciscanos\",\"description\":\"Prov\u00edncia Franciscana da Imaculada Concei\u00e7\u00e3o do Brasil - Ordem dos Frades Menores - OFM\",\"potentialAction\":[{\"@type\":\"SearchAction\",\"target\":{\"@type\":\"EntryPoint\",\"urlTemplate\":\"https:\/\/franciscanos.org.br\/noticias\/?s={search_term_string}\"},\"query-input\":\"required name=search_term_string\"}],\"inLanguage\":\"pt-BR\"},{\"@type\":\"ImageObject\",\"inLanguage\":\"pt-BR\",\"@id\":\"https:\/\/franciscanos.org.br\/noticias\/a-salvaguarda-da-criacao-comeca-por-ti.html#primaryimage\",\"url\":\"https:\/\/franciscanos.org.br\/noticias\/wp-content\/uploads\/2015\/09\/diamundial.jpg\",\"contentUrl\":\"https:\/\/franciscanos.org.br\/noticias\/wp-content\/uploads\/2015\/09\/diamundial.jpg\",\"width\":273,\"height\":181},{\"@type\":\"WebPage\",\"@id\":\"https:\/\/franciscanos.org.br\/noticias\/a-salvaguarda-da-criacao-comeca-por-ti.html#webpage\",\"url\":\"https:\/\/franciscanos.org.br\/noticias\/a-salvaguarda-da-criacao-comeca-por-ti.html\",\"name\":\"Dia Mundial de Ora\u00e7\u00e3o pelo Cuidado da Cria\u00e7\u00e3o - Not\u00edcias - Franciscanos\",\"isPartOf\":{\"@id\":\"https:\/\/franciscanos.org.br\/noticias\/#website\"},\"primaryImageOfPage\":{\"@id\":\"https:\/\/franciscanos.org.br\/noticias\/a-salvaguarda-da-criacao-comeca-por-ti.html#primaryimage\"},\"datePublished\":\"2015-09-01T19:24:14+00:00\",\"dateModified\":\"2020-06-10T16:31:34+00:00\",\"author\":{\"@id\":\"https:\/\/franciscanos.org.br\/noticias\/#\/schema\/person\/b38fbf43118f02820bd932f2e4b14ad3\"},\"breadcrumb\":{\"@id\":\"https:\/\/franciscanos.org.br\/noticias\/a-salvaguarda-da-criacao-comeca-por-ti.html#breadcrumb\"},\"inLanguage\":\"pt-BR\",\"potentialAction\":[{\"@type\":\"ReadAction\",\"target\":[\"https:\/\/franciscanos.org.br\/noticias\/a-salvaguarda-da-criacao-comeca-por-ti.html\"]}]},{\"@type\":\"BreadcrumbList\",\"@id\":\"https:\/\/franciscanos.org.br\/noticias\/a-salvaguarda-da-criacao-comeca-por-ti.html#breadcrumb\",\"itemListElement\":[{\"@type\":\"ListItem\",\"position\":1,\"name\":\"Home\",\"item\":\"https:\/\/franciscanos.org.br\/noticias\"},{\"@type\":\"ListItem\",\"position\":2,\"name\":\"Dia Mundial de Ora\u00e7\u00e3o pelo Cuidado da Cria\u00e7\u00e3o\"}]},{\"@type\":\"Person\",\"@id\":\"https:\/\/franciscanos.org.br\/noticias\/#\/schema\/person\/b38fbf43118f02820bd932f2e4b14ad3\",\"name\":\"admin\",\"image\":{\"@type\":\"ImageObject\",\"inLanguage\":\"pt-BR\",\"@id\":\"https:\/\/franciscanos.org.br\/noticias\/#\/schema\/person\/image\/\",\"url\":\"https:\/\/secure.gravatar.com\/avatar\/e8495742d34d0ba6448ea1c628263b3e?s=96&d=mm&r=g\",\"contentUrl\":\"https:\/\/secure.gravatar.com\/avatar\/e8495742d34d0ba6448ea1c628263b3e?s=96&d=mm&r=g\",\"caption\":\"admin\"},\"url\":\"https:\/\/franciscanos.org.br\/noticias\/author\/admin\"}]}<\/script>\n<!-- \/ Yoast SEO plugin. -->","yoast_head_json":{"title":"Dia Mundial de Ora\u00e7\u00e3o pelo Cuidado da Cria\u00e7\u00e3o - Not\u00edcias - Franciscanos","robots":{"index":"index","follow":"follow","max-snippet":"max-snippet:-1","max-image-preview":"max-image-preview:large","max-video-preview":"max-video-preview:-1"},"canonical":"https:\/\/franciscanos.org.br\/noticias\/a-salvaguarda-da-criacao-comeca-por-ti.html","og_locale":"pt_BR","og_type":"article","og_title":"Dia Mundial de Ora\u00e7\u00e3o pelo Cuidado da Cria\u00e7\u00e3o - Not\u00edcias - Franciscanos","og_description":"Dia Mundial de Ora\u00e7\u00e3o pelo Cuidado da Cria\u00e7\u00e3o","og_url":"https:\/\/franciscanos.org.br\/noticias\/a-salvaguarda-da-criacao-comeca-por-ti.html","og_site_name":"Not\u00edcias - Franciscanos","article_published_time":"2015-09-01T19:24:14+00:00","article_modified_time":"2020-06-10T16:31:34+00:00","og_image":[{"width":273,"height":181,"url":"https:\/\/franciscanos.org.br\/noticias\/wp-content\/uploads\/2015\/09\/diamundial.jpg","type":"image\/jpeg"}],"author":"admin","twitter_card":"summary_large_image","twitter_misc":{"Escrito por":"admin","Est. tempo de leitura":"4 minutos"},"schema":{"@context":"https:\/\/schema.org","@graph":[{"@type":"WebSite","@id":"https:\/\/franciscanos.org.br\/noticias\/#website","url":"https:\/\/franciscanos.org.br\/noticias\/","name":"Not\u00edcias - Franciscanos","description":"Prov\u00edncia Franciscana da Imaculada Concei\u00e7\u00e3o do Brasil - Ordem dos Frades Menores - OFM","potentialAction":[{"@type":"SearchAction","target":{"@type":"EntryPoint","urlTemplate":"https:\/\/franciscanos.org.br\/noticias\/?s={search_term_string}"},"query-input":"required name=search_term_string"}],"inLanguage":"pt-BR"},{"@type":"ImageObject","inLanguage":"pt-BR","@id":"https:\/\/franciscanos.org.br\/noticias\/a-salvaguarda-da-criacao-comeca-por-ti.html#primaryimage","url":"https:\/\/franciscanos.org.br\/noticias\/wp-content\/uploads\/2015\/09\/diamundial.jpg","contentUrl":"https:\/\/franciscanos.org.br\/noticias\/wp-content\/uploads\/2015\/09\/diamundial.jpg","width":273,"height":181},{"@type":"WebPage","@id":"https:\/\/franciscanos.org.br\/noticias\/a-salvaguarda-da-criacao-comeca-por-ti.html#webpage","url":"https:\/\/franciscanos.org.br\/noticias\/a-salvaguarda-da-criacao-comeca-por-ti.html","name":"Dia Mundial de Ora\u00e7\u00e3o pelo Cuidado da Cria\u00e7\u00e3o - Not\u00edcias - Franciscanos","isPartOf":{"@id":"https:\/\/franciscanos.org.br\/noticias\/#website"},"primaryImageOfPage":{"@id":"https:\/\/franciscanos.org.br\/noticias\/a-salvaguarda-da-criacao-comeca-por-ti.html#primaryimage"},"datePublished":"2015-09-01T19:24:14+00:00","dateModified":"2020-06-10T16:31:34+00:00","author":{"@id":"https:\/\/franciscanos.org.br\/noticias\/#\/schema\/person\/b38fbf43118f02820bd932f2e4b14ad3"},"breadcrumb":{"@id":"https:\/\/franciscanos.org.br\/noticias\/a-salvaguarda-da-criacao-comeca-por-ti.html#breadcrumb"},"inLanguage":"pt-BR","potentialAction":[{"@type":"ReadAction","target":["https:\/\/franciscanos.org.br\/noticias\/a-salvaguarda-da-criacao-comeca-por-ti.html"]}]},{"@type":"BreadcrumbList","@id":"https:\/\/franciscanos.org.br\/noticias\/a-salvaguarda-da-criacao-comeca-por-ti.html#breadcrumb","itemListElement":[{"@type":"ListItem","position":1,"name":"Home","item":"https:\/\/franciscanos.org.br\/noticias"},{"@type":"ListItem","position":2,"name":"Dia Mundial de Ora\u00e7\u00e3o pelo Cuidado da Cria\u00e7\u00e3o"}]},{"@type":"Person","@id":"https:\/\/franciscanos.org.br\/noticias\/#\/schema\/person\/b38fbf43118f02820bd932f2e4b14ad3","name":"admin","image":{"@type":"ImageObject","inLanguage":"pt-BR","@id":"https:\/\/franciscanos.org.br\/noticias\/#\/schema\/person\/image\/","url":"https:\/\/secure.gravatar.com\/avatar\/e8495742d34d0ba6448ea1c628263b3e?s=96&d=mm&r=g","contentUrl":"https:\/\/secure.gravatar.com\/avatar\/e8495742d34d0ba6448ea1c628263b3e?s=96&d=mm&r=g","caption":"admin"},"url":"https:\/\/franciscanos.org.br\/noticias\/author\/admin"}]}},"_links":{"self":[{"href":"https:\/\/franciscanos.org.br\/noticias\/wp-json\/wp\/v2\/posts\/93157"}],"collection":[{"href":"https:\/\/franciscanos.org.br\/noticias\/wp-json\/wp\/v2\/posts"}],"about":[{"href":"https:\/\/franciscanos.org.br\/noticias\/wp-json\/wp\/v2\/types\/post"}],"author":[{"embeddable":true,"href":"https:\/\/franciscanos.org.br\/noticias\/wp-json\/wp\/v2\/users\/1"}],"replies":[{"embeddable":true,"href":"https:\/\/franciscanos.org.br\/noticias\/wp-json\/wp\/v2\/comments?post=93157"}],"version-history":[{"count":2,"href":"https:\/\/franciscanos.org.br\/noticias\/wp-json\/wp\/v2\/posts\/93157\/revisions"}],"predecessor-version":[{"id":225962,"href":"https:\/\/franciscanos.org.br\/noticias\/wp-json\/wp\/v2\/posts\/93157\/revisions\/225962"}],"wp:featuredmedia":[{"embeddable":true,"href":"https:\/\/franciscanos.org.br\/noticias\/wp-json\/wp\/v2\/media\/220510"}],"wp:attachment":[{"href":"https:\/\/franciscanos.org.br\/noticias\/wp-json\/wp\/v2\/media?parent=93157"}],"wp:term":[{"taxonomy":"category","embeddable":true,"href":"https:\/\/franciscanos.org.br\/noticias\/wp-json\/wp\/v2\/categories?post=93157"},{"taxonomy":"post_tag","embeddable":true,"href":"https:\/\/franciscanos.org.br\/noticias\/wp-json\/wp\/v2\/tags?post=93157"}],"curies":[{"name":"wp","href":"https:\/\/api.w.org\/{rel}","templated":true}]}}