{"id":93051,"date":"2015-08-31T06:46:35","date_gmt":"2015-08-31T09:46:35","guid":{"rendered":"http:\/\/franciscanos.org.br\/?p=93051"},"modified":"2020-06-10T13:34:29","modified_gmt":"2020-06-10T16:34:29","slug":"nao-sao-as-coisas-exteriores-que-nos-fazem-santos","status":"publish","type":"post","link":"https:\/\/franciscanos.org.br\/noticias\/nao-sao-as-coisas-exteriores-que-nos-fazem-santos.html","title":{"rendered":"&#8220;N\u00e3o s\u00e3o as coisas exteriores que nos fazem santos&#8221;"},"content":{"rendered":"<p><img loading=\"lazy\" src=\"http:\/\/franciscanos.org.br\/wp-content\/uploads\/2015\/08\/papa_francisco.jpg\" alt=\"papa_francisco\" width=\"820\" height=\"316\" \/><\/p>\n<p><strong>Cidade do Vaticano<\/strong> &#8211; Na manh\u00e3 deste domingo (30) durante o Angelus, com a Pra\u00e7a S\u00e3o Pedro tomada de fi\u00e9is e peregrinos de diversas partes do mundo, Papa Francisco comentou sobre o Evangelho do dia que apresenta uma disputa entre Jesus e alguns fariseus e escribas, sobre o valor da \u2018tradi\u00e7\u00e3o dos antigos\u2019.<\/p>\n<p>Francisco convidou a fazer distin\u00e7\u00f5es entre os \u201cpreceitos dos homens\u201d que n\u00e3o s\u00e3o \u201cos mandamentos de Deus\u201d: \u201cAs antigas prescri\u00e7\u00f5es compreendiam n\u00e3o somente os preceitos de Deus revelados a Mois\u00e9s, mas uma s\u00e9rie de regras que especificavam as indica\u00e7\u00f5es da lei mosaica. Os interlocutores aplicavam tais normas em modo muito escrupuloso e apresentavam elas como express\u00f5es de aut\u00eantica religiosidade. Portanto, repreendiam Jesus e os seus disc\u00edpulos pela transgress\u00e3o delas, em particular, daquelas em rela\u00e7\u00e3o \u00e0 purifica\u00e7\u00e3o exterior do corpo. A resposta de Jesus tem a for\u00e7a de um pronunciamento prof\u00e9tico: \u2018Ignorando o mandamento de Deus, observam a tradi\u00e7\u00e3o dos homens\u2019.&#8221;<\/p>\n<p>Jesus ensina para n\u00f3s, hoje, sobre o perigo de nos considerarmos \u201cmelhores dos outros pelo simples fato de observar as regras, as tradi\u00e7\u00f5es\u201d.<\/p>\n<p>\u201cA observa\u00e7\u00e3o literal dos preceitos \u00e9 alguma coisa de est\u00e9ril se n\u00e3o muda o cora\u00e7\u00e3o e n\u00e3o se traduz em comportamentos concretos: abrir-se ao encontro com Deus e \u00e0 sua Palavra, procurar a justi\u00e7a e a paz, socorrer os pobres, os fracos, os oprimidos.\u201d<br \/>\nImprovisando durante seu pronunciamento do Angelus, da janela do seu escrit\u00f3rio, Papa Francisco colocou em causa a vida nas comunidades eclesiais e afirma: \u201cTodos sabemos, nas nossas comunidades, nas nossas par\u00f3quias, nos nossos bairros, quanto mal fazem \u00e0 Igreja e fazem esc\u00e2ndalo aquelas pessoas que se dizem \u2018muito cat\u00f3licas\u2019 e v\u00e3o frequentemente na igreja mas, depois, na sua vida quotidiana, descuidam da fam\u00edlia, falam mal dos outros e assim por diante. Isso \u00e9 aquilo que Jesus condena\u201d, porque \u00e9 um testemunho contra a vida crist\u00e3.<\/p>\n<p>\u201cProsseguindo na sua exorta\u00e7\u00e3o\u201d, afirmou ainda o Papa, \u201cJesus foca a aten\u00e7\u00e3o sobre um aspecto mais profundo e afirma: \u2018N\u00e3o existe nada fora do homem que, entrando nele, possa torn\u00e1-lo impuro. Mas s\u00e3o as coisas que saem do homem que o tornam impuro\u2019\u201d. E o Santo Padre n\u00e3o tem d\u00favidas: \u201cN\u00e3o s\u00e3o as coisas exteriores que nos fazem santos ou n\u00e3o santos, mas \u00e9 o cora\u00e7\u00e3o que expressa as nossas inten\u00e7\u00f5es, as nossas escolhas e o desejo de fazer tudo pelo amor de Deus. As atitudes exteriores s\u00e3o a consequ\u00eancia daquilo que decidimos no cora\u00e7\u00e3o, mas n\u00e3o o contr\u00e1rio. Com as atitudes exteriores, se o cora\u00e7\u00e3o n\u00e3o muda, n\u00e3o somos verdadeiros crist\u00e3os. Portanto, \u00e9 o cora\u00e7\u00e3o que deve ser purificado e se converter. Sem um cora\u00e7\u00e3o purificado, n\u00e3o se pode ter m\u00e3os realmente limpas e l\u00e1bios que pronunciem palavras sinceras de amor.\u201d<\/p>\n<p>E, ent\u00e3o, fez um ora\u00e7\u00e3o \u00e0 Maria: \u201cPe\u00e7amos ao Senhor, por intercess\u00e3o da Virgem Maria, para nos dar um cora\u00e7\u00e3o puro, livre de toda hipocrisia. Esse \u00e9 o adjetivo que Jesus disse aos fariseus: \u2018hip\u00f3critas\u2019, porque dizem uma coisa e fazem outra. Livre de toda hipocrisia, assim, que sejamos capazes de viver segundo o esp\u00edrito da lei e alcan\u00e7ar o seu fim, que \u00e9 o amor.\u201d<\/p>\n<p><strong>\u00cdNTEGRA DO ANGELUS<\/strong><\/p>\n<p>Queridos irm\u00e3os e irm\u00e3s,<br \/>\no Evangelho deste domingo apresenta uma disputa entre Jesus e alguns dos fariseus e escribas. A discuss\u00e3o \u00e9 referente ao valor da \u201ctradi\u00e7\u00e3o dos antigos\u201d que Jesus, referindo-se ao profeta Isa\u00edas, define \u201cpreceitos de homens\u201d e que nunca deve ficar no lugar do \u201cmandamento de Deus\u201d. As antigas prescri\u00e7\u00f5es compreendiam n\u00e3o somente os preceitos de Deus revelados a Mois\u00e9s, mas uma s\u00e9rie de regras que especificavam as indica\u00e7\u00f5es da lei mosaica. Os interlocutores aplicavam tais normas em modo muito escrupuloso e apresentavam elas como express\u00f5es de aut\u00eantica religiosidade. Portanto, repreendem Jesus e os seus disc\u00edpulos pela transgress\u00e3o delas, em particular, daquelas em rela\u00e7\u00e3o \u00e0 purifica\u00e7\u00e3o exterior do corpo. A resposta de Jesus tem a for\u00e7a de um pronunciamento prof\u00e9tico: \u201cIgnorando o mandamento de Deus, observam a tradi\u00e7\u00e3o dos homens\u201d. S\u00e3o palavras que nos enchem de admira\u00e7\u00e3o pelo nosso Mestre: sentimos que nEle tem a verdade e que a sua sabedoria nos libera dos preconceitos.<\/p>\n<p>Mas, aten\u00e7\u00e3o! Com essas palavras, Jesus tamb\u00e9m quer colocar em alerta n\u00f3s, hoje, que ao manter a observa\u00e7\u00e3o exterior da lei seja suficiente para sermos bons crist\u00e3os. Como naquela \u00e9poca para os fariseus, existe tamb\u00e9m para n\u00f3s o perigo de nos considerarmos tranquilos ou melhores dos outros pelo simples fato de observar as regras, as tradi\u00e7\u00f5es, mesmo se n\u00e3o amamos o pr\u00f3ximo, somos duros de cora\u00e7\u00e3o e orgulhosos. A observa\u00e7\u00e3o literal dos preceitos \u00e9 alguma coisa de est\u00e9ril se n\u00e3o muda o cora\u00e7\u00e3o e n\u00e3o se traduz em comportamentos concretos: abrir-se ao encontro com Deus e \u00e0 sua Palavra, procurar a justi\u00e7a e a paz, socorrer os pobres, os fracos, os oprimidos. Todos sabemos, nas nossas comunidades, nas nossas par\u00f3quias, nos nossos bairros, quanto mal fazem \u00e0 Igreja e fazem esc\u00e2ndalo aquelas pessoas que se dizem \u2018muito cat\u00f3licas\u2019 e v\u00e3o frequentemente na igreja mas, depois, na sua vida quotidiana, descuidam da fam\u00edlia, falam mal dos outros e assim por diante. Isso \u00e9 aquilo que Jesus condena, porque \u00e9 um testemunho contra a vida crist\u00e3.<\/p>\n<p>Prosseguindo na sua exorta\u00e7\u00e3o, Jesus foca a aten\u00e7\u00e3o sobre um aspecto mais profundo e afirma: \u201cN\u00e3o existe nada fora do homem que, entrando nele, possa torn\u00e1-lo impuro. Mas s\u00e3o as coisas que saem do homem que o tornam impuro\u201d. Desse modo, enaltece o primado da interioridade, do cora\u00e7\u00e3o: n\u00e3o s\u00e3o as coisas exteriores que nos fazem santos ou n\u00e3o santos, mas \u00e9 o cora\u00e7\u00e3o que expressa as nossas inten\u00e7\u00f5es, as nossas escolhas e o desejo de fazer tudo por amor. As atitudes exteriores s\u00e3o a consequ\u00eancia daquilo que decidimos no cora\u00e7\u00e3o. A fronteira entre o bem e o mal n\u00e3o passa fora de n\u00f3s, mas sim, dentro de n\u00f3s. E podemos nos questionar onde est\u00e1 o meu cora\u00e7\u00e3o? Jesus dizia: \u2018O teu tesouro \u00e9 onde est\u00e1 o cora\u00e7\u00e3o\u2019. Qual \u00e9 o meu tesouro? \u00c9 Jesus, a sua doutrina? \u00c9 o cora\u00e7\u00e3o bom ou o tesouro \u00e9 uma outra coisa. Portanto, \u00e9 o cora\u00e7\u00e3o que deve ser purificado e se converter. Sem um cora\u00e7\u00e3o purificado, n\u00e3o se pode ter m\u00e3os realmente limpas e l\u00e1bios que pronunciem palavras sinceras de amor: tudo \u00e9 duplo, n\u00e3o? Aquela dupla vida; palavras que pronunciam miseric\u00f3rdia, perd\u00e3o. Somente isso pode fazer o cora\u00e7\u00e3o sincero e purificado.<\/p>\n<p>Pe\u00e7amos ao Senhor, por intercess\u00e3o da Virgem Maria, para nos dar um cora\u00e7\u00e3o puro, livre de toda hipocrisia para que, assim, sejamos capazes de viver segundo o esp\u00edrito da lei e alcan\u00e7ar o seu fim, que \u00e9 o amor.<\/p>\n<hr \/>\n<p><em>Fonte: R\u00e1dio Vaticano<\/em><\/p>\n","protected":false},"excerpt":{"rendered":"<p>Angelus<\/p>\n","protected":false},"author":1,"featured_media":220265,"comment_status":"open","ping_status":"open","sticky":false,"template":"","format":"standard","meta":[],"categories":[1428],"tags":[403],"acf":[],"yoast_head":"<!-- This site is optimized with the Yoast SEO plugin v19.2 - https:\/\/yoast.com\/wordpress\/plugins\/seo\/ -->\n<title>&quot;N\u00e3o s\u00e3o as coisas exteriores que nos fazem santos&quot; - Not\u00edcias - Franciscanos<\/title>\n<meta name=\"robots\" content=\"index, follow, max-snippet:-1, max-image-preview:large, max-video-preview:-1\" \/>\n<link rel=\"canonical\" href=\"https:\/\/franciscanos.org.br\/noticias\/nao-sao-as-coisas-exteriores-que-nos-fazem-santos.html\" \/>\n<meta property=\"og:locale\" content=\"pt_BR\" \/>\n<meta property=\"og:type\" content=\"article\" \/>\n<meta property=\"og:title\" content=\"&quot;N\u00e3o s\u00e3o as coisas exteriores que nos fazem santos&quot; - Not\u00edcias - Franciscanos\" \/>\n<meta property=\"og:description\" content=\"Angelus\" \/>\n<meta property=\"og:url\" content=\"https:\/\/franciscanos.org.br\/noticias\/nao-sao-as-coisas-exteriores-que-nos-fazem-santos.html\" \/>\n<meta property=\"og:site_name\" content=\"Not\u00edcias - Franciscanos\" \/>\n<meta property=\"article:published_time\" content=\"2015-08-31T09:46:35+00:00\" \/>\n<meta property=\"article:modified_time\" content=\"2020-06-10T16:34:29+00:00\" \/>\n<meta property=\"og:image\" content=\"https:\/\/franciscanos.org.br\/noticias\/wp-content\/uploads\/2016\/10\/angelus_311016-07.jpg\" \/>\n\t<meta property=\"og:image:width\" content=\"273\" \/>\n\t<meta property=\"og:image:height\" content=\"181\" \/>\n\t<meta property=\"og:image:type\" content=\"image\/jpeg\" \/>\n<meta name=\"author\" content=\"admin\" \/>\n<meta name=\"twitter:card\" content=\"summary_large_image\" \/>\n<meta name=\"twitter:label1\" content=\"Escrito por\" \/>\n\t<meta name=\"twitter:data1\" content=\"admin\" \/>\n\t<meta name=\"twitter:label2\" content=\"Est. tempo de leitura\" \/>\n\t<meta name=\"twitter:data2\" content=\"6 minutos\" \/>\n<script type=\"application\/ld+json\" class=\"yoast-schema-graph\">{\"@context\":\"https:\/\/schema.org\",\"@graph\":[{\"@type\":\"WebSite\",\"@id\":\"https:\/\/franciscanos.org.br\/noticias\/#website\",\"url\":\"https:\/\/franciscanos.org.br\/noticias\/\",\"name\":\"Not\u00edcias - Franciscanos\",\"description\":\"Prov\u00edncia Franciscana da Imaculada Concei\u00e7\u00e3o do Brasil - Ordem dos Frades Menores - OFM\",\"potentialAction\":[{\"@type\":\"SearchAction\",\"target\":{\"@type\":\"EntryPoint\",\"urlTemplate\":\"https:\/\/franciscanos.org.br\/noticias\/?s={search_term_string}\"},\"query-input\":\"required name=search_term_string\"}],\"inLanguage\":\"pt-BR\"},{\"@type\":\"ImageObject\",\"inLanguage\":\"pt-BR\",\"@id\":\"https:\/\/franciscanos.org.br\/noticias\/nao-sao-as-coisas-exteriores-que-nos-fazem-santos.html#primaryimage\",\"url\":\"https:\/\/franciscanos.org.br\/noticias\/wp-content\/uploads\/2016\/10\/angelus_311016-07.jpg\",\"contentUrl\":\"https:\/\/franciscanos.org.br\/noticias\/wp-content\/uploads\/2016\/10\/angelus_311016-07.jpg\",\"width\":273,\"height\":181},{\"@type\":\"WebPage\",\"@id\":\"https:\/\/franciscanos.org.br\/noticias\/nao-sao-as-coisas-exteriores-que-nos-fazem-santos.html#webpage\",\"url\":\"https:\/\/franciscanos.org.br\/noticias\/nao-sao-as-coisas-exteriores-que-nos-fazem-santos.html\",\"name\":\"\\\"N\u00e3o s\u00e3o as coisas exteriores que nos fazem santos\\\" - Not\u00edcias - Franciscanos\",\"isPartOf\":{\"@id\":\"https:\/\/franciscanos.org.br\/noticias\/#website\"},\"primaryImageOfPage\":{\"@id\":\"https:\/\/franciscanos.org.br\/noticias\/nao-sao-as-coisas-exteriores-que-nos-fazem-santos.html#primaryimage\"},\"datePublished\":\"2015-08-31T09:46:35+00:00\",\"dateModified\":\"2020-06-10T16:34:29+00:00\",\"author\":{\"@id\":\"https:\/\/franciscanos.org.br\/noticias\/#\/schema\/person\/b38fbf43118f02820bd932f2e4b14ad3\"},\"breadcrumb\":{\"@id\":\"https:\/\/franciscanos.org.br\/noticias\/nao-sao-as-coisas-exteriores-que-nos-fazem-santos.html#breadcrumb\"},\"inLanguage\":\"pt-BR\",\"potentialAction\":[{\"@type\":\"ReadAction\",\"target\":[\"https:\/\/franciscanos.org.br\/noticias\/nao-sao-as-coisas-exteriores-que-nos-fazem-santos.html\"]}]},{\"@type\":\"BreadcrumbList\",\"@id\":\"https:\/\/franciscanos.org.br\/noticias\/nao-sao-as-coisas-exteriores-que-nos-fazem-santos.html#breadcrumb\",\"itemListElement\":[{\"@type\":\"ListItem\",\"position\":1,\"name\":\"Home\",\"item\":\"https:\/\/franciscanos.org.br\/noticias\"},{\"@type\":\"ListItem\",\"position\":2,\"name\":\"&#8220;N\u00e3o s\u00e3o as coisas exteriores que nos fazem santos&#8221;\"}]},{\"@type\":\"Person\",\"@id\":\"https:\/\/franciscanos.org.br\/noticias\/#\/schema\/person\/b38fbf43118f02820bd932f2e4b14ad3\",\"name\":\"admin\",\"image\":{\"@type\":\"ImageObject\",\"inLanguage\":\"pt-BR\",\"@id\":\"https:\/\/franciscanos.org.br\/noticias\/#\/schema\/person\/image\/\",\"url\":\"https:\/\/secure.gravatar.com\/avatar\/e8495742d34d0ba6448ea1c628263b3e?s=96&d=mm&r=g\",\"contentUrl\":\"https:\/\/secure.gravatar.com\/avatar\/e8495742d34d0ba6448ea1c628263b3e?s=96&d=mm&r=g\",\"caption\":\"admin\"},\"url\":\"https:\/\/franciscanos.org.br\/noticias\/author\/admin\"}]}<\/script>\n<!-- \/ Yoast SEO plugin. -->","yoast_head_json":{"title":"\"N\u00e3o s\u00e3o as coisas exteriores que nos fazem santos\" - Not\u00edcias - Franciscanos","robots":{"index":"index","follow":"follow","max-snippet":"max-snippet:-1","max-image-preview":"max-image-preview:large","max-video-preview":"max-video-preview:-1"},"canonical":"https:\/\/franciscanos.org.br\/noticias\/nao-sao-as-coisas-exteriores-que-nos-fazem-santos.html","og_locale":"pt_BR","og_type":"article","og_title":"\"N\u00e3o s\u00e3o as coisas exteriores que nos fazem santos\" - Not\u00edcias - Franciscanos","og_description":"Angelus","og_url":"https:\/\/franciscanos.org.br\/noticias\/nao-sao-as-coisas-exteriores-que-nos-fazem-santos.html","og_site_name":"Not\u00edcias - Franciscanos","article_published_time":"2015-08-31T09:46:35+00:00","article_modified_time":"2020-06-10T16:34:29+00:00","og_image":[{"width":273,"height":181,"url":"https:\/\/franciscanos.org.br\/noticias\/wp-content\/uploads\/2016\/10\/angelus_311016-07.jpg","type":"image\/jpeg"}],"author":"admin","twitter_card":"summary_large_image","twitter_misc":{"Escrito por":"admin","Est. tempo de leitura":"6 minutos"},"schema":{"@context":"https:\/\/schema.org","@graph":[{"@type":"WebSite","@id":"https:\/\/franciscanos.org.br\/noticias\/#website","url":"https:\/\/franciscanos.org.br\/noticias\/","name":"Not\u00edcias - Franciscanos","description":"Prov\u00edncia Franciscana da Imaculada Concei\u00e7\u00e3o do Brasil - Ordem dos Frades Menores - OFM","potentialAction":[{"@type":"SearchAction","target":{"@type":"EntryPoint","urlTemplate":"https:\/\/franciscanos.org.br\/noticias\/?s={search_term_string}"},"query-input":"required name=search_term_string"}],"inLanguage":"pt-BR"},{"@type":"ImageObject","inLanguage":"pt-BR","@id":"https:\/\/franciscanos.org.br\/noticias\/nao-sao-as-coisas-exteriores-que-nos-fazem-santos.html#primaryimage","url":"https:\/\/franciscanos.org.br\/noticias\/wp-content\/uploads\/2016\/10\/angelus_311016-07.jpg","contentUrl":"https:\/\/franciscanos.org.br\/noticias\/wp-content\/uploads\/2016\/10\/angelus_311016-07.jpg","width":273,"height":181},{"@type":"WebPage","@id":"https:\/\/franciscanos.org.br\/noticias\/nao-sao-as-coisas-exteriores-que-nos-fazem-santos.html#webpage","url":"https:\/\/franciscanos.org.br\/noticias\/nao-sao-as-coisas-exteriores-que-nos-fazem-santos.html","name":"\"N\u00e3o s\u00e3o as coisas exteriores que nos fazem santos\" - Not\u00edcias - Franciscanos","isPartOf":{"@id":"https:\/\/franciscanos.org.br\/noticias\/#website"},"primaryImageOfPage":{"@id":"https:\/\/franciscanos.org.br\/noticias\/nao-sao-as-coisas-exteriores-que-nos-fazem-santos.html#primaryimage"},"datePublished":"2015-08-31T09:46:35+00:00","dateModified":"2020-06-10T16:34:29+00:00","author":{"@id":"https:\/\/franciscanos.org.br\/noticias\/#\/schema\/person\/b38fbf43118f02820bd932f2e4b14ad3"},"breadcrumb":{"@id":"https:\/\/franciscanos.org.br\/noticias\/nao-sao-as-coisas-exteriores-que-nos-fazem-santos.html#breadcrumb"},"inLanguage":"pt-BR","potentialAction":[{"@type":"ReadAction","target":["https:\/\/franciscanos.org.br\/noticias\/nao-sao-as-coisas-exteriores-que-nos-fazem-santos.html"]}]},{"@type":"BreadcrumbList","@id":"https:\/\/franciscanos.org.br\/noticias\/nao-sao-as-coisas-exteriores-que-nos-fazem-santos.html#breadcrumb","itemListElement":[{"@type":"ListItem","position":1,"name":"Home","item":"https:\/\/franciscanos.org.br\/noticias"},{"@type":"ListItem","position":2,"name":"&#8220;N\u00e3o s\u00e3o as coisas exteriores que nos fazem santos&#8221;"}]},{"@type":"Person","@id":"https:\/\/franciscanos.org.br\/noticias\/#\/schema\/person\/b38fbf43118f02820bd932f2e4b14ad3","name":"admin","image":{"@type":"ImageObject","inLanguage":"pt-BR","@id":"https:\/\/franciscanos.org.br\/noticias\/#\/schema\/person\/image\/","url":"https:\/\/secure.gravatar.com\/avatar\/e8495742d34d0ba6448ea1c628263b3e?s=96&d=mm&r=g","contentUrl":"https:\/\/secure.gravatar.com\/avatar\/e8495742d34d0ba6448ea1c628263b3e?s=96&d=mm&r=g","caption":"admin"},"url":"https:\/\/franciscanos.org.br\/noticias\/author\/admin"}]}},"_links":{"self":[{"href":"https:\/\/franciscanos.org.br\/noticias\/wp-json\/wp\/v2\/posts\/93051"}],"collection":[{"href":"https:\/\/franciscanos.org.br\/noticias\/wp-json\/wp\/v2\/posts"}],"about":[{"href":"https:\/\/franciscanos.org.br\/noticias\/wp-json\/wp\/v2\/types\/post"}],"author":[{"embeddable":true,"href":"https:\/\/franciscanos.org.br\/noticias\/wp-json\/wp\/v2\/users\/1"}],"replies":[{"embeddable":true,"href":"https:\/\/franciscanos.org.br\/noticias\/wp-json\/wp\/v2\/comments?post=93051"}],"version-history":[{"count":1,"href":"https:\/\/franciscanos.org.br\/noticias\/wp-json\/wp\/v2\/posts\/93051\/revisions"}],"predecessor-version":[{"id":225965,"href":"https:\/\/franciscanos.org.br\/noticias\/wp-json\/wp\/v2\/posts\/93051\/revisions\/225965"}],"wp:featuredmedia":[{"embeddable":true,"href":"https:\/\/franciscanos.org.br\/noticias\/wp-json\/wp\/v2\/media\/220265"}],"wp:attachment":[{"href":"https:\/\/franciscanos.org.br\/noticias\/wp-json\/wp\/v2\/media?parent=93051"}],"wp:term":[{"taxonomy":"category","embeddable":true,"href":"https:\/\/franciscanos.org.br\/noticias\/wp-json\/wp\/v2\/categories?post=93051"},{"taxonomy":"post_tag","embeddable":true,"href":"https:\/\/franciscanos.org.br\/noticias\/wp-json\/wp\/v2\/tags?post=93051"}],"curies":[{"name":"wp","href":"https:\/\/api.w.org\/{rel}","templated":true}]}}