{"id":93021,"date":"2015-08-28T07:06:22","date_gmt":"2015-08-28T10:06:22","guid":{"rendered":"http:\/\/franciscanos.org.br\/?p=93021"},"modified":"2019-04-17T14:32:05","modified_gmt":"2019-04-17T17:32:05","slug":"a-etiqueta-de-um-banquete-sem-sabor","status":"publish","type":"post","link":"https:\/\/franciscanos.org.br\/noticias\/a-etiqueta-de-um-banquete-sem-sabor.html","title":{"rendered":"A etiqueta de um banquete sem sabor"},"content":{"rendered":"<p>&nbsp;<\/p>\n<p><img loading=\"lazy\" src=\"https:\/\/franciscanos.org.br\/noticias\/wp-content\/uploads\/2015\/08\/vaso.jpg\" alt=\"\" width=\"820\" height=\"496\" \/><\/p>\n<p><strong>Frei Gustavo Medella<\/strong><\/p>\n<p>O banquete est\u00e1 posto. Comidas e bebidas finas, pratos, copos, talheres e guardanapos de primeira, lugares marcados, os convivas \u00e0 mesa. Todo mundo vestido a rigor, cabelos bem penteados, joias caras e perfumes importados.\u00a0 Impec\u00e1vel! No entanto, em vez de apreciarem a excelente culin\u00e1ria ou as companhias das quais desfrutam, os convidados se ocupam em ficar reparando poss\u00edveis deslizes que um ou outro pudesse cometer em rela\u00e7\u00e3o \u00e0s regras de etiqueta. Por este motivo, apesar da aparente euforia, o clima que predomina \u00e9 o de tens\u00e3o, pois naquela disputa t\u00e1cita ningu\u00e9m deseja ser classificado como \u201cbrega\u201d, sem classe, mal educado. As regras que deveriam servir para tornar mais agrad\u00e1vel e harmonioso o conv\u00edvio \u00e0 mesa acabam aprisionando os comensais, tirando-lhes a espontaneidade e a satisfa\u00e7\u00e3o de estarem juntos.<\/p>\n<p>Estes convidados pouco livres podem ser a representa\u00e7\u00e3o dos fariseus do tempo de Jesus (Cf. Mc 7,1-4) e servem de alerta para n\u00f3s, cat\u00f3licos da atualidade. Corremos o risco de nos isolar num legalismo est\u00e9ril, colocando, entre Jesus Cristo e as pessoas, barreiras quase intranspon\u00edveis de normas e preceitos a serem rigorosamente cumpridos. \u00c9 a famosa \u201calf\u00e2ndega pastoral\u201d sobre a qual o Papa Francisco reiteradamente nos chama a aten\u00e7\u00e3o.<\/p>\n<p>Em vez destas preocupa\u00e7\u00f5es externas, o que Deus espera de n\u00f3s \u00e9 uma aten\u00e7\u00e3o amorosa e dedicada ao cora\u00e7\u00e3o das pessoas, pois ali \u00e9 o lugar onde ocorrem as verdadeiras mudan\u00e7as, a aut\u00eantica convers\u00e3o. Em vez de julgar, acolher; no lugar de apontar o dedo, abra\u00e7ar. A\u00ed se encontra o campo aberto para uma Igreja serva e samaritana, \u201cIgreja hospital de campanha\u201d, diante de tantos feridos que v\u00eam ao nosso encontro. S\u00e3o cora\u00e7\u00f5es cheios de m\u00e1goa, \u00f3dio, desencanto e tristeza, de onde podem emanar grandes males (Mc 7,21-22), mas que anseiam em ser transformados.<\/p>\n<p>No banquete da vida, vamos nos ater no sabor da exist\u00eancia, na conviv\u00eancia com aqueles a quem Deus chama, sem conferir \u00e0s regras o status de algemas que nos aprisionam e nos distanciam das maravilhas que o Senhor nos oferece.<\/p>\n<p>&nbsp;<\/p>\n","protected":false},"excerpt":{"rendered":"<p>Liturgia Especial<\/p>\n","protected":false},"author":1,"featured_media":202576,"comment_status":"open","ping_status":"open","sticky":false,"template":"","format":"standard","meta":[],"categories":[1],"tags":[537],"acf":[],"yoast_head":"<!-- This site is optimized with the Yoast SEO plugin v19.2 - https:\/\/yoast.com\/wordpress\/plugins\/seo\/ -->\n<title>A etiqueta de um banquete sem sabor - Not\u00edcias - Franciscanos<\/title>\n<meta name=\"robots\" content=\"index, follow, max-snippet:-1, max-image-preview:large, max-video-preview:-1\" \/>\n<link rel=\"canonical\" href=\"https:\/\/franciscanos.org.br\/noticias\/a-etiqueta-de-um-banquete-sem-sabor.html\" \/>\n<meta property=\"og:locale\" content=\"pt_BR\" \/>\n<meta property=\"og:type\" content=\"article\" \/>\n<meta property=\"og:title\" content=\"A etiqueta de um banquete sem sabor - Not\u00edcias - Franciscanos\" \/>\n<meta property=\"og:description\" content=\"Liturgia Especial\" \/>\n<meta property=\"og:url\" content=\"https:\/\/franciscanos.org.br\/noticias\/a-etiqueta-de-um-banquete-sem-sabor.html\" \/>\n<meta property=\"og:site_name\" content=\"Not\u00edcias - Franciscanos\" \/>\n<meta property=\"article:published_time\" content=\"2015-08-28T10:06:22+00:00\" \/>\n<meta property=\"article:modified_time\" content=\"2019-04-17T17:32:05+00:00\" \/>\n<meta property=\"og:image\" content=\"https:\/\/franciscanos.org.br\/noticias\/wp-content\/uploads\/2015\/08\/vaso-1.jpg\" \/>\n\t<meta property=\"og:image:width\" content=\"273\" \/>\n\t<meta property=\"og:image:height\" content=\"181\" \/>\n\t<meta property=\"og:image:type\" content=\"image\/jpeg\" \/>\n<meta name=\"author\" content=\"admin\" \/>\n<meta name=\"twitter:card\" content=\"summary_large_image\" \/>\n<meta name=\"twitter:label1\" content=\"Escrito por\" \/>\n\t<meta name=\"twitter:data1\" content=\"admin\" \/>\n\t<meta name=\"twitter:label2\" content=\"Est. tempo de leitura\" \/>\n\t<meta name=\"twitter:data2\" content=\"2 minutos\" \/>\n<script type=\"application\/ld+json\" class=\"yoast-schema-graph\">{\"@context\":\"https:\/\/schema.org\",\"@graph\":[{\"@type\":\"WebSite\",\"@id\":\"https:\/\/franciscanos.org.br\/noticias\/#website\",\"url\":\"https:\/\/franciscanos.org.br\/noticias\/\",\"name\":\"Not\u00edcias - Franciscanos\",\"description\":\"Prov\u00edncia Franciscana da Imaculada Concei\u00e7\u00e3o do Brasil - Ordem dos Frades Menores - OFM\",\"potentialAction\":[{\"@type\":\"SearchAction\",\"target\":{\"@type\":\"EntryPoint\",\"urlTemplate\":\"https:\/\/franciscanos.org.br\/noticias\/?s={search_term_string}\"},\"query-input\":\"required name=search_term_string\"}],\"inLanguage\":\"pt-BR\"},{\"@type\":\"ImageObject\",\"inLanguage\":\"pt-BR\",\"@id\":\"https:\/\/franciscanos.org.br\/noticias\/a-etiqueta-de-um-banquete-sem-sabor.html#primaryimage\",\"url\":\"https:\/\/franciscanos.org.br\/noticias\/wp-content\/uploads\/2015\/08\/vaso-1.jpg\",\"contentUrl\":\"https:\/\/franciscanos.org.br\/noticias\/wp-content\/uploads\/2015\/08\/vaso-1.jpg\",\"width\":273,\"height\":181},{\"@type\":\"WebPage\",\"@id\":\"https:\/\/franciscanos.org.br\/noticias\/a-etiqueta-de-um-banquete-sem-sabor.html#webpage\",\"url\":\"https:\/\/franciscanos.org.br\/noticias\/a-etiqueta-de-um-banquete-sem-sabor.html\",\"name\":\"A etiqueta de um banquete sem sabor - Not\u00edcias - Franciscanos\",\"isPartOf\":{\"@id\":\"https:\/\/franciscanos.org.br\/noticias\/#website\"},\"primaryImageOfPage\":{\"@id\":\"https:\/\/franciscanos.org.br\/noticias\/a-etiqueta-de-um-banquete-sem-sabor.html#primaryimage\"},\"datePublished\":\"2015-08-28T10:06:22+00:00\",\"dateModified\":\"2019-04-17T17:32:05+00:00\",\"author\":{\"@id\":\"https:\/\/franciscanos.org.br\/noticias\/#\/schema\/person\/b38fbf43118f02820bd932f2e4b14ad3\"},\"breadcrumb\":{\"@id\":\"https:\/\/franciscanos.org.br\/noticias\/a-etiqueta-de-um-banquete-sem-sabor.html#breadcrumb\"},\"inLanguage\":\"pt-BR\",\"potentialAction\":[{\"@type\":\"ReadAction\",\"target\":[\"https:\/\/franciscanos.org.br\/noticias\/a-etiqueta-de-um-banquete-sem-sabor.html\"]}]},{\"@type\":\"BreadcrumbList\",\"@id\":\"https:\/\/franciscanos.org.br\/noticias\/a-etiqueta-de-um-banquete-sem-sabor.html#breadcrumb\",\"itemListElement\":[{\"@type\":\"ListItem\",\"position\":1,\"name\":\"Home\",\"item\":\"https:\/\/franciscanos.org.br\/noticias\"},{\"@type\":\"ListItem\",\"position\":2,\"name\":\"A etiqueta de um banquete sem sabor\"}]},{\"@type\":\"Person\",\"@id\":\"https:\/\/franciscanos.org.br\/noticias\/#\/schema\/person\/b38fbf43118f02820bd932f2e4b14ad3\",\"name\":\"admin\",\"image\":{\"@type\":\"ImageObject\",\"inLanguage\":\"pt-BR\",\"@id\":\"https:\/\/franciscanos.org.br\/noticias\/#\/schema\/person\/image\/\",\"url\":\"https:\/\/secure.gravatar.com\/avatar\/e8495742d34d0ba6448ea1c628263b3e?s=96&d=mm&r=g\",\"contentUrl\":\"https:\/\/secure.gravatar.com\/avatar\/e8495742d34d0ba6448ea1c628263b3e?s=96&d=mm&r=g\",\"caption\":\"admin\"},\"url\":\"https:\/\/franciscanos.org.br\/noticias\/author\/admin\"}]}<\/script>\n<!-- \/ Yoast SEO plugin. -->","yoast_head_json":{"title":"A etiqueta de um banquete sem sabor - Not\u00edcias - Franciscanos","robots":{"index":"index","follow":"follow","max-snippet":"max-snippet:-1","max-image-preview":"max-image-preview:large","max-video-preview":"max-video-preview:-1"},"canonical":"https:\/\/franciscanos.org.br\/noticias\/a-etiqueta-de-um-banquete-sem-sabor.html","og_locale":"pt_BR","og_type":"article","og_title":"A etiqueta de um banquete sem sabor - Not\u00edcias - Franciscanos","og_description":"Liturgia Especial","og_url":"https:\/\/franciscanos.org.br\/noticias\/a-etiqueta-de-um-banquete-sem-sabor.html","og_site_name":"Not\u00edcias - Franciscanos","article_published_time":"2015-08-28T10:06:22+00:00","article_modified_time":"2019-04-17T17:32:05+00:00","og_image":[{"width":273,"height":181,"url":"https:\/\/franciscanos.org.br\/noticias\/wp-content\/uploads\/2015\/08\/vaso-1.jpg","type":"image\/jpeg"}],"author":"admin","twitter_card":"summary_large_image","twitter_misc":{"Escrito por":"admin","Est. tempo de leitura":"2 minutos"},"schema":{"@context":"https:\/\/schema.org","@graph":[{"@type":"WebSite","@id":"https:\/\/franciscanos.org.br\/noticias\/#website","url":"https:\/\/franciscanos.org.br\/noticias\/","name":"Not\u00edcias - Franciscanos","description":"Prov\u00edncia Franciscana da Imaculada Concei\u00e7\u00e3o do Brasil - Ordem dos Frades Menores - OFM","potentialAction":[{"@type":"SearchAction","target":{"@type":"EntryPoint","urlTemplate":"https:\/\/franciscanos.org.br\/noticias\/?s={search_term_string}"},"query-input":"required name=search_term_string"}],"inLanguage":"pt-BR"},{"@type":"ImageObject","inLanguage":"pt-BR","@id":"https:\/\/franciscanos.org.br\/noticias\/a-etiqueta-de-um-banquete-sem-sabor.html#primaryimage","url":"https:\/\/franciscanos.org.br\/noticias\/wp-content\/uploads\/2015\/08\/vaso-1.jpg","contentUrl":"https:\/\/franciscanos.org.br\/noticias\/wp-content\/uploads\/2015\/08\/vaso-1.jpg","width":273,"height":181},{"@type":"WebPage","@id":"https:\/\/franciscanos.org.br\/noticias\/a-etiqueta-de-um-banquete-sem-sabor.html#webpage","url":"https:\/\/franciscanos.org.br\/noticias\/a-etiqueta-de-um-banquete-sem-sabor.html","name":"A etiqueta de um banquete sem sabor - Not\u00edcias - Franciscanos","isPartOf":{"@id":"https:\/\/franciscanos.org.br\/noticias\/#website"},"primaryImageOfPage":{"@id":"https:\/\/franciscanos.org.br\/noticias\/a-etiqueta-de-um-banquete-sem-sabor.html#primaryimage"},"datePublished":"2015-08-28T10:06:22+00:00","dateModified":"2019-04-17T17:32:05+00:00","author":{"@id":"https:\/\/franciscanos.org.br\/noticias\/#\/schema\/person\/b38fbf43118f02820bd932f2e4b14ad3"},"breadcrumb":{"@id":"https:\/\/franciscanos.org.br\/noticias\/a-etiqueta-de-um-banquete-sem-sabor.html#breadcrumb"},"inLanguage":"pt-BR","potentialAction":[{"@type":"ReadAction","target":["https:\/\/franciscanos.org.br\/noticias\/a-etiqueta-de-um-banquete-sem-sabor.html"]}]},{"@type":"BreadcrumbList","@id":"https:\/\/franciscanos.org.br\/noticias\/a-etiqueta-de-um-banquete-sem-sabor.html#breadcrumb","itemListElement":[{"@type":"ListItem","position":1,"name":"Home","item":"https:\/\/franciscanos.org.br\/noticias"},{"@type":"ListItem","position":2,"name":"A etiqueta de um banquete sem sabor"}]},{"@type":"Person","@id":"https:\/\/franciscanos.org.br\/noticias\/#\/schema\/person\/b38fbf43118f02820bd932f2e4b14ad3","name":"admin","image":{"@type":"ImageObject","inLanguage":"pt-BR","@id":"https:\/\/franciscanos.org.br\/noticias\/#\/schema\/person\/image\/","url":"https:\/\/secure.gravatar.com\/avatar\/e8495742d34d0ba6448ea1c628263b3e?s=96&d=mm&r=g","contentUrl":"https:\/\/secure.gravatar.com\/avatar\/e8495742d34d0ba6448ea1c628263b3e?s=96&d=mm&r=g","caption":"admin"},"url":"https:\/\/franciscanos.org.br\/noticias\/author\/admin"}]}},"_links":{"self":[{"href":"https:\/\/franciscanos.org.br\/noticias\/wp-json\/wp\/v2\/posts\/93021"}],"collection":[{"href":"https:\/\/franciscanos.org.br\/noticias\/wp-json\/wp\/v2\/posts"}],"about":[{"href":"https:\/\/franciscanos.org.br\/noticias\/wp-json\/wp\/v2\/types\/post"}],"author":[{"embeddable":true,"href":"https:\/\/franciscanos.org.br\/noticias\/wp-json\/wp\/v2\/users\/1"}],"replies":[{"embeddable":true,"href":"https:\/\/franciscanos.org.br\/noticias\/wp-json\/wp\/v2\/comments?post=93021"}],"version-history":[{"count":0,"href":"https:\/\/franciscanos.org.br\/noticias\/wp-json\/wp\/v2\/posts\/93021\/revisions"}],"wp:featuredmedia":[{"embeddable":true,"href":"https:\/\/franciscanos.org.br\/noticias\/wp-json\/wp\/v2\/media\/202576"}],"wp:attachment":[{"href":"https:\/\/franciscanos.org.br\/noticias\/wp-json\/wp\/v2\/media?parent=93021"}],"wp:term":[{"taxonomy":"category","embeddable":true,"href":"https:\/\/franciscanos.org.br\/noticias\/wp-json\/wp\/v2\/categories?post=93021"},{"taxonomy":"post_tag","embeddable":true,"href":"https:\/\/franciscanos.org.br\/noticias\/wp-json\/wp\/v2\/tags?post=93021"}],"curies":[{"name":"wp","href":"https:\/\/api.w.org\/{rel}","templated":true}]}}