{"id":92925,"date":"2015-08-25T23:07:24","date_gmt":"2015-08-26T02:07:24","guid":{"rendered":"http:\/\/franciscanos.org.br\/?p=92925"},"modified":"2019-12-09T11:08:53","modified_gmt":"2019-12-09T14:08:53","slug":"celebracao-eucaristica-encerra-o-8o-centenario-de-nascimento-de-sao-luis","status":"publish","type":"post","link":"https:\/\/franciscanos.org.br\/noticias\/celebracao-eucaristica-encerra-o-8o-centenario-de-nascimento-de-sao-luis.html","title":{"rendered":"Missa encerra Ano jubilar do nascimento de S\u00e3o Lu\u00eds em SP"},"content":{"rendered":"<p><img loading=\"lazy\" src=\"http:\/\/franciscanos.org.br\/wp-content\/uploads\/2015\/08\/meio.jpg\" alt=\"meio\" width=\"820\" height=\"300\" \/><\/p>\n<p><strong>Moacir Beggo<\/strong><\/p>\n<p><strong>S\u00e3o Paulo (SP)<\/strong> &#8211; A restaurada igreja de S\u00e3o Francisco das Chagas no Largo S\u00e3o Francisco, no centro de S\u00e3o Paulo, recebeu os irm\u00e3os e irm\u00e3s da Ordem Franciscana Secular para celebrar, neste dia 25 de agosto, o seu Padroeiro: S\u00e3o Lu\u00eds de Fran\u00e7a. O Ministro Provincial da Prov\u00edncia Franciscana da Imaculada Concei\u00e7\u00e3o, Frei Fid\u00eancio Vanboemmel, presidiu a solene Celebra\u00e7\u00e3o Eucar\u00edstica, \u00e0s 19 horas, que encerrou o Ano Jubilar do 8\u00ba centen\u00e1rio de nascimento de S\u00e3o Lu\u00eds, tendo como concelebrantes Frei Alvaci Mendes da Luz e Frei Diego Melo.<\/p>\n<p>Um grupo de crian\u00e7as, vestidas de anjos, carregaram em prociss\u00e3o uma bandeira com a palavra &#8220;Paz&#8221;, uma iniciativa da Fraternidade da OFS das Chagas em sintonia com o Ano da Paz.<\/p>\n<p>Frei Fid\u00eancio confessou no in\u00edcio da celebra\u00e7\u00e3o que tomou como base de sua reflex\u00e3o o <strong><a href=\"http:\/\/franciscanos.org.br\/?p=71440\">artigo de Frei Sandro da Costa<\/a><\/strong>, professor de Hist\u00f3ria da Igreja, que est\u00e1 em destaque no site da Prov\u00edncia. &#8220;S\u00e3o tantos aspectos da vida de S\u00e3o Lu\u00eds que n\u00f3s poder\u00edamos real\u00e7ar nesta noite mas eu gostaria de retomar, a partir do Evangelho que n\u00f3s acabamos de ouvir, a pergunta que algu\u00e9m fez a Jesus: o que eu posso fazer para alcan\u00e7ar a vida eterna? \u00c9 a pergunta que cada ser humano deveria se fazer e certamente \u00e9 a pergunta que Lu\u00eds, rei da Fran\u00e7a, fez tamb\u00e9m a Jesus: o que eu posso, enquanto rei, fazer para alcan\u00e7ar a vida eterna?&#8221;, disse Frei Fid\u00eancio.<\/p>\n<p><img loading=\"lazy\" src=\"http:\/\/franciscanos.org.br\/wp-content\/uploads\/2015\/08\/luis_alto.jpg\" alt=\"luis_alto\" width=\"820\" height=\"439\" \/>Segundo o Ministro Provincial, quando Lu\u00eds assumiu o reinado era ainda muito jovem. &#8220;Era o ano de 1226, justamente no ano da morte de S\u00e3o Francisco&#8221;, explicou.<\/p>\n<p>&#8220;Lu\u00eds ainda era crian\u00e7a, ainda n\u00e3o tinha condi\u00e7\u00f5es para governar, mas certamente na medida em que ele foi crescendo, conheceu os frades menores que chegaram para evangelizar na Fran\u00e7a, na Inglaterra e em outros lugares da Europa. E certamente essa mensagem franciscana que os irm\u00e3os menores viviam e transmitiam tocou a alma, o cora\u00e7\u00e3o de S\u00e3o Lu\u00eds. Por isso, ele governa, luta, vai para as guerras, para as cruzadas, para defender acima de tudo o cristianismo. Batalha pela causa do reino de Deus. Tinha tudo para viver numa comodidade, mas optou pela pobreza, pela simplicidade. H\u00e1 relatos muito bonitos que ele, quando estava com os frades, preferia sentar-se ao ch\u00e3o do que na cadeira oferecida pelos frades a ele&#8221;, recordou o Ministro.<\/p>\n<div id=\"attachment_92929\" style=\"width: 460px\" class=\"wp-caption alignright\"><a href=\"http:\/\/franciscanos.org.br\/wp-content\/uploads\/2015\/08\/altar.jpg\"><img aria-describedby=\"caption-attachment-92929\" loading=\"lazy\" class=\"wp-image-92929 size-full\" src=\"http:\/\/franciscanos.org.br\/wp-content\/uploads\/2015\/08\/altar.jpg\" alt=\"altar\" width=\"450\" height=\"338\" \/><\/a><p id=\"caption-attachment-92929\" class=\"wp-caption-text\">Imagem do altar de S\u00e3o Lu\u00eds na Igreja das Chagas<\/p><\/div>\n<p>Segundo Frei Fid\u00eancio, a mesma resposta que Jesus deu ao jovem que perguntou o que &#8220;deveria fazer para alcan\u00e7ar a vida eterna&#8221; \u00e9 a resposta que d\u00e1 a cada um de n\u00f3s e deu a S\u00e3o Lu\u00eds: amar a Deus de todo o cora\u00e7\u00e3o, de toda a alma, de todo o entendimento.<\/p>\n<p>&#8220;Lu\u00eds de Fran\u00e7a entendeu o que significa seguimento de Nosso Senhor Jesus Cristo, como podemos ver no testamento a seu filho&#8221;, observou, perguntado:\u00a0 Por que eu me torno franciscano? &#8220;N\u00f3s nos tornamos franciscanos para amar a Deus do jeito que S\u00e3o Francisco amou a Deus, do jeito que S\u00e3o Lu\u00eds O amou&#8221;, respondeu. Segundo o Ministro Provincial, amar a Deus \u00e9 tamb\u00e9m amar ao pr\u00f3ximo, como fez S\u00e3o Lu\u00eds.<\/p>\n<p>&#8220;A nossa vida franciscana tamb\u00e9m significa uma vida penitencial: amar a Deus, amar ao pr\u00f3ximo, sempre vivendo uma vida de penitentes. E penitentes aqui n\u00e3o significa castigo, mas significa se colocar na fidelidade e escuta do evangelho de Nosso Senhor Jesus Cristo. O penitente evita o pecado. O penitente busca uma vida em conson\u00e2ncia com o evangelho de Nosso Senhor Jesus Cristo&#8221;, acrescentou Frei Fid\u00eancio.<\/p>\n<p>&#8220;O penitente, diz o Rei S\u00e3o Lu\u00eds, \u00e9 uma pessoa que se confessa. E confessar n\u00e3o significa contar os pecados ao padre, mas se reconhecer como pecador, assim como o Papa Francisco que, tantas vezes, fala: &#8216;rezem por mim porque sou um pecador&#8217;. N\u00f3s precisamos produzir frutos de penit\u00eancia. O que significa isso? S\u00e3o Lu\u00eds lembra para ser caridoso com os pobres, socorrer os mais necessitados, evitar abusos de poder e ser amigo da ora\u00e7\u00e3o. E o franciscano que n\u00e3o reza n\u00e3o \u00e9 franciscano. Viver uma vida penitencial \u00e9 render gra\u00e7as a Deus. Louvar a Deus como S\u00e3o Francisco louvava a Deus&#8221;, completou Frei Fid\u00eancio.<\/p>\n<p>Ao final da celebra\u00e7\u00e3o, Frei Fid\u00eancio aben\u00e7ou as medalhas de S\u00e3o Lu\u00eds comemorativas a este evento e os irm\u00e3os terminaram a festa com uma confraterniza\u00e7\u00e3o.<\/p>\n<p><img class=\"ngg_displayed_gallery mceItem\" src=\"http:\/\/franciscanos.org.br\/index.php\/nextgen-attach_to_post\/preview\/id--92927\" alt=\"\" \/><\/p>\n","protected":false},"excerpt":{"rendered":"<p>OFS<\/p>\n","protected":false},"author":1,"featured_media":214868,"comment_status":"open","ping_status":"open","sticky":false,"template":"","format":"standard","meta":[],"categories":[1],"tags":[],"acf":[],"yoast_head":"<!-- This site is optimized with the Yoast SEO plugin v19.2 - https:\/\/yoast.com\/wordpress\/plugins\/seo\/ -->\n<title>Missa encerra Ano jubilar do nascimento de S\u00e3o Lu\u00eds em SP - Not\u00edcias - Franciscanos<\/title>\n<meta name=\"robots\" content=\"index, follow, max-snippet:-1, max-image-preview:large, max-video-preview:-1\" \/>\n<link rel=\"canonical\" href=\"https:\/\/franciscanos.org.br\/noticias\/celebracao-eucaristica-encerra-o-8o-centenario-de-nascimento-de-sao-luis.html\" \/>\n<meta property=\"og:locale\" content=\"pt_BR\" \/>\n<meta property=\"og:type\" content=\"article\" \/>\n<meta property=\"og:title\" content=\"Missa encerra Ano jubilar do nascimento de S\u00e3o Lu\u00eds em SP - Not\u00edcias - Franciscanos\" \/>\n<meta property=\"og:description\" content=\"OFS\" \/>\n<meta property=\"og:url\" content=\"https:\/\/franciscanos.org.br\/noticias\/celebracao-eucaristica-encerra-o-8o-centenario-de-nascimento-de-sao-luis.html\" \/>\n<meta property=\"og:site_name\" content=\"Not\u00edcias - Franciscanos\" \/>\n<meta property=\"article:published_time\" content=\"2015-08-26T02:07:24+00:00\" \/>\n<meta property=\"article:modified_time\" content=\"2019-12-09T14:08:53+00:00\" \/>\n<meta property=\"og:image\" content=\"https:\/\/franciscanos.org.br\/noticias\/wp-content\/uploads\/2015\/08\/luis_alto.jpg\" \/>\n\t<meta property=\"og:image:width\" content=\"273\" \/>\n\t<meta property=\"og:image:height\" content=\"181\" \/>\n\t<meta property=\"og:image:type\" content=\"image\/jpeg\" \/>\n<meta name=\"author\" content=\"admin\" \/>\n<meta name=\"twitter:card\" content=\"summary_large_image\" \/>\n<meta name=\"twitter:label1\" content=\"Escrito por\" \/>\n\t<meta name=\"twitter:data1\" content=\"admin\" \/>\n\t<meta name=\"twitter:label2\" content=\"Est. tempo de leitura\" \/>\n\t<meta name=\"twitter:data2\" content=\"4 minutos\" \/>\n<script type=\"application\/ld+json\" class=\"yoast-schema-graph\">{\"@context\":\"https:\/\/schema.org\",\"@graph\":[{\"@type\":\"WebSite\",\"@id\":\"https:\/\/franciscanos.org.br\/noticias\/#website\",\"url\":\"https:\/\/franciscanos.org.br\/noticias\/\",\"name\":\"Not\u00edcias - Franciscanos\",\"description\":\"Prov\u00edncia Franciscana da Imaculada Concei\u00e7\u00e3o do Brasil - Ordem dos Frades Menores - OFM\",\"potentialAction\":[{\"@type\":\"SearchAction\",\"target\":{\"@type\":\"EntryPoint\",\"urlTemplate\":\"https:\/\/franciscanos.org.br\/noticias\/?s={search_term_string}\"},\"query-input\":\"required name=search_term_string\"}],\"inLanguage\":\"pt-BR\"},{\"@type\":\"ImageObject\",\"inLanguage\":\"pt-BR\",\"@id\":\"https:\/\/franciscanos.org.br\/noticias\/celebracao-eucaristica-encerra-o-8o-centenario-de-nascimento-de-sao-luis.html#primaryimage\",\"url\":\"https:\/\/franciscanos.org.br\/noticias\/wp-content\/uploads\/2015\/08\/luis_alto.jpg\",\"contentUrl\":\"https:\/\/franciscanos.org.br\/noticias\/wp-content\/uploads\/2015\/08\/luis_alto.jpg\",\"width\":273,\"height\":181},{\"@type\":\"WebPage\",\"@id\":\"https:\/\/franciscanos.org.br\/noticias\/celebracao-eucaristica-encerra-o-8o-centenario-de-nascimento-de-sao-luis.html#webpage\",\"url\":\"https:\/\/franciscanos.org.br\/noticias\/celebracao-eucaristica-encerra-o-8o-centenario-de-nascimento-de-sao-luis.html\",\"name\":\"Missa encerra Ano jubilar do nascimento de S\u00e3o Lu\u00eds em SP - Not\u00edcias - Franciscanos\",\"isPartOf\":{\"@id\":\"https:\/\/franciscanos.org.br\/noticias\/#website\"},\"primaryImageOfPage\":{\"@id\":\"https:\/\/franciscanos.org.br\/noticias\/celebracao-eucaristica-encerra-o-8o-centenario-de-nascimento-de-sao-luis.html#primaryimage\"},\"datePublished\":\"2015-08-26T02:07:24+00:00\",\"dateModified\":\"2019-12-09T14:08:53+00:00\",\"author\":{\"@id\":\"https:\/\/franciscanos.org.br\/noticias\/#\/schema\/person\/b38fbf43118f02820bd932f2e4b14ad3\"},\"breadcrumb\":{\"@id\":\"https:\/\/franciscanos.org.br\/noticias\/celebracao-eucaristica-encerra-o-8o-centenario-de-nascimento-de-sao-luis.html#breadcrumb\"},\"inLanguage\":\"pt-BR\",\"potentialAction\":[{\"@type\":\"ReadAction\",\"target\":[\"https:\/\/franciscanos.org.br\/noticias\/celebracao-eucaristica-encerra-o-8o-centenario-de-nascimento-de-sao-luis.html\"]}]},{\"@type\":\"BreadcrumbList\",\"@id\":\"https:\/\/franciscanos.org.br\/noticias\/celebracao-eucaristica-encerra-o-8o-centenario-de-nascimento-de-sao-luis.html#breadcrumb\",\"itemListElement\":[{\"@type\":\"ListItem\",\"position\":1,\"name\":\"Home\",\"item\":\"https:\/\/franciscanos.org.br\/noticias\"},{\"@type\":\"ListItem\",\"position\":2,\"name\":\"Missa encerra Ano jubilar do nascimento de S\u00e3o Lu\u00eds em SP\"}]},{\"@type\":\"Person\",\"@id\":\"https:\/\/franciscanos.org.br\/noticias\/#\/schema\/person\/b38fbf43118f02820bd932f2e4b14ad3\",\"name\":\"admin\",\"image\":{\"@type\":\"ImageObject\",\"inLanguage\":\"pt-BR\",\"@id\":\"https:\/\/franciscanos.org.br\/noticias\/#\/schema\/person\/image\/\",\"url\":\"https:\/\/secure.gravatar.com\/avatar\/e8495742d34d0ba6448ea1c628263b3e?s=96&d=mm&r=g\",\"contentUrl\":\"https:\/\/secure.gravatar.com\/avatar\/e8495742d34d0ba6448ea1c628263b3e?s=96&d=mm&r=g\",\"caption\":\"admin\"},\"url\":\"https:\/\/franciscanos.org.br\/noticias\/author\/admin\"}]}<\/script>\n<!-- \/ Yoast SEO plugin. -->","yoast_head_json":{"title":"Missa encerra Ano jubilar do nascimento de S\u00e3o Lu\u00eds em SP - Not\u00edcias - Franciscanos","robots":{"index":"index","follow":"follow","max-snippet":"max-snippet:-1","max-image-preview":"max-image-preview:large","max-video-preview":"max-video-preview:-1"},"canonical":"https:\/\/franciscanos.org.br\/noticias\/celebracao-eucaristica-encerra-o-8o-centenario-de-nascimento-de-sao-luis.html","og_locale":"pt_BR","og_type":"article","og_title":"Missa encerra Ano jubilar do nascimento de S\u00e3o Lu\u00eds em SP - Not\u00edcias - Franciscanos","og_description":"OFS","og_url":"https:\/\/franciscanos.org.br\/noticias\/celebracao-eucaristica-encerra-o-8o-centenario-de-nascimento-de-sao-luis.html","og_site_name":"Not\u00edcias - Franciscanos","article_published_time":"2015-08-26T02:07:24+00:00","article_modified_time":"2019-12-09T14:08:53+00:00","og_image":[{"width":273,"height":181,"url":"https:\/\/franciscanos.org.br\/noticias\/wp-content\/uploads\/2015\/08\/luis_alto.jpg","type":"image\/jpeg"}],"author":"admin","twitter_card":"summary_large_image","twitter_misc":{"Escrito por":"admin","Est. tempo de leitura":"4 minutos"},"schema":{"@context":"https:\/\/schema.org","@graph":[{"@type":"WebSite","@id":"https:\/\/franciscanos.org.br\/noticias\/#website","url":"https:\/\/franciscanos.org.br\/noticias\/","name":"Not\u00edcias - Franciscanos","description":"Prov\u00edncia Franciscana da Imaculada Concei\u00e7\u00e3o do Brasil - Ordem dos Frades Menores - OFM","potentialAction":[{"@type":"SearchAction","target":{"@type":"EntryPoint","urlTemplate":"https:\/\/franciscanos.org.br\/noticias\/?s={search_term_string}"},"query-input":"required name=search_term_string"}],"inLanguage":"pt-BR"},{"@type":"ImageObject","inLanguage":"pt-BR","@id":"https:\/\/franciscanos.org.br\/noticias\/celebracao-eucaristica-encerra-o-8o-centenario-de-nascimento-de-sao-luis.html#primaryimage","url":"https:\/\/franciscanos.org.br\/noticias\/wp-content\/uploads\/2015\/08\/luis_alto.jpg","contentUrl":"https:\/\/franciscanos.org.br\/noticias\/wp-content\/uploads\/2015\/08\/luis_alto.jpg","width":273,"height":181},{"@type":"WebPage","@id":"https:\/\/franciscanos.org.br\/noticias\/celebracao-eucaristica-encerra-o-8o-centenario-de-nascimento-de-sao-luis.html#webpage","url":"https:\/\/franciscanos.org.br\/noticias\/celebracao-eucaristica-encerra-o-8o-centenario-de-nascimento-de-sao-luis.html","name":"Missa encerra Ano jubilar do nascimento de S\u00e3o Lu\u00eds em SP - Not\u00edcias - Franciscanos","isPartOf":{"@id":"https:\/\/franciscanos.org.br\/noticias\/#website"},"primaryImageOfPage":{"@id":"https:\/\/franciscanos.org.br\/noticias\/celebracao-eucaristica-encerra-o-8o-centenario-de-nascimento-de-sao-luis.html#primaryimage"},"datePublished":"2015-08-26T02:07:24+00:00","dateModified":"2019-12-09T14:08:53+00:00","author":{"@id":"https:\/\/franciscanos.org.br\/noticias\/#\/schema\/person\/b38fbf43118f02820bd932f2e4b14ad3"},"breadcrumb":{"@id":"https:\/\/franciscanos.org.br\/noticias\/celebracao-eucaristica-encerra-o-8o-centenario-de-nascimento-de-sao-luis.html#breadcrumb"},"inLanguage":"pt-BR","potentialAction":[{"@type":"ReadAction","target":["https:\/\/franciscanos.org.br\/noticias\/celebracao-eucaristica-encerra-o-8o-centenario-de-nascimento-de-sao-luis.html"]}]},{"@type":"BreadcrumbList","@id":"https:\/\/franciscanos.org.br\/noticias\/celebracao-eucaristica-encerra-o-8o-centenario-de-nascimento-de-sao-luis.html#breadcrumb","itemListElement":[{"@type":"ListItem","position":1,"name":"Home","item":"https:\/\/franciscanos.org.br\/noticias"},{"@type":"ListItem","position":2,"name":"Missa encerra Ano jubilar do nascimento de S\u00e3o Lu\u00eds em SP"}]},{"@type":"Person","@id":"https:\/\/franciscanos.org.br\/noticias\/#\/schema\/person\/b38fbf43118f02820bd932f2e4b14ad3","name":"admin","image":{"@type":"ImageObject","inLanguage":"pt-BR","@id":"https:\/\/franciscanos.org.br\/noticias\/#\/schema\/person\/image\/","url":"https:\/\/secure.gravatar.com\/avatar\/e8495742d34d0ba6448ea1c628263b3e?s=96&d=mm&r=g","contentUrl":"https:\/\/secure.gravatar.com\/avatar\/e8495742d34d0ba6448ea1c628263b3e?s=96&d=mm&r=g","caption":"admin"},"url":"https:\/\/franciscanos.org.br\/noticias\/author\/admin"}]}},"_links":{"self":[{"href":"https:\/\/franciscanos.org.br\/noticias\/wp-json\/wp\/v2\/posts\/92925"}],"collection":[{"href":"https:\/\/franciscanos.org.br\/noticias\/wp-json\/wp\/v2\/posts"}],"about":[{"href":"https:\/\/franciscanos.org.br\/noticias\/wp-json\/wp\/v2\/types\/post"}],"author":[{"embeddable":true,"href":"https:\/\/franciscanos.org.br\/noticias\/wp-json\/wp\/v2\/users\/1"}],"replies":[{"embeddable":true,"href":"https:\/\/franciscanos.org.br\/noticias\/wp-json\/wp\/v2\/comments?post=92925"}],"version-history":[{"count":0,"href":"https:\/\/franciscanos.org.br\/noticias\/wp-json\/wp\/v2\/posts\/92925\/revisions"}],"wp:featuredmedia":[{"embeddable":true,"href":"https:\/\/franciscanos.org.br\/noticias\/wp-json\/wp\/v2\/media\/214868"}],"wp:attachment":[{"href":"https:\/\/franciscanos.org.br\/noticias\/wp-json\/wp\/v2\/media?parent=92925"}],"wp:term":[{"taxonomy":"category","embeddable":true,"href":"https:\/\/franciscanos.org.br\/noticias\/wp-json\/wp\/v2\/categories?post=92925"},{"taxonomy":"post_tag","embeddable":true,"href":"https:\/\/franciscanos.org.br\/noticias\/wp-json\/wp\/v2\/tags?post=92925"}],"curies":[{"name":"wp","href":"https:\/\/api.w.org\/{rel}","templated":true}]}}