{"id":92716,"date":"2015-08-21T07:21:48","date_gmt":"2015-08-21T10:21:48","guid":{"rendered":"http:\/\/franciscanos.org.br\/?p=92716"},"modified":"2019-03-11T09:10:06","modified_gmt":"2019-03-11T12:10:06","slug":"deus-respeita-a-liberdade-de-seus-filhos","status":"publish","type":"post","link":"https:\/\/franciscanos.org.br\/noticias\/deus-respeita-a-liberdade-de-seus-filhos.html","title":{"rendered":"Deus respeita a liberdade de seus filhos"},"content":{"rendered":"<p><img loading=\"lazy\" class=\"alignnone size-full wp-image-196470\" src=\"https:\/\/franciscanos.org.br\/noticias\/wp-content\/uploads\/2015\/08\/pedro_jesus.jpg\" alt=\"\" width=\"820\" height=\"540\" srcset=\"https:\/\/franciscanos.org.br\/noticias\/wp-content\/uploads\/2015\/08\/pedro_jesus.jpg 820w, https:\/\/franciscanos.org.br\/noticias\/wp-content\/uploads\/2015\/08\/pedro_jesus-450x296.jpg 450w, https:\/\/franciscanos.org.br\/noticias\/wp-content\/uploads\/2015\/08\/pedro_jesus-768x506.jpg 768w, https:\/\/franciscanos.org.br\/noticias\/wp-content\/uploads\/2015\/08\/pedro_jesus-150x99.jpg 150w\" sizes=\"(max-width: 820px) 100vw, 820px\" \/><\/p>\n<p><strong>Frei Gustavo Medella<\/strong><\/p>\n<p>Tanto na primeira leitura do Livro de Josu\u00e9 (Js 24,1-2a.15-17.18b), quanto no Evangelho (Jo 6,60-69) deste <strong>21\u00ba Domingo do Tempo Comum<\/strong>, um dos temas em maior destaque \u00e9 a liberdade que Deus concede a seus filhos e filhas. Por outro lado, a liberdade de escolha concedida pressup\u00f5e responsabilidade. Aderir a um ou a outro projeto pressup\u00f5e a disposi\u00e7\u00e3o para se assumir as consequ\u00eancias pr\u00f3prias da escolha.<\/p>\n<p>Na voz do profeta Josu\u00e9, o Senhor prop\u00f5e \u00e0s lideran\u00e7as das tribos de Israel que escolham a que deus desejam servir. E eles, usando do bom senso e da percep\u00e7\u00e3o hist\u00f3rica que possu\u00edam, conclu\u00edram que o caminho da verdadeira realiza\u00e7\u00e3o \u00e9 seguir ao Senhor que realizara em suas vidas os prod\u00edgios de liberta\u00e7\u00e3o e bonan\u00e7a. \u201cN\u00e3o d\u00e1 para n\u00e3o servir ao Deus\u201d, \u00e9 a conclus\u00e3o a que chega o povo de Israel ao confrontar-se com a pr\u00f3pria hist\u00f3ria.<\/p>\n<p>No Evangelho, diante da dureza da miss\u00e3o e de seu seguimento, Jesus tamb\u00e9m deixa os disc\u00edpulos totalmente livres: \u201cVoc\u00eas tamb\u00e9m querem ir embora\u201d, pergunta o Mestre? Pedro, o mais intempestivo e passional dos ap\u00f3stolos, toma a dianteira e, como porta-voz do grupo, reconhece que, com todos os desafios, a fidelidade a Cristo \u00e9 um caminho seguro para a vida eterna, mesmo que muitos outros tenham abandonado o percurso.<\/p>\n<p>Na vida, tamb\u00e9m n\u00f3s estamos sujeitos a este tipo de dilema. Temos no cora\u00e7\u00e3o in\u00fameros impulsos, desejos, sonhos e d\u00favidas que nos levam a procurar o sentido da vida em diferentes deuses, chamando-os ou n\u00e3o pelo nome de deus. E Deus (com letra mai\u00fascula)? Este permanece \u00e0 disposi\u00e7\u00e3o, respeitando inteiramente a nossa liberdade. Colocar no lugar de Deus a forma f\u00edsica ideal, o prest\u00edgio, a fama, a grande quantidade de dinheiro e bens \u00e9 perder-se por estradas que levam a lugar nenhum, que impedem o ser humano de desenvolver a eternidade que traz dentro de si. Quem se consagra a estes \u00eddolos escolhe um caminho que leva ao nada, ao vazio daquilo que acaba quando o cora\u00e7\u00e3o tem sua \u00faltima pulsa\u00e7\u00e3o. \u00c9 o fim.<\/p>\n<p>Pe\u00e7amos ao Senhor de n\u00e3o cairmos na ilus\u00e3o da idolatria, e que encontremos n&#8217;Ele o verdadeiro sentido de nossa exist\u00eancia, para fazermos jus ao status que Deus nos elevou: o de filhos e filhas da eternidade.<\/p>\n","protected":false},"excerpt":{"rendered":"<p>Liturgia Dominical<\/p>\n","protected":false},"author":1,"featured_media":201361,"comment_status":"open","ping_status":"open","sticky":false,"template":"","format":"standard","meta":[],"categories":[1],"tags":[537],"acf":[],"yoast_head":"<!-- This site is optimized with the Yoast SEO plugin v19.2 - https:\/\/yoast.com\/wordpress\/plugins\/seo\/ -->\n<title>Deus respeita a liberdade de seus filhos - Not\u00edcias - Franciscanos<\/title>\n<meta name=\"robots\" content=\"index, follow, max-snippet:-1, max-image-preview:large, max-video-preview:-1\" \/>\n<link rel=\"canonical\" href=\"https:\/\/franciscanos.org.br\/noticias\/deus-respeita-a-liberdade-de-seus-filhos.html\" \/>\n<meta property=\"og:locale\" content=\"pt_BR\" \/>\n<meta property=\"og:type\" content=\"article\" \/>\n<meta property=\"og:title\" content=\"Deus respeita a liberdade de seus filhos - Not\u00edcias - Franciscanos\" \/>\n<meta property=\"og:description\" content=\"Liturgia Dominical\" \/>\n<meta property=\"og:url\" content=\"https:\/\/franciscanos.org.br\/noticias\/deus-respeita-a-liberdade-de-seus-filhos.html\" \/>\n<meta property=\"og:site_name\" content=\"Not\u00edcias - Franciscanos\" \/>\n<meta property=\"article:published_time\" content=\"2015-08-21T10:21:48+00:00\" \/>\n<meta property=\"article:modified_time\" content=\"2019-03-11T12:10:06+00:00\" \/>\n<meta property=\"og:image\" content=\"https:\/\/franciscanos.org.br\/noticias\/wp-content\/uploads\/2015\/08\/pedro_jesus-1.jpg\" \/>\n\t<meta property=\"og:image:width\" content=\"273\" \/>\n\t<meta property=\"og:image:height\" content=\"181\" \/>\n\t<meta property=\"og:image:type\" content=\"image\/jpeg\" \/>\n<meta name=\"author\" content=\"admin\" \/>\n<meta name=\"twitter:card\" content=\"summary_large_image\" \/>\n<meta name=\"twitter:label1\" content=\"Escrito por\" \/>\n\t<meta name=\"twitter:data1\" content=\"admin\" \/>\n\t<meta name=\"twitter:label2\" content=\"Est. tempo de leitura\" \/>\n\t<meta name=\"twitter:data2\" content=\"2 minutos\" \/>\n<script type=\"application\/ld+json\" class=\"yoast-schema-graph\">{\"@context\":\"https:\/\/schema.org\",\"@graph\":[{\"@type\":\"WebSite\",\"@id\":\"https:\/\/franciscanos.org.br\/noticias\/#website\",\"url\":\"https:\/\/franciscanos.org.br\/noticias\/\",\"name\":\"Not\u00edcias - Franciscanos\",\"description\":\"Prov\u00edncia Franciscana da Imaculada Concei\u00e7\u00e3o do Brasil - Ordem dos Frades Menores - OFM\",\"potentialAction\":[{\"@type\":\"SearchAction\",\"target\":{\"@type\":\"EntryPoint\",\"urlTemplate\":\"https:\/\/franciscanos.org.br\/noticias\/?s={search_term_string}\"},\"query-input\":\"required name=search_term_string\"}],\"inLanguage\":\"pt-BR\"},{\"@type\":\"ImageObject\",\"inLanguage\":\"pt-BR\",\"@id\":\"https:\/\/franciscanos.org.br\/noticias\/deus-respeita-a-liberdade-de-seus-filhos.html#primaryimage\",\"url\":\"https:\/\/franciscanos.org.br\/noticias\/wp-content\/uploads\/2015\/08\/pedro_jesus-1.jpg\",\"contentUrl\":\"https:\/\/franciscanos.org.br\/noticias\/wp-content\/uploads\/2015\/08\/pedro_jesus-1.jpg\",\"width\":273,\"height\":181},{\"@type\":\"WebPage\",\"@id\":\"https:\/\/franciscanos.org.br\/noticias\/deus-respeita-a-liberdade-de-seus-filhos.html#webpage\",\"url\":\"https:\/\/franciscanos.org.br\/noticias\/deus-respeita-a-liberdade-de-seus-filhos.html\",\"name\":\"Deus respeita a liberdade de seus filhos - Not\u00edcias - Franciscanos\",\"isPartOf\":{\"@id\":\"https:\/\/franciscanos.org.br\/noticias\/#website\"},\"primaryImageOfPage\":{\"@id\":\"https:\/\/franciscanos.org.br\/noticias\/deus-respeita-a-liberdade-de-seus-filhos.html#primaryimage\"},\"datePublished\":\"2015-08-21T10:21:48+00:00\",\"dateModified\":\"2019-03-11T12:10:06+00:00\",\"author\":{\"@id\":\"https:\/\/franciscanos.org.br\/noticias\/#\/schema\/person\/b38fbf43118f02820bd932f2e4b14ad3\"},\"breadcrumb\":{\"@id\":\"https:\/\/franciscanos.org.br\/noticias\/deus-respeita-a-liberdade-de-seus-filhos.html#breadcrumb\"},\"inLanguage\":\"pt-BR\",\"potentialAction\":[{\"@type\":\"ReadAction\",\"target\":[\"https:\/\/franciscanos.org.br\/noticias\/deus-respeita-a-liberdade-de-seus-filhos.html\"]}]},{\"@type\":\"BreadcrumbList\",\"@id\":\"https:\/\/franciscanos.org.br\/noticias\/deus-respeita-a-liberdade-de-seus-filhos.html#breadcrumb\",\"itemListElement\":[{\"@type\":\"ListItem\",\"position\":1,\"name\":\"Home\",\"item\":\"https:\/\/franciscanos.org.br\/noticias\"},{\"@type\":\"ListItem\",\"position\":2,\"name\":\"Deus respeita a liberdade de seus filhos\"}]},{\"@type\":\"Person\",\"@id\":\"https:\/\/franciscanos.org.br\/noticias\/#\/schema\/person\/b38fbf43118f02820bd932f2e4b14ad3\",\"name\":\"admin\",\"image\":{\"@type\":\"ImageObject\",\"inLanguage\":\"pt-BR\",\"@id\":\"https:\/\/franciscanos.org.br\/noticias\/#\/schema\/person\/image\/\",\"url\":\"https:\/\/secure.gravatar.com\/avatar\/e8495742d34d0ba6448ea1c628263b3e?s=96&d=mm&r=g\",\"contentUrl\":\"https:\/\/secure.gravatar.com\/avatar\/e8495742d34d0ba6448ea1c628263b3e?s=96&d=mm&r=g\",\"caption\":\"admin\"},\"url\":\"https:\/\/franciscanos.org.br\/noticias\/author\/admin\"}]}<\/script>\n<!-- \/ Yoast SEO plugin. -->","yoast_head_json":{"title":"Deus respeita a liberdade de seus filhos - Not\u00edcias - Franciscanos","robots":{"index":"index","follow":"follow","max-snippet":"max-snippet:-1","max-image-preview":"max-image-preview:large","max-video-preview":"max-video-preview:-1"},"canonical":"https:\/\/franciscanos.org.br\/noticias\/deus-respeita-a-liberdade-de-seus-filhos.html","og_locale":"pt_BR","og_type":"article","og_title":"Deus respeita a liberdade de seus filhos - Not\u00edcias - Franciscanos","og_description":"Liturgia Dominical","og_url":"https:\/\/franciscanos.org.br\/noticias\/deus-respeita-a-liberdade-de-seus-filhos.html","og_site_name":"Not\u00edcias - Franciscanos","article_published_time":"2015-08-21T10:21:48+00:00","article_modified_time":"2019-03-11T12:10:06+00:00","og_image":[{"width":273,"height":181,"url":"https:\/\/franciscanos.org.br\/noticias\/wp-content\/uploads\/2015\/08\/pedro_jesus-1.jpg","type":"image\/jpeg"}],"author":"admin","twitter_card":"summary_large_image","twitter_misc":{"Escrito por":"admin","Est. tempo de leitura":"2 minutos"},"schema":{"@context":"https:\/\/schema.org","@graph":[{"@type":"WebSite","@id":"https:\/\/franciscanos.org.br\/noticias\/#website","url":"https:\/\/franciscanos.org.br\/noticias\/","name":"Not\u00edcias - Franciscanos","description":"Prov\u00edncia Franciscana da Imaculada Concei\u00e7\u00e3o do Brasil - Ordem dos Frades Menores - OFM","potentialAction":[{"@type":"SearchAction","target":{"@type":"EntryPoint","urlTemplate":"https:\/\/franciscanos.org.br\/noticias\/?s={search_term_string}"},"query-input":"required name=search_term_string"}],"inLanguage":"pt-BR"},{"@type":"ImageObject","inLanguage":"pt-BR","@id":"https:\/\/franciscanos.org.br\/noticias\/deus-respeita-a-liberdade-de-seus-filhos.html#primaryimage","url":"https:\/\/franciscanos.org.br\/noticias\/wp-content\/uploads\/2015\/08\/pedro_jesus-1.jpg","contentUrl":"https:\/\/franciscanos.org.br\/noticias\/wp-content\/uploads\/2015\/08\/pedro_jesus-1.jpg","width":273,"height":181},{"@type":"WebPage","@id":"https:\/\/franciscanos.org.br\/noticias\/deus-respeita-a-liberdade-de-seus-filhos.html#webpage","url":"https:\/\/franciscanos.org.br\/noticias\/deus-respeita-a-liberdade-de-seus-filhos.html","name":"Deus respeita a liberdade de seus filhos - Not\u00edcias - Franciscanos","isPartOf":{"@id":"https:\/\/franciscanos.org.br\/noticias\/#website"},"primaryImageOfPage":{"@id":"https:\/\/franciscanos.org.br\/noticias\/deus-respeita-a-liberdade-de-seus-filhos.html#primaryimage"},"datePublished":"2015-08-21T10:21:48+00:00","dateModified":"2019-03-11T12:10:06+00:00","author":{"@id":"https:\/\/franciscanos.org.br\/noticias\/#\/schema\/person\/b38fbf43118f02820bd932f2e4b14ad3"},"breadcrumb":{"@id":"https:\/\/franciscanos.org.br\/noticias\/deus-respeita-a-liberdade-de-seus-filhos.html#breadcrumb"},"inLanguage":"pt-BR","potentialAction":[{"@type":"ReadAction","target":["https:\/\/franciscanos.org.br\/noticias\/deus-respeita-a-liberdade-de-seus-filhos.html"]}]},{"@type":"BreadcrumbList","@id":"https:\/\/franciscanos.org.br\/noticias\/deus-respeita-a-liberdade-de-seus-filhos.html#breadcrumb","itemListElement":[{"@type":"ListItem","position":1,"name":"Home","item":"https:\/\/franciscanos.org.br\/noticias"},{"@type":"ListItem","position":2,"name":"Deus respeita a liberdade de seus filhos"}]},{"@type":"Person","@id":"https:\/\/franciscanos.org.br\/noticias\/#\/schema\/person\/b38fbf43118f02820bd932f2e4b14ad3","name":"admin","image":{"@type":"ImageObject","inLanguage":"pt-BR","@id":"https:\/\/franciscanos.org.br\/noticias\/#\/schema\/person\/image\/","url":"https:\/\/secure.gravatar.com\/avatar\/e8495742d34d0ba6448ea1c628263b3e?s=96&d=mm&r=g","contentUrl":"https:\/\/secure.gravatar.com\/avatar\/e8495742d34d0ba6448ea1c628263b3e?s=96&d=mm&r=g","caption":"admin"},"url":"https:\/\/franciscanos.org.br\/noticias\/author\/admin"}]}},"_links":{"self":[{"href":"https:\/\/franciscanos.org.br\/noticias\/wp-json\/wp\/v2\/posts\/92716"}],"collection":[{"href":"https:\/\/franciscanos.org.br\/noticias\/wp-json\/wp\/v2\/posts"}],"about":[{"href":"https:\/\/franciscanos.org.br\/noticias\/wp-json\/wp\/v2\/types\/post"}],"author":[{"embeddable":true,"href":"https:\/\/franciscanos.org.br\/noticias\/wp-json\/wp\/v2\/users\/1"}],"replies":[{"embeddable":true,"href":"https:\/\/franciscanos.org.br\/noticias\/wp-json\/wp\/v2\/comments?post=92716"}],"version-history":[{"count":0,"href":"https:\/\/franciscanos.org.br\/noticias\/wp-json\/wp\/v2\/posts\/92716\/revisions"}],"wp:featuredmedia":[{"embeddable":true,"href":"https:\/\/franciscanos.org.br\/noticias\/wp-json\/wp\/v2\/media\/201361"}],"wp:attachment":[{"href":"https:\/\/franciscanos.org.br\/noticias\/wp-json\/wp\/v2\/media?parent=92716"}],"wp:term":[{"taxonomy":"category","embeddable":true,"href":"https:\/\/franciscanos.org.br\/noticias\/wp-json\/wp\/v2\/categories?post=92716"},{"taxonomy":"post_tag","embeddable":true,"href":"https:\/\/franciscanos.org.br\/noticias\/wp-json\/wp\/v2\/tags?post=92716"}],"curies":[{"name":"wp","href":"https:\/\/api.w.org\/{rel}","templated":true}]}}