{"id":92589,"date":"2015-08-18T08:35:04","date_gmt":"2015-08-18T11:35:04","guid":{"rendered":"http:\/\/franciscanos.org.br\/?p=92589"},"modified":"2019-08-06T11:36:00","modified_gmt":"2019-08-06T14:36:00","slug":"mosteiro-de-nossa-senhora-dos-anjos-celebra-santa-clara-com-grande-festa","status":"publish","type":"post","link":"https:\/\/franciscanos.org.br\/noticias\/mosteiro-de-nossa-senhora-dos-anjos-celebra-santa-clara-com-grande-festa.html","title":{"rendered":"Mosteiro de Nossa Senhora dos Anjos celebra Santa Clara com grande festa"},"content":{"rendered":"<p><strong><a href=\"http:\/\/franciscanos.org.br\/wp-content\/uploads\/2015\/08\/8201.jpg\"><img loading=\"lazy\" src=\"http:\/\/franciscanos.org.br\/wp-content\/uploads\/2015\/08\/8201.jpg\" alt=\"820\" width=\"820\" height=\"425\" \/><\/a><\/strong><\/p>\n<p><strong>C<\/strong><strong>l\u00e1udio Santos<\/strong>, <em>especial para este site<\/em><\/p>\n<p>A festa lit\u00fargica em honra de Santa Clara foi celebrada com muita festa e devo\u00e7\u00e3o por centenas de fi\u00e9is que foram ao Mosteiro de Nossa Senhora dos Anjos, Jardim Bot\u00e2nico, no Rio de Janeiro. Desde as primeiras horas do dia, os fi\u00e9is se dirigiam ao mosteiro para conversar com as irm\u00e3s e agradecer as in\u00fameras gra\u00e7as alcan\u00e7adas pela intercess\u00e3o de Santa Clara.<\/p>\n<p>No final da tarde, o Cardeal Arcebispo do Rio de Janeiro, Dom Orani Jo\u00e3o Tempesta, presidiu a Santa Missa, acompanhado por presb\u00edteros da diocese, frades, e tamb\u00e9m pelo assistente regional do Regional Sudeste 2 da Ordem Franciscana Secular do Brasil (OFS), Frei Edcarlos M\u00e1rio Hoffman, OFMCap, e pelo vig\u00e1rio e reitor do Convento Santo Ant\u00f4nio, Frei Gilmar Jos\u00e9 da Silva, OFM. Tamb\u00e9m estiveram presentes irm\u00e3os e irm\u00e3s das v\u00e1rias fraternidades franciscanas seculares da OFS.<\/p>\n<p>Em sua homilia, Dom Orani destacou que o Ano da Vida Consagrada proclamado pelo Papa Francisco \u00e9 um tempo prop\u00edcio para toda a Igreja recordar a grande import\u00e2ncia dessas voca\u00e7\u00f5es como dom de Deus \u00e0 Igreja. Com a sua celebra\u00e7\u00e3o, se deseja contemplar o passado, o presente e o futuro da voca\u00e7\u00e3o religiosa na Igreja.<\/p>\n<p>No m\u00eas vocacional, a Igreja do Brasil quer fazer eco do chamado de Jesus: Vem e segue-me! (cf. Mt 19,21), convidando os jovens a discernirem, \u00e0 luz do Esp\u00edrito Santo, o chamado \u00e0 vida consagrada e, por outro, incentivando os religiosos a assumirem com coragem a oferta da vida que fizeram, consoante com as exorta\u00e7\u00f5es indicadas pelo Papa Francisco na Carta Apost\u00f3lica aos consagrados.<\/p>\n<p>Dom Orani fez votos de que todos os religiosos da Arquidiocese de S\u00e3o Sebasti\u00e3o do Rio de Janeiro se empenhem no Ano da Vida Consagrada para que sejam exemplos de vida crist\u00e3 no mundo, a exemplo das Irm\u00e3s de Santa Clara. A Igreja deve caminhar unida com todos os objetivos voltados para Nosso Senhor e Redentor Jesus Cristo. Ele que veio para servir e tirar o pecado do mundo, quer que nos sirvamos uns aos outros e produzamos frutos de salva\u00e7\u00e3o.<\/p>\n<p>No final da celebra\u00e7\u00e3o, os fi\u00e9is receberam a solene b\u00ean\u00e7\u00e3o de Santa Clara com seu relic\u00e1rio e, ap\u00f3s a Santa Missa, os fi\u00e9is receberam peda\u00e7os do tradicional bolo de Santa Clara preparado pelas irm\u00e3s e puderam felicitar as irm\u00e3s pela data e pelas singulares gra\u00e7as espirituais concedidas por Deus a Santa Clara, fundadora da Ordem das Damas Pobres.<\/p>\n<p><strong> <a href=\"http:\/\/franciscanos.org.br\/wp-content\/uploads\/2015\/08\/01.jpg\"><img loading=\"lazy\" class=\"alignright wp-image-92611\" src=\"http:\/\/franciscanos.org.br\/wp-content\/uploads\/2015\/08\/01.jpg\" alt=\"01\" width=\"331\" height=\"244\" \/><\/a><\/strong><\/p>\n<p><strong>Presen\u00e7a no Brasil<\/strong><\/p>\n<p>As clarissas foram as primeiras religiosas a se estabelecerem no Brasil. Aos 9 de maio de 1677 chegaram de \u00c9vora (Portugal) as quatro monjas fundadoras do Imperial Mosteiro de Santa Clara do Desterro. Com o deplor\u00e1vel aviso do Minist\u00e9rio da Justi\u00e7a de 19 de maio de 1855, que fechou em todo o territ\u00f3rio nacional os noviciados das casas religiosas, a comunidade foi-se extinguindo. Durante 13 anos o Brasil ficou sem um mosteiro clariano, at\u00e9 que em 1928, com a chegada ao Rio de Janeiro de oito filhas de Santa Clara, procedentes do Mosteiro de D\u00fcsseldorf (Alemanha), refloresceu o velho tronco. A vitalidade da Ordem se afirma,\u00a0 hoje, pela presen\u00e7a das clarissas em\u00a0 20 mosteiros em todo o pa\u00eds.<\/p>\n<p><strong>O dia a dia de uma clarissa no Mosteiro Nossa Senhora dos Anjos\u00a0<\/strong><\/p>\n<p>No Mosteiro de Nossa Senhora dos Anjos, o dia de uma filha de Santa Clara tem in\u00edcio \u00e0s 4h45, ap\u00f3s a adora\u00e7\u00e3o noturna, com o toque do sino chamando para cantar os louvores de Deus, que se prolongam por v\u00e1rios per\u00edodos. Ap\u00f3s a recita\u00e7\u00e3o das matinas e laudes, h\u00e1 um espa\u00e7o para a medita\u00e7\u00e3o.<\/p>\n<p>Cada clarissa \u00e9 formada para um encontro pessoal com Deus, centrado na Sagrada Escritura. \u00c0s 7h, a missa conventual marca o ponto alto do dia. Ap\u00f3s as a\u00e7\u00f5es de gra\u00e7as invoca-se o Esp\u00edrito Santo com a Hora Ter\u00e7a do Of\u00edcio Divino.<\/p>\n<p>Por volta das 8h30, as irm\u00e3s t\u00eam seu desjejum, com o caf\u00e9, leite ou ch\u00e1 e o p\u00e3o de Santo Ant\u00f4nio que a Provid\u00eancia nunca deixa faltar. Em torno das 8h50, iniciam-se os trabalhos que variam segundo as necessidades, os tempos lit\u00fargicos e os talentos de cada religiosa como cuidar da casa, da horta, do jardim, lavar roupa, cozinhar, restaurar imagens e confeccionar h\u00f3stias, velas, c\u00edrios pascais, cart\u00f5es, ros\u00e1rios e alfaias sacras.<\/p>\n<p>O trabalho para Santa Clara e suas filhas \u00e9 uma gra\u00e7a<img loading=\"lazy\" class=\"alignleft wp-image-92590\" src=\"http:\/\/franciscanos.org.br\/wp-content\/uploads\/2015\/08\/600.jpg\" alt=\"600\" width=\"482\" height=\"295\" \/>, por isso o desempenham \u201ccom fidelidade e devo\u00e7\u00e3o, sem perder o esp\u00edrito de ora\u00e7\u00e3o, ao qual devem estar sujeitas todas as coisas\u201d, palavras da ser\u00e1fica fundadora. Citando o saudoso Cardeal Jaime C\u00e2mara: \u201c\u00c9 belo ver como as mesmas m\u00e3os que trabalham com ardor na enxada, plantando hortali\u00e7as e flores, se revestem de amor esponsal para bordar as mais belas alfaias, como outrora Santa Clara, para o Divino Rei Eucar\u00edstico, o Esposo amado de suas almas\u201d!<\/p>\n<p>As clarissas professam a clausura. \u00c9 o jardim fechado, onde escolheram viver a experi\u00eancia de seu amor esponsal, exclusivo a Cristo. Clausura n\u00e3o \u00e9 um fechamento, mas abertura para o infinito. N\u00e3o \u00e9 separa\u00e7\u00e3o, mas comunh\u00e3o maior com Aquele e naquele que est\u00e1 presente em tudo e em todos. Da\u00ed a transparente alegria que surpreende os que procuram as irm\u00e3s no locut\u00f3rio.<\/p>\n<p>Como \u201cperegrinas e forasteiras neste mundo\u201d, as clarissas seguem a Cristo pobre sem nada possuir, sem nada reter. \u201cCom passo ligeiro e p\u00e9 seguro\u201d, buscam o sentido \u00faltimo da sua exist\u00eancia: a experi\u00eancia do novo c\u00e9u e da nova terra onde tudo \u00e9 de todos.<\/p>\n<p>Em visita feita Papa Francisco ao mosteiro das clarissas, em agosto de 2013, na cidade de Albano, It\u00e1lia, o santo padre reconheceu o valor da ora\u00e7\u00e3o contemplativa e fecunda das irm\u00e3s, distante dos apelos do mundo: \u201cQuanta gente passa diante de um mosteiro de vida contemplativa e nem mesmo sabe quem est\u00e1 l\u00e1 dentro e porque est\u00e1 ali. Mas \u00e9 nesse sil\u00eancio, nessa noite que se realiza a vossa miss\u00e3o, irm\u00e3s. Enquanto o mundo dorme, com vossa prece humilde e escondida, abris para todos as portas do c\u00e9u!\u201d<\/p>\n<p>O Mosteiro tem sido bastante frequentado, especialmente nas Santas Missas dominicais (10h) e na solenidade de Santa Clara (11 de agosto) com missas de segunda a s\u00e1bado \u00e0s 7h00 e aos domingos, \u00e0s 11h00.<\/p>\n<p>No domingo e nas quintas-feiras, h\u00e1 adora\u00e7\u00e3o ao Sant\u00edssimo Sacramento das 8h00 \u00e0s 17h00. O Mosteiro de Nossa Senhora dos Anjos fica localizado na Rua Jequitib\u00e1, 41, Jardim Bot\u00e2nico, Rio de Janeiro. Informa\u00e7\u00f5es pelos telefones (21) 2529-2310 &#8211; (21) 2274-3147.<\/p>\n<p><img class=\"ngg_displayed_gallery mceItem\" src=\"http:\/\/franciscanos.org.br\/index.php\/nextgen-attach_to_post\/preview\/id--92609\" alt=\"\" \/><\/p>\n","protected":false},"excerpt":{"rendered":"<p>Festa Franciscana<\/p>\n","protected":false},"author":1,"featured_media":208888,"comment_status":"open","ping_status":"open","sticky":false,"template":"","format":"standard","meta":[],"categories":[1],"tags":[],"acf":[],"yoast_head":"<!-- This site is optimized with the Yoast SEO plugin v19.2 - https:\/\/yoast.com\/wordpress\/plugins\/seo\/ -->\n<title>Mosteiro de Nossa Senhora dos Anjos celebra Santa Clara com grande festa - Not\u00edcias - Franciscanos<\/title>\n<meta name=\"robots\" content=\"index, follow, max-snippet:-1, max-image-preview:large, max-video-preview:-1\" \/>\n<link rel=\"canonical\" href=\"https:\/\/franciscanos.org.br\/noticias\/mosteiro-de-nossa-senhora-dos-anjos-celebra-santa-clara-com-grande-festa.html\" \/>\n<meta property=\"og:locale\" content=\"pt_BR\" \/>\n<meta property=\"og:type\" content=\"article\" \/>\n<meta property=\"og:title\" content=\"Mosteiro de Nossa Senhora dos Anjos celebra Santa Clara com grande festa - Not\u00edcias - Franciscanos\" \/>\n<meta property=\"og:description\" content=\"Festa Franciscana\" \/>\n<meta property=\"og:url\" content=\"https:\/\/franciscanos.org.br\/noticias\/mosteiro-de-nossa-senhora-dos-anjos-celebra-santa-clara-com-grande-festa.html\" \/>\n<meta property=\"og:site_name\" content=\"Not\u00edcias - Franciscanos\" \/>\n<meta property=\"article:published_time\" content=\"2015-08-18T11:35:04+00:00\" \/>\n<meta property=\"article:modified_time\" content=\"2019-08-06T14:36:00+00:00\" \/>\n<meta property=\"og:image\" content=\"https:\/\/franciscanos.org.br\/noticias\/wp-content\/uploads\/2015\/08\/8201.jpg\" \/>\n\t<meta property=\"og:image:width\" content=\"273\" \/>\n\t<meta property=\"og:image:height\" content=\"181\" \/>\n\t<meta property=\"og:image:type\" content=\"image\/jpeg\" \/>\n<meta name=\"author\" content=\"admin\" \/>\n<meta name=\"twitter:card\" content=\"summary_large_image\" \/>\n<meta name=\"twitter:label1\" content=\"Escrito por\" \/>\n\t<meta name=\"twitter:data1\" content=\"admin\" \/>\n\t<meta name=\"twitter:label2\" content=\"Est. tempo de leitura\" \/>\n\t<meta name=\"twitter:data2\" content=\"6 minutos\" \/>\n<script type=\"application\/ld+json\" class=\"yoast-schema-graph\">{\"@context\":\"https:\/\/schema.org\",\"@graph\":[{\"@type\":\"WebSite\",\"@id\":\"https:\/\/franciscanos.org.br\/noticias\/#website\",\"url\":\"https:\/\/franciscanos.org.br\/noticias\/\",\"name\":\"Not\u00edcias - Franciscanos\",\"description\":\"Prov\u00edncia Franciscana da Imaculada Concei\u00e7\u00e3o do Brasil - Ordem dos Frades Menores - OFM\",\"potentialAction\":[{\"@type\":\"SearchAction\",\"target\":{\"@type\":\"EntryPoint\",\"urlTemplate\":\"https:\/\/franciscanos.org.br\/noticias\/?s={search_term_string}\"},\"query-input\":\"required name=search_term_string\"}],\"inLanguage\":\"pt-BR\"},{\"@type\":\"ImageObject\",\"inLanguage\":\"pt-BR\",\"@id\":\"https:\/\/franciscanos.org.br\/noticias\/mosteiro-de-nossa-senhora-dos-anjos-celebra-santa-clara-com-grande-festa.html#primaryimage\",\"url\":\"https:\/\/franciscanos.org.br\/noticias\/wp-content\/uploads\/2015\/08\/8201.jpg\",\"contentUrl\":\"https:\/\/franciscanos.org.br\/noticias\/wp-content\/uploads\/2015\/08\/8201.jpg\",\"width\":273,\"height\":181},{\"@type\":\"WebPage\",\"@id\":\"https:\/\/franciscanos.org.br\/noticias\/mosteiro-de-nossa-senhora-dos-anjos-celebra-santa-clara-com-grande-festa.html#webpage\",\"url\":\"https:\/\/franciscanos.org.br\/noticias\/mosteiro-de-nossa-senhora-dos-anjos-celebra-santa-clara-com-grande-festa.html\",\"name\":\"Mosteiro de Nossa Senhora dos Anjos celebra Santa Clara com grande festa - Not\u00edcias - Franciscanos\",\"isPartOf\":{\"@id\":\"https:\/\/franciscanos.org.br\/noticias\/#website\"},\"primaryImageOfPage\":{\"@id\":\"https:\/\/franciscanos.org.br\/noticias\/mosteiro-de-nossa-senhora-dos-anjos-celebra-santa-clara-com-grande-festa.html#primaryimage\"},\"datePublished\":\"2015-08-18T11:35:04+00:00\",\"dateModified\":\"2019-08-06T14:36:00+00:00\",\"author\":{\"@id\":\"https:\/\/franciscanos.org.br\/noticias\/#\/schema\/person\/b38fbf43118f02820bd932f2e4b14ad3\"},\"breadcrumb\":{\"@id\":\"https:\/\/franciscanos.org.br\/noticias\/mosteiro-de-nossa-senhora-dos-anjos-celebra-santa-clara-com-grande-festa.html#breadcrumb\"},\"inLanguage\":\"pt-BR\",\"potentialAction\":[{\"@type\":\"ReadAction\",\"target\":[\"https:\/\/franciscanos.org.br\/noticias\/mosteiro-de-nossa-senhora-dos-anjos-celebra-santa-clara-com-grande-festa.html\"]}]},{\"@type\":\"BreadcrumbList\",\"@id\":\"https:\/\/franciscanos.org.br\/noticias\/mosteiro-de-nossa-senhora-dos-anjos-celebra-santa-clara-com-grande-festa.html#breadcrumb\",\"itemListElement\":[{\"@type\":\"ListItem\",\"position\":1,\"name\":\"Home\",\"item\":\"https:\/\/franciscanos.org.br\/noticias\"},{\"@type\":\"ListItem\",\"position\":2,\"name\":\"Mosteiro de Nossa Senhora dos Anjos celebra Santa Clara com grande festa\"}]},{\"@type\":\"Person\",\"@id\":\"https:\/\/franciscanos.org.br\/noticias\/#\/schema\/person\/b38fbf43118f02820bd932f2e4b14ad3\",\"name\":\"admin\",\"image\":{\"@type\":\"ImageObject\",\"inLanguage\":\"pt-BR\",\"@id\":\"https:\/\/franciscanos.org.br\/noticias\/#\/schema\/person\/image\/\",\"url\":\"https:\/\/secure.gravatar.com\/avatar\/e8495742d34d0ba6448ea1c628263b3e?s=96&d=mm&r=g\",\"contentUrl\":\"https:\/\/secure.gravatar.com\/avatar\/e8495742d34d0ba6448ea1c628263b3e?s=96&d=mm&r=g\",\"caption\":\"admin\"},\"url\":\"https:\/\/franciscanos.org.br\/noticias\/author\/admin\"}]}<\/script>\n<!-- \/ Yoast SEO plugin. -->","yoast_head_json":{"title":"Mosteiro de Nossa Senhora dos Anjos celebra Santa Clara com grande festa - Not\u00edcias - Franciscanos","robots":{"index":"index","follow":"follow","max-snippet":"max-snippet:-1","max-image-preview":"max-image-preview:large","max-video-preview":"max-video-preview:-1"},"canonical":"https:\/\/franciscanos.org.br\/noticias\/mosteiro-de-nossa-senhora-dos-anjos-celebra-santa-clara-com-grande-festa.html","og_locale":"pt_BR","og_type":"article","og_title":"Mosteiro de Nossa Senhora dos Anjos celebra Santa Clara com grande festa - Not\u00edcias - Franciscanos","og_description":"Festa Franciscana","og_url":"https:\/\/franciscanos.org.br\/noticias\/mosteiro-de-nossa-senhora-dos-anjos-celebra-santa-clara-com-grande-festa.html","og_site_name":"Not\u00edcias - Franciscanos","article_published_time":"2015-08-18T11:35:04+00:00","article_modified_time":"2019-08-06T14:36:00+00:00","og_image":[{"width":273,"height":181,"url":"https:\/\/franciscanos.org.br\/noticias\/wp-content\/uploads\/2015\/08\/8201.jpg","type":"image\/jpeg"}],"author":"admin","twitter_card":"summary_large_image","twitter_misc":{"Escrito por":"admin","Est. tempo de leitura":"6 minutos"},"schema":{"@context":"https:\/\/schema.org","@graph":[{"@type":"WebSite","@id":"https:\/\/franciscanos.org.br\/noticias\/#website","url":"https:\/\/franciscanos.org.br\/noticias\/","name":"Not\u00edcias - Franciscanos","description":"Prov\u00edncia Franciscana da Imaculada Concei\u00e7\u00e3o do Brasil - Ordem dos Frades Menores - OFM","potentialAction":[{"@type":"SearchAction","target":{"@type":"EntryPoint","urlTemplate":"https:\/\/franciscanos.org.br\/noticias\/?s={search_term_string}"},"query-input":"required name=search_term_string"}],"inLanguage":"pt-BR"},{"@type":"ImageObject","inLanguage":"pt-BR","@id":"https:\/\/franciscanos.org.br\/noticias\/mosteiro-de-nossa-senhora-dos-anjos-celebra-santa-clara-com-grande-festa.html#primaryimage","url":"https:\/\/franciscanos.org.br\/noticias\/wp-content\/uploads\/2015\/08\/8201.jpg","contentUrl":"https:\/\/franciscanos.org.br\/noticias\/wp-content\/uploads\/2015\/08\/8201.jpg","width":273,"height":181},{"@type":"WebPage","@id":"https:\/\/franciscanos.org.br\/noticias\/mosteiro-de-nossa-senhora-dos-anjos-celebra-santa-clara-com-grande-festa.html#webpage","url":"https:\/\/franciscanos.org.br\/noticias\/mosteiro-de-nossa-senhora-dos-anjos-celebra-santa-clara-com-grande-festa.html","name":"Mosteiro de Nossa Senhora dos Anjos celebra Santa Clara com grande festa - Not\u00edcias - Franciscanos","isPartOf":{"@id":"https:\/\/franciscanos.org.br\/noticias\/#website"},"primaryImageOfPage":{"@id":"https:\/\/franciscanos.org.br\/noticias\/mosteiro-de-nossa-senhora-dos-anjos-celebra-santa-clara-com-grande-festa.html#primaryimage"},"datePublished":"2015-08-18T11:35:04+00:00","dateModified":"2019-08-06T14:36:00+00:00","author":{"@id":"https:\/\/franciscanos.org.br\/noticias\/#\/schema\/person\/b38fbf43118f02820bd932f2e4b14ad3"},"breadcrumb":{"@id":"https:\/\/franciscanos.org.br\/noticias\/mosteiro-de-nossa-senhora-dos-anjos-celebra-santa-clara-com-grande-festa.html#breadcrumb"},"inLanguage":"pt-BR","potentialAction":[{"@type":"ReadAction","target":["https:\/\/franciscanos.org.br\/noticias\/mosteiro-de-nossa-senhora-dos-anjos-celebra-santa-clara-com-grande-festa.html"]}]},{"@type":"BreadcrumbList","@id":"https:\/\/franciscanos.org.br\/noticias\/mosteiro-de-nossa-senhora-dos-anjos-celebra-santa-clara-com-grande-festa.html#breadcrumb","itemListElement":[{"@type":"ListItem","position":1,"name":"Home","item":"https:\/\/franciscanos.org.br\/noticias"},{"@type":"ListItem","position":2,"name":"Mosteiro de Nossa Senhora dos Anjos celebra Santa Clara com grande festa"}]},{"@type":"Person","@id":"https:\/\/franciscanos.org.br\/noticias\/#\/schema\/person\/b38fbf43118f02820bd932f2e4b14ad3","name":"admin","image":{"@type":"ImageObject","inLanguage":"pt-BR","@id":"https:\/\/franciscanos.org.br\/noticias\/#\/schema\/person\/image\/","url":"https:\/\/secure.gravatar.com\/avatar\/e8495742d34d0ba6448ea1c628263b3e?s=96&d=mm&r=g","contentUrl":"https:\/\/secure.gravatar.com\/avatar\/e8495742d34d0ba6448ea1c628263b3e?s=96&d=mm&r=g","caption":"admin"},"url":"https:\/\/franciscanos.org.br\/noticias\/author\/admin"}]}},"_links":{"self":[{"href":"https:\/\/franciscanos.org.br\/noticias\/wp-json\/wp\/v2\/posts\/92589"}],"collection":[{"href":"https:\/\/franciscanos.org.br\/noticias\/wp-json\/wp\/v2\/posts"}],"about":[{"href":"https:\/\/franciscanos.org.br\/noticias\/wp-json\/wp\/v2\/types\/post"}],"author":[{"embeddable":true,"href":"https:\/\/franciscanos.org.br\/noticias\/wp-json\/wp\/v2\/users\/1"}],"replies":[{"embeddable":true,"href":"https:\/\/franciscanos.org.br\/noticias\/wp-json\/wp\/v2\/comments?post=92589"}],"version-history":[{"count":0,"href":"https:\/\/franciscanos.org.br\/noticias\/wp-json\/wp\/v2\/posts\/92589\/revisions"}],"wp:featuredmedia":[{"embeddable":true,"href":"https:\/\/franciscanos.org.br\/noticias\/wp-json\/wp\/v2\/media\/208888"}],"wp:attachment":[{"href":"https:\/\/franciscanos.org.br\/noticias\/wp-json\/wp\/v2\/media?parent=92589"}],"wp:term":[{"taxonomy":"category","embeddable":true,"href":"https:\/\/franciscanos.org.br\/noticias\/wp-json\/wp\/v2\/categories?post=92589"},{"taxonomy":"post_tag","embeddable":true,"href":"https:\/\/franciscanos.org.br\/noticias\/wp-json\/wp\/v2\/tags?post=92589"}],"curies":[{"name":"wp","href":"https:\/\/api.w.org\/{rel}","templated":true}]}}