{"id":92460,"date":"2015-08-14T09:12:22","date_gmt":"2015-08-14T12:12:22","guid":{"rendered":"http:\/\/franciscanos.org.br\/?p=92460"},"modified":"2020-02-12T12:20:39","modified_gmt":"2020-02-12T15:20:39","slug":"santa-clara-e-celebrada-com-grande-festa-e-devocao-em-nova-iguacu","status":"publish","type":"post","link":"https:\/\/franciscanos.org.br\/noticias\/santa-clara-e-celebrada-com-grande-festa-e-devocao-em-nova-iguacu.html","title":{"rendered":"Santa Clara \u00e9 celebrada com grande festa e devo\u00e7\u00e3o em Nova Igua\u00e7u"},"content":{"rendered":"<p><a href=\"http:\/\/franciscanos.org.br\/wp-content\/uploads\/2015\/08\/clarissas-8201.jpg\"><img loading=\"lazy\" src=\"http:\/\/franciscanos.org.br\/wp-content\/uploads\/2015\/08\/clarissas-8201.jpg\" alt=\"clarissas-820\" width=\"820\" height=\"467\" \/><\/a><\/p>\n<p>A festa lit\u00fargica em honra de Santa Clara foi celebrada com muita festa e devo\u00e7\u00e3o por centenas de fi\u00e9is que foram ao Mosteiro Santa Clara, em Nova Igua\u00e7u, Baixada Fluminense do Estado Rio de Janeiro. Desde as primeiras horas do dia, os fi\u00e9is se dirigiam ao mosteiro para conversar com as irm\u00e3s e agradecer as in\u00fameras gra\u00e7as alcan\u00e7adas pela intercess\u00e3o de Santa Clara.<\/p>\n<table style=\"height: 557px;\" border=\"0\" width=\"438\" cellspacing=\"3\" cellpadding=\"3\" align=\"right\">\n<tbody>\n<tr>\n<td bgcolor=\"#E6E6E6\">\n<p style=\"padding-left: 10px;\"><strong>MOSTEIRO DE SANTA CLARA<\/strong><\/p>\n<p style=\"padding-left: 10px;\">O Mosteiro de Santa Clara em Nova Igua\u00e7u \u00e9 uma funda\u00e7\u00e3o Portuguesa, pedida pelo ex-Bispo Diocesano Dom Adriano Hyp\u00f3lito que rezou 16 anos para concretizar o seu grande sonho de ter um Mosteiro de Vida Contemplativa em sua Diocese. Ele dizia ser sumamente necess\u00e1rio que \u201ca vida da Diocese fosse incrementada pela for\u00e7a que brota da ora\u00e7\u00e3o silenciosa unida ao sacrif\u00edcio de algu\u00e9m que, aparentemente ausente, \u00e9 presen\u00e7a constante diante da \u2018Fonte\u2019 em favor dos seus irm\u00e3os, irrigando, no sil\u00eancio do \u2018Jardim Fechado\u2019, o solo espiritual da Santa Igreja\u201d.<\/p>\n<p style=\"padding-left: 10px;\">As Irm\u00e3s fundadoras vieram do Mosteiro \u2018Nossa Senhora da Piedade\u2019 de Clarissas da Ilha da Madeira, Portugal. Chegaram ao Brasil em 1986. Permaneceram por tr\u00eas anos em uma casa provis\u00f3ria at\u00e9 que as obras do Mosteiro se conclu\u00edssem. O Mosteiro foi ent\u00e3o inaugurado a 13 de maio de 1989.<\/p>\n<p style=\"padding-left: 10px;\">Dom Adriano desejava que o Mosteiro fosse o centro de Adora\u00e7\u00e3o Eucar\u00edstica da sua Diocese. Com este intuito, foi constru\u00edda a Casa Bet\u00e2nia (anexa ao Mosteiro) para acolher os adoradores noturnos. Esta Casa tamb\u00e9m pode acolher grupos para encontros e retiros, contanto que n\u00e3o coincida com as noites em que haja adoradores.<\/p>\n<p style=\"padding-left: 10px;\">O Mosteiro tem sido bastante frequentado, especialmente nas Santas Missas dominicais (10h) e na solenidade de Santa Clara (11 de agosto) com missas \u00e0s 10h e 16h. O Mosteiro Santa Clara fica localizado na Rua Santa Clara, 229, Bairro Botafogo, Nova Igua\u00e7u (RJ). Informa\u00e7\u00f5es pelos telefones (21) 2669-2994 e (21) 2881-2458 ou pelo correio eletr\u00f4nico irmasclarissasnovaiguacu@gmail.com<\/p>\n<\/td>\n<\/tr>\n<\/tbody>\n<\/table>\n<p>A Santa Missa foi presidida por Dom Tarc\u00edsio Nascentes dos Santos, bispo da Diocese de Duque de Caxias (RJ),\u00a0 e concelebrada pelo bispo da Diocese de Nova Igua\u00e7u, Dom Luciano Bergamin, CRL, al\u00e9m dos presb\u00edteros e di\u00e1conos da diocese que celebraram em especial o jubileu em comemora\u00e7\u00e3o pelos 30 anos de sacerd\u00f3cio dos padres Cl\u00ednio Drago, Edemilson Figueiredo, Marcus Barbosa e Porf\u00edrio Abreu, do clero de Nova Igua\u00e7u. Tamb\u00e9m estiveram presentes os frades Vit\u00f3rio Mazzuco e Jos\u00e9 Pereira, OFM, assistentes espirituais das irm\u00e3s clarissas, e de irm\u00e3os das v\u00e1rias fraternidades seculares do Regional Sudeste II, da Ordem Franciscana Secular do Brasil (OFS).<\/p>\n<p>Em sua homilia, Dom Tarc\u00edsio Nascentes dos Santos destacou que a vida crist\u00e3 que tem a sua perfei\u00e7\u00e3o no amor \u00e9 vida para ser vivida na dimens\u00e3o esponsal e nesta dimens\u00e3o Cristo \u00e9 o nosso esposo. A categoria que realmente marca \u00e9 a do dom e a da d\u00e1diva, na dimens\u00e3o de ser dom e d\u00e1diva para acolher como dom e d\u00e1diva cada irm\u00e3o, e que se expressa em profundidade na imagem das n\u00fapcias, na realidade do esponsal\u00edcio. O bispo ressaltou que os sacerdotes que agradecem a Deus os seus trinta anos de vida presbiteral tamb\u00e9m \u00a0vivem fortemente essa dimens\u00e3o esponsal como membros da comunidade crist\u00e3 e, ao mesmo tempo, em raz\u00e3o do sacramento da ordem, est\u00e3o configurados ao Senhor Jesus Cristo \u00a0como cabe\u00e7a, pastor e esposo da comunidade crist\u00e3.<\/p>\n<p>O prelado tamb\u00e9m apresentou uma breve retrospectiva das mensagens que os pontificados do papa Paulo VI ao Papa Francisco dedicaram as irm\u00e3s mensagens destacando aspectos centrais da voca\u00e7\u00e3o para a vida consagrada: a ora\u00e7\u00e3o contemplativa incessante, a vida em fraternidade, na pobreza, obedi\u00eancia e castidade, sempre com Jesus, tendo como\u00a0 modelo de vida S\u00e3o Francisco de Assis. No final de sua homilia, o prelado pediu para que as Irm\u00e3s Clarissas rezassem pela Igreja diocesana de Duque de Caxias e se associem as suas ora\u00e7\u00f5es, fortalecendo-as para que, futuramente, Deus tamb\u00e9m lhe conceda a gra\u00e7a da presen\u00e7a de um mosteiro de vida contemplativa na diocese.<\/p>\n<p>No final da celebra\u00e7\u00e3o, os fi\u00e9is receberam com o relic\u00e1rio a solene b\u00ean\u00e7\u00e3o de Santa Clara e, ap\u00f3s a Santa Missa, os fi\u00e9is receberam os tradicionais p\u00e3ezinhos bentos e puderam felicitar as irm\u00e3s pela data e pelas singulares gra\u00e7as espirituais concedidas por Deus a Santa Clara, fundadora da Ordem das Damas Pobres.<\/p>\n","protected":false},"excerpt":{"rendered":"<p>OFS<\/p>\n","protected":false},"author":1,"featured_media":219598,"comment_status":"open","ping_status":"open","sticky":false,"template":"","format":"standard","meta":[],"categories":[1],"tags":[],"acf":[],"yoast_head":"<!-- This site is optimized with the Yoast SEO plugin v19.2 - https:\/\/yoast.com\/wordpress\/plugins\/seo\/ -->\n<title>Santa Clara \u00e9 celebrada com grande festa e devo\u00e7\u00e3o em Nova Igua\u00e7u - Not\u00edcias - Franciscanos<\/title>\n<meta name=\"robots\" content=\"index, follow, max-snippet:-1, max-image-preview:large, max-video-preview:-1\" \/>\n<link rel=\"canonical\" href=\"https:\/\/franciscanos.org.br\/noticias\/santa-clara-e-celebrada-com-grande-festa-e-devocao-em-nova-iguacu.html\" \/>\n<meta property=\"og:locale\" content=\"pt_BR\" \/>\n<meta property=\"og:type\" content=\"article\" \/>\n<meta property=\"og:title\" content=\"Santa Clara \u00e9 celebrada com grande festa e devo\u00e7\u00e3o em Nova Igua\u00e7u - Not\u00edcias - Franciscanos\" \/>\n<meta property=\"og:description\" content=\"OFS\" \/>\n<meta property=\"og:url\" content=\"https:\/\/franciscanos.org.br\/noticias\/santa-clara-e-celebrada-com-grande-festa-e-devocao-em-nova-iguacu.html\" \/>\n<meta property=\"og:site_name\" content=\"Not\u00edcias - Franciscanos\" \/>\n<meta property=\"article:published_time\" content=\"2015-08-14T12:12:22+00:00\" \/>\n<meta property=\"article:modified_time\" content=\"2020-02-12T15:20:39+00:00\" \/>\n<meta property=\"og:image\" content=\"https:\/\/franciscanos.org.br\/noticias\/wp-content\/uploads\/2015\/08\/clarissas-8201.jpg\" \/>\n\t<meta property=\"og:image:width\" content=\"273\" \/>\n\t<meta property=\"og:image:height\" content=\"181\" \/>\n\t<meta property=\"og:image:type\" content=\"image\/jpeg\" \/>\n<meta name=\"author\" content=\"admin\" \/>\n<meta name=\"twitter:card\" content=\"summary_large_image\" \/>\n<meta name=\"twitter:label1\" content=\"Escrito por\" \/>\n\t<meta name=\"twitter:data1\" content=\"admin\" \/>\n\t<meta name=\"twitter:label2\" content=\"Est. tempo de leitura\" \/>\n\t<meta name=\"twitter:data2\" content=\"4 minutos\" \/>\n<script type=\"application\/ld+json\" class=\"yoast-schema-graph\">{\"@context\":\"https:\/\/schema.org\",\"@graph\":[{\"@type\":\"WebSite\",\"@id\":\"https:\/\/franciscanos.org.br\/noticias\/#website\",\"url\":\"https:\/\/franciscanos.org.br\/noticias\/\",\"name\":\"Not\u00edcias - Franciscanos\",\"description\":\"Prov\u00edncia Franciscana da Imaculada Concei\u00e7\u00e3o do Brasil - Ordem dos Frades Menores - OFM\",\"potentialAction\":[{\"@type\":\"SearchAction\",\"target\":{\"@type\":\"EntryPoint\",\"urlTemplate\":\"https:\/\/franciscanos.org.br\/noticias\/?s={search_term_string}\"},\"query-input\":\"required name=search_term_string\"}],\"inLanguage\":\"pt-BR\"},{\"@type\":\"ImageObject\",\"inLanguage\":\"pt-BR\",\"@id\":\"https:\/\/franciscanos.org.br\/noticias\/santa-clara-e-celebrada-com-grande-festa-e-devocao-em-nova-iguacu.html#primaryimage\",\"url\":\"https:\/\/franciscanos.org.br\/noticias\/wp-content\/uploads\/2015\/08\/clarissas-8201.jpg\",\"contentUrl\":\"https:\/\/franciscanos.org.br\/noticias\/wp-content\/uploads\/2015\/08\/clarissas-8201.jpg\",\"width\":273,\"height\":181},{\"@type\":\"WebPage\",\"@id\":\"https:\/\/franciscanos.org.br\/noticias\/santa-clara-e-celebrada-com-grande-festa-e-devocao-em-nova-iguacu.html#webpage\",\"url\":\"https:\/\/franciscanos.org.br\/noticias\/santa-clara-e-celebrada-com-grande-festa-e-devocao-em-nova-iguacu.html\",\"name\":\"Santa Clara \u00e9 celebrada com grande festa e devo\u00e7\u00e3o em Nova Igua\u00e7u - Not\u00edcias - Franciscanos\",\"isPartOf\":{\"@id\":\"https:\/\/franciscanos.org.br\/noticias\/#website\"},\"primaryImageOfPage\":{\"@id\":\"https:\/\/franciscanos.org.br\/noticias\/santa-clara-e-celebrada-com-grande-festa-e-devocao-em-nova-iguacu.html#primaryimage\"},\"datePublished\":\"2015-08-14T12:12:22+00:00\",\"dateModified\":\"2020-02-12T15:20:39+00:00\",\"author\":{\"@id\":\"https:\/\/franciscanos.org.br\/noticias\/#\/schema\/person\/b38fbf43118f02820bd932f2e4b14ad3\"},\"breadcrumb\":{\"@id\":\"https:\/\/franciscanos.org.br\/noticias\/santa-clara-e-celebrada-com-grande-festa-e-devocao-em-nova-iguacu.html#breadcrumb\"},\"inLanguage\":\"pt-BR\",\"potentialAction\":[{\"@type\":\"ReadAction\",\"target\":[\"https:\/\/franciscanos.org.br\/noticias\/santa-clara-e-celebrada-com-grande-festa-e-devocao-em-nova-iguacu.html\"]}]},{\"@type\":\"BreadcrumbList\",\"@id\":\"https:\/\/franciscanos.org.br\/noticias\/santa-clara-e-celebrada-com-grande-festa-e-devocao-em-nova-iguacu.html#breadcrumb\",\"itemListElement\":[{\"@type\":\"ListItem\",\"position\":1,\"name\":\"Home\",\"item\":\"https:\/\/franciscanos.org.br\/noticias\"},{\"@type\":\"ListItem\",\"position\":2,\"name\":\"Santa Clara \u00e9 celebrada com grande festa e devo\u00e7\u00e3o em Nova Igua\u00e7u\"}]},{\"@type\":\"Person\",\"@id\":\"https:\/\/franciscanos.org.br\/noticias\/#\/schema\/person\/b38fbf43118f02820bd932f2e4b14ad3\",\"name\":\"admin\",\"image\":{\"@type\":\"ImageObject\",\"inLanguage\":\"pt-BR\",\"@id\":\"https:\/\/franciscanos.org.br\/noticias\/#\/schema\/person\/image\/\",\"url\":\"https:\/\/secure.gravatar.com\/avatar\/e8495742d34d0ba6448ea1c628263b3e?s=96&d=mm&r=g\",\"contentUrl\":\"https:\/\/secure.gravatar.com\/avatar\/e8495742d34d0ba6448ea1c628263b3e?s=96&d=mm&r=g\",\"caption\":\"admin\"},\"url\":\"https:\/\/franciscanos.org.br\/noticias\/author\/admin\"}]}<\/script>\n<!-- \/ Yoast SEO plugin. -->","yoast_head_json":{"title":"Santa Clara \u00e9 celebrada com grande festa e devo\u00e7\u00e3o em Nova Igua\u00e7u - Not\u00edcias - Franciscanos","robots":{"index":"index","follow":"follow","max-snippet":"max-snippet:-1","max-image-preview":"max-image-preview:large","max-video-preview":"max-video-preview:-1"},"canonical":"https:\/\/franciscanos.org.br\/noticias\/santa-clara-e-celebrada-com-grande-festa-e-devocao-em-nova-iguacu.html","og_locale":"pt_BR","og_type":"article","og_title":"Santa Clara \u00e9 celebrada com grande festa e devo\u00e7\u00e3o em Nova Igua\u00e7u - Not\u00edcias - Franciscanos","og_description":"OFS","og_url":"https:\/\/franciscanos.org.br\/noticias\/santa-clara-e-celebrada-com-grande-festa-e-devocao-em-nova-iguacu.html","og_site_name":"Not\u00edcias - Franciscanos","article_published_time":"2015-08-14T12:12:22+00:00","article_modified_time":"2020-02-12T15:20:39+00:00","og_image":[{"width":273,"height":181,"url":"https:\/\/franciscanos.org.br\/noticias\/wp-content\/uploads\/2015\/08\/clarissas-8201.jpg","type":"image\/jpeg"}],"author":"admin","twitter_card":"summary_large_image","twitter_misc":{"Escrito por":"admin","Est. tempo de leitura":"4 minutos"},"schema":{"@context":"https:\/\/schema.org","@graph":[{"@type":"WebSite","@id":"https:\/\/franciscanos.org.br\/noticias\/#website","url":"https:\/\/franciscanos.org.br\/noticias\/","name":"Not\u00edcias - Franciscanos","description":"Prov\u00edncia Franciscana da Imaculada Concei\u00e7\u00e3o do Brasil - Ordem dos Frades Menores - OFM","potentialAction":[{"@type":"SearchAction","target":{"@type":"EntryPoint","urlTemplate":"https:\/\/franciscanos.org.br\/noticias\/?s={search_term_string}"},"query-input":"required name=search_term_string"}],"inLanguage":"pt-BR"},{"@type":"ImageObject","inLanguage":"pt-BR","@id":"https:\/\/franciscanos.org.br\/noticias\/santa-clara-e-celebrada-com-grande-festa-e-devocao-em-nova-iguacu.html#primaryimage","url":"https:\/\/franciscanos.org.br\/noticias\/wp-content\/uploads\/2015\/08\/clarissas-8201.jpg","contentUrl":"https:\/\/franciscanos.org.br\/noticias\/wp-content\/uploads\/2015\/08\/clarissas-8201.jpg","width":273,"height":181},{"@type":"WebPage","@id":"https:\/\/franciscanos.org.br\/noticias\/santa-clara-e-celebrada-com-grande-festa-e-devocao-em-nova-iguacu.html#webpage","url":"https:\/\/franciscanos.org.br\/noticias\/santa-clara-e-celebrada-com-grande-festa-e-devocao-em-nova-iguacu.html","name":"Santa Clara \u00e9 celebrada com grande festa e devo\u00e7\u00e3o em Nova Igua\u00e7u - Not\u00edcias - Franciscanos","isPartOf":{"@id":"https:\/\/franciscanos.org.br\/noticias\/#website"},"primaryImageOfPage":{"@id":"https:\/\/franciscanos.org.br\/noticias\/santa-clara-e-celebrada-com-grande-festa-e-devocao-em-nova-iguacu.html#primaryimage"},"datePublished":"2015-08-14T12:12:22+00:00","dateModified":"2020-02-12T15:20:39+00:00","author":{"@id":"https:\/\/franciscanos.org.br\/noticias\/#\/schema\/person\/b38fbf43118f02820bd932f2e4b14ad3"},"breadcrumb":{"@id":"https:\/\/franciscanos.org.br\/noticias\/santa-clara-e-celebrada-com-grande-festa-e-devocao-em-nova-iguacu.html#breadcrumb"},"inLanguage":"pt-BR","potentialAction":[{"@type":"ReadAction","target":["https:\/\/franciscanos.org.br\/noticias\/santa-clara-e-celebrada-com-grande-festa-e-devocao-em-nova-iguacu.html"]}]},{"@type":"BreadcrumbList","@id":"https:\/\/franciscanos.org.br\/noticias\/santa-clara-e-celebrada-com-grande-festa-e-devocao-em-nova-iguacu.html#breadcrumb","itemListElement":[{"@type":"ListItem","position":1,"name":"Home","item":"https:\/\/franciscanos.org.br\/noticias"},{"@type":"ListItem","position":2,"name":"Santa Clara \u00e9 celebrada com grande festa e devo\u00e7\u00e3o em Nova Igua\u00e7u"}]},{"@type":"Person","@id":"https:\/\/franciscanos.org.br\/noticias\/#\/schema\/person\/b38fbf43118f02820bd932f2e4b14ad3","name":"admin","image":{"@type":"ImageObject","inLanguage":"pt-BR","@id":"https:\/\/franciscanos.org.br\/noticias\/#\/schema\/person\/image\/","url":"https:\/\/secure.gravatar.com\/avatar\/e8495742d34d0ba6448ea1c628263b3e?s=96&d=mm&r=g","contentUrl":"https:\/\/secure.gravatar.com\/avatar\/e8495742d34d0ba6448ea1c628263b3e?s=96&d=mm&r=g","caption":"admin"},"url":"https:\/\/franciscanos.org.br\/noticias\/author\/admin"}]}},"_links":{"self":[{"href":"https:\/\/franciscanos.org.br\/noticias\/wp-json\/wp\/v2\/posts\/92460"}],"collection":[{"href":"https:\/\/franciscanos.org.br\/noticias\/wp-json\/wp\/v2\/posts"}],"about":[{"href":"https:\/\/franciscanos.org.br\/noticias\/wp-json\/wp\/v2\/types\/post"}],"author":[{"embeddable":true,"href":"https:\/\/franciscanos.org.br\/noticias\/wp-json\/wp\/v2\/users\/1"}],"replies":[{"embeddable":true,"href":"https:\/\/franciscanos.org.br\/noticias\/wp-json\/wp\/v2\/comments?post=92460"}],"version-history":[{"count":0,"href":"https:\/\/franciscanos.org.br\/noticias\/wp-json\/wp\/v2\/posts\/92460\/revisions"}],"wp:featuredmedia":[{"embeddable":true,"href":"https:\/\/franciscanos.org.br\/noticias\/wp-json\/wp\/v2\/media\/219598"}],"wp:attachment":[{"href":"https:\/\/franciscanos.org.br\/noticias\/wp-json\/wp\/v2\/media?parent=92460"}],"wp:term":[{"taxonomy":"category","embeddable":true,"href":"https:\/\/franciscanos.org.br\/noticias\/wp-json\/wp\/v2\/categories?post=92460"},{"taxonomy":"post_tag","embeddable":true,"href":"https:\/\/franciscanos.org.br\/noticias\/wp-json\/wp\/v2\/tags?post=92460"}],"curies":[{"name":"wp","href":"https:\/\/api.w.org\/{rel}","templated":true}]}}