{"id":92409,"date":"2015-08-14T09:14:25","date_gmt":"2015-08-14T12:14:25","guid":{"rendered":"http:\/\/franciscanos.org.br\/?p=92409"},"modified":"2021-07-05T20:21:36","modified_gmt":"2021-07-05T23:21:36","slug":"coral-das-meninas-participa-da-festa-de-nossa-senhora-do-pilar","status":"publish","type":"post","link":"https:\/\/franciscanos.org.br\/noticias\/coral-das-meninas-participa-da-festa-de-nossa-senhora-do-pilar.html","title":{"rendered":"Coral das Meninas participa da Festa de Nossa Senhora do Pilar"},"content":{"rendered":"<p><em><a href=\"http:\/\/franciscanos.org.br\/wp-content\/uploads\/2015\/08\/canarinhos-820.jpg\"><img loading=\"lazy\" src=\"http:\/\/franciscanos.org.br\/wp-content\/uploads\/2015\/08\/canarinhos-820.jpg\" alt=\"canarinhos-820\" width=\"820\" height=\"360\" \/><\/a><\/em><\/p>\n<h3><strong>Evento \u00e9 realizado para comemorar a f\u00e9 do povo da regi\u00e3o de Duque de Caxias<\/strong><\/h3>\n<p>A tradicional Festa da Par\u00f3quia de Nossa Senhora do Pilar, em Duque de Caxias, ter\u00e1, neste ano, a participa\u00e7\u00e3o especial do Coral das Meninas dos Canarinhos de Petr\u00f3polis. O evento comemora a f\u00e9 e a caminhada crist\u00e3 da comunidade, iniciada em 1612, com a constru\u00e7\u00e3o de uma capela. O grupo vocal participar\u00e1 de um concerto, neste domingo (16), \u00e0s 18h, na igreja da regi\u00e3o.<\/p>\n<p>O maestro do Coral das Meninas dos Canarinhos, Marcelo Vizani, explicou que o concerto ser\u00e1 mesclado entre a m\u00fasica sacra e cl\u00e1ssicos do cancioneiro popular. \u201c\u00c9 muito importante para o Coral estar presente nesta festa, que j\u00e1 \u00e9 tradicional na cidade. Esperamos levar todos os que regem a nossa institui\u00e7\u00e3o para o p\u00fablico de Caxias\u201d, afirmou Vizani.<\/p>\n<p><a href=\"http:\/\/franciscanos.org.br\/wp-content\/uploads\/2015\/08\/canarinhos-01.jpg\"><img loading=\"lazy\" class=\"alignleft size-full wp-image-92411\" src=\"http:\/\/franciscanos.org.br\/wp-content\/uploads\/2015\/08\/canarinhos-01.jpg\" alt=\"canarinhos-01\" width=\"450\" height=\"280\" \/><\/a>O concerto das meninas dos Canarinhos incluir\u00e1 can\u00e7\u00f5es religiosas, como \u201cAve Maria\u201d e \u201cRegina caeli\u201d, ao lado de cl\u00e1ssicos da m\u00fasica brasileira, como \u201cAquarela do Brasil\u201d, de Ari Barroso; \u201cCa\u00e7ador de mim\u201d, de Milton Nascimento; e \u201cRomaria\u201d, de Renato Teixeira.<\/p>\n<p>Antes e depois da apresenta\u00e7\u00e3o, o primeiro CD do Coral das Meninas dos Canarinhos, Memorare, estar\u00e1 dispon\u00edvel para venda no local. Gravada em 2014, a obra possui 11 faixas. Entre as composi\u00e7\u00f5es, est\u00e3o cl\u00e1ssicos da m\u00fasica sacra e produ\u00e7\u00f5es nacionais do g\u00eanero, compostas especialmente para o CD, como \u201cHaec Dies II\u201d, de Antonio Gast\u00e3o, \u201cO Sacrum Convivium\u201d, de Marco Aur\u00e9lio Lischt e \u201cAve Maria\u201d, de Alexandre Schubert.<\/p>\n<p>A Festa da Par\u00f3quia de Nossa Senhora do Pilar foi resgatada em 2009, e conta com a participa\u00e7\u00e3o ativa das dez comunidades do bairro. Neste ano, o evento teve in\u00edcio no dia 5 de agosto, com a abertura do noven\u00e1rio de missas em honra \u00e0 santa. Mas a festa tamb\u00e9m abre espa\u00e7o para a cultura, com apresenta\u00e7\u00f5es musicais de grupos da regi\u00e3o.<\/p>\n<p>Mais informa\u00e7\u00f5es sobre as atividades do Instituto dos Meninos Cantores de Petr\u00f3polis podem ser consultadas pelo Facebook <a href=\"http:\/\/fb.com\/canarinhosdepetropolis\">http:\/\/fb.com\/canarinhosdepetropolis<\/a> ou pelo telefone: (24) 2104-4141.<\/p>\n","protected":false},"excerpt":{"rendered":"<p>Canarinhos<\/p>\n","protected":false},"author":1,"featured_media":220061,"comment_status":"open","ping_status":"open","sticky":false,"template":"","format":"standard","meta":[],"categories":[1],"tags":[1531],"acf":[],"yoast_head":"<!-- This site is optimized with the Yoast SEO plugin v19.2 - https:\/\/yoast.com\/wordpress\/plugins\/seo\/ -->\n<title>Coral das Meninas participa da Festa de Nossa Senhora do Pilar - Not\u00edcias - Franciscanos<\/title>\n<meta name=\"robots\" content=\"index, follow, max-snippet:-1, max-image-preview:large, max-video-preview:-1\" \/>\n<link rel=\"canonical\" href=\"https:\/\/franciscanos.org.br\/noticias\/coral-das-meninas-participa-da-festa-de-nossa-senhora-do-pilar.html\" \/>\n<meta property=\"og:locale\" content=\"pt_BR\" \/>\n<meta property=\"og:type\" content=\"article\" \/>\n<meta property=\"og:title\" content=\"Coral das Meninas participa da Festa de Nossa Senhora do Pilar - Not\u00edcias - Franciscanos\" \/>\n<meta property=\"og:description\" content=\"Canarinhos\" \/>\n<meta property=\"og:url\" content=\"https:\/\/franciscanos.org.br\/noticias\/coral-das-meninas-participa-da-festa-de-nossa-senhora-do-pilar.html\" \/>\n<meta property=\"og:site_name\" content=\"Not\u00edcias - Franciscanos\" \/>\n<meta property=\"article:published_time\" content=\"2015-08-14T12:14:25+00:00\" \/>\n<meta property=\"article:modified_time\" content=\"2021-07-05T23:21:36+00:00\" \/>\n<meta property=\"og:image\" content=\"https:\/\/franciscanos.org.br\/noticias\/wp-content\/uploads\/2015\/08\/canarinhos-820.jpg\" \/>\n\t<meta property=\"og:image:width\" content=\"273\" \/>\n\t<meta property=\"og:image:height\" content=\"181\" \/>\n\t<meta property=\"og:image:type\" content=\"image\/jpeg\" \/>\n<meta name=\"author\" content=\"admin\" \/>\n<meta name=\"twitter:card\" content=\"summary_large_image\" \/>\n<meta name=\"twitter:label1\" content=\"Escrito por\" \/>\n\t<meta name=\"twitter:data1\" content=\"admin\" \/>\n\t<meta name=\"twitter:label2\" content=\"Est. tempo de leitura\" \/>\n\t<meta name=\"twitter:data2\" content=\"2 minutos\" \/>\n<script type=\"application\/ld+json\" class=\"yoast-schema-graph\">{\"@context\":\"https:\/\/schema.org\",\"@graph\":[{\"@type\":\"WebSite\",\"@id\":\"https:\/\/franciscanos.org.br\/noticias\/#website\",\"url\":\"https:\/\/franciscanos.org.br\/noticias\/\",\"name\":\"Not\u00edcias - Franciscanos\",\"description\":\"Prov\u00edncia Franciscana da Imaculada Concei\u00e7\u00e3o do Brasil - Ordem dos Frades Menores - OFM\",\"potentialAction\":[{\"@type\":\"SearchAction\",\"target\":{\"@type\":\"EntryPoint\",\"urlTemplate\":\"https:\/\/franciscanos.org.br\/noticias\/?s={search_term_string}\"},\"query-input\":\"required name=search_term_string\"}],\"inLanguage\":\"pt-BR\"},{\"@type\":\"ImageObject\",\"inLanguage\":\"pt-BR\",\"@id\":\"https:\/\/franciscanos.org.br\/noticias\/coral-das-meninas-participa-da-festa-de-nossa-senhora-do-pilar.html#primaryimage\",\"url\":\"https:\/\/franciscanos.org.br\/noticias\/wp-content\/uploads\/2015\/08\/canarinhos-820.jpg\",\"contentUrl\":\"https:\/\/franciscanos.org.br\/noticias\/wp-content\/uploads\/2015\/08\/canarinhos-820.jpg\",\"width\":273,\"height\":181},{\"@type\":\"WebPage\",\"@id\":\"https:\/\/franciscanos.org.br\/noticias\/coral-das-meninas-participa-da-festa-de-nossa-senhora-do-pilar.html#webpage\",\"url\":\"https:\/\/franciscanos.org.br\/noticias\/coral-das-meninas-participa-da-festa-de-nossa-senhora-do-pilar.html\",\"name\":\"Coral das Meninas participa da Festa de Nossa Senhora do Pilar - Not\u00edcias - Franciscanos\",\"isPartOf\":{\"@id\":\"https:\/\/franciscanos.org.br\/noticias\/#website\"},\"primaryImageOfPage\":{\"@id\":\"https:\/\/franciscanos.org.br\/noticias\/coral-das-meninas-participa-da-festa-de-nossa-senhora-do-pilar.html#primaryimage\"},\"datePublished\":\"2015-08-14T12:14:25+00:00\",\"dateModified\":\"2021-07-05T23:21:36+00:00\",\"author\":{\"@id\":\"https:\/\/franciscanos.org.br\/noticias\/#\/schema\/person\/b38fbf43118f02820bd932f2e4b14ad3\"},\"breadcrumb\":{\"@id\":\"https:\/\/franciscanos.org.br\/noticias\/coral-das-meninas-participa-da-festa-de-nossa-senhora-do-pilar.html#breadcrumb\"},\"inLanguage\":\"pt-BR\",\"potentialAction\":[{\"@type\":\"ReadAction\",\"target\":[\"https:\/\/franciscanos.org.br\/noticias\/coral-das-meninas-participa-da-festa-de-nossa-senhora-do-pilar.html\"]}]},{\"@type\":\"BreadcrumbList\",\"@id\":\"https:\/\/franciscanos.org.br\/noticias\/coral-das-meninas-participa-da-festa-de-nossa-senhora-do-pilar.html#breadcrumb\",\"itemListElement\":[{\"@type\":\"ListItem\",\"position\":1,\"name\":\"Home\",\"item\":\"https:\/\/franciscanos.org.br\/noticias\"},{\"@type\":\"ListItem\",\"position\":2,\"name\":\"Coral das Meninas participa da Festa de Nossa Senhora do Pilar\"}]},{\"@type\":\"Person\",\"@id\":\"https:\/\/franciscanos.org.br\/noticias\/#\/schema\/person\/b38fbf43118f02820bd932f2e4b14ad3\",\"name\":\"admin\",\"image\":{\"@type\":\"ImageObject\",\"inLanguage\":\"pt-BR\",\"@id\":\"https:\/\/franciscanos.org.br\/noticias\/#\/schema\/person\/image\/\",\"url\":\"https:\/\/secure.gravatar.com\/avatar\/e8495742d34d0ba6448ea1c628263b3e?s=96&d=mm&r=g\",\"contentUrl\":\"https:\/\/secure.gravatar.com\/avatar\/e8495742d34d0ba6448ea1c628263b3e?s=96&d=mm&r=g\",\"caption\":\"admin\"},\"url\":\"https:\/\/franciscanos.org.br\/noticias\/author\/admin\"}]}<\/script>\n<!-- \/ Yoast SEO plugin. -->","yoast_head_json":{"title":"Coral das Meninas participa da Festa de Nossa Senhora do Pilar - Not\u00edcias - Franciscanos","robots":{"index":"index","follow":"follow","max-snippet":"max-snippet:-1","max-image-preview":"max-image-preview:large","max-video-preview":"max-video-preview:-1"},"canonical":"https:\/\/franciscanos.org.br\/noticias\/coral-das-meninas-participa-da-festa-de-nossa-senhora-do-pilar.html","og_locale":"pt_BR","og_type":"article","og_title":"Coral das Meninas participa da Festa de Nossa Senhora do Pilar - Not\u00edcias - Franciscanos","og_description":"Canarinhos","og_url":"https:\/\/franciscanos.org.br\/noticias\/coral-das-meninas-participa-da-festa-de-nossa-senhora-do-pilar.html","og_site_name":"Not\u00edcias - Franciscanos","article_published_time":"2015-08-14T12:14:25+00:00","article_modified_time":"2021-07-05T23:21:36+00:00","og_image":[{"width":273,"height":181,"url":"https:\/\/franciscanos.org.br\/noticias\/wp-content\/uploads\/2015\/08\/canarinhos-820.jpg","type":"image\/jpeg"}],"author":"admin","twitter_card":"summary_large_image","twitter_misc":{"Escrito por":"admin","Est. tempo de leitura":"2 minutos"},"schema":{"@context":"https:\/\/schema.org","@graph":[{"@type":"WebSite","@id":"https:\/\/franciscanos.org.br\/noticias\/#website","url":"https:\/\/franciscanos.org.br\/noticias\/","name":"Not\u00edcias - Franciscanos","description":"Prov\u00edncia Franciscana da Imaculada Concei\u00e7\u00e3o do Brasil - Ordem dos Frades Menores - OFM","potentialAction":[{"@type":"SearchAction","target":{"@type":"EntryPoint","urlTemplate":"https:\/\/franciscanos.org.br\/noticias\/?s={search_term_string}"},"query-input":"required name=search_term_string"}],"inLanguage":"pt-BR"},{"@type":"ImageObject","inLanguage":"pt-BR","@id":"https:\/\/franciscanos.org.br\/noticias\/coral-das-meninas-participa-da-festa-de-nossa-senhora-do-pilar.html#primaryimage","url":"https:\/\/franciscanos.org.br\/noticias\/wp-content\/uploads\/2015\/08\/canarinhos-820.jpg","contentUrl":"https:\/\/franciscanos.org.br\/noticias\/wp-content\/uploads\/2015\/08\/canarinhos-820.jpg","width":273,"height":181},{"@type":"WebPage","@id":"https:\/\/franciscanos.org.br\/noticias\/coral-das-meninas-participa-da-festa-de-nossa-senhora-do-pilar.html#webpage","url":"https:\/\/franciscanos.org.br\/noticias\/coral-das-meninas-participa-da-festa-de-nossa-senhora-do-pilar.html","name":"Coral das Meninas participa da Festa de Nossa Senhora do Pilar - Not\u00edcias - Franciscanos","isPartOf":{"@id":"https:\/\/franciscanos.org.br\/noticias\/#website"},"primaryImageOfPage":{"@id":"https:\/\/franciscanos.org.br\/noticias\/coral-das-meninas-participa-da-festa-de-nossa-senhora-do-pilar.html#primaryimage"},"datePublished":"2015-08-14T12:14:25+00:00","dateModified":"2021-07-05T23:21:36+00:00","author":{"@id":"https:\/\/franciscanos.org.br\/noticias\/#\/schema\/person\/b38fbf43118f02820bd932f2e4b14ad3"},"breadcrumb":{"@id":"https:\/\/franciscanos.org.br\/noticias\/coral-das-meninas-participa-da-festa-de-nossa-senhora-do-pilar.html#breadcrumb"},"inLanguage":"pt-BR","potentialAction":[{"@type":"ReadAction","target":["https:\/\/franciscanos.org.br\/noticias\/coral-das-meninas-participa-da-festa-de-nossa-senhora-do-pilar.html"]}]},{"@type":"BreadcrumbList","@id":"https:\/\/franciscanos.org.br\/noticias\/coral-das-meninas-participa-da-festa-de-nossa-senhora-do-pilar.html#breadcrumb","itemListElement":[{"@type":"ListItem","position":1,"name":"Home","item":"https:\/\/franciscanos.org.br\/noticias"},{"@type":"ListItem","position":2,"name":"Coral das Meninas participa da Festa de Nossa Senhora do Pilar"}]},{"@type":"Person","@id":"https:\/\/franciscanos.org.br\/noticias\/#\/schema\/person\/b38fbf43118f02820bd932f2e4b14ad3","name":"admin","image":{"@type":"ImageObject","inLanguage":"pt-BR","@id":"https:\/\/franciscanos.org.br\/noticias\/#\/schema\/person\/image\/","url":"https:\/\/secure.gravatar.com\/avatar\/e8495742d34d0ba6448ea1c628263b3e?s=96&d=mm&r=g","contentUrl":"https:\/\/secure.gravatar.com\/avatar\/e8495742d34d0ba6448ea1c628263b3e?s=96&d=mm&r=g","caption":"admin"},"url":"https:\/\/franciscanos.org.br\/noticias\/author\/admin"}]}},"_links":{"self":[{"href":"https:\/\/franciscanos.org.br\/noticias\/wp-json\/wp\/v2\/posts\/92409"}],"collection":[{"href":"https:\/\/franciscanos.org.br\/noticias\/wp-json\/wp\/v2\/posts"}],"about":[{"href":"https:\/\/franciscanos.org.br\/noticias\/wp-json\/wp\/v2\/types\/post"}],"author":[{"embeddable":true,"href":"https:\/\/franciscanos.org.br\/noticias\/wp-json\/wp\/v2\/users\/1"}],"replies":[{"embeddable":true,"href":"https:\/\/franciscanos.org.br\/noticias\/wp-json\/wp\/v2\/comments?post=92409"}],"version-history":[{"count":1,"href":"https:\/\/franciscanos.org.br\/noticias\/wp-json\/wp\/v2\/posts\/92409\/revisions"}],"predecessor-version":[{"id":232922,"href":"https:\/\/franciscanos.org.br\/noticias\/wp-json\/wp\/v2\/posts\/92409\/revisions\/232922"}],"wp:featuredmedia":[{"embeddable":true,"href":"https:\/\/franciscanos.org.br\/noticias\/wp-json\/wp\/v2\/media\/220061"}],"wp:attachment":[{"href":"https:\/\/franciscanos.org.br\/noticias\/wp-json\/wp\/v2\/media?parent=92409"}],"wp:term":[{"taxonomy":"category","embeddable":true,"href":"https:\/\/franciscanos.org.br\/noticias\/wp-json\/wp\/v2\/categories?post=92409"},{"taxonomy":"post_tag","embeddable":true,"href":"https:\/\/franciscanos.org.br\/noticias\/wp-json\/wp\/v2\/tags?post=92409"}],"curies":[{"name":"wp","href":"https:\/\/api.w.org\/{rel}","templated":true}]}}