{"id":92391,"date":"2015-08-14T08:48:28","date_gmt":"2015-08-14T11:48:28","guid":{"rendered":"http:\/\/franciscanos.org.br\/?p=92391"},"modified":"2019-07-09T09:30:47","modified_gmt":"2019-07-09T12:30:47","slug":"fraternidade-santo-antonio-participa-da-semana-nacional-da-familia","status":"publish","type":"post","link":"https:\/\/franciscanos.org.br\/noticias\/fraternidade-santo-antonio-participa-da-semana-nacional-da-familia.html","title":{"rendered":"Fraternidade Santo Ant\u00f4nio participa da Semana Nacional da Fam\u00edlia"},"content":{"rendered":"<p><a href=\"http:\/\/franciscanos.org.br\/wp-content\/uploads\/2015\/08\/semana-familia-820.jpg\"><img loading=\"lazy\" src=\"http:\/\/franciscanos.org.br\/wp-content\/uploads\/2015\/08\/semana-familia-820.jpg\" alt=\"semana-familia-820\" width=\"820\" height=\"404\" \/><\/a><\/p>\n<p>A Pastoral Familiar da Catedral de Santo Ant\u00f4nio, Diocese de Duque de Caxias (RJ), e a Fraternidade Santo Ant\u00f4nio da Ordem Franciscana Secular (OFS), est\u00e3o promovendo, durante esta semana, a Semana Nacional da Fam\u00edlia 2012. O casal Cl\u00e1udio Santos e Aline Milani, franciscanos seculares, desenvolveram o tema &#8220;Homem e Mulher construindo um matrim\u00f4nio santo&#8221; e apresentaram o modelo de vida dos beatos Luquesio e Buanadona, considerados pela tradi\u00e7\u00e3o como o primeiro casal franciscano secular.<\/p>\n<p>A OFS surgiu no decorrer do ano 1221. S\u00e3o Francisco foi levado a fund\u00e1-la pelos insistentes pedidos dos fi\u00e9is casados que desejavam, a exemplo dos frades e clarissas, viver o Evangelho na forma revelada por ele. Pela for\u00e7a do seu exemplo de desprendimento aos bens materiais e de assist\u00eancia aos pobres, o casal converteu a maior parte da popula\u00e7\u00e3o da cidade italiana de Poggibonzi. O Papa Inoc\u00eancio XII, em 1694, beatificou os dois.<\/p>\n<p><a href=\"http:\/\/franciscanos.org.br\/wp-content\/uploads\/2015\/08\/semana-familia-02.jpg\"><img loading=\"lazy\" class=\"alignright wp-image-92394 size-full\" src=\"http:\/\/franciscanos.org.br\/wp-content\/uploads\/2015\/08\/semana-familia-02.jpg\" alt=\"semana-familia-02\" width=\"450\" height=\"264\" \/><\/a>A Semana Nacional da Fam\u00edlia \u00e9 promovida pela Comiss\u00e3o Episcopal Pastoral para a Vida e a Fam\u00edlia da Confer\u00eancia Nacional dos Bispos do Brasil (CNBB) e pela Comiss\u00e3o Nacional da Pastoral Familiar (CNPF). A Semana acontece desde 1992, desde 1992, sempre na segunda semana de agosto, m\u00eas dedicado \u00e0s voca\u00e7\u00f5es, tendo in\u00edcio com o &#8216;Dia dos Pais&#8217; e o seu encerramento no domingo, dia em que a Igreja no pa\u00eds dedica \u00e0 voca\u00e7\u00e3o matrimonial.<\/p>\n<p>No domingo Dia dos Pais (9) \u2013\u00a0 a Catedral Santo Ant\u00f4nio fez a abertura local da Semana Nacional da Fam\u00edlia promoveram momentos de encontro e celebra\u00e7\u00e3o, com a preocupa\u00e7\u00e3o de promover o valor \u00fanico e pr\u00f3prio da fam\u00edlia. A cerim\u00f4nia de abertura contou ainda com a participa\u00e7\u00e3o da Inicia\u00e7\u00e3o Crist\u00e3 de Crian\u00e7as e da Fraternidade &#8216;Mensageiros de S\u00e3o Francisco&#8217;, vinculada \u00e0 Juventude Franciscana (JUFRA).<\/p>\n<p>A Semana visa promover, fortalecer e evangelizar a fam\u00edlia, a partir de Jesus Cristo e na for\u00e7a do Esp\u00edrito Santo, como Igreja disc\u00edpula, mission\u00e1ria e prof\u00e9tica, alimentada pela Palavra de Deus e pela Eucaristia, \u00e0 luz da evang\u00e9lica op\u00e7\u00e3o preferencial pelos pobres, para que todos tenham vida, rumo ao Reino definitivo.<\/p>\n<table border=\"0\" width=\"450\" cellspacing=\"3\" cellpadding=\"3\" align=\"right\">\n<tbody>\n<tr>\n<td bgcolor=\"#E6E6E6\">\n<p style=\"padding-left: 10px;\"><strong>Breve hist\u00f3ria da Ordem Franciscana Secular<\/strong><\/p>\n<p style=\"padding-left: 10px;\">A Ordem dos Frades Menores (OFM) nasceu em 1210, e a Ordem de Santa Clara (as Clarissas), em 1212. Foi tamb\u00e9m nessa \u00e9poca que nasceu a Ordem Franciscana Secular (OFS), tendo como ideal viver o Evangelho em todos os lugares onde se encontravam. Homens e mulheres, casados e solteiros, em meio \u00e0s fam\u00edlias, buscando viver o mesmo ideal que tanto atraiu Francisco de Assis. A Ordem foi aprovada pelo Papa Hon\u00f3rio III em 1221. Luqu\u00e9sio e Buonadona s\u00e3o considerados os primeiros franciscanos seculares pois, segundo a tradi\u00e7\u00e3o, esse foi o primeiro casal que S\u00e3o Francisco aceitou na Ordem Secular daquele tempo.<br \/>\nHoje, mais do que nunca, os Franciscanos Seculares sentem-se comprometidos a viver o Evangelho cada dia e em toda circunst\u00e2ncia, segundo a pr\u00f3pria voca\u00e7\u00e3o e os dons recebidos. A OFS apresenta-se como uma experi\u00eancia de vida crist\u00e3, partilhada por mulheres e homens sem discrimina\u00e7\u00e3o, sendo hoje um verdadeiro ex\u00e9rcito franciscano de Deus espalhado por todo o mundo.<br \/>\n\u201cA Ordem Franciscana Secular \u00e9 a mais antiga forma de organiza\u00e7\u00e3o de Leigos que, guiados pela Igreja, unidos em fraternidade e inspirando-se no ideal de S\u00e3o Francisco de Assis, se empenham em testemunhar com a vida o Evangelho de Jesus Cristo e se dedicam ao apostolado no estado laical\u201d. (beato Jo\u00e3o Paulo II)<br \/>\nNa Diocese de Duque de Caxias temos fraternidades na Igreja Matriz de S\u00e3o Jo\u00e3o Batista (S\u00e3o Jo\u00e3o de Meriti), na Catedral de Santo Ant\u00f4nio (Duque de Caxias) e na Comunidade Cat\u00f3lica de Sant\u2019Ana (Jardim Primavera\/Duque de Caxias), que re\u00fanem irm\u00e3os e irm\u00e3s que buscam seguir o Santo Evangelho tendo como modelo e fonte de inspira\u00e7\u00e3o, S\u00e3o Francisco de Assis.<br \/>\nA Fraternidade Santo Ant\u00f4nio existe h\u00e1 54 anos e se re\u00fane, mensalmente, na Catedral de Santo Ant\u00f4nio de Duque de Caxias, todo 4\u00ba domingo do m\u00eas, ap\u00f3s a Santa Missa das 7h00, no pr\u00e9dio anexo, sala 208. A Catedral de Santo Ant\u00f4nio fica localizada na Avenida Leonel de Moura Brizola, 1861, Centro, Duque de Caxias.<br \/>\nInforma\u00e7\u00f5es pelo<strong> telefone (21) 3352-9900<\/strong> ou pelo correio eletr\u00f4nico <span style=\"color: #0000ff;\">ofs.santoantonio@gmail.com<\/span><\/p>\n<\/td>\n<\/tr>\n<\/tbody>\n<\/table>\n<p>A fim de auxiliar as atividades de ora\u00e7\u00e3o e reflex\u00e3o, a Comiss\u00e3o para a Vida e a Fam\u00edlia e a CNPF elaboraram um subs\u00eddio intitulado &#8216;Hora da Fam\u00edlia&#8217;, que prop\u00f5e sete encontros voltados \u00e0s fam\u00edlias, jovens, crian\u00e7as, casais de namorados e noivos. Trata-se de um subs\u00eddio que abrange todos os aspectos da vida familiar, especialmente aqueles que s\u00e3o mais desafiadores.<\/p>\n<p><img loading=\"lazy\" class=\"alignleft wp-image-92395\" src=\"http:\/\/franciscanos.org.br\/wp-content\/uploads\/2015\/08\/semana-familia-01.jpg\" alt=\"semana-familia-01\" width=\"340\" height=\"325\" \/><\/p>\n<p>A\u00a0 edi\u00e7\u00e3o 2015 do &#8216;Hora da Fam\u00edlia&#8217; est\u00e1 em plena sintonia\u00a0 com o tema do Encontro Mundial das Fam\u00edlias, que acontecer\u00e1 de 22 a 27 de setembro deste ano, na Filad\u00e9lfia, nos Estados\u00a0 Unidos, contando com a presen\u00e7a do Papa Francisco. A reflex\u00e3o \u00e9 desenvolvida em sete roteiros de encontros com a finalidade de oferecer material de apoio para os grupos de fam\u00edlias e os temas deste ano aprofundam o aspecto do amor, que \u00e9 a primeira miss\u00e3o da fam\u00edlia, al\u00e9m de\u00a0 introduzir a reflex\u00e3o, medita\u00e7\u00e3o, celebra\u00e7\u00e3o e a\u00e7\u00e3o das fam\u00edlias, e em favor das fam\u00edlias.<\/p>\n<p>A Diocese de Duque de Caxias est\u00e1 se preparando para acolher o Congresso da Pastoral Familiar, do Regional Leste 1, da Confer\u00eancia Nacional dos Bispos do Brasil (CNBB), de 13 a 15 de novembro, e ter\u00e1 como tema &#8220;A voca\u00e7\u00e3o e a miss\u00e3o da fam\u00edlia na Igreja, no mundo contempor\u00e2neo e o lema: &#8220;Fui eu que vos escolhi e vos designei, para dardes fruto e para que o vosso fruto permane\u00e7a&#8221; (Jo 15,16). Todas as pessoas que se dedicam \u00e0 Pastoral Familiar no Regional Leste 1 est\u00e3o convidadas para esse singular momento de uni\u00e3o e reflex\u00e3o acerca do trabalho em favor das fam\u00edlias realizado pela pastoral.<\/p>\n<p>O tema do congresso repete o tema da XIV Assembl\u00e9ia do S\u00ednodo dos Bispos convocado pelo Papa Francisco, de 4 a 25 de outubro, em Roma, refor\u00e7ando a sintonia com os esfor\u00e7os e preocupa\u00e7\u00f5es da Igreja em debater o tema fam\u00edlia no mundo contempor\u00e2neo.<\/p>\n<p>O encerramento da Semana da Fam\u00edlia na Diocese de Duque de Caxias ser\u00e1 realizado no pr\u00f3ximo domingo, dia 16 de agosto, \u00e0s 9h30, na Catedral de Santo Ant\u00f4nio, com a Santa Missa presidida pelo bispo diocesano, Dom Tarc\u00edsio Nascentes dos Santos.<\/p>\n<p>&nbsp;<\/p>\n<p>&nbsp;<\/p>\n<p>&nbsp;<\/p>\n<p>&nbsp;<\/p>\n<p>&nbsp;<\/p>\n<p>&nbsp;<\/p>\n<p>&nbsp;<\/p>\n<p>&nbsp;<\/p>\n<p>&nbsp;<\/p>\n<p>&nbsp;<\/p>\n","protected":false},"excerpt":{"rendered":"<p>OFS<\/p>\n","protected":false},"author":1,"featured_media":207430,"comment_status":"open","ping_status":"open","sticky":false,"template":"","format":"standard","meta":[],"categories":[1],"tags":[60],"acf":[],"yoast_head":"<!-- This site is optimized with the Yoast SEO plugin v19.2 - https:\/\/yoast.com\/wordpress\/plugins\/seo\/ -->\n<title>Fraternidade Santo Ant\u00f4nio participa da Semana Nacional da Fam\u00edlia - Not\u00edcias - Franciscanos<\/title>\n<meta name=\"robots\" content=\"index, follow, max-snippet:-1, max-image-preview:large, max-video-preview:-1\" \/>\n<link rel=\"canonical\" href=\"https:\/\/franciscanos.org.br\/noticias\/fraternidade-santo-antonio-participa-da-semana-nacional-da-familia.html\" \/>\n<meta property=\"og:locale\" content=\"pt_BR\" \/>\n<meta property=\"og:type\" content=\"article\" \/>\n<meta property=\"og:title\" content=\"Fraternidade Santo Ant\u00f4nio participa da Semana Nacional da Fam\u00edlia - Not\u00edcias - Franciscanos\" \/>\n<meta property=\"og:description\" content=\"OFS\" \/>\n<meta property=\"og:url\" content=\"https:\/\/franciscanos.org.br\/noticias\/fraternidade-santo-antonio-participa-da-semana-nacional-da-familia.html\" \/>\n<meta property=\"og:site_name\" content=\"Not\u00edcias - Franciscanos\" \/>\n<meta property=\"article:published_time\" content=\"2015-08-14T11:48:28+00:00\" \/>\n<meta property=\"article:modified_time\" content=\"2019-07-09T12:30:47+00:00\" \/>\n<meta property=\"og:image\" content=\"https:\/\/franciscanos.org.br\/noticias\/wp-content\/uploads\/2015\/08\/semana-familia-820.jpg\" \/>\n\t<meta property=\"og:image:width\" content=\"273\" \/>\n\t<meta property=\"og:image:height\" content=\"181\" \/>\n\t<meta property=\"og:image:type\" content=\"image\/jpeg\" \/>\n<meta name=\"author\" content=\"admin\" \/>\n<meta name=\"twitter:card\" content=\"summary_large_image\" \/>\n<meta name=\"twitter:label1\" content=\"Escrito por\" \/>\n\t<meta name=\"twitter:data1\" content=\"admin\" \/>\n\t<meta name=\"twitter:label2\" content=\"Est. tempo de leitura\" \/>\n\t<meta name=\"twitter:data2\" content=\"6 minutos\" \/>\n<script type=\"application\/ld+json\" class=\"yoast-schema-graph\">{\"@context\":\"https:\/\/schema.org\",\"@graph\":[{\"@type\":\"WebSite\",\"@id\":\"https:\/\/franciscanos.org.br\/noticias\/#website\",\"url\":\"https:\/\/franciscanos.org.br\/noticias\/\",\"name\":\"Not\u00edcias - Franciscanos\",\"description\":\"Prov\u00edncia Franciscana da Imaculada Concei\u00e7\u00e3o do Brasil - Ordem dos Frades Menores - OFM\",\"potentialAction\":[{\"@type\":\"SearchAction\",\"target\":{\"@type\":\"EntryPoint\",\"urlTemplate\":\"https:\/\/franciscanos.org.br\/noticias\/?s={search_term_string}\"},\"query-input\":\"required name=search_term_string\"}],\"inLanguage\":\"pt-BR\"},{\"@type\":\"ImageObject\",\"inLanguage\":\"pt-BR\",\"@id\":\"https:\/\/franciscanos.org.br\/noticias\/fraternidade-santo-antonio-participa-da-semana-nacional-da-familia.html#primaryimage\",\"url\":\"https:\/\/franciscanos.org.br\/noticias\/wp-content\/uploads\/2015\/08\/semana-familia-820.jpg\",\"contentUrl\":\"https:\/\/franciscanos.org.br\/noticias\/wp-content\/uploads\/2015\/08\/semana-familia-820.jpg\",\"width\":273,\"height\":181},{\"@type\":\"WebPage\",\"@id\":\"https:\/\/franciscanos.org.br\/noticias\/fraternidade-santo-antonio-participa-da-semana-nacional-da-familia.html#webpage\",\"url\":\"https:\/\/franciscanos.org.br\/noticias\/fraternidade-santo-antonio-participa-da-semana-nacional-da-familia.html\",\"name\":\"Fraternidade Santo Ant\u00f4nio participa da Semana Nacional da Fam\u00edlia - Not\u00edcias - Franciscanos\",\"isPartOf\":{\"@id\":\"https:\/\/franciscanos.org.br\/noticias\/#website\"},\"primaryImageOfPage\":{\"@id\":\"https:\/\/franciscanos.org.br\/noticias\/fraternidade-santo-antonio-participa-da-semana-nacional-da-familia.html#primaryimage\"},\"datePublished\":\"2015-08-14T11:48:28+00:00\",\"dateModified\":\"2019-07-09T12:30:47+00:00\",\"author\":{\"@id\":\"https:\/\/franciscanos.org.br\/noticias\/#\/schema\/person\/b38fbf43118f02820bd932f2e4b14ad3\"},\"breadcrumb\":{\"@id\":\"https:\/\/franciscanos.org.br\/noticias\/fraternidade-santo-antonio-participa-da-semana-nacional-da-familia.html#breadcrumb\"},\"inLanguage\":\"pt-BR\",\"potentialAction\":[{\"@type\":\"ReadAction\",\"target\":[\"https:\/\/franciscanos.org.br\/noticias\/fraternidade-santo-antonio-participa-da-semana-nacional-da-familia.html\"]}]},{\"@type\":\"BreadcrumbList\",\"@id\":\"https:\/\/franciscanos.org.br\/noticias\/fraternidade-santo-antonio-participa-da-semana-nacional-da-familia.html#breadcrumb\",\"itemListElement\":[{\"@type\":\"ListItem\",\"position\":1,\"name\":\"Home\",\"item\":\"https:\/\/franciscanos.org.br\/noticias\"},{\"@type\":\"ListItem\",\"position\":2,\"name\":\"Fraternidade Santo Ant\u00f4nio participa da Semana Nacional da Fam\u00edlia\"}]},{\"@type\":\"Person\",\"@id\":\"https:\/\/franciscanos.org.br\/noticias\/#\/schema\/person\/b38fbf43118f02820bd932f2e4b14ad3\",\"name\":\"admin\",\"image\":{\"@type\":\"ImageObject\",\"inLanguage\":\"pt-BR\",\"@id\":\"https:\/\/franciscanos.org.br\/noticias\/#\/schema\/person\/image\/\",\"url\":\"https:\/\/secure.gravatar.com\/avatar\/e8495742d34d0ba6448ea1c628263b3e?s=96&d=mm&r=g\",\"contentUrl\":\"https:\/\/secure.gravatar.com\/avatar\/e8495742d34d0ba6448ea1c628263b3e?s=96&d=mm&r=g\",\"caption\":\"admin\"},\"url\":\"https:\/\/franciscanos.org.br\/noticias\/author\/admin\"}]}<\/script>\n<!-- \/ Yoast SEO plugin. -->","yoast_head_json":{"title":"Fraternidade Santo Ant\u00f4nio participa da Semana Nacional da Fam\u00edlia - Not\u00edcias - Franciscanos","robots":{"index":"index","follow":"follow","max-snippet":"max-snippet:-1","max-image-preview":"max-image-preview:large","max-video-preview":"max-video-preview:-1"},"canonical":"https:\/\/franciscanos.org.br\/noticias\/fraternidade-santo-antonio-participa-da-semana-nacional-da-familia.html","og_locale":"pt_BR","og_type":"article","og_title":"Fraternidade Santo Ant\u00f4nio participa da Semana Nacional da Fam\u00edlia - Not\u00edcias - Franciscanos","og_description":"OFS","og_url":"https:\/\/franciscanos.org.br\/noticias\/fraternidade-santo-antonio-participa-da-semana-nacional-da-familia.html","og_site_name":"Not\u00edcias - Franciscanos","article_published_time":"2015-08-14T11:48:28+00:00","article_modified_time":"2019-07-09T12:30:47+00:00","og_image":[{"width":273,"height":181,"url":"https:\/\/franciscanos.org.br\/noticias\/wp-content\/uploads\/2015\/08\/semana-familia-820.jpg","type":"image\/jpeg"}],"author":"admin","twitter_card":"summary_large_image","twitter_misc":{"Escrito por":"admin","Est. tempo de leitura":"6 minutos"},"schema":{"@context":"https:\/\/schema.org","@graph":[{"@type":"WebSite","@id":"https:\/\/franciscanos.org.br\/noticias\/#website","url":"https:\/\/franciscanos.org.br\/noticias\/","name":"Not\u00edcias - Franciscanos","description":"Prov\u00edncia Franciscana da Imaculada Concei\u00e7\u00e3o do Brasil - Ordem dos Frades Menores - OFM","potentialAction":[{"@type":"SearchAction","target":{"@type":"EntryPoint","urlTemplate":"https:\/\/franciscanos.org.br\/noticias\/?s={search_term_string}"},"query-input":"required name=search_term_string"}],"inLanguage":"pt-BR"},{"@type":"ImageObject","inLanguage":"pt-BR","@id":"https:\/\/franciscanos.org.br\/noticias\/fraternidade-santo-antonio-participa-da-semana-nacional-da-familia.html#primaryimage","url":"https:\/\/franciscanos.org.br\/noticias\/wp-content\/uploads\/2015\/08\/semana-familia-820.jpg","contentUrl":"https:\/\/franciscanos.org.br\/noticias\/wp-content\/uploads\/2015\/08\/semana-familia-820.jpg","width":273,"height":181},{"@type":"WebPage","@id":"https:\/\/franciscanos.org.br\/noticias\/fraternidade-santo-antonio-participa-da-semana-nacional-da-familia.html#webpage","url":"https:\/\/franciscanos.org.br\/noticias\/fraternidade-santo-antonio-participa-da-semana-nacional-da-familia.html","name":"Fraternidade Santo Ant\u00f4nio participa da Semana Nacional da Fam\u00edlia - Not\u00edcias - Franciscanos","isPartOf":{"@id":"https:\/\/franciscanos.org.br\/noticias\/#website"},"primaryImageOfPage":{"@id":"https:\/\/franciscanos.org.br\/noticias\/fraternidade-santo-antonio-participa-da-semana-nacional-da-familia.html#primaryimage"},"datePublished":"2015-08-14T11:48:28+00:00","dateModified":"2019-07-09T12:30:47+00:00","author":{"@id":"https:\/\/franciscanos.org.br\/noticias\/#\/schema\/person\/b38fbf43118f02820bd932f2e4b14ad3"},"breadcrumb":{"@id":"https:\/\/franciscanos.org.br\/noticias\/fraternidade-santo-antonio-participa-da-semana-nacional-da-familia.html#breadcrumb"},"inLanguage":"pt-BR","potentialAction":[{"@type":"ReadAction","target":["https:\/\/franciscanos.org.br\/noticias\/fraternidade-santo-antonio-participa-da-semana-nacional-da-familia.html"]}]},{"@type":"BreadcrumbList","@id":"https:\/\/franciscanos.org.br\/noticias\/fraternidade-santo-antonio-participa-da-semana-nacional-da-familia.html#breadcrumb","itemListElement":[{"@type":"ListItem","position":1,"name":"Home","item":"https:\/\/franciscanos.org.br\/noticias"},{"@type":"ListItem","position":2,"name":"Fraternidade Santo Ant\u00f4nio participa da Semana Nacional da Fam\u00edlia"}]},{"@type":"Person","@id":"https:\/\/franciscanos.org.br\/noticias\/#\/schema\/person\/b38fbf43118f02820bd932f2e4b14ad3","name":"admin","image":{"@type":"ImageObject","inLanguage":"pt-BR","@id":"https:\/\/franciscanos.org.br\/noticias\/#\/schema\/person\/image\/","url":"https:\/\/secure.gravatar.com\/avatar\/e8495742d34d0ba6448ea1c628263b3e?s=96&d=mm&r=g","contentUrl":"https:\/\/secure.gravatar.com\/avatar\/e8495742d34d0ba6448ea1c628263b3e?s=96&d=mm&r=g","caption":"admin"},"url":"https:\/\/franciscanos.org.br\/noticias\/author\/admin"}]}},"_links":{"self":[{"href":"https:\/\/franciscanos.org.br\/noticias\/wp-json\/wp\/v2\/posts\/92391"}],"collection":[{"href":"https:\/\/franciscanos.org.br\/noticias\/wp-json\/wp\/v2\/posts"}],"about":[{"href":"https:\/\/franciscanos.org.br\/noticias\/wp-json\/wp\/v2\/types\/post"}],"author":[{"embeddable":true,"href":"https:\/\/franciscanos.org.br\/noticias\/wp-json\/wp\/v2\/users\/1"}],"replies":[{"embeddable":true,"href":"https:\/\/franciscanos.org.br\/noticias\/wp-json\/wp\/v2\/comments?post=92391"}],"version-history":[{"count":0,"href":"https:\/\/franciscanos.org.br\/noticias\/wp-json\/wp\/v2\/posts\/92391\/revisions"}],"wp:featuredmedia":[{"embeddable":true,"href":"https:\/\/franciscanos.org.br\/noticias\/wp-json\/wp\/v2\/media\/207430"}],"wp:attachment":[{"href":"https:\/\/franciscanos.org.br\/noticias\/wp-json\/wp\/v2\/media?parent=92391"}],"wp:term":[{"taxonomy":"category","embeddable":true,"href":"https:\/\/franciscanos.org.br\/noticias\/wp-json\/wp\/v2\/categories?post=92391"},{"taxonomy":"post_tag","embeddable":true,"href":"https:\/\/franciscanos.org.br\/noticias\/wp-json\/wp\/v2\/tags?post=92391"}],"curies":[{"name":"wp","href":"https:\/\/api.w.org\/{rel}","templated":true}]}}